{"id":35738,"date":"2018-02-09T17:36:20","date_gmt":"2018-02-09T16:36:20","guid":{"rendered":"https:\/\/www.treatwell.fr\/identite\/?p=6193"},"modified":"2025-12-16T15:55:18","modified_gmt":"2025-12-16T14:55:18","slug":"hiver-chapeau-hairstyle","status":"publish","type":"post","link":"https:\/\/www.treatwell.fr/identite\/hiver-chapeau-hairstyle\/","title":{"rendered":"Les plus beaux chapeaux de cet hiver pour un hairstyle au top"},"content":{"rendered":"<p class=\"p1\">Il neige \u00e0 Paris ! On part faire de la luge \u00e0 Montmartre mais avant, on se couvre. Ou plut\u00f4t on s\u2019emmitoufle. Nous on est pas du genre \u00e0 abandonner toute dignit\u00e9 pour sortir avec son plaid sur le dos, une doudoune style bonhomme Michelin et des bottes fourr\u00e9es atroces dont on taira le nom\u2026 Heu enfin pas tout le temps ! On opte plut\u00f4t pour un joli chapeau qui va garder notre t\u00eate au chaud (\u201cles extr\u00e9mit\u00e9s c\u2019est ce qu\u2019il y a de plus important!\u201d merci maman\u2026). On fait un petit tour des couvre-chefs parfaits pour l&#8217;hiver qui a) vont nous prot\u00e9ger du froid et b) vont parfaitement mettre en valeur <a href=\"https:\/\/www.treatwell.fr\/salons\/soin-coupe-femme\/offre-type-local\/dans-paris-france\/\">notre coupe<\/a> et <a href=\"https:\/\/www.treatwell.fr\/salons\/soin-coloration-cheveux-femme\/offre-type-local\/dans-paris-france\/\">notre couleur de cheveux<\/a>. Si c\u2019est pas beau \u00e7a\u2026<\/p>\n<div class=\"schema-faq wp-block-yoast-faq-block\">\n<div class=\"schema-faq-section\" id=\"faq-question-1765896450824\">\n<h3 class=\"schema-faq-question\">Comment se prot\u00e9ger du froid sans sacrifier son style ?<\/h3>\n<p class=\"schema-faq-answer\">Tu peux garder la chaleur tout en restant \u00e9l\u00e9gant.e en misant sur un joli chapeau. Les extr\u00e9mit\u00e9s comme la t\u00eate sont essentielles pour \u00e9viter d\u2019avoir froid. Oublie le plaid et la doudoune imposante : choisis un couvre-chef parfait pour l\u2019hiver et valorise \u00e0 la fois ta coupe et ta couleur.<\/div>\n<div class=\"schema-faq-section\" id=\"faq-question-1765896450825\">\n<h3 class=\"schema-faq-question\">Pourquoi porter un chapeau en hiver ?<\/h3>\n<p class=\"schema-faq-answer\">Porter un chapeau permet de garder ta t\u00eate bien au chaud, l\u2019une des zones les plus sensibles au froid. Un couvre-chef prot\u00e8ge du froid tout en mettant en valeur ta coupe et ta couleur de cheveux.<\/div>\n<div class=\"schema-faq-section\" id=\"faq-question-1765896450826\">\n<h3 class=\"schema-faq-question\">Quels couvre-chefs conviennent pour aller faire de la luge \u00e0 Paris ?<\/h3>\n<p class=\"schema-faq-answer\">Pour une sortie \u00e0 Montmartre sous la neige, pr\u00e9f\u00e8re un joli chapeau qui te prot\u00e8ge du froid. Tu profites ainsi du confort et restes styl\u00e9.e pendant l\u2019hiver, tout en mettant ta coupe en avant sans compromis sur l\u2019\u00e9l\u00e9gance.<\/div>\n<div class=\"schema-faq-section\" id=\"faq-question-1765896450827\">\n<h3 class=\"schema-faq-question\">Comment valoriser sa coupe et sa couleur m\u00eame en hiver ?<\/h3>\n<p class=\"schema-faq-answer\">Opte pour un couvre-chef soigneusement choisi qui sublime ta coupe et ta couleur de cheveux. M\u00eame en te couvrant, tu peux facilement rester tendance et rayonner pendant toute la saison froide.<\/div>\n<\/p><\/div>\n","protected":false},"excerpt":{"rendered":"<p>Il neige \u00e0 Paris ! On part faire de la luge \u00e0 Montmartre mais avant, on se couvre. Ou plut\u00f4t on s\u2019emmitoufle. Nous on est pas du genre \u00e0 abandonner toute dignit\u00e9 pour sortir avec son plaid sur le dos, une doudoune style bonhomme Michelin et des bottes fourr\u00e9es atroces dont on taira le nom\u2026 [&hellip;]<\/p>\n","protected":false},"author":3366,"featured_media":35756,"comment_status":"closed","ping_status":"closed","sticky":false,"template":"","format":"standard","meta":{"_acf_changed":false,"_yoast_wpseo_title":"Chapeaux hiver \u00e0 Paris : style et chaleur | Treatwell","_yoast_wpseo_metadesc":"Chapeaux d'hiver pour rester styl\u00e9e \u00e0 Paris. D\u00e9couvre les meilleurs couvre-chefs pour garder la t\u00eate au chaud, prot\u00e9ger ta coiffure et ta couleur. Conseils mode et confort.","_genesis_hide_title":false,"_genesis_hide_breadcrumbs":false,"_genesis_hide_singular_image":false,"_genesis_hide_footer_widgets":false,"_genesis_custom_body_class":"","_genesis_custom_post_class":"","_genesis_layout":"","saswp_custom_schema_field":"{\"@context\":\"https:\/\/schema.org\",\"@type\":\"FAQPage\",\"mainEntity\":[{\"@type\":\"Question\",\"name\":\"Comment se prot\u00e9ger du froid sans sacrifier son style ?\",\"acceptedAnswer\":{\"@type\":\"Answer\",\"text\":\"Tu peux garder la chaleur tout en restant \u00e9l\u00e9gant.e en misant sur un joli chapeau. Les extr\u00e9mit\u00e9s comme la t\u00eate sont essentielles pour \u00e9viter d\u2019avoir froid. Oublie le plaid et la doudoune imposante : choisis un couvre-chef parfait pour l\u2019hiver et valorise \u00e0 la fois ta coupe et ta couleur.\"}},{\"@type\":\"Question\",\"name\":\"Pourquoi porter un chapeau en hiver ?\",\"acceptedAnswer\":{\"@type\":\"Answer\",\"text\":\"Porter un chapeau permet de garder ta t\u00eate bien au chaud, l\u2019une des zones les plus sensibles au froid. Un couvre-chef prot\u00e8ge du froid tout en mettant en valeur ta coupe et ta couleur de cheveux.\"}},{\"@type\":\"Question\",\"name\":\"Quels couvre-chefs conviennent pour aller faire de la luge \u00e0 Paris ?\",\"acceptedAnswer\":{\"@type\":\"Answer\",\"text\":\"Pour une sortie \u00e0 Montmartre sous la neige, pr\u00e9f\u00e8re un joli chapeau qui te prot\u00e8ge du froid. Tu profites ainsi du confort et restes styl\u00e9.e pendant l\u2019hiver, tout en mettant ta coupe en avant sans compromis sur l\u2019\u00e9l\u00e9gance.\"}},{\"@type\":\"Question\",\"name\":\"Comment valoriser sa coupe et sa couleur m\u00eame en hiver ?\",\"acceptedAnswer\":{\"@type\":\"Answer\",\"text\":\"Opte pour un couvre-chef soigneusement choisi qui sublime ta coupe et ta couleur de cheveux. M\u00eame en te couvrant, tu peux facilement rester tendance et rayonner pendant toute la saison froide.\"}}]}","footnotes":""},"categories":[2],"tags":[39,40,44],"class_list":{"0":"post-35738","1":"post","2":"type-post","3":"status-publish","4":"format-standard","5":"has-post-thumbnail","7":"category-tendances","8":"tag-tt6","9":"tag-tr273","10":"tag-tr166","11":"entry"},"acf":{"post_credits":"Images : @luanna @junesixtyfive @estellefitz @alexcloset @songofstyle @kristinabazan @cannibalecore @blaireadiebee @alexisren @carolinereceveur @meghan_markle","beauty_blog_post_button_title":"","beauty_blog_post_button":"","landscape_picture":35755,"blocks":[{"block_title":"","block_content":"","video_content":"","block_picture":35739},{"block_title":"","block_content":"","video_content":"","block_picture":35740},{"block_title":"","block_content":"","video_content":"","block_picture":35741},{"block_title":"","block_content":"","video_content":"","block_picture":35742},{"block_title":"","block_content":"","video_content":"","block_picture":35743},{"block_title":"","block_content":"","video_content":"","block_picture":35744},{"block_title":"","block_content":"","video_content":"","block_picture":35745},{"block_title":"","block_content":"","video_content":"","block_picture":35746},{"block_title":"","block_content":"","video_content":"","block_picture":35747},{"block_title":"","block_content":"","video_content":"","block_picture":35748},{"block_title":"","block_content":"","video_content":"","block_picture":35749},{"block_title":"","block_content":"","video_content":"","block_picture":35750},{"block_title":"","block_content":"","video_content":"","block_picture":35751},{"block_title":"","block_content":"","video_content":"","block_picture":35752},{"block_title":"","block_content":"","video_content":"","block_picture":35753},{"block_title":"","block_content":"","video_content":"","block_picture":35754}]},"yoast_head":"<!-- This site is optimized with the Yoast SEO plugin v27.4 - https:\/\/yoast.com\/product\/yoast-seo-wordpress\/ -->\n<title>Chapeaux hiver \u00e0 Paris : style et chaleur | Treatwell<\/title>\n<meta name=\"description\" content=\"Chapeaux d&#039;hiver pour rester styl\u00e9e \u00e0 Paris. D\u00e9couvre les meilleurs couvre-chefs pour garder la t\u00eate au chaud, prot\u00e9ger ta coiffure et ta couleur. Conseils mode et confort.\" \/>\n<meta name=\"robots\" content=\"index, follow, max-snippet:-1, max-image-preview:large, max-video-preview:-1\" \/>\n<link rel=\"canonical\" href=\"https:\/\/www.treatwell.fr/identite\/hiver-chapeau-hairstyle\/\" \/>\n<meta property=\"og:locale\" content=\"fr_FR\" \/>\n<meta property=\"og:type\" content=\"article\" \/>\n<meta property=\"og:title\" content=\"Chapeaux hiver \u00e0 Paris : style et chaleur | Treatwell\" \/>\n<meta property=\"og:description\" content=\"Chapeaux d&#039;hiver pour rester styl\u00e9e \u00e0 Paris. D\u00e9couvre les meilleurs couvre-chefs pour garder la t\u00eate au chaud, prot\u00e9ger ta coiffure et ta couleur. Conseils mode et confort.\" \/>\n<meta property=\"og:url\" content=\"https:\/\/www.treatwell.fr/identite\/hiver-chapeau-hairstyle\/\" \/>\n<meta property=\"og:site_name\" content=\"Identit\u00e9\" \/>\n<meta property=\"article:published_time\" content=\"2018-02-09T16:36:20+00:00\" \/>\n<meta property=\"article:modified_time\" content=\"2025-12-16T14:55:18+00:00\" \/>\n<meta property=\"og:image\" content=\"https:\/\/www.treatwell.fr/identite\/wp-content\/uploads\/sites\/6\/2022\/03\/hero-2.jpg\" \/>\n\t<meta property=\"og:image:width\" content=\"500\" \/>\n\t<meta property=\"og:image:height\" content=\"385\" \/>\n\t<meta property=\"og:image:type\" content=\"image\/jpeg\" \/>\n<meta name=\"author\" content=\"Beth Ryan\" \/>\n<meta name=\"twitter:card\" content=\"summary_large_image\" \/>\n<meta name=\"twitter:label1\" content=\"\u00c9crit par\" \/>\n\t<meta name=\"twitter:data1\" content=\"Beth Ryan\" \/>\n\t<meta name=\"twitter:label2\" content=\"Dur\u00e9e de lecture estim\u00e9e\" \/>\n\t<meta name=\"twitter:data2\" content=\"2 minutes\" \/>\n<script type=\"application\/ld+json\" class=\"yoast-schema-graph\">{\"@context\":\"https:\\\/\\\/schema.org\",\"@graph\":[{\"@type\":\"Article\",\"@id\":\"https:\\\/\\\/www.treatwell.fr/identite\\\/hiver-chapeau-hairstyle\\\/#article\",\"isPartOf\":{\"@id\":\"https:\\\/\\\/www.treatwell.fr/identite\\\/hiver-chapeau-hairstyle\\\/\"},\"author\":{\"name\":\"Beth Ryan\",\"@id\":\"https:\\\/\\\/www.treatwell.fr/identite\\\/#\\\/schema\\\/person\\\/45be8f7781947e6c6d31f4b658271bf6\"},\"headline\":\"Les plus beaux chapeaux de cet hiver pour un hairstyle au top\",\"datePublished\":\"2018-02-09T16:36:20+00:00\",\"dateModified\":\"2025-12-16T14:55:18+00:00\",\"mainEntityOfPage\":{\"@id\":\"https:\\\/\\\/www.treatwell.fr/identite\\\/hiver-chapeau-hairstyle\\\/\"},\"wordCount\":350,\"publisher\":{\"@id\":\"https:\\\/\\\/www.treatwell.fr/identite\\\/#organization\"},\"image\":{\"@id\":\"https:\\\/\\\/www.treatwell.fr/identite\\\/hiver-chapeau-hairstyle\\\/#primaryimage\"},\"thumbnailUrl\":\"https:\\\/\\\/www.treatwell.fr/identite\\\/wp-content\\\/uploads\\\/sites\\\/6\\\/2022\\\/03\\\/hero-2.jpg\",\"keywords\":[\"Hair\",\"Hair Colouring and Highlights\",\"Haircuts and Hairdressing\"],\"articleSection\":[\"Tendances\"],\"inLanguage\":\"fr-FR\"},{\"@type\":\"WebPage\",\"@id\":\"https:\\\/\\\/www.treatwell.fr/identite\\\/hiver-chapeau-hairstyle\\\/\",\"url\":\"https:\\\/\\\/www.treatwell.fr/identite\\\/hiver-chapeau-hairstyle\\\/\",\"name\":\"Chapeaux hiver \u00e0 Paris : style et chaleur | Treatwell\",\"isPartOf\":{\"@id\":\"https:\\\/\\\/www.treatwell.fr/identite\\\/#website\"},\"primaryImageOfPage\":{\"@id\":\"https:\\\/\\\/www.treatwell.fr/identite\\\/hiver-chapeau-hairstyle\\\/#primaryimage\"},\"image\":{\"@id\":\"https:\\\/\\\/www.treatwell.fr/identite\\\/hiver-chapeau-hairstyle\\\/#primaryimage\"},\"thumbnailUrl\":\"https:\\\/\\\/www.treatwell.fr/identite\\\/wp-content\\\/uploads\\\/sites\\\/6\\\/2022\\\/03\\\/hero-2.jpg\",\"datePublished\":\"2018-02-09T16:36:20+00:00\",\"dateModified\":\"2025-12-16T14:55:18+00:00\",\"description\":\"Chapeaux d'hiver pour rester styl\u00e9e \u00e0 Paris. D\u00e9couvre les meilleurs couvre-chefs pour garder la t\u00eate au chaud, prot\u00e9ger ta coiffure et ta couleur. Conseils mode et confort.\",\"breadcrumb\":{\"@id\":\"https:\\\/\\\/www.treatwell.fr/identite\\\/hiver-chapeau-hairstyle\\\/#breadcrumb\"},\"inLanguage\":\"fr-FR\",\"potentialAction\":[{\"@type\":\"ReadAction\",\"target\":[\"https:\\\/\\\/www.treatwell.fr/identite\\\/hiver-chapeau-hairstyle\\\/\"]}]},{\"@type\":\"ImageObject\",\"inLanguage\":\"fr-FR\",\"@id\":\"https:\\\/\\\/www.treatwell.fr/identite\\\/hiver-chapeau-hairstyle\\\/#primaryimage\",\"url\":\"https:\\\/\\\/www.treatwell.fr/identite\\\/wp-content\\\/uploads\\\/sites\\\/6\\\/2022\\\/03\\\/hero-2.jpg\",\"contentUrl\":\"https:\\\/\\\/www.treatwell.fr/identite\\\/wp-content\\\/uploads\\\/sites\\\/6\\\/2022\\\/03\\\/hero-2.jpg\",\"width\":500,\"height\":385},{\"@type\":\"BreadcrumbList\",\"@id\":\"https:\\\/\\\/www.treatwell.fr/identite\\\/hiver-chapeau-hairstyle\\\/#breadcrumb\",\"itemListElement\":[{\"@type\":\"ListItem\",\"position\":1,\"name\":\"Home\",\"item\":\"https:\\\/\\\/www.treatwell.fr/identite\\\/\"},{\"@type\":\"ListItem\",\"position\":2,\"name\":\"Tendances\",\"item\":\"https:\\\/\\\/www.treatwell.fr/identite\\\/tendances\\\/\"},{\"@type\":\"ListItem\",\"position\":3,\"name\":\"Les plus beaux chapeaux de cet hiver pour un hairstyle au top\"}]},{\"@type\":\"WebSite\",\"@id\":\"https:\\\/\\\/www.treatwell.fr/identite\\\/#website\",\"url\":\"https:\\\/\\\/www.treatwell.fr/identite\\\/\",\"name\":\"Identit\u00e9\",\"description\":\"Beaut\u00e9, Cheveux, Quotidien\",\"publisher\":{\"@id\":\"https:\\\/\\\/www.treatwell.fr/identite\\\/#organization\"},\"potentialAction\":[{\"@type\":\"SearchAction\",\"target\":{\"@type\":\"EntryPoint\",\"urlTemplate\":\"https:\\\/\\\/www.treatwell.fr/identite\\\/?s={search_term_string}\"},\"query-input\":{\"@type\":\"PropertyValueSpecification\",\"valueRequired\":true,\"valueName\":\"search_term_string\"}}],\"inLanguage\":\"fr-FR\"},{\"@type\":\"Organization\",\"@id\":\"https:\\\/\\\/www.treatwell.fr/identite\\\/#organization\",\"name\":\"Treatwell\",\"url\":\"https:\\\/\\\/www.treatwell.fr/identite\\\/\",\"logo\":{\"@type\":\"ImageObject\",\"inLanguage\":\"fr-FR\",\"@id\":\"https:\\\/\\\/www.treatwell.fr/identite\\\/#\\\/schema\\\/logo\\\/image\\\/\",\"url\":\"https:\\\/\\\/www.treatwell.fr/identite\\\/wp-content\\\/uploads\\\/sites\\\/6\\\/2022\\\/03\\\/logo_treatwell.png\",\"contentUrl\":\"https:\\\/\\\/www.treatwell.fr/identite\\\/wp-content\\\/uploads\\\/sites\\\/6\\\/2022\\\/03\\\/logo_treatwell.png\",\"width\":889,\"height\":164,\"caption\":\"Treatwell\"},\"image\":{\"@id\":\"https:\\\/\\\/www.treatwell.fr/identite\\\/#\\\/schema\\\/logo\\\/image\\\/\"}},{\"@type\":\"Person\",\"@id\":\"https:\\\/\\\/www.treatwell.fr/identite\\\/#\\\/schema\\\/person\\\/45be8f7781947e6c6d31f4b658271bf6\",\"name\":\"Beth Ryan\",\"image\":{\"@type\":\"ImageObject\",\"inLanguage\":\"fr-FR\",\"@id\":\"https:\\\/\\\/secure.gravatar.com\\\/avatar\\\/93502c3b0591e62d75cc697ff3b5b8f47fef521e9dd0d61feb5570ae6d459200?s=96&d=mm&r=g\",\"url\":\"https:\\\/\\\/secure.gravatar.com\\\/avatar\\\/93502c3b0591e62d75cc697ff3b5b8f47fef521e9dd0d61feb5570ae6d459200?s=96&d=mm&r=g\",\"contentUrl\":\"https:\\\/\\\/secure.gravatar.com\\\/avatar\\\/93502c3b0591e62d75cc697ff3b5b8f47fef521e9dd0d61feb5570ae6d459200?s=96&d=mm&r=g\",\"caption\":\"Beth Ryan\"},\"url\":\"https:\\\/\\\/www.treatwell.fr/identite\\\/author\\\/bethanyryan\\\/\"}]}<\/script>\n<!-- \/ Yoast SEO plugin. -->","yoast_head_json":{"title":"Chapeaux hiver \u00e0 Paris : style et chaleur | Treatwell","description":"Chapeaux d'hiver pour rester styl\u00e9e \u00e0 Paris. D\u00e9couvre les meilleurs couvre-chefs pour garder la t\u00eate au chaud, prot\u00e9ger ta coiffure et ta couleur. Conseils mode et confort.","robots":{"index":"index","follow":"follow","max-snippet":"max-snippet:-1","max-image-preview":"max-image-preview:large","max-video-preview":"max-video-preview:-1"},"canonical":"https:\/\/www.treatwell.fr/identite\/hiver-chapeau-hairstyle\/","og_locale":"fr_FR","og_type":"article","og_title":"Chapeaux hiver \u00e0 Paris : style et chaleur | Treatwell","og_description":"Chapeaux d'hiver pour rester styl\u00e9e \u00e0 Paris. D\u00e9couvre les meilleurs couvre-chefs pour garder la t\u00eate au chaud, prot\u00e9ger ta coiffure et ta couleur. Conseils mode et confort.","og_url":"https:\/\/www.treatwell.fr/identite\/hiver-chapeau-hairstyle\/","og_site_name":"Identit\u00e9","article_published_time":"2018-02-09T16:36:20+00:00","article_modified_time":"2025-12-16T14:55:18+00:00","og_image":[{"width":500,"height":385,"url":"https:\/\/www.treatwell.fr/identite\/wp-content\/uploads\/sites\/6\/2022\/03\/hero-2.jpg","type":"image\/jpeg"}],"author":"Beth Ryan","twitter_card":"summary_large_image","twitter_misc":{"\u00c9crit par":"Beth Ryan","Dur\u00e9e de lecture estim\u00e9e":"2 minutes"},"schema":{"@context":"https:\/\/schema.org","@graph":[{"@type":"Article","@id":"https:\/\/www.treatwell.fr/identite\/hiver-chapeau-hairstyle\/#article","isPartOf":{"@id":"https:\/\/www.treatwell.fr/identite\/hiver-chapeau-hairstyle\/"},"author":{"name":"Beth Ryan","@id":"https:\/\/www.treatwell.fr/identite\/#\/schema\/person\/45be8f7781947e6c6d31f4b658271bf6"},"headline":"Les plus beaux chapeaux de cet hiver pour un hairstyle au top","datePublished":"2018-02-09T16:36:20+00:00","dateModified":"2025-12-16T14:55:18+00:00","mainEntityOfPage":{"@id":"https:\/\/www.treatwell.fr/identite\/hiver-chapeau-hairstyle\/"},"wordCount":350,"publisher":{"@id":"https:\/\/www.treatwell.fr/identite\/#organization"},"image":{"@id":"https:\/\/www.treatwell.fr/identite\/hiver-chapeau-hairstyle\/#primaryimage"},"thumbnailUrl":"https:\/\/www.treatwell.fr/identite\/wp-content\/uploads\/sites\/6\/2022\/03\/hero-2.jpg","keywords":["Hair","Hair Colouring and Highlights","Haircuts and Hairdressing"],"articleSection":["Tendances"],"inLanguage":"fr-FR"},{"@type":"WebPage","@id":"https:\/\/www.treatwell.fr/identite\/hiver-chapeau-hairstyle\/","url":"https:\/\/www.treatwell.fr/identite\/hiver-chapeau-hairstyle\/","name":"Chapeaux hiver \u00e0 Paris : style et chaleur | Treatwell","isPartOf":{"@id":"https:\/\/www.treatwell.fr/identite\/#website"},"primaryImageOfPage":{"@id":"https:\/\/www.treatwell.fr/identite\/hiver-chapeau-hairstyle\/#primaryimage"},"image":{"@id":"https:\/\/www.treatwell.fr/identite\/hiver-chapeau-hairstyle\/#primaryimage"},"thumbnailUrl":"https:\/\/www.treatwell.fr/identite\/wp-content\/uploads\/sites\/6\/2022\/03\/hero-2.jpg","datePublished":"2018-02-09T16:36:20+00:00","dateModified":"2025-12-16T14:55:18+00:00","description":"Chapeaux d'hiver pour rester styl\u00e9e \u00e0 Paris. D\u00e9couvre les meilleurs couvre-chefs pour garder la t\u00eate au chaud, prot\u00e9ger ta coiffure et ta couleur. Conseils mode et confort.","breadcrumb":{"@id":"https:\/\/www.treatwell.fr/identite\/hiver-chapeau-hairstyle\/#breadcrumb"},"inLanguage":"fr-FR","potentialAction":[{"@type":"ReadAction","target":["https:\/\/www.treatwell.fr/identite\/hiver-chapeau-hairstyle\/"]}]},{"@type":"ImageObject","inLanguage":"fr-FR","@id":"https:\/\/www.treatwell.fr/identite\/hiver-chapeau-hairstyle\/#primaryimage","url":"https:\/\/www.treatwell.fr/identite\/wp-content\/uploads\/sites\/6\/2022\/03\/hero-2.jpg","contentUrl":"https:\/\/www.treatwell.fr/identite\/wp-content\/uploads\/sites\/6\/2022\/03\/hero-2.jpg","width":500,"height":385},{"@type":"BreadcrumbList","@id":"https:\/\/www.treatwell.fr/identite\/hiver-chapeau-hairstyle\/#breadcrumb","itemListElement":[{"@type":"ListItem","position":1,"name":"Home","item":"https:\/\/www.treatwell.fr/identite\/"},{"@type":"ListItem","position":2,"name":"Tendances","item":"https:\/\/www.treatwell.fr/identite\/tendances\/"},{"@type":"ListItem","position":3,"name":"Les plus beaux chapeaux de cet hiver pour un hairstyle au top"}]},{"@type":"WebSite","@id":"https:\/\/www.treatwell.fr/identite\/#website","url":"https:\/\/www.treatwell.fr/identite\/","name":"Identit\u00e9","description":"Beaut\u00e9, Cheveux, Quotidien","publisher":{"@id":"https:\/\/www.treatwell.fr/identite\/#organization"},"potentialAction":[{"@type":"SearchAction","target":{"@type":"EntryPoint","urlTemplate":"https:\/\/www.treatwell.fr/identite\/?s={search_term_string}"},"query-input":{"@type":"PropertyValueSpecification","valueRequired":true,"valueName":"search_term_string"}}],"inLanguage":"fr-FR"},{"@type":"Organization","@id":"https:\/\/www.treatwell.fr/identite\/#organization","name":"Treatwell","url":"https:\/\/www.treatwell.fr/identite\/","logo":{"@type":"ImageObject","inLanguage":"fr-FR","@id":"https:\/\/www.treatwell.fr/identite\/#\/schema\/logo\/image\/","url":"https:\/\/www.treatwell.fr/identite\/wp-content\/uploads\/sites\/6\/2022\/03\/logo_treatwell.png","contentUrl":"https:\/\/www.treatwell.fr/identite\/wp-content\/uploads\/sites\/6\/2022\/03\/logo_treatwell.png","width":889,"height":164,"caption":"Treatwell"},"image":{"@id":"https:\/\/www.treatwell.fr/identite\/#\/schema\/logo\/image\/"}},{"@type":"Person","@id":"https:\/\/www.treatwell.fr/identite\/#\/schema\/person\/45be8f7781947e6c6d31f4b658271bf6","name":"Beth Ryan","image":{"@type":"ImageObject","inLanguage":"fr-FR","@id":"https:\/\/secure.gravatar.com\/avatar\/93502c3b0591e62d75cc697ff3b5b8f47fef521e9dd0d61feb5570ae6d459200?s=96&d=mm&r=g","url":"https:\/\/secure.gravatar.com\/avatar\/93502c3b0591e62d75cc697ff3b5b8f47fef521e9dd0d61feb5570ae6d459200?s=96&d=mm&r=g","contentUrl":"https:\/\/secure.gravatar.com\/avatar\/93502c3b0591e62d75cc697ff3b5b8f47fef521e9dd0d61feb5570ae6d459200?s=96&d=mm&r=g","caption":"Beth Ryan"},"url":"https:\/\/www.treatwell.fr/identite\/author\/bethanyryan\/"}]}},"featured_image_src":"https:\/\/www.treatwell.fr/identite\/wp-content\/uploads\/sites\/6\/2022\/03\/hero-2.jpg","featured_image_src_square":"https:\/\/www.treatwell.fr/identite\/wp-content\/uploads\/sites\/6\/2022\/03\/hero-2.jpg","author_info":{"display_name":"Beth Ryan","author_link":"https:\/\/www.treatwell.fr/identite\/author\/bethanyryan\/"},"_links":{"self":[{"href":"https:\/\/www.treatwell.fr\/identite\/wp-json\/wp\/v2\/posts\/35738","targetHints":{"allow":["GET"]}}],"collection":[{"href":"https:\/\/www.treatwell.fr\/identite\/wp-json\/wp\/v2\/posts"}],"about":[{"href":"https:\/\/www.treatwell.fr\/identite\/wp-json\/wp\/v2\/types\/post"}],"author":[{"embeddable":true,"href":"https:\/\/www.treatwell.fr\/identite\/wp-json\/wp\/v2\/users\/3366"}],"replies":[{"embeddable":true,"href":"https:\/\/www.treatwell.fr\/identite\/wp-json\/wp\/v2\/comments?post=35738"}],"version-history":[{"count":0,"href":"https:\/\/www.treatwell.fr\/identite\/wp-json\/wp\/v2\/posts\/35738\/revisions"}],"wp:featuredmedia":[{"embeddable":true,"href":"https:\/\/www.treatwell.fr\/identite\/wp-json\/wp\/v2\/media\/35756"}],"wp:attachment":[{"href":"https:\/\/www.treatwell.fr\/identite\/wp-json\/wp\/v2\/media?parent=35738"}],"wp:term":[{"taxonomy":"category","embeddable":true,"href":"https:\/\/www.treatwell.fr\/identite\/wp-json\/wp\/v2\/categories?post=35738"},{"taxonomy":"post_tag","embeddable":true,"href":"https:\/\/www.treatwell.fr\/identite\/wp-json\/wp\/v2\/tags?post=35738"}],"curies":[{"name":"wp","href":"https:\/\/api.w.org\/{rel}","templated":true}]}}