{"id":35949,"date":"2018-02-21T16:42:49","date_gmt":"2018-02-21T15:42:49","guid":{"rendered":"https:\/\/www.treatwell.fr\/identite\/?p=6894"},"modified":"2025-12-16T13:04:33","modified_gmt":"2025-12-16T12:04:33","slug":"tendance-capillaire-opalhair","status":"publish","type":"post","link":"https:\/\/www.treatwell.fr/identite\/tendance-capillaire-opalhair\/","title":{"rendered":"On craque pour la tendance capillaire du Opalhair"},"content":{"rendered":"<p class=\"p1\">La sph\u00e8re beaut\u00e9 n\u2019en pas termin\u00e9 avec les cheveux aux couleurs de l\u2019arc-en-ciel ! On se laisse envo\u00fbter par la nouvelle tendance Opalhair. Pour notre plus grand bonheur,\u00a0de sublimes teintes pastels habillent nos cheveux clairs ou fonc\u00e9s avec \u00e9clat et l\u00e9g\u00e8ret\u00e9. On a du mal \u00e0 faire notre choix, alors pourquoi ne pas opter pour plusieurs couleurs en d\u00e9grad\u00e9 ? L\u2019objectif : donner \u00e0 nos cheveux des reflets color\u00e9s avec subtilit\u00e9. Une nouvelle fa\u00e7on d\u2019ajouter un peu de peps \u00e0 notre look beaut\u00e9 sans tomber dans le style un peu extr\u00eame des cheveux licornes. Vous h\u00e9sitez encore ? Pas d\u2019inqui\u00e9tudes : optez pour quelques m\u00e8ches nacr\u00e9es, des racines color\u00e9es ou un tye and dye pastel.\u00a0Les r\u00e9seaux sociaux en raffolent et le\u00a0#opalhair commence \u00e0 peupler notre Instagram. <a href=\"https:\/\/www.treatwell.fr\/salons\/soin-coloration-cheveux-femme\/offre-type-local\/dans-paris-france\/\">Et si nous aussi on\u00a0se laissait tenter ?<\/a><\/p>\n<h3 class=\"r\"><\/h3>\n<p class=\"p1\">\n<div class=\"schema-faq wp-block-yoast-faq-block\">\n<div class=\"schema-faq-section\" id=\"faq-question-1765886652149\">\n<h3 class=\"schema-faq-question\">Que propose la tendance Opalhair pour tes cheveux ?<\/h3>\n<p class=\"schema-faq-answer\">La tendance Opalhair apporte \u00e0 tes cheveux des teintes pastels sublimes, en subtilit\u00e9 et avec l\u00e9g\u00e8ret\u00e9. Tu peux l\u2019adopter, que tes cheveux soient clairs ou fonc\u00e9s, pour des reflets color\u00e9s uniques.<\/div>\n<div class=\"schema-faq-section\" id=\"faq-question-1765886652150\">\n<h3 class=\"schema-faq-question\">Comment donner un effet Opalhair sans style extr\u00eame ?<\/h3>\n<p class=\"schema-faq-answer\">Tu peux opter pour des m\u00e8ches nacr\u00e9es, des racines color\u00e9es ou un tye and dye pastel pour profiter des bienfaits de l\u2019Opalhair sans tomber dans un look trop extr\u00eame. Ces options te permettent d\u2019ajouter du peps \u00e0 ton look tout en restant sophistiqu\u00e9.<\/div>\n<div class=\"schema-faq-section\" id=\"faq-question-1765886652151\">\n<h3 class=\"schema-faq-question\">Faut-il forc\u00e9ment plusieurs couleurs pour adopter l\u2019Opalhair ?<\/h3>\n<p class=\"schema-faq-answer\">Tu n\u2019es pas oblig\u00e9 d\u2019utiliser plusieurs couleurs, mais un d\u00e9grad\u00e9 de teintes pastels permet d\u2019obtenir l\u2019effet Opalhair signature. M\u00e9langer plusieurs nuances accentue la subtilit\u00e9 et l\u2019\u00e9clat du r\u00e9sultat, sublimant chaque chevelure de fa\u00e7on unique.<\/div>\n<div class=\"schema-faq-section\" id=\"faq-question-1765886652152\">\n<h3 class=\"schema-faq-question\">L\u2019Opalhair convient-il aux cheveux fonc\u00e9s comme aux cheveux clairs ?<\/h3>\n<p class=\"schema-faq-answer\">Oui, tu peux arborer l\u2019Opalhair sur cheveux fonc\u00e9s ou clairs. Les teintes pastels habillent chaque chevelure avec \u00e9clat, te permettant de personnaliser facilement ton look beaut\u00e9.<\/div>\n<div class=\"schema-faq-section\" id=\"faq-question-1765886652153\">\n<h3 class=\"schema-faq-question\">Pourquoi l\u2019Opalhair s\u00e9duit-il autant sur les r\u00e9seaux sociaux ?<\/h3>\n<p class=\"schema-faq-answer\">Le succ\u00e8s de l\u2019Opalhair sur les r\u00e9seaux sociaux s\u2019explique par ses reflets subtils et color\u00e9s qui illuminent toutes les chevelures. Le hashtag #opalhair s\u00e9duit la communaut\u00e9 beaut\u00e9 \u00e0 la recherche de nouveaut\u00e9 et d\u2019originalit\u00e9 dans leur look.<\/div>\n<\/p><\/div>\n","protected":false},"excerpt":{"rendered":"<p>La sph\u00e8re beaut\u00e9 n\u2019en pas termin\u00e9 avec les cheveux aux couleurs de l\u2019arc-en-ciel ! On se laisse envo\u00fbter par la nouvelle tendance Opalhair. Pour notre plus grand bonheur,\u00a0de sublimes teintes pastels habillent nos cheveux clairs ou fonc\u00e9s avec \u00e9clat et l\u00e9g\u00e8ret\u00e9. On a du mal \u00e0 faire notre choix, alors pourquoi ne pas opter pour [&hellip;]<\/p>\n","protected":false},"author":3366,"featured_media":35966,"comment_status":"closed","ping_status":"closed","sticky":false,"template":"","format":"standard","meta":{"_acf_changed":false,"_yoast_wpseo_title":"Opalhair : cheveux pastel tendance arc-en-ciel | Treatwell","_yoast_wpseo_metadesc":"Opalhair sublime votre coiffure avec des teintes pastel. Osez le d\u00e9grad\u00e9 color\u00e9: m\u00e8ches nacr\u00e9es, racines color\u00e9es, effets subtils pour cheveux clairs ou fonc\u00e9s. Adoptez la tendance !","_genesis_hide_title":false,"_genesis_hide_breadcrumbs":false,"_genesis_hide_singular_image":false,"_genesis_hide_footer_widgets":false,"_genesis_custom_body_class":"","_genesis_custom_post_class":"","_genesis_layout":"","saswp_custom_schema_field":"{\"@context\":\"https:\/\/schema.org\",\"@type\":\"FAQPage\",\"mainEntity\":[{\"@type\":\"Question\",\"name\":\"Que propose la tendance Opalhair pour tes cheveux ?\",\"acceptedAnswer\":{\"@type\":\"Answer\",\"text\":\"La tendance Opalhair apporte \u00e0 tes cheveux des teintes pastels sublimes, en subtilit\u00e9 et avec l\u00e9g\u00e8ret\u00e9. Tu peux l\u2019adopter, que tes cheveux soient clairs ou fonc\u00e9s, pour des reflets color\u00e9s uniques.\"}},{\"@type\":\"Question\",\"name\":\"Comment donner un effet Opalhair sans style extr\u00eame ?\",\"acceptedAnswer\":{\"@type\":\"Answer\",\"text\":\"Tu peux opter pour des m\u00e8ches nacr\u00e9es, des racines color\u00e9es ou un tye and dye pastel pour profiter des bienfaits de l\u2019Opalhair sans tomber dans un look trop extr\u00eame. Ces options te permettent d\u2019ajouter du peps \u00e0 ton look tout en restant sophistiqu\u00e9.\"}},{\"@type\":\"Question\",\"name\":\"Faut-il forc\u00e9ment plusieurs couleurs pour adopter l\u2019Opalhair ?\",\"acceptedAnswer\":{\"@type\":\"Answer\",\"text\":\"Tu n\u2019es pas oblig\u00e9 d\u2019utiliser plusieurs couleurs, mais un d\u00e9grad\u00e9 de teintes pastels permet d\u2019obtenir l\u2019effet Opalhair signature. M\u00e9langer plusieurs nuances accentue la subtilit\u00e9 et l\u2019\u00e9clat du r\u00e9sultat, sublimant chaque chevelure de fa\u00e7on unique.\"}},{\"@type\":\"Question\",\"name\":\"L\u2019Opalhair convient-il aux cheveux fonc\u00e9s comme aux cheveux clairs ?\",\"acceptedAnswer\":{\"@type\":\"Answer\",\"text\":\"Oui, tu peux arborer l\u2019Opalhair sur cheveux fonc\u00e9s ou clairs. Les teintes pastels habillent chaque chevelure avec \u00e9clat, te permettant de personnaliser facilement ton look beaut\u00e9.\"}},{\"@type\":\"Question\",\"name\":\"Pourquoi l\u2019Opalhair s\u00e9duit-il autant sur les r\u00e9seaux sociaux ?\",\"acceptedAnswer\":{\"@type\":\"Answer\",\"text\":\"Le succ\u00e8s de l\u2019Opalhair sur les r\u00e9seaux sociaux s\u2019explique par ses reflets subtils et color\u00e9s qui illuminent toutes les chevelures. Le hashtag #opalhair s\u00e9duit la communaut\u00e9 beaut\u00e9 \u00e0 la recherche de nouveaut\u00e9 et d\u2019originalit\u00e9 dans leur look.\"}}]}","footnotes":""},"categories":[2],"tags":[39,40,44],"class_list":{"0":"post-35949","1":"post","2":"type-post","3":"status-publish","4":"format-standard","5":"has-post-thumbnail","7":"category-tendances","8":"tag-tt6","9":"tag-tr273","10":"tag-tr166","11":"entry"},"acf":{"post_credits":"Instagram : @hairbychinchillas @samklaverdenverhair @opal.hair @wall_hr @hairshaftmitch @laboratorie @rossmichaelssalen @allieburton.hairart @blueberrymoonsalon @ohhnicehair @kimberlytayhair @pulpiothair_finland @athenajanine @hairbyasla","beauty_blog_post_button_title":"R\u00e9servez","beauty_blog_post_button":"https:\/\/www.treatwell.fr\/salons\/soin-coloration-cheveux-femme\/offre-type-local\/dans-paris-france\/","landscape_picture":35965,"blocks":[{"block_title":"","block_content":"","video_content":"","block_picture":35950},{"block_title":"","block_content":"","video_content":"","block_picture":35951},{"block_title":"","block_content":"","video_content":"","block_picture":35952},{"block_title":"","block_content":"","video_content":"","block_picture":35953},{"block_title":"","block_content":"","video_content":"","block_picture":35954},{"block_title":"","block_content":"","video_content":"","block_picture":35955},{"block_title":"","block_content":"","video_content":"","block_picture":35956},{"block_title":"","block_content":"","video_content":"","block_picture":35957},{"block_title":"","block_content":"","video_content":"","block_picture":35958},{"block_title":"","block_content":"","video_content":"","block_picture":35959},{"block_title":"","block_content":"","video_content":"","block_picture":35960},{"block_title":"","block_content":"","video_content":"","block_picture":35961},{"block_title":"","block_content":"","video_content":"","block_picture":35962},{"block_title":"","block_content":"","video_content":"","block_picture":35963},{"block_title":"","block_content":"","video_content":"","block_picture":35964}]},"yoast_head":"<!-- This site is optimized with the Yoast SEO plugin v27.4 - https:\/\/yoast.com\/product\/yoast-seo-wordpress\/ -->\n<title>Opalhair : cheveux pastel tendance arc-en-ciel | Treatwell<\/title>\n<meta name=\"description\" content=\"Opalhair sublime votre coiffure avec des teintes pastel. Osez le d\u00e9grad\u00e9 color\u00e9: m\u00e8ches nacr\u00e9es, racines color\u00e9es, effets subtils pour cheveux clairs ou fonc\u00e9s. Adoptez la tendance !\" \/>\n<meta name=\"robots\" content=\"index, follow, max-snippet:-1, max-image-preview:large, max-video-preview:-1\" \/>\n<link rel=\"canonical\" href=\"https:\/\/www.treatwell.fr/identite\/tendance-capillaire-opalhair\/\" \/>\n<meta property=\"og:locale\" content=\"fr_FR\" \/>\n<meta property=\"og:type\" content=\"article\" \/>\n<meta property=\"og:title\" content=\"Opalhair : cheveux pastel tendance arc-en-ciel | Treatwell\" \/>\n<meta property=\"og:description\" content=\"Opalhair sublime votre coiffure avec des teintes pastel. Osez le d\u00e9grad\u00e9 color\u00e9: m\u00e8ches nacr\u00e9es, racines color\u00e9es, effets subtils pour cheveux clairs ou fonc\u00e9s. Adoptez la tendance !\" \/>\n<meta property=\"og:url\" content=\"https:\/\/www.treatwell.fr/identite\/tendance-capillaire-opalhair\/\" \/>\n<meta property=\"og:site_name\" content=\"Identit\u00e9\" \/>\n<meta property=\"article:published_time\" content=\"2018-02-21T15:42:49+00:00\" \/>\n<meta property=\"article:modified_time\" content=\"2025-12-16T12:04:33+00:00\" \/>\n<meta property=\"og:image\" content=\"https:\/\/www.treatwell.fr/identite\/wp-content\/uploads\/sites\/6\/2022\/03\/hero-8.jpg\" \/>\n\t<meta property=\"og:image:width\" content=\"500\" \/>\n\t<meta property=\"og:image:height\" content=\"385\" \/>\n\t<meta property=\"og:image:type\" content=\"image\/jpeg\" \/>\n<meta name=\"author\" content=\"Beth Ryan\" \/>\n<meta name=\"twitter:card\" content=\"summary_large_image\" \/>\n<meta name=\"twitter:label1\" content=\"\u00c9crit par\" \/>\n\t<meta name=\"twitter:data1\" content=\"Beth Ryan\" \/>\n\t<meta name=\"twitter:label2\" content=\"Dur\u00e9e de lecture estim\u00e9e\" \/>\n\t<meta name=\"twitter:data2\" content=\"2 minutes\" \/>\n<script type=\"application\/ld+json\" class=\"yoast-schema-graph\">{\"@context\":\"https:\\\/\\\/schema.org\",\"@graph\":[{\"@type\":\"Article\",\"@id\":\"https:\\\/\\\/www.treatwell.fr/identite\\\/tendance-capillaire-opalhair\\\/#article\",\"isPartOf\":{\"@id\":\"https:\\\/\\\/www.treatwell.fr/identite\\\/tendance-capillaire-opalhair\\\/\"},\"author\":{\"name\":\"Beth Ryan\",\"@id\":\"https:\\\/\\\/www.treatwell.fr/identite\\\/#\\\/schema\\\/person\\\/45be8f7781947e6c6d31f4b658271bf6\"},\"headline\":\"On craque pour la tendance capillaire du Opalhair\",\"datePublished\":\"2018-02-21T15:42:49+00:00\",\"dateModified\":\"2025-12-16T12:04:33+00:00\",\"mainEntityOfPage\":{\"@id\":\"https:\\\/\\\/www.treatwell.fr/identite\\\/tendance-capillaire-opalhair\\\/\"},\"wordCount\":401,\"publisher\":{\"@id\":\"https:\\\/\\\/www.treatwell.fr/identite\\\/#organization\"},\"image\":{\"@id\":\"https:\\\/\\\/www.treatwell.fr/identite\\\/tendance-capillaire-opalhair\\\/#primaryimage\"},\"thumbnailUrl\":\"https:\\\/\\\/www.treatwell.fr/identite\\\/wp-content\\\/uploads\\\/sites\\\/6\\\/2022\\\/03\\\/hero-8.jpg\",\"keywords\":[\"Hair\",\"Hair Colouring and Highlights\",\"Haircuts and Hairdressing\"],\"articleSection\":[\"Tendances\"],\"inLanguage\":\"fr-FR\"},{\"@type\":\"WebPage\",\"@id\":\"https:\\\/\\\/www.treatwell.fr/identite\\\/tendance-capillaire-opalhair\\\/\",\"url\":\"https:\\\/\\\/www.treatwell.fr/identite\\\/tendance-capillaire-opalhair\\\/\",\"name\":\"Opalhair : cheveux pastel tendance arc-en-ciel | Treatwell\",\"isPartOf\":{\"@id\":\"https:\\\/\\\/www.treatwell.fr/identite\\\/#website\"},\"primaryImageOfPage\":{\"@id\":\"https:\\\/\\\/www.treatwell.fr/identite\\\/tendance-capillaire-opalhair\\\/#primaryimage\"},\"image\":{\"@id\":\"https:\\\/\\\/www.treatwell.fr/identite\\\/tendance-capillaire-opalhair\\\/#primaryimage\"},\"thumbnailUrl\":\"https:\\\/\\\/www.treatwell.fr/identite\\\/wp-content\\\/uploads\\\/sites\\\/6\\\/2022\\\/03\\\/hero-8.jpg\",\"datePublished\":\"2018-02-21T15:42:49+00:00\",\"dateModified\":\"2025-12-16T12:04:33+00:00\",\"description\":\"Opalhair sublime votre coiffure avec des teintes pastel. Osez le d\u00e9grad\u00e9 color\u00e9: m\u00e8ches nacr\u00e9es, racines color\u00e9es, effets subtils pour cheveux clairs ou fonc\u00e9s. Adoptez la tendance !\",\"breadcrumb\":{\"@id\":\"https:\\\/\\\/www.treatwell.fr/identite\\\/tendance-capillaire-opalhair\\\/#breadcrumb\"},\"inLanguage\":\"fr-FR\",\"potentialAction\":[{\"@type\":\"ReadAction\",\"target\":[\"https:\\\/\\\/www.treatwell.fr/identite\\\/tendance-capillaire-opalhair\\\/\"]}]},{\"@type\":\"ImageObject\",\"inLanguage\":\"fr-FR\",\"@id\":\"https:\\\/\\\/www.treatwell.fr/identite\\\/tendance-capillaire-opalhair\\\/#primaryimage\",\"url\":\"https:\\\/\\\/www.treatwell.fr/identite\\\/wp-content\\\/uploads\\\/sites\\\/6\\\/2022\\\/03\\\/hero-8.jpg\",\"contentUrl\":\"https:\\\/\\\/www.treatwell.fr/identite\\\/wp-content\\\/uploads\\\/sites\\\/6\\\/2022\\\/03\\\/hero-8.jpg\",\"width\":500,\"height\":385},{\"@type\":\"BreadcrumbList\",\"@id\":\"https:\\\/\\\/www.treatwell.fr/identite\\\/tendance-capillaire-opalhair\\\/#breadcrumb\",\"itemListElement\":[{\"@type\":\"ListItem\",\"position\":1,\"name\":\"Home\",\"item\":\"https:\\\/\\\/www.treatwell.fr/identite\\\/\"},{\"@type\":\"ListItem\",\"position\":2,\"name\":\"Tendances\",\"item\":\"https:\\\/\\\/www.treatwell.fr/identite\\\/tendances\\\/\"},{\"@type\":\"ListItem\",\"position\":3,\"name\":\"On craque pour la tendance capillaire du Opalhair\"}]},{\"@type\":\"WebSite\",\"@id\":\"https:\\\/\\\/www.treatwell.fr/identite\\\/#website\",\"url\":\"https:\\\/\\\/www.treatwell.fr/identite\\\/\",\"name\":\"Identit\u00e9\",\"description\":\"Beaut\u00e9, Cheveux, Quotidien\",\"publisher\":{\"@id\":\"https:\\\/\\\/www.treatwell.fr/identite\\\/#organization\"},\"potentialAction\":[{\"@type\":\"SearchAction\",\"target\":{\"@type\":\"EntryPoint\",\"urlTemplate\":\"https:\\\/\\\/www.treatwell.fr/identite\\\/?s={search_term_string}\"},\"query-input\":{\"@type\":\"PropertyValueSpecification\",\"valueRequired\":true,\"valueName\":\"search_term_string\"}}],\"inLanguage\":\"fr-FR\"},{\"@type\":\"Organization\",\"@id\":\"https:\\\/\\\/www.treatwell.fr/identite\\\/#organization\",\"name\":\"Treatwell\",\"url\":\"https:\\\/\\\/www.treatwell.fr/identite\\\/\",\"logo\":{\"@type\":\"ImageObject\",\"inLanguage\":\"fr-FR\",\"@id\":\"https:\\\/\\\/www.treatwell.fr/identite\\\/#\\\/schema\\\/logo\\\/image\\\/\",\"url\":\"https:\\\/\\\/www.treatwell.fr/identite\\\/wp-content\\\/uploads\\\/sites\\\/6\\\/2022\\\/03\\\/logo_treatwell.png\",\"contentUrl\":\"https:\\\/\\\/www.treatwell.fr/identite\\\/wp-content\\\/uploads\\\/sites\\\/6\\\/2022\\\/03\\\/logo_treatwell.png\",\"width\":889,\"height\":164,\"caption\":\"Treatwell\"},\"image\":{\"@id\":\"https:\\\/\\\/www.treatwell.fr/identite\\\/#\\\/schema\\\/logo\\\/image\\\/\"}},{\"@type\":\"Person\",\"@id\":\"https:\\\/\\\/www.treatwell.fr/identite\\\/#\\\/schema\\\/person\\\/45be8f7781947e6c6d31f4b658271bf6\",\"name\":\"Beth Ryan\",\"image\":{\"@type\":\"ImageObject\",\"inLanguage\":\"fr-FR\",\"@id\":\"https:\\\/\\\/secure.gravatar.com\\\/avatar\\\/93502c3b0591e62d75cc697ff3b5b8f47fef521e9dd0d61feb5570ae6d459200?s=96&d=mm&r=g\",\"url\":\"https:\\\/\\\/secure.gravatar.com\\\/avatar\\\/93502c3b0591e62d75cc697ff3b5b8f47fef521e9dd0d61feb5570ae6d459200?s=96&d=mm&r=g\",\"contentUrl\":\"https:\\\/\\\/secure.gravatar.com\\\/avatar\\\/93502c3b0591e62d75cc697ff3b5b8f47fef521e9dd0d61feb5570ae6d459200?s=96&d=mm&r=g\",\"caption\":\"Beth Ryan\"},\"url\":\"https:\\\/\\\/www.treatwell.fr/identite\\\/author\\\/bethanyryan\\\/\"}]}<\/script>\n<!-- \/ Yoast SEO plugin. -->","yoast_head_json":{"title":"Opalhair : cheveux pastel tendance arc-en-ciel | Treatwell","description":"Opalhair sublime votre coiffure avec des teintes pastel. Osez le d\u00e9grad\u00e9 color\u00e9: m\u00e8ches nacr\u00e9es, racines color\u00e9es, effets subtils pour cheveux clairs ou fonc\u00e9s. Adoptez la tendance !","robots":{"index":"index","follow":"follow","max-snippet":"max-snippet:-1","max-image-preview":"max-image-preview:large","max-video-preview":"max-video-preview:-1"},"canonical":"https:\/\/www.treatwell.fr/identite\/tendance-capillaire-opalhair\/","og_locale":"fr_FR","og_type":"article","og_title":"Opalhair : cheveux pastel tendance arc-en-ciel | Treatwell","og_description":"Opalhair sublime votre coiffure avec des teintes pastel. Osez le d\u00e9grad\u00e9 color\u00e9: m\u00e8ches nacr\u00e9es, racines color\u00e9es, effets subtils pour cheveux clairs ou fonc\u00e9s. Adoptez la tendance !","og_url":"https:\/\/www.treatwell.fr/identite\/tendance-capillaire-opalhair\/","og_site_name":"Identit\u00e9","article_published_time":"2018-02-21T15:42:49+00:00","article_modified_time":"2025-12-16T12:04:33+00:00","og_image":[{"width":500,"height":385,"url":"https:\/\/www.treatwell.fr/identite\/wp-content\/uploads\/sites\/6\/2022\/03\/hero-8.jpg","type":"image\/jpeg"}],"author":"Beth Ryan","twitter_card":"summary_large_image","twitter_misc":{"\u00c9crit par":"Beth Ryan","Dur\u00e9e de lecture estim\u00e9e":"2 minutes"},"schema":{"@context":"https:\/\/schema.org","@graph":[{"@type":"Article","@id":"https:\/\/www.treatwell.fr/identite\/tendance-capillaire-opalhair\/#article","isPartOf":{"@id":"https:\/\/www.treatwell.fr/identite\/tendance-capillaire-opalhair\/"},"author":{"name":"Beth Ryan","@id":"https:\/\/www.treatwell.fr/identite\/#\/schema\/person\/45be8f7781947e6c6d31f4b658271bf6"},"headline":"On craque pour la tendance capillaire du Opalhair","datePublished":"2018-02-21T15:42:49+00:00","dateModified":"2025-12-16T12:04:33+00:00","mainEntityOfPage":{"@id":"https:\/\/www.treatwell.fr/identite\/tendance-capillaire-opalhair\/"},"wordCount":401,"publisher":{"@id":"https:\/\/www.treatwell.fr/identite\/#organization"},"image":{"@id":"https:\/\/www.treatwell.fr/identite\/tendance-capillaire-opalhair\/#primaryimage"},"thumbnailUrl":"https:\/\/www.treatwell.fr/identite\/wp-content\/uploads\/sites\/6\/2022\/03\/hero-8.jpg","keywords":["Hair","Hair Colouring and Highlights","Haircuts and Hairdressing"],"articleSection":["Tendances"],"inLanguage":"fr-FR"},{"@type":"WebPage","@id":"https:\/\/www.treatwell.fr/identite\/tendance-capillaire-opalhair\/","url":"https:\/\/www.treatwell.fr/identite\/tendance-capillaire-opalhair\/","name":"Opalhair : cheveux pastel tendance arc-en-ciel | Treatwell","isPartOf":{"@id":"https:\/\/www.treatwell.fr/identite\/#website"},"primaryImageOfPage":{"@id":"https:\/\/www.treatwell.fr/identite\/tendance-capillaire-opalhair\/#primaryimage"},"image":{"@id":"https:\/\/www.treatwell.fr/identite\/tendance-capillaire-opalhair\/#primaryimage"},"thumbnailUrl":"https:\/\/www.treatwell.fr/identite\/wp-content\/uploads\/sites\/6\/2022\/03\/hero-8.jpg","datePublished":"2018-02-21T15:42:49+00:00","dateModified":"2025-12-16T12:04:33+00:00","description":"Opalhair sublime votre coiffure avec des teintes pastel. Osez le d\u00e9grad\u00e9 color\u00e9: m\u00e8ches nacr\u00e9es, racines color\u00e9es, effets subtils pour cheveux clairs ou fonc\u00e9s. Adoptez la tendance !","breadcrumb":{"@id":"https:\/\/www.treatwell.fr/identite\/tendance-capillaire-opalhair\/#breadcrumb"},"inLanguage":"fr-FR","potentialAction":[{"@type":"ReadAction","target":["https:\/\/www.treatwell.fr/identite\/tendance-capillaire-opalhair\/"]}]},{"@type":"ImageObject","inLanguage":"fr-FR","@id":"https:\/\/www.treatwell.fr/identite\/tendance-capillaire-opalhair\/#primaryimage","url":"https:\/\/www.treatwell.fr/identite\/wp-content\/uploads\/sites\/6\/2022\/03\/hero-8.jpg","contentUrl":"https:\/\/www.treatwell.fr/identite\/wp-content\/uploads\/sites\/6\/2022\/03\/hero-8.jpg","width":500,"height":385},{"@type":"BreadcrumbList","@id":"https:\/\/www.treatwell.fr/identite\/tendance-capillaire-opalhair\/#breadcrumb","itemListElement":[{"@type":"ListItem","position":1,"name":"Home","item":"https:\/\/www.treatwell.fr/identite\/"},{"@type":"ListItem","position":2,"name":"Tendances","item":"https:\/\/www.treatwell.fr/identite\/tendances\/"},{"@type":"ListItem","position":3,"name":"On craque pour la tendance capillaire du Opalhair"}]},{"@type":"WebSite","@id":"https:\/\/www.treatwell.fr/identite\/#website","url":"https:\/\/www.treatwell.fr/identite\/","name":"Identit\u00e9","description":"Beaut\u00e9, Cheveux, Quotidien","publisher":{"@id":"https:\/\/www.treatwell.fr/identite\/#organization"},"potentialAction":[{"@type":"SearchAction","target":{"@type":"EntryPoint","urlTemplate":"https:\/\/www.treatwell.fr/identite\/?s={search_term_string}"},"query-input":{"@type":"PropertyValueSpecification","valueRequired":true,"valueName":"search_term_string"}}],"inLanguage":"fr-FR"},{"@type":"Organization","@id":"https:\/\/www.treatwell.fr/identite\/#organization","name":"Treatwell","url":"https:\/\/www.treatwell.fr/identite\/","logo":{"@type":"ImageObject","inLanguage":"fr-FR","@id":"https:\/\/www.treatwell.fr/identite\/#\/schema\/logo\/image\/","url":"https:\/\/www.treatwell.fr/identite\/wp-content\/uploads\/sites\/6\/2022\/03\/logo_treatwell.png","contentUrl":"https:\/\/www.treatwell.fr/identite\/wp-content\/uploads\/sites\/6\/2022\/03\/logo_treatwell.png","width":889,"height":164,"caption":"Treatwell"},"image":{"@id":"https:\/\/www.treatwell.fr/identite\/#\/schema\/logo\/image\/"}},{"@type":"Person","@id":"https:\/\/www.treatwell.fr/identite\/#\/schema\/person\/45be8f7781947e6c6d31f4b658271bf6","name":"Beth Ryan","image":{"@type":"ImageObject","inLanguage":"fr-FR","@id":"https:\/\/secure.gravatar.com\/avatar\/93502c3b0591e62d75cc697ff3b5b8f47fef521e9dd0d61feb5570ae6d459200?s=96&d=mm&r=g","url":"https:\/\/secure.gravatar.com\/avatar\/93502c3b0591e62d75cc697ff3b5b8f47fef521e9dd0d61feb5570ae6d459200?s=96&d=mm&r=g","contentUrl":"https:\/\/secure.gravatar.com\/avatar\/93502c3b0591e62d75cc697ff3b5b8f47fef521e9dd0d61feb5570ae6d459200?s=96&d=mm&r=g","caption":"Beth Ryan"},"url":"https:\/\/www.treatwell.fr/identite\/author\/bethanyryan\/"}]}},"featured_image_src":"https:\/\/www.treatwell.fr/identite\/wp-content\/uploads\/sites\/6\/2022\/03\/hero-8.jpg","featured_image_src_square":"https:\/\/www.treatwell.fr/identite\/wp-content\/uploads\/sites\/6\/2022\/03\/hero-8.jpg","author_info":{"display_name":"Beth Ryan","author_link":"https:\/\/www.treatwell.fr/identite\/author\/bethanyryan\/"},"_links":{"self":[{"href":"https:\/\/www.treatwell.fr\/identite\/wp-json\/wp\/v2\/posts\/35949","targetHints":{"allow":["GET"]}}],"collection":[{"href":"https:\/\/www.treatwell.fr\/identite\/wp-json\/wp\/v2\/posts"}],"about":[{"href":"https:\/\/www.treatwell.fr\/identite\/wp-json\/wp\/v2\/types\/post"}],"author":[{"embeddable":true,"href":"https:\/\/www.treatwell.fr\/identite\/wp-json\/wp\/v2\/users\/3366"}],"replies":[{"embeddable":true,"href":"https:\/\/www.treatwell.fr\/identite\/wp-json\/wp\/v2\/comments?post=35949"}],"version-history":[{"count":0,"href":"https:\/\/www.treatwell.fr\/identite\/wp-json\/wp\/v2\/posts\/35949\/revisions"}],"wp:featuredmedia":[{"embeddable":true,"href":"https:\/\/www.treatwell.fr\/identite\/wp-json\/wp\/v2\/media\/35966"}],"wp:attachment":[{"href":"https:\/\/www.treatwell.fr\/identite\/wp-json\/wp\/v2\/media?parent=35949"}],"wp:term":[{"taxonomy":"category","embeddable":true,"href":"https:\/\/www.treatwell.fr\/identite\/wp-json\/wp\/v2\/categories?post=35949"},{"taxonomy":"post_tag","embeddable":true,"href":"https:\/\/www.treatwell.fr\/identite\/wp-json\/wp\/v2\/tags?post=35949"}],"curies":[{"name":"wp","href":"https:\/\/api.w.org\/{rel}","templated":true}]}}