{"id":36608,"date":"2018-04-16T12:07:53","date_gmt":"2018-04-16T10:07:53","guid":{"rendered":"https:\/\/www.treatwell.fr\/identite\/?p=8651"},"modified":"2025-12-16T13:04:52","modified_gmt":"2025-12-16T12:04:52","slug":"regard-envoutant-cils-en-seine","status":"publish","type":"post","link":"https:\/\/www.treatwell.fr/identite\/regard-envoutant-cils-en-seine\/","title":{"rendered":"Un Regard Envo\u00fbtant by Cils en Seine : le coup de coeur de la communaut\u00e9 Treatwell !"},"content":{"rendered":"<p><span style=\"font-weight: 400\">Miroir de l\u2019\u00e2me, le regard fait partie int\u00e9grante de l\u2019expression de soi et de la beaut\u00e9. Le r\u00eave \u00e9veill\u00e9 de chacune ? Un regard de biche avec des cils vertigineux pour r\u00e9v\u00e9ler sa beaut\u00e9 \u00e0 coups de battement de cils ! Au coeur du 17\u00e8me arrondissement de Paris, nous avons rencontr\u00e9 Joana Giacalone, celle qui d\u00e9die ses journ\u00e9es \u00e0 sublimer les mirettes des chanceuses qui prennent place dans son institut sp\u00e9cialis\u00e9 en extension de cils : <a href=\"https:\/\/www.treatwell.fr\/salon\/cils-en-seine\/\">Cils en Seine<\/a>. V\u00e9ritable cocon moderne et coquet, cet \u00e9crin intimiste est le th\u00e9\u00e2tre d\u2019un art minutieux et d\u00e9licat qui transforme les mirettes en un regard envo\u00fbtant ! Savant mariage entre art, technique et usage de produits hautement qualitatifs : l\u2019extension de cils by Cils en Seine s\u2019\u00e9rige en soin d\u2019exception dont la finalit\u00e9 n\u2019est autre qu\u2019un regard ensorcelant. Passionn\u00e9e par son art, Joana Giacalone &#8211; formatrice en extensions de cils- s\u2019est donn\u00e9 pour mission de faire rayonner cette mise en beaut\u00e9 du regard \u00e0 travers le tout <a href=\"http:\/\/www.cilsenseine.com\/jeu-concours\">premier concours national d\u00e9di\u00e9 \u00e0 l\u2019extension de cils<\/a> qu\u2019elle a fond\u00e9 \u00e0 l\u2019occasion de l&#8217;anniversaire de la cr\u00e9ation de son institut. Pour nous faire d\u00e9couvrir ses secrets, Joana s\u2019est gentiment pr\u00eat\u00e9 au jeu d\u2019un portrait chinois\u2026<\/span><\/p>\n<p>Par M\u00e9lanie LE GALL<\/p>\n<p>Cr\u00e9dits : Pinterest, Cils en Seine, Treatwell,\u00a0Alexandre Croussette et\u00a0Wang Xi<\/p>\n<div class=\"schema-faq wp-block-yoast-faq-block\">\n<div class=\"schema-faq-section\" id=\"faq-question-1765886388088\">\n<h3 class=\"schema-faq-question\">Quelle est la meilleure finition pour un regard de biche ?<\/h3>\n<p class=\"schema-faq-answer\">Pour sublimer ton regard, la finition &#8220;regard envo\u00fbtant&#8221; offre l&#8217;\u00e9quilibre parfait entre naturel et sophistication. Ce savant mariage, appel\u00e9 volume 2\/3D, est pl\u00e9biscit\u00e9 par 80 % des parisiennes en qu\u00eate d\u2019un r\u00e9sultat imm\u00e9diat et \u00e9clatant.<\/div>\n<div class=\"schema-faq-section\" id=\"faq-question-1765886388089\">\n<h3 class=\"schema-faq-question\">Comment entretenir tes extensions de cils apr\u00e8s la pose ?<\/h3>\n<p class=\"schema-faq-answer\">Il est primordial de ne pas mouiller tes extensions de cils pendant les 48h suivant la pose. Cette pr\u00e9caution permet \u00e0 la colle de cristalliser totalement, assurant ainsi une tenue optimale et durable des extensions.<\/div>\n<div class=\"schema-faq-section\" id=\"faq-question-1765886388090\">\n<h3 class=\"schema-faq-question\">Peut-on se d\u00e9maquiller avec des extensions de cils ?<\/h3>\n<p class=\"schema-faq-answer\">Oui, tu peux parfaitement te d\u00e9maquiller avec tes extensions de cils. Il est m\u00eame recommand\u00e9 de le faire, \u00e0 condition de choisir un produit doux pour les yeux, tel qu\u2019un d\u00e9maquillant adapt\u00e9 comme Eyelashweb, pour pr\u00e9server la beaut\u00e9 de ta mise en beaut\u00e9.<\/div>\n<div class=\"schema-faq-section\" id=\"faq-question-1765886388091\">\n<h3 class=\"schema-faq-question\">Quel geste beaut\u00e9 privil\u00e9gier au quotidien ?<\/h3>\n<p class=\"schema-faq-answer\">Le d\u00e9maquillage r\u00e9gulier doit devenir un geste incontournable dans ta routine. Prendre soin de bien te d\u00e9maquiller permet de pr\u00e9server ta peau des agressions ext\u00e9rieures et garantit une meilleure tenue de ton maquillage, tout en sublimant ton regard.<\/div>\n<div class=\"schema-faq-section\" id=\"faq-question-1765886388092\">\n<h3 class=\"schema-faq-question\">Quels types d\u2019yeux sont particuli\u00e8rement mis en valeur par les extensions ?<\/h3>\n<p class=\"schema-faq-answer\">Les yeux clairs, notamment les yeux bleus, sont imm\u00e9diatement magnifi\u00e9s par la pose d\u2019extensions de cils. Ce contraste renforce la profondeur du regard et sublime la couleur, pour un r\u00e9sultat \u00e0 couper le souffle.<\/div>\n<\/p><\/div>\n","protected":false},"excerpt":{"rendered":"<p>Miroir de l\u2019\u00e2me, le regard fait partie int\u00e9grante de l\u2019expression de soi et de la beaut\u00e9. Le r\u00eave \u00e9veill\u00e9 de chacune ? Un regard de biche avec des cils vertigineux pour r\u00e9v\u00e9ler sa beaut\u00e9 \u00e0 coups de battement de cils ! Au coeur du 17\u00e8me arrondissement de Paris, nous avons rencontr\u00e9 Joana Giacalone, celle qui [&hellip;]<\/p>\n","protected":false},"author":3319,"featured_media":36615,"comment_status":"closed","ping_status":"closed","sticky":false,"template":"","format":"standard","meta":{"_acf_changed":false,"_yoast_wpseo_title":"Extensions cils Paris : volume, conseils et entretien | Treatwell","_yoast_wpseo_metadesc":"Sublime ton regard gr\u00e2ce aux extensions de cils \u00e0 Paris. D\u00e9couvre les conseils experts, l'entretien et les astuces pour un effet naturel sublime chez Cils en Seine.","_genesis_hide_title":false,"_genesis_hide_breadcrumbs":false,"_genesis_hide_singular_image":false,"_genesis_hide_footer_widgets":false,"_genesis_custom_body_class":"","_genesis_custom_post_class":"","_genesis_layout":"","saswp_custom_schema_field":"{\"@context\":\"https:\/\/schema.org\",\"@type\":\"FAQPage\",\"mainEntity\":[{\"@type\":\"Question\",\"name\":\"Quelle est la meilleure finition pour un regard de biche ?\",\"acceptedAnswer\":{\"@type\":\"Answer\",\"text\":\"Pour sublimer ton regard, la finition \\\"regard envo\u00fbtant\\\" offre l'\u00e9quilibre parfait entre naturel et sophistication. Ce savant mariage, appel\u00e9 volume 2\/3D, est pl\u00e9biscit\u00e9 par 80 % des parisiennes en qu\u00eate d\u2019un r\u00e9sultat imm\u00e9diat et \u00e9clatant.\"}},{\"@type\":\"Question\",\"name\":\"Comment entretenir tes extensions de cils apr\u00e8s la pose ?\",\"acceptedAnswer\":{\"@type\":\"Answer\",\"text\":\"Il est primordial de ne pas mouiller tes extensions de cils pendant les 48h suivant la pose. Cette pr\u00e9caution permet \u00e0 la colle de cristalliser totalement, assurant ainsi une tenue optimale et durable des extensions.\"}},{\"@type\":\"Question\",\"name\":\"Peut-on se d\u00e9maquiller avec des extensions de cils ?\",\"acceptedAnswer\":{\"@type\":\"Answer\",\"text\":\"Oui, tu peux parfaitement te d\u00e9maquiller avec tes extensions de cils. Il est m\u00eame recommand\u00e9 de le faire, \u00e0 condition de choisir un produit doux pour les yeux, tel qu\u2019un d\u00e9maquillant adapt\u00e9 comme Eyelashweb, pour pr\u00e9server la beaut\u00e9 de ta mise en beaut\u00e9.\"}},{\"@type\":\"Question\",\"name\":\"Quel geste beaut\u00e9 privil\u00e9gier au quotidien ?\",\"acceptedAnswer\":{\"@type\":\"Answer\",\"text\":\"Le d\u00e9maquillage r\u00e9gulier doit devenir un geste incontournable dans ta routine. Prendre soin de bien te d\u00e9maquiller permet de pr\u00e9server ta peau des agressions ext\u00e9rieures et garantit une meilleure tenue de ton maquillage, tout en sublimant ton regard.\"}},{\"@type\":\"Question\",\"name\":\"Quels types d\u2019yeux sont particuli\u00e8rement mis en valeur par les extensions ?\",\"acceptedAnswer\":{\"@type\":\"Answer\",\"text\":\"Les yeux clairs, notamment les yeux bleus, sont imm\u00e9diatement magnifi\u00e9s par la pose d\u2019extensions de cils. Ce contraste renforce la profondeur du regard et sublime la couleur, pour un r\u00e9sultat \u00e0 couper le souffle.\"}}]}","footnotes":""},"categories":[4],"tags":[65],"class_list":{"0":"post-36608","1":"post","2":"type-post","3":"status-publish","4":"format-standard","5":"has-post-thumbnail","7":"category-beaute","8":"tag-tr707","9":"entry"},"acf":{"post_credits":"","beauty_blog_post_button_title":"","beauty_blog_post_button":"","landscape_picture":36614,"blocks":[{"block_title":"Si vous \u00e9tiez une couleur d'yeux, quelle couleur seriez-vous ?","block_content":"<p>Joana Giacalone : Je serais des yeux bleus. La couleur des yeux de mon amoureux ! Plus s&eacute;rieusement, je trouve que c&rsquo;est une couleur rare et magnifique. Les bleu apporte une r&eacute;elle profondeur au regard. Lorsque je pose des extensions de cils sur une personne aux yeux clairs, le rendu est imm&eacute;diatement &eacute;poustouflant ! Les yeux sont mis en valeur et la couleur est magnifi&eacute;e.<\/p>\n","video_content":"","block_picture":36609},{"block_title":"Si vous \u00e9tiez un geste beaut\u00e9, lequel seriez-vous ?","block_content":"<p>Joana Giacalone : Le d&eacute;maquillage ! Se d&eacute;maquiller est un geste &nbsp;souvent n&eacute;glig&eacute; voire m&ecirc;me oubli&eacute; alors qu&rsquo;il a toute son importance. Un bon d&eacute;maquillage pr&eacute;serve votre peau des agressions ext&eacute;rieures et permet aussi une meilleure tenue du maquillage . D&rsquo;ailleurs, c&rsquo;est une question que l&rsquo;on me pose souvent : Peux t-on se d&eacute;maquiller avec des extensions de cils ? Oui cela est possible et m&ecirc;me recommand&eacute; ! Il ne faut pas changer sa routine de d&eacute;maquillage si ce n&rsquo;est opter pour un produit doux pour les yeux tel que le d&eacute;maquillant Eyelashweb.<\/p>\n","video_content":"","block_picture":36610},{"block_title":"Si vous \u00e9tiez une extension de cils, quel volume seriez-vous ?","block_content":"<p>Joana Giacalone : J&rsquo;aime le naturel et en m&ecirc;me temps un rendu l&eacute;g&egrave;rement sophistiqu&eacute; : celui qui me correspond le mieux est le volume 2\/3D. C&rsquo;est ce qu&rsquo;on appelle &agrave; l&rsquo;institut le &ldquo;regard envo&ucirc;tant&rdquo;. Effectivement, c&rsquo;est un super &ldquo;entre deux&rdquo; entre quelque chose de trop naturel et quelque chose de trop intense. L&rsquo;extension de cils &ldquo;regard envo&ucirc;tant&rdquo; est d&rsquo;ailleurs la prestation pr&eacute;f&eacute;r&eacute;e de 80 % des parisiennes !<\/p>\n","video_content":"","block_picture":36611},{"block_title":"Si vous \u00e9tiez un produit make-up, lequel seriez-vous ?","block_content":"<p>Joana Giacalone : J&rsquo;adore le rouge &agrave; l&egrave;vres ! Je trouve qu&rsquo;un soup&ccedil;on de rouge &agrave; l&egrave;vres apporte imm&eacute;diatement du peps au visage. La couleur rehausse le teint et nous procure une jolie mine. Avec un joli rouge &agrave; l&egrave;vres on passe du naturel au chic en un instant.<\/p>\n","video_content":"","block_picture":36612},{"block_title":"Si vous \u00e9tiez un conseil pour entretenir ses extensions de cils, lequel seriez-vous ?","block_content":"<p>Joana Giacalone : Je vous conseillerais de ne pas mouiller vos extensions de cils pendant les 48h suivant la pose. Ceci est la premi&egrave;re r&egrave;gle &agrave; respecter et elle est primordiale. La colle cristallise totalement apr&egrave;s 48h si cette dur&eacute;e n&rsquo;est pas respect&eacute;e, les extensions tiendront bien moins longtemps.<\/p>\n","video_content":"","block_picture":36613}]},"yoast_head":"<!-- This site is optimized with the Yoast SEO plugin v27.4 - https:\/\/yoast.com\/product\/yoast-seo-wordpress\/ -->\n<title>Extensions cils Paris : volume, conseils et entretien | Treatwell<\/title>\n<meta name=\"description\" content=\"Sublime ton regard gr\u00e2ce aux extensions de cils \u00e0 Paris. D\u00e9couvre les conseils experts, l&#039;entretien et les astuces pour un effet naturel sublime chez Cils en Seine.\" \/>\n<meta name=\"robots\" content=\"index, follow, max-snippet:-1, max-image-preview:large, max-video-preview:-1\" \/>\n<link rel=\"canonical\" href=\"https:\/\/www.treatwell.fr/identite\/regard-envoutant-cils-en-seine\/\" \/>\n<meta property=\"og:locale\" content=\"fr_FR\" \/>\n<meta property=\"og:type\" content=\"article\" \/>\n<meta property=\"og:title\" content=\"Extensions cils Paris : volume, conseils et entretien | Treatwell\" \/>\n<meta property=\"og:description\" content=\"Sublime ton regard gr\u00e2ce aux extensions de cils \u00e0 Paris. D\u00e9couvre les conseils experts, l&#039;entretien et les astuces pour un effet naturel sublime chez Cils en Seine.\" \/>\n<meta property=\"og:url\" content=\"https:\/\/www.treatwell.fr/identite\/regard-envoutant-cils-en-seine\/\" \/>\n<meta property=\"og:site_name\" content=\"Identit\u00e9\" \/>\n<meta property=\"article:published_time\" content=\"2018-04-16T10:07:53+00:00\" \/>\n<meta property=\"article:modified_time\" content=\"2025-12-16T12:04:52+00:00\" \/>\n<meta property=\"og:image\" content=\"https:\/\/www.treatwell.fr/identite\/wp-content\/uploads\/sites\/6\/2022\/03\/Cils_en_Seine_FRK_4_xxxxx.jpg\" \/>\n\t<meta property=\"og:image:width\" content=\"500\" \/>\n\t<meta property=\"og:image:height\" content=\"385\" \/>\n\t<meta property=\"og:image:type\" content=\"image\/jpeg\" \/>\n<meta name=\"twitter:card\" content=\"summary_large_image\" \/>\n<meta name=\"twitter:label1\" content=\"\u00c9crit par\" \/>\n\t<meta name=\"twitter:data1\" content=\"\" \/>\n\t<meta name=\"twitter:label2\" content=\"Dur\u00e9e de lecture estim\u00e9e\" \/>\n\t<meta name=\"twitter:data2\" content=\"2 minutes\" \/>\n<script type=\"application\/ld+json\" class=\"yoast-schema-graph\">{\"@context\":\"https:\\\/\\\/schema.org\",\"@graph\":[{\"@type\":\"Article\",\"@id\":\"https:\\\/\\\/www.treatwell.fr/identite\\\/regard-envoutant-cils-en-seine\\\/#article\",\"isPartOf\":{\"@id\":\"https:\\\/\\\/www.treatwell.fr/identite\\\/regard-envoutant-cils-en-seine\\\/\"},\"author\":{\"name\":\"\",\"@id\":\"\"},\"headline\":\"Un Regard Envo\u00fbtant by Cils en Seine : le coup de coeur de la communaut\u00e9 Treatwell !\",\"datePublished\":\"2018-04-16T10:07:53+00:00\",\"dateModified\":\"2025-12-16T12:04:52+00:00\",\"mainEntityOfPage\":{\"@id\":\"https:\\\/\\\/www.treatwell.fr/identite\\\/regard-envoutant-cils-en-seine\\\/\"},\"wordCount\":504,\"publisher\":{\"@id\":\"https:\\\/\\\/www.treatwell.fr/identite\\\/#organization\"},\"image\":{\"@id\":\"https:\\\/\\\/www.treatwell.fr/identite\\\/regard-envoutant-cils-en-seine\\\/#primaryimage\"},\"thumbnailUrl\":\"https:\\\/\\\/www.treatwell.fr/identite\\\/wp-content\\\/uploads\\\/sites\\\/6\\\/2022\\\/03\\\/Cils_en_Seine_FRK_4_xxxxx.jpg\",\"keywords\":[\"Eyelash Perming\"],\"articleSection\":[\"Beaut\u00e9\"],\"inLanguage\":\"fr-FR\"},{\"@type\":\"WebPage\",\"@id\":\"https:\\\/\\\/www.treatwell.fr/identite\\\/regard-envoutant-cils-en-seine\\\/\",\"url\":\"https:\\\/\\\/www.treatwell.fr/identite\\\/regard-envoutant-cils-en-seine\\\/\",\"name\":\"Extensions cils Paris : volume, conseils et entretien | Treatwell\",\"isPartOf\":{\"@id\":\"https:\\\/\\\/www.treatwell.fr/identite\\\/#website\"},\"primaryImageOfPage\":{\"@id\":\"https:\\\/\\\/www.treatwell.fr/identite\\\/regard-envoutant-cils-en-seine\\\/#primaryimage\"},\"image\":{\"@id\":\"https:\\\/\\\/www.treatwell.fr/identite\\\/regard-envoutant-cils-en-seine\\\/#primaryimage\"},\"thumbnailUrl\":\"https:\\\/\\\/www.treatwell.fr/identite\\\/wp-content\\\/uploads\\\/sites\\\/6\\\/2022\\\/03\\\/Cils_en_Seine_FRK_4_xxxxx.jpg\",\"datePublished\":\"2018-04-16T10:07:53+00:00\",\"dateModified\":\"2025-12-16T12:04:52+00:00\",\"description\":\"Sublime ton regard gr\u00e2ce aux extensions de cils \u00e0 Paris. D\u00e9couvre les conseils experts, l'entretien et les astuces pour un effet naturel sublime chez Cils en Seine.\",\"breadcrumb\":{\"@id\":\"https:\\\/\\\/www.treatwell.fr/identite\\\/regard-envoutant-cils-en-seine\\\/#breadcrumb\"},\"inLanguage\":\"fr-FR\",\"potentialAction\":[{\"@type\":\"ReadAction\",\"target\":[\"https:\\\/\\\/www.treatwell.fr/identite\\\/regard-envoutant-cils-en-seine\\\/\"]}]},{\"@type\":\"ImageObject\",\"inLanguage\":\"fr-FR\",\"@id\":\"https:\\\/\\\/www.treatwell.fr/identite\\\/regard-envoutant-cils-en-seine\\\/#primaryimage\",\"url\":\"https:\\\/\\\/www.treatwell.fr/identite\\\/wp-content\\\/uploads\\\/sites\\\/6\\\/2022\\\/03\\\/Cils_en_Seine_FRK_4_xxxxx.jpg\",\"contentUrl\":\"https:\\\/\\\/www.treatwell.fr/identite\\\/wp-content\\\/uploads\\\/sites\\\/6\\\/2022\\\/03\\\/Cils_en_Seine_FRK_4_xxxxx.jpg\",\"width\":500,\"height\":385},{\"@type\":\"BreadcrumbList\",\"@id\":\"https:\\\/\\\/www.treatwell.fr/identite\\\/regard-envoutant-cils-en-seine\\\/#breadcrumb\",\"itemListElement\":[{\"@type\":\"ListItem\",\"position\":1,\"name\":\"Home\",\"item\":\"https:\\\/\\\/www.treatwell.fr/identite\\\/\"},{\"@type\":\"ListItem\",\"position\":2,\"name\":\"Beaut\u00e9\",\"item\":\"https:\\\/\\\/www.treatwell.fr/identite\\\/beaute\\\/\"},{\"@type\":\"ListItem\",\"position\":3,\"name\":\"Un Regard Envo\u00fbtant by Cils en Seine : le coup de coeur de la communaut\u00e9 Treatwell !\"}]},{\"@type\":\"WebSite\",\"@id\":\"https:\\\/\\\/www.treatwell.fr/identite\\\/#website\",\"url\":\"https:\\\/\\\/www.treatwell.fr/identite\\\/\",\"name\":\"Identit\u00e9\",\"description\":\"Beaut\u00e9, Cheveux, Quotidien\",\"publisher\":{\"@id\":\"https:\\\/\\\/www.treatwell.fr/identite\\\/#organization\"},\"potentialAction\":[{\"@type\":\"SearchAction\",\"target\":{\"@type\":\"EntryPoint\",\"urlTemplate\":\"https:\\\/\\\/www.treatwell.fr/identite\\\/?s={search_term_string}\"},\"query-input\":{\"@type\":\"PropertyValueSpecification\",\"valueRequired\":true,\"valueName\":\"search_term_string\"}}],\"inLanguage\":\"fr-FR\"},{\"@type\":\"Organization\",\"@id\":\"https:\\\/\\\/www.treatwell.fr/identite\\\/#organization\",\"name\":\"Treatwell\",\"url\":\"https:\\\/\\\/www.treatwell.fr/identite\\\/\",\"logo\":{\"@type\":\"ImageObject\",\"inLanguage\":\"fr-FR\",\"@id\":\"https:\\\/\\\/www.treatwell.fr/identite\\\/#\\\/schema\\\/logo\\\/image\\\/\",\"url\":\"https:\\\/\\\/www.treatwell.fr/identite\\\/wp-content\\\/uploads\\\/sites\\\/6\\\/2022\\\/03\\\/logo_treatwell.png\",\"contentUrl\":\"https:\\\/\\\/www.treatwell.fr/identite\\\/wp-content\\\/uploads\\\/sites\\\/6\\\/2022\\\/03\\\/logo_treatwell.png\",\"width\":889,\"height\":164,\"caption\":\"Treatwell\"},\"image\":{\"@id\":\"https:\\\/\\\/www.treatwell.fr/identite\\\/#\\\/schema\\\/logo\\\/image\\\/\"}},{\"@type\":\"Person\",\"@id\":\"\",\"url\":\"https:\\\/\\\/www.treatwell.fr/identite\\\/author\\\/\"}]}<\/script>\n<!-- \/ Yoast SEO plugin. -->","yoast_head_json":{"title":"Extensions cils Paris : volume, conseils et entretien | Treatwell","description":"Sublime ton regard gr\u00e2ce aux extensions de cils \u00e0 Paris. D\u00e9couvre les conseils experts, l'entretien et les astuces pour un effet naturel sublime chez Cils en Seine.","robots":{"index":"index","follow":"follow","max-snippet":"max-snippet:-1","max-image-preview":"max-image-preview:large","max-video-preview":"max-video-preview:-1"},"canonical":"https:\/\/www.treatwell.fr/identite\/regard-envoutant-cils-en-seine\/","og_locale":"fr_FR","og_type":"article","og_title":"Extensions cils Paris : volume, conseils et entretien | Treatwell","og_description":"Sublime ton regard gr\u00e2ce aux extensions de cils \u00e0 Paris. D\u00e9couvre les conseils experts, l'entretien et les astuces pour un effet naturel sublime chez Cils en Seine.","og_url":"https:\/\/www.treatwell.fr/identite\/regard-envoutant-cils-en-seine\/","og_site_name":"Identit\u00e9","article_published_time":"2018-04-16T10:07:53+00:00","article_modified_time":"2025-12-16T12:04:52+00:00","og_image":[{"width":500,"height":385,"url":"https:\/\/www.treatwell.fr/identite\/wp-content\/uploads\/sites\/6\/2022\/03\/Cils_en_Seine_FRK_4_xxxxx.jpg","type":"image\/jpeg"}],"twitter_card":"summary_large_image","twitter_misc":{"\u00c9crit par":"","Dur\u00e9e de lecture estim\u00e9e":"2 minutes"},"schema":{"@context":"https:\/\/schema.org","@graph":[{"@type":"Article","@id":"https:\/\/www.treatwell.fr/identite\/regard-envoutant-cils-en-seine\/#article","isPartOf":{"@id":"https:\/\/www.treatwell.fr/identite\/regard-envoutant-cils-en-seine\/"},"author":{"name":"","@id":""},"headline":"Un Regard Envo\u00fbtant by Cils en Seine : le coup de coeur de la communaut\u00e9 Treatwell !","datePublished":"2018-04-16T10:07:53+00:00","dateModified":"2025-12-16T12:04:52+00:00","mainEntityOfPage":{"@id":"https:\/\/www.treatwell.fr/identite\/regard-envoutant-cils-en-seine\/"},"wordCount":504,"publisher":{"@id":"https:\/\/www.treatwell.fr/identite\/#organization"},"image":{"@id":"https:\/\/www.treatwell.fr/identite\/regard-envoutant-cils-en-seine\/#primaryimage"},"thumbnailUrl":"https:\/\/www.treatwell.fr/identite\/wp-content\/uploads\/sites\/6\/2022\/03\/Cils_en_Seine_FRK_4_xxxxx.jpg","keywords":["Eyelash Perming"],"articleSection":["Beaut\u00e9"],"inLanguage":"fr-FR"},{"@type":"WebPage","@id":"https:\/\/www.treatwell.fr/identite\/regard-envoutant-cils-en-seine\/","url":"https:\/\/www.treatwell.fr/identite\/regard-envoutant-cils-en-seine\/","name":"Extensions cils Paris : volume, conseils et entretien | Treatwell","isPartOf":{"@id":"https:\/\/www.treatwell.fr/identite\/#website"},"primaryImageOfPage":{"@id":"https:\/\/www.treatwell.fr/identite\/regard-envoutant-cils-en-seine\/#primaryimage"},"image":{"@id":"https:\/\/www.treatwell.fr/identite\/regard-envoutant-cils-en-seine\/#primaryimage"},"thumbnailUrl":"https:\/\/www.treatwell.fr/identite\/wp-content\/uploads\/sites\/6\/2022\/03\/Cils_en_Seine_FRK_4_xxxxx.jpg","datePublished":"2018-04-16T10:07:53+00:00","dateModified":"2025-12-16T12:04:52+00:00","description":"Sublime ton regard gr\u00e2ce aux extensions de cils \u00e0 Paris. D\u00e9couvre les conseils experts, l'entretien et les astuces pour un effet naturel sublime chez Cils en Seine.","breadcrumb":{"@id":"https:\/\/www.treatwell.fr/identite\/regard-envoutant-cils-en-seine\/#breadcrumb"},"inLanguage":"fr-FR","potentialAction":[{"@type":"ReadAction","target":["https:\/\/www.treatwell.fr/identite\/regard-envoutant-cils-en-seine\/"]}]},{"@type":"ImageObject","inLanguage":"fr-FR","@id":"https:\/\/www.treatwell.fr/identite\/regard-envoutant-cils-en-seine\/#primaryimage","url":"https:\/\/www.treatwell.fr/identite\/wp-content\/uploads\/sites\/6\/2022\/03\/Cils_en_Seine_FRK_4_xxxxx.jpg","contentUrl":"https:\/\/www.treatwell.fr/identite\/wp-content\/uploads\/sites\/6\/2022\/03\/Cils_en_Seine_FRK_4_xxxxx.jpg","width":500,"height":385},{"@type":"BreadcrumbList","@id":"https:\/\/www.treatwell.fr/identite\/regard-envoutant-cils-en-seine\/#breadcrumb","itemListElement":[{"@type":"ListItem","position":1,"name":"Home","item":"https:\/\/www.treatwell.fr/identite\/"},{"@type":"ListItem","position":2,"name":"Beaut\u00e9","item":"https:\/\/www.treatwell.fr/identite\/beaute\/"},{"@type":"ListItem","position":3,"name":"Un Regard Envo\u00fbtant by Cils en Seine : le coup de coeur de la communaut\u00e9 Treatwell !"}]},{"@type":"WebSite","@id":"https:\/\/www.treatwell.fr/identite\/#website","url":"https:\/\/www.treatwell.fr/identite\/","name":"Identit\u00e9","description":"Beaut\u00e9, Cheveux, Quotidien","publisher":{"@id":"https:\/\/www.treatwell.fr/identite\/#organization"},"potentialAction":[{"@type":"SearchAction","target":{"@type":"EntryPoint","urlTemplate":"https:\/\/www.treatwell.fr/identite\/?s={search_term_string}"},"query-input":{"@type":"PropertyValueSpecification","valueRequired":true,"valueName":"search_term_string"}}],"inLanguage":"fr-FR"},{"@type":"Organization","@id":"https:\/\/www.treatwell.fr/identite\/#organization","name":"Treatwell","url":"https:\/\/www.treatwell.fr/identite\/","logo":{"@type":"ImageObject","inLanguage":"fr-FR","@id":"https:\/\/www.treatwell.fr/identite\/#\/schema\/logo\/image\/","url":"https:\/\/www.treatwell.fr/identite\/wp-content\/uploads\/sites\/6\/2022\/03\/logo_treatwell.png","contentUrl":"https:\/\/www.treatwell.fr/identite\/wp-content\/uploads\/sites\/6\/2022\/03\/logo_treatwell.png","width":889,"height":164,"caption":"Treatwell"},"image":{"@id":"https:\/\/www.treatwell.fr/identite\/#\/schema\/logo\/image\/"}},{"@type":"Person","@id":"","url":"https:\/\/www.treatwell.fr/identite\/author\/"}]}},"featured_image_src":"https:\/\/www.treatwell.fr/identite\/wp-content\/uploads\/sites\/6\/2022\/03\/Cils_en_Seine_FRK_4_xxxxx.jpg","featured_image_src_square":"https:\/\/www.treatwell.fr/identite\/wp-content\/uploads\/sites\/6\/2022\/03\/Cils_en_Seine_FRK_4_xxxxx.jpg","author_info":{"display_name":"","author_link":"https:\/\/www.treatwell.fr/identite\/author\/"},"_links":{"self":[{"href":"https:\/\/www.treatwell.fr\/identite\/wp-json\/wp\/v2\/posts\/36608","targetHints":{"allow":["GET"]}}],"collection":[{"href":"https:\/\/www.treatwell.fr\/identite\/wp-json\/wp\/v2\/posts"}],"about":[{"href":"https:\/\/www.treatwell.fr\/identite\/wp-json\/wp\/v2\/types\/post"}],"author":[{"embeddable":true,"href":"https:\/\/www.treatwell.fr\/identite\/wp-json\/wp\/v2\/users\/3319"}],"replies":[{"embeddable":true,"href":"https:\/\/www.treatwell.fr\/identite\/wp-json\/wp\/v2\/comments?post=36608"}],"version-history":[{"count":0,"href":"https:\/\/www.treatwell.fr\/identite\/wp-json\/wp\/v2\/posts\/36608\/revisions"}],"wp:featuredmedia":[{"embeddable":true,"href":"https:\/\/www.treatwell.fr\/identite\/wp-json\/wp\/v2\/media\/36615"}],"wp:attachment":[{"href":"https:\/\/www.treatwell.fr\/identite\/wp-json\/wp\/v2\/media?parent=36608"}],"wp:term":[{"taxonomy":"category","embeddable":true,"href":"https:\/\/www.treatwell.fr\/identite\/wp-json\/wp\/v2\/categories?post=36608"},{"taxonomy":"post_tag","embeddable":true,"href":"https:\/\/www.treatwell.fr\/identite\/wp-json\/wp\/v2\/tags?post=36608"}],"curies":[{"name":"wp","href":"https:\/\/api.w.org\/{rel}","templated":true}]}}