{"id":36639,"date":"2018-04-17T17:39:37","date_gmt":"2018-04-17T15:39:37","guid":{"rendered":"https:\/\/www.treatwell.fr\/identite\/?p=8697"},"modified":"2025-12-16T13:04:53","modified_gmt":"2025-12-16T12:04:53","slug":"styles-festival-coachella-2018","status":"publish","type":"post","link":"https:\/\/www.treatwell.fr/identite\/styles-festival-coachella-2018\/","title":{"rendered":"Les styles les plus canons du festival Coachella 2018"},"content":{"rendered":"<p class=\"p1\">Il existe deux types de personnes dans ce monde : celles qui vont \u00e0 Coachella et celles qui n\u2019y vont pas\u2026et qui vont \u00e0 des Festivals moins bling bling (on vous comprend tellement). Que vous soyez fan du festival le plus m\u00e9diatis\u00e9 du monde ou pas, vous n\u2019avez s\u00fbrement pas \u00e9chapp\u00e9 \u00e0 sa popularit\u00e9. Sur Insta, les festivaliers prennent d\u2019assault notre fil d\u2019actualit\u00e9 pour d\u00e9voiler leurs outfits ultra trends et \u00e9tudi\u00e9s, compos\u00e9s de space buns, de tresses et de lunettes XXS des ann\u00e9es 90. Comment est-ce possible de s&#8217;habiller comme \u00e7a et\u00a0de profiter\u00a0des concerts nous diriez-vous ? Ca, \u00e7a reste encore un myst\u00e8re\u2026 mais on le sait, Coachella c\u2019est surtout un d\u00e9fil\u00e9 auquel on assiste pour montrer qu&#8217;on y est. On l\u2019admet, certains looks sont ultra styl\u00e9s !<\/p>\n<p class=\"p1\">Derni\u00e8rement, la tendance est un peu plus sobre que les ann\u00e9es pr\u00e9c\u00e9dentes et l\u2019accent\u00a0a \u00e9t\u00e9 mis sur des tenues canon plut\u00f4t que sur des looks extravagants. Les cheveux licornes et les glitter boobs sont bien entendu pr\u00e9sents, mais de fa\u00e7ons plus soign\u00e9e, propre et un peu plus \u00e9pur\u00e9e. La devise \u00e0 suivre : plus petites sont les lunettes, le plus on gagne de points fashion. Prenez des notes.<\/p>\n<p class=\"p1\">On a vu des m\u00e8ches color\u00e9es rose et violet pastel, la couleur du moment, des tresses (avec ou sans extensions color\u00e9es) et, \u00e9videmment, des space buns. Les festivaliers ont aussi port\u00e9 leurs cheveux l\u00e2ch\u00e9s, messy et d\u00e9coiff\u00e9s comme Justin Bieber ou encore lisses et ultra raides comme Rihanna, Bella Thorne ou Shay Mitchell.<\/p>\n<p class=\"p1\">C\u00f4t\u00e9 make-up le go\u00fbt \u00e9tait au casual chic, exalt\u00e9 par une base de teint parfaite et des bijoux de peau strat\u00e9giquement plac\u00e9s ici et l\u00e0 \u00e0 c\u00f4t\u00e9 des yeux ou au dessus des sourcils. Et pour la touche color\u00e9e ? Les lunettes de soleil 90\u2019s bien-s\u00fbr ! Une injection de nuances arc-en-ciel apport\u00e9e \u00e0 travers des verres jaunes, bleus ou roses. En bref : l\u2019accessoire parfait. C\u2019est qui qui a tout compris ? Pas \u00e9tonnant, c\u2019est encore Riri, avec un look all pink avec lunettes XXS et eyeliner flashy.<\/p>\n<div class=\"schema-faq wp-block-yoast-faq-block\">\n<div class=\"schema-faq-section\" id=\"faq-question-1765886374794\">\n<h3 class=\"schema-faq-question\">Quels sont les looks capillaires incontournables lors des festivals ?<\/h3>\n<p class=\"schema-faq-answer\">Tu peux miser sur les space buns, les tresses avec ou sans extensions color\u00e9es, les m\u00e8ches pastel rose et violet, ou porter tes cheveux d\u00e9coiff\u00e9s \u00e0 la Justin Bieber ou lisses comme Rihanna. Ces styles te permettent d\u2019afficher un look tendance tout en profitant de l\u2019ambiance festive.<\/div>\n<div class=\"schema-faq-section\" id=\"faq-question-1765886374795\">\n<h3 class=\"schema-faq-question\">Comment sublimer son maquillage pour un festival ?<\/h3>\n<p class=\"schema-faq-answer\">Tu peux opter pour un teint parfait et rehausser ton look avec des bijoux de peau plac\u00e9s pr\u00e8s des yeux ou au-dessus des sourcils. Ces touches apportent une finition \u00e9l\u00e9gante et sophistiqu\u00e9e, id\u00e9ale pour attirer tous les regards.<\/div>\n<div class=\"schema-faq-section\" id=\"faq-question-1765886374796\">\n<h3 class=\"schema-faq-question\">Quelles couleurs privil\u00e9gier pour un look de festival tendance ?<\/h3>\n<p class=\"schema-faq-answer\">Privil\u00e9gie les pastels comme le rose et le violet pour les m\u00e8ches et mise sur des lunettes de soleil color\u00e9es \u2013 jaune, bleu ou rose \u2013 au style r\u00e9tro 90\u2019s. Ces nuances ajoutent une dimension arc-en-ciel \u00e0 ton look et subliment ton style.<\/div>\n<div class=\"schema-faq-section\" id=\"faq-question-1765886374797\">\n<h3 class=\"schema-faq-question\">Quel accessoire ne pas oublier pour un look festival r\u00e9ussi ?<\/h3>\n<p class=\"schema-faq-answer\">Les lunettes XXS des ann\u00e9es 90 sont l\u2019accessoire incontournable pour gagner des points fashion lors d\u2019un festival. Elles apportent une touche color\u00e9e \u00e0 travers leurs verres jaunes, bleus ou roses et compl\u00e8tent parfaitement une tenue canon ou un maquillage \u00e9clatant.<\/div>\n<\/p><\/div>\n","protected":false},"excerpt":{"rendered":"<p>Il existe deux types de personnes dans ce monde : celles qui vont \u00e0 Coachella et celles qui n\u2019y vont pas\u2026et qui vont \u00e0 des Festivals moins bling bling (on vous comprend tellement). Que vous soyez fan du festival le plus m\u00e9diatis\u00e9 du monde ou pas, vous n\u2019avez s\u00fbrement pas \u00e9chapp\u00e9 \u00e0 sa popularit\u00e9. Sur [&hellip;]<\/p>\n","protected":false},"author":3366,"featured_media":36665,"comment_status":"closed","ping_status":"closed","sticky":false,"template":"","format":"standard","meta":{"_acf_changed":false,"_yoast_wpseo_title":"Styles Coachella : tendances cheveux et look festival","_yoast_wpseo_metadesc":"Plonge dans l'univers Coachella : space buns, tresses, lunettes XXS, m\u00e8ches color\u00e9es et make-up chic. Tous les secrets pour un style festival r\u00e9ussi et tendance assur\u00e9e !","_genesis_hide_title":false,"_genesis_hide_breadcrumbs":false,"_genesis_hide_singular_image":false,"_genesis_hide_footer_widgets":false,"_genesis_custom_body_class":"","_genesis_custom_post_class":"","_genesis_layout":"","saswp_custom_schema_field":"{\"@context\":\"https:\/\/schema.org\",\"@type\":\"FAQPage\",\"mainEntity\":[{\"@type\":\"Question\",\"name\":\"Quels sont les looks capillaires incontournables lors des festivals ?\",\"acceptedAnswer\":{\"@type\":\"Answer\",\"text\":\"Tu peux miser sur les space buns, les tresses avec ou sans extensions color\u00e9es, les m\u00e8ches pastel rose et violet, ou porter tes cheveux d\u00e9coiff\u00e9s \u00e0 la Justin Bieber ou lisses comme Rihanna. Ces styles te permettent d\u2019afficher un look tendance tout en profitant de l\u2019ambiance festive.\"}},{\"@type\":\"Question\",\"name\":\"Comment sublimer son maquillage pour un festival ?\",\"acceptedAnswer\":{\"@type\":\"Answer\",\"text\":\"Tu peux opter pour un teint parfait et rehausser ton look avec des bijoux de peau plac\u00e9s pr\u00e8s des yeux ou au-dessus des sourcils. Ces touches apportent une finition \u00e9l\u00e9gante et sophistiqu\u00e9e, id\u00e9ale pour attirer tous les regards.\"}},{\"@type\":\"Question\",\"name\":\"Quelles couleurs privil\u00e9gier pour un look de festival tendance ?\",\"acceptedAnswer\":{\"@type\":\"Answer\",\"text\":\"Privil\u00e9gie les pastels comme le rose et le violet pour les m\u00e8ches et mise sur des lunettes de soleil color\u00e9es \u2013 jaune, bleu ou rose \u2013 au style r\u00e9tro 90\u2019s. Ces nuances ajoutent une dimension arc-en-ciel \u00e0 ton look et subliment ton style.\"}},{\"@type\":\"Question\",\"name\":\"Quel accessoire ne pas oublier pour un look festival r\u00e9ussi ?\",\"acceptedAnswer\":{\"@type\":\"Answer\",\"text\":\"Les lunettes XXS des ann\u00e9es 90 sont l\u2019accessoire incontournable pour gagner des points fashion lors d\u2019un festival. Elles apportent une touche color\u00e9e \u00e0 travers leurs verres jaunes, bleus ou roses et compl\u00e8tent parfaitement une tenue canon ou un maquillage \u00e9clatant.\"}}]}","footnotes":""},"categories":[2],"tags":[39,44,42,68,104],"class_list":{"0":"post-36639","1":"post","2":"type-post","3":"status-publish","4":"format-standard","5":"has-post-thumbnail","7":"category-tendances","8":"tag-tt6","9":"tag-tr166","10":"tag-tr212","11":"tag-tr727","12":"tag-tr389","13":"entry"},"acf":{"post_credits":"Images : Shutterstock, Vogue, @romeestrijd, @hoskelsa, @rahneebransby, @shaninamshaik, @irisvanberne, @byrdiebeauty, @songofstyle, @rocky_barnes, @nortthwood, @frida_aassen, @paulienriemis, @chloelecareux, @wildflowercases, @laisribeiro, @ bellakhh, @yesfenty, @justjared","beauty_blog_post_button_title":"R\u00e9servez votre look","beauty_blog_post_button":"https:\/\/www.treatwell.fr\/","landscape_picture":36664,"blocks":[{"block_title":"","block_content":"","video_content":"","block_picture":36640},{"block_title":"","block_content":"","video_content":"","block_picture":36641},{"block_title":"","block_content":"","video_content":"","block_picture":36642},{"block_title":"","block_content":"","video_content":"","block_picture":36643},{"block_title":"","block_content":"","video_content":"","block_picture":36644},{"block_title":"","block_content":"","video_content":"","block_picture":36645},{"block_title":"","block_content":"","video_content":"","block_picture":36646},{"block_title":"","block_content":"","video_content":"","block_picture":36647},{"block_title":"","block_content":"","video_content":"","block_picture":36648},{"block_title":"","block_content":"","video_content":"","block_picture":36649},{"block_title":"","block_content":"","video_content":"","block_picture":36650},{"block_title":"","block_content":"","video_content":"","block_picture":36651},{"block_title":"","block_content":"","video_content":"","block_picture":36652},{"block_title":"","block_content":"","video_content":"","block_picture":36653},{"block_title":"","block_content":"","video_content":"","block_picture":36654},{"block_title":"","block_content":"","video_content":"","block_picture":36655},{"block_title":"","block_content":"","video_content":"","block_picture":36656},{"block_title":"","block_content":"","video_content":"","block_picture":36657},{"block_title":"","block_content":"","video_content":"","block_picture":36658},{"block_title":"","block_content":"","video_content":"","block_picture":36659},{"block_title":"","block_content":"","video_content":"","block_picture":36660},{"block_title":"","block_content":"","video_content":"","block_picture":36661},{"block_title":"","block_content":"","video_content":"","block_picture":36662},{"block_title":"","block_content":"","video_content":"","block_picture":36663}]},"yoast_head":"<!-- This site is optimized with the Yoast SEO plugin v27.5 - https:\/\/yoast.com\/product\/yoast-seo-wordpress\/ -->\n<title>Styles Coachella : tendances cheveux et look festival<\/title>\n<meta name=\"description\" content=\"Plonge dans l&#039;univers Coachella : space buns, tresses, lunettes XXS, m\u00e8ches color\u00e9es et make-up chic. Tous les secrets pour un style festival r\u00e9ussi et tendance assur\u00e9e !\" \/>\n<meta name=\"robots\" content=\"index, follow, max-snippet:-1, max-image-preview:large, max-video-preview:-1\" \/>\n<link rel=\"canonical\" href=\"https:\/\/www.treatwell.fr/identite\/styles-festival-coachella-2018\/\" \/>\n<meta property=\"og:locale\" content=\"fr_FR\" \/>\n<meta property=\"og:type\" content=\"article\" \/>\n<meta property=\"og:title\" content=\"Styles Coachella : tendances cheveux et look festival\" \/>\n<meta property=\"og:description\" content=\"Plonge dans l&#039;univers Coachella : space buns, tresses, lunettes XXS, m\u00e8ches color\u00e9es et make-up chic. Tous les secrets pour un style festival r\u00e9ussi et tendance assur\u00e9e !\" \/>\n<meta property=\"og:url\" content=\"https:\/\/www.treatwell.fr/identite\/styles-festival-coachella-2018\/\" \/>\n<meta property=\"og:site_name\" content=\"Identit\u00e9\" \/>\n<meta property=\"article:published_time\" content=\"2018-04-17T15:39:37+00:00\" \/>\n<meta property=\"article:modified_time\" content=\"2025-12-16T12:04:53+00:00\" \/>\n<meta property=\"og:image\" content=\"https:\/\/www.treatwell.fr/identite\/wp-content\/uploads\/sites\/6\/2022\/03\/9630301z.jpg\" \/>\n\t<meta property=\"og:image:width\" content=\"700\" \/>\n\t<meta property=\"og:image:height\" content=\"628\" \/>\n\t<meta property=\"og:image:type\" content=\"image\/jpeg\" \/>\n<meta name=\"author\" content=\"Beth Ryan\" \/>\n<meta name=\"twitter:card\" content=\"summary_large_image\" \/>\n<meta name=\"twitter:label1\" content=\"\u00c9crit par\" \/>\n\t<meta name=\"twitter:data1\" content=\"Beth Ryan\" \/>\n\t<meta name=\"twitter:label2\" content=\"Dur\u00e9e de lecture estim\u00e9e\" \/>\n\t<meta name=\"twitter:data2\" content=\"3 minutes\" \/>\n<script type=\"application\/ld+json\" class=\"yoast-schema-graph\">{\"@context\":\"https:\\\/\\\/schema.org\",\"@graph\":[{\"@type\":\"Article\",\"@id\":\"https:\\\/\\\/www.treatwell.fr/identite\\\/styles-festival-coachella-2018\\\/#article\",\"isPartOf\":{\"@id\":\"https:\\\/\\\/www.treatwell.fr/identite\\\/styles-festival-coachella-2018\\\/\"},\"author\":{\"name\":\"Beth Ryan\",\"@id\":\"https:\\\/\\\/www.treatwell.fr/identite\\\/#\\\/schema\\\/person\\\/45be8f7781947e6c6d31f4b658271bf6\"},\"headline\":\"Les styles les plus canons du festival Coachella 2018\",\"datePublished\":\"2018-04-17T15:39:37+00:00\",\"dateModified\":\"2025-12-16T12:04:53+00:00\",\"mainEntityOfPage\":{\"@id\":\"https:\\\/\\\/www.treatwell.fr/identite\\\/styles-festival-coachella-2018\\\/\"},\"wordCount\":599,\"publisher\":{\"@id\":\"https:\\\/\\\/www.treatwell.fr/identite\\\/#organization\"},\"image\":{\"@id\":\"https:\\\/\\\/www.treatwell.fr/identite\\\/styles-festival-coachella-2018\\\/#primaryimage\"},\"thumbnailUrl\":\"https:\\\/\\\/www.treatwell.fr/identite\\\/wp-content\\\/uploads\\\/sites\\\/6\\\/2022\\\/03\\\/9630301z.jpg\",\"keywords\":[\"Hair\",\"Haircuts and Hairdressing\",\"Makeup\",\"Pastel Hair\",\"Styling\"],\"articleSection\":[\"Tendances\"],\"inLanguage\":\"fr-FR\"},{\"@type\":\"WebPage\",\"@id\":\"https:\\\/\\\/www.treatwell.fr/identite\\\/styles-festival-coachella-2018\\\/\",\"url\":\"https:\\\/\\\/www.treatwell.fr/identite\\\/styles-festival-coachella-2018\\\/\",\"name\":\"Styles Coachella : tendances cheveux et look festival\",\"isPartOf\":{\"@id\":\"https:\\\/\\\/www.treatwell.fr/identite\\\/#website\"},\"primaryImageOfPage\":{\"@id\":\"https:\\\/\\\/www.treatwell.fr/identite\\\/styles-festival-coachella-2018\\\/#primaryimage\"},\"image\":{\"@id\":\"https:\\\/\\\/www.treatwell.fr/identite\\\/styles-festival-coachella-2018\\\/#primaryimage\"},\"thumbnailUrl\":\"https:\\\/\\\/www.treatwell.fr/identite\\\/wp-content\\\/uploads\\\/sites\\\/6\\\/2022\\\/03\\\/9630301z.jpg\",\"datePublished\":\"2018-04-17T15:39:37+00:00\",\"dateModified\":\"2025-12-16T12:04:53+00:00\",\"description\":\"Plonge dans l'univers Coachella : space buns, tresses, lunettes XXS, m\u00e8ches color\u00e9es et make-up chic. Tous les secrets pour un style festival r\u00e9ussi et tendance assur\u00e9e !\",\"breadcrumb\":{\"@id\":\"https:\\\/\\\/www.treatwell.fr/identite\\\/styles-festival-coachella-2018\\\/#breadcrumb\"},\"inLanguage\":\"fr-FR\",\"potentialAction\":[{\"@type\":\"ReadAction\",\"target\":[\"https:\\\/\\\/www.treatwell.fr/identite\\\/styles-festival-coachella-2018\\\/\"]}]},{\"@type\":\"ImageObject\",\"inLanguage\":\"fr-FR\",\"@id\":\"https:\\\/\\\/www.treatwell.fr/identite\\\/styles-festival-coachella-2018\\\/#primaryimage\",\"url\":\"https:\\\/\\\/www.treatwell.fr/identite\\\/wp-content\\\/uploads\\\/sites\\\/6\\\/2022\\\/03\\\/9630301z.jpg\",\"contentUrl\":\"https:\\\/\\\/www.treatwell.fr/identite\\\/wp-content\\\/uploads\\\/sites\\\/6\\\/2022\\\/03\\\/9630301z.jpg\",\"width\":700,\"height\":628},{\"@type\":\"BreadcrumbList\",\"@id\":\"https:\\\/\\\/www.treatwell.fr/identite\\\/styles-festival-coachella-2018\\\/#breadcrumb\",\"itemListElement\":[{\"@type\":\"ListItem\",\"position\":1,\"name\":\"Home\",\"item\":\"https:\\\/\\\/www.treatwell.fr/identite\\\/\"},{\"@type\":\"ListItem\",\"position\":2,\"name\":\"Tendances\",\"item\":\"https:\\\/\\\/www.treatwell.fr/identite\\\/tendances\\\/\"},{\"@type\":\"ListItem\",\"position\":3,\"name\":\"Les styles les plus canons du festival Coachella 2018\"}]},{\"@type\":\"WebSite\",\"@id\":\"https:\\\/\\\/www.treatwell.fr/identite\\\/#website\",\"url\":\"https:\\\/\\\/www.treatwell.fr/identite\\\/\",\"name\":\"Identit\u00e9\",\"description\":\"Beaut\u00e9, Cheveux, Quotidien\",\"publisher\":{\"@id\":\"https:\\\/\\\/www.treatwell.fr/identite\\\/#organization\"},\"potentialAction\":[{\"@type\":\"SearchAction\",\"target\":{\"@type\":\"EntryPoint\",\"urlTemplate\":\"https:\\\/\\\/www.treatwell.fr/identite\\\/?s={search_term_string}\"},\"query-input\":{\"@type\":\"PropertyValueSpecification\",\"valueRequired\":true,\"valueName\":\"search_term_string\"}}],\"inLanguage\":\"fr-FR\"},{\"@type\":\"Organization\",\"@id\":\"https:\\\/\\\/www.treatwell.fr/identite\\\/#organization\",\"name\":\"Treatwell\",\"url\":\"https:\\\/\\\/www.treatwell.fr/identite\\\/\",\"logo\":{\"@type\":\"ImageObject\",\"inLanguage\":\"fr-FR\",\"@id\":\"https:\\\/\\\/www.treatwell.fr/identite\\\/#\\\/schema\\\/logo\\\/image\\\/\",\"url\":\"https:\\\/\\\/www.treatwell.fr/identite\\\/wp-content\\\/uploads\\\/sites\\\/6\\\/2022\\\/03\\\/logo_treatwell.png\",\"contentUrl\":\"https:\\\/\\\/www.treatwell.fr/identite\\\/wp-content\\\/uploads\\\/sites\\\/6\\\/2022\\\/03\\\/logo_treatwell.png\",\"width\":889,\"height\":164,\"caption\":\"Treatwell\"},\"image\":{\"@id\":\"https:\\\/\\\/www.treatwell.fr/identite\\\/#\\\/schema\\\/logo\\\/image\\\/\"}},{\"@type\":\"Person\",\"@id\":\"https:\\\/\\\/www.treatwell.fr/identite\\\/#\\\/schema\\\/person\\\/45be8f7781947e6c6d31f4b658271bf6\",\"name\":\"Beth Ryan\",\"image\":{\"@type\":\"ImageObject\",\"inLanguage\":\"fr-FR\",\"@id\":\"https:\\\/\\\/secure.gravatar.com\\\/avatar\\\/93502c3b0591e62d75cc697ff3b5b8f47fef521e9dd0d61feb5570ae6d459200?s=96&d=mm&r=g\",\"url\":\"https:\\\/\\\/secure.gravatar.com\\\/avatar\\\/93502c3b0591e62d75cc697ff3b5b8f47fef521e9dd0d61feb5570ae6d459200?s=96&d=mm&r=g\",\"contentUrl\":\"https:\\\/\\\/secure.gravatar.com\\\/avatar\\\/93502c3b0591e62d75cc697ff3b5b8f47fef521e9dd0d61feb5570ae6d459200?s=96&d=mm&r=g\",\"caption\":\"Beth Ryan\"},\"url\":\"https:\\\/\\\/www.treatwell.fr/identite\\\/author\\\/bethanyryan\\\/\"}]}<\/script>\n<!-- \/ Yoast SEO plugin. -->","yoast_head_json":{"title":"Styles Coachella : tendances cheveux et look festival","description":"Plonge dans l'univers Coachella : space buns, tresses, lunettes XXS, m\u00e8ches color\u00e9es et make-up chic. Tous les secrets pour un style festival r\u00e9ussi et tendance assur\u00e9e !","robots":{"index":"index","follow":"follow","max-snippet":"max-snippet:-1","max-image-preview":"max-image-preview:large","max-video-preview":"max-video-preview:-1"},"canonical":"https:\/\/www.treatwell.fr/identite\/styles-festival-coachella-2018\/","og_locale":"fr_FR","og_type":"article","og_title":"Styles Coachella : tendances cheveux et look festival","og_description":"Plonge dans l'univers Coachella : space buns, tresses, lunettes XXS, m\u00e8ches color\u00e9es et make-up chic. Tous les secrets pour un style festival r\u00e9ussi et tendance assur\u00e9e !","og_url":"https:\/\/www.treatwell.fr/identite\/styles-festival-coachella-2018\/","og_site_name":"Identit\u00e9","article_published_time":"2018-04-17T15:39:37+00:00","article_modified_time":"2025-12-16T12:04:53+00:00","og_image":[{"width":700,"height":628,"url":"https:\/\/www.treatwell.fr/identite\/wp-content\/uploads\/sites\/6\/2022\/03\/9630301z.jpg","type":"image\/jpeg"}],"author":"Beth Ryan","twitter_card":"summary_large_image","twitter_misc":{"\u00c9crit par":"Beth Ryan","Dur\u00e9e de lecture estim\u00e9e":"3 minutes"},"schema":{"@context":"https:\/\/schema.org","@graph":[{"@type":"Article","@id":"https:\/\/www.treatwell.fr/identite\/styles-festival-coachella-2018\/#article","isPartOf":{"@id":"https:\/\/www.treatwell.fr/identite\/styles-festival-coachella-2018\/"},"author":{"name":"Beth Ryan","@id":"https:\/\/www.treatwell.fr/identite\/#\/schema\/person\/45be8f7781947e6c6d31f4b658271bf6"},"headline":"Les styles les plus canons du festival Coachella 2018","datePublished":"2018-04-17T15:39:37+00:00","dateModified":"2025-12-16T12:04:53+00:00","mainEntityOfPage":{"@id":"https:\/\/www.treatwell.fr/identite\/styles-festival-coachella-2018\/"},"wordCount":599,"publisher":{"@id":"https:\/\/www.treatwell.fr/identite\/#organization"},"image":{"@id":"https:\/\/www.treatwell.fr/identite\/styles-festival-coachella-2018\/#primaryimage"},"thumbnailUrl":"https:\/\/www.treatwell.fr/identite\/wp-content\/uploads\/sites\/6\/2022\/03\/9630301z.jpg","keywords":["Hair","Haircuts and Hairdressing","Makeup","Pastel Hair","Styling"],"articleSection":["Tendances"],"inLanguage":"fr-FR"},{"@type":"WebPage","@id":"https:\/\/www.treatwell.fr/identite\/styles-festival-coachella-2018\/","url":"https:\/\/www.treatwell.fr/identite\/styles-festival-coachella-2018\/","name":"Styles Coachella : tendances cheveux et look festival","isPartOf":{"@id":"https:\/\/www.treatwell.fr/identite\/#website"},"primaryImageOfPage":{"@id":"https:\/\/www.treatwell.fr/identite\/styles-festival-coachella-2018\/#primaryimage"},"image":{"@id":"https:\/\/www.treatwell.fr/identite\/styles-festival-coachella-2018\/#primaryimage"},"thumbnailUrl":"https:\/\/www.treatwell.fr/identite\/wp-content\/uploads\/sites\/6\/2022\/03\/9630301z.jpg","datePublished":"2018-04-17T15:39:37+00:00","dateModified":"2025-12-16T12:04:53+00:00","description":"Plonge dans l'univers Coachella : space buns, tresses, lunettes XXS, m\u00e8ches color\u00e9es et make-up chic. Tous les secrets pour un style festival r\u00e9ussi et tendance assur\u00e9e !","breadcrumb":{"@id":"https:\/\/www.treatwell.fr/identite\/styles-festival-coachella-2018\/#breadcrumb"},"inLanguage":"fr-FR","potentialAction":[{"@type":"ReadAction","target":["https:\/\/www.treatwell.fr/identite\/styles-festival-coachella-2018\/"]}]},{"@type":"ImageObject","inLanguage":"fr-FR","@id":"https:\/\/www.treatwell.fr/identite\/styles-festival-coachella-2018\/#primaryimage","url":"https:\/\/www.treatwell.fr/identite\/wp-content\/uploads\/sites\/6\/2022\/03\/9630301z.jpg","contentUrl":"https:\/\/www.treatwell.fr/identite\/wp-content\/uploads\/sites\/6\/2022\/03\/9630301z.jpg","width":700,"height":628},{"@type":"BreadcrumbList","@id":"https:\/\/www.treatwell.fr/identite\/styles-festival-coachella-2018\/#breadcrumb","itemListElement":[{"@type":"ListItem","position":1,"name":"Home","item":"https:\/\/www.treatwell.fr/identite\/"},{"@type":"ListItem","position":2,"name":"Tendances","item":"https:\/\/www.treatwell.fr/identite\/tendances\/"},{"@type":"ListItem","position":3,"name":"Les styles les plus canons du festival Coachella 2018"}]},{"@type":"WebSite","@id":"https:\/\/www.treatwell.fr/identite\/#website","url":"https:\/\/www.treatwell.fr/identite\/","name":"Identit\u00e9","description":"Beaut\u00e9, Cheveux, Quotidien","publisher":{"@id":"https:\/\/www.treatwell.fr/identite\/#organization"},"potentialAction":[{"@type":"SearchAction","target":{"@type":"EntryPoint","urlTemplate":"https:\/\/www.treatwell.fr/identite\/?s={search_term_string}"},"query-input":{"@type":"PropertyValueSpecification","valueRequired":true,"valueName":"search_term_string"}}],"inLanguage":"fr-FR"},{"@type":"Organization","@id":"https:\/\/www.treatwell.fr/identite\/#organization","name":"Treatwell","url":"https:\/\/www.treatwell.fr/identite\/","logo":{"@type":"ImageObject","inLanguage":"fr-FR","@id":"https:\/\/www.treatwell.fr/identite\/#\/schema\/logo\/image\/","url":"https:\/\/www.treatwell.fr/identite\/wp-content\/uploads\/sites\/6\/2022\/03\/logo_treatwell.png","contentUrl":"https:\/\/www.treatwell.fr/identite\/wp-content\/uploads\/sites\/6\/2022\/03\/logo_treatwell.png","width":889,"height":164,"caption":"Treatwell"},"image":{"@id":"https:\/\/www.treatwell.fr/identite\/#\/schema\/logo\/image\/"}},{"@type":"Person","@id":"https:\/\/www.treatwell.fr/identite\/#\/schema\/person\/45be8f7781947e6c6d31f4b658271bf6","name":"Beth Ryan","image":{"@type":"ImageObject","inLanguage":"fr-FR","@id":"https:\/\/secure.gravatar.com\/avatar\/93502c3b0591e62d75cc697ff3b5b8f47fef521e9dd0d61feb5570ae6d459200?s=96&d=mm&r=g","url":"https:\/\/secure.gravatar.com\/avatar\/93502c3b0591e62d75cc697ff3b5b8f47fef521e9dd0d61feb5570ae6d459200?s=96&d=mm&r=g","contentUrl":"https:\/\/secure.gravatar.com\/avatar\/93502c3b0591e62d75cc697ff3b5b8f47fef521e9dd0d61feb5570ae6d459200?s=96&d=mm&r=g","caption":"Beth Ryan"},"url":"https:\/\/www.treatwell.fr/identite\/author\/bethanyryan\/"}]}},"featured_image_src":"https:\/\/www.treatwell.fr/identite\/wp-content\/uploads\/sites\/6\/2022\/03\/9630301z-600x400.jpg","featured_image_src_square":"https:\/\/www.treatwell.fr/identite\/wp-content\/uploads\/sites\/6\/2022\/03\/9630301z-600x600.jpg","author_info":{"display_name":"Beth Ryan","author_link":"https:\/\/www.treatwell.fr/identite\/author\/bethanyryan\/"},"_links":{"self":[{"href":"https:\/\/www.treatwell.fr\/identite\/wp-json\/wp\/v2\/posts\/36639","targetHints":{"allow":["GET"]}}],"collection":[{"href":"https:\/\/www.treatwell.fr\/identite\/wp-json\/wp\/v2\/posts"}],"about":[{"href":"https:\/\/www.treatwell.fr\/identite\/wp-json\/wp\/v2\/types\/post"}],"author":[{"embeddable":true,"href":"https:\/\/www.treatwell.fr\/identite\/wp-json\/wp\/v2\/users\/3366"}],"replies":[{"embeddable":true,"href":"https:\/\/www.treatwell.fr\/identite\/wp-json\/wp\/v2\/comments?post=36639"}],"version-history":[{"count":0,"href":"https:\/\/www.treatwell.fr\/identite\/wp-json\/wp\/v2\/posts\/36639\/revisions"}],"wp:featuredmedia":[{"embeddable":true,"href":"https:\/\/www.treatwell.fr\/identite\/wp-json\/wp\/v2\/media\/36665"}],"wp:attachment":[{"href":"https:\/\/www.treatwell.fr\/identite\/wp-json\/wp\/v2\/media?parent=36639"}],"wp:term":[{"taxonomy":"category","embeddable":true,"href":"https:\/\/www.treatwell.fr\/identite\/wp-json\/wp\/v2\/categories?post=36639"},{"taxonomy":"post_tag","embeddable":true,"href":"https:\/\/www.treatwell.fr\/identite\/wp-json\/wp\/v2\/tags?post=36639"}],"curies":[{"name":"wp","href":"https:\/\/api.w.org\/{rel}","templated":true}]}}