{"id":38508,"date":"2018-08-08T11:16:29","date_gmt":"2018-08-08T09:16:29","guid":{"rendered":"https:\/\/www.treatwell.fr\/identite\/?p=14137"},"modified":"2025-12-16T00:00:44","modified_gmt":"2025-12-15T23:00:44","slug":"tresses-colorees-xxl-on-saute","status":"publish","type":"post","link":"https:\/\/www.treatwell.fr/identite\/tresses-colorees-xxl-on-saute\/","title":{"rendered":"Les tresses color\u00e9es XXL : on saute le pas ?"},"content":{"rendered":"<p><span style=\"font-weight: 400\">Exit les petites tresses sages : cet \u00e9t\u00e9 les tresses s&#8217;affichent version XXL et nous en font voir de toutes les couleurs ! <\/span><\/p>\n<p>Aper\u00e7ues dans la foule d\u00e9chain\u00e9e des festivaliers de Tomorrowland ou Coachella, les tresses semblent voler la vedette aux autres <a href=\"https:\/\/www.treatwell.fr\/identite\/3-idees-coiffure-pour-mettre-le-feu-au-festival-solidays\/\">coiffures de festivals<\/a>. Elles se portent coll\u00e9es et color\u00e9es pour pimper\u00a0son look et en mettre plein la vue.<\/p>\n<p>Et si on veut jouer dans la cour des grands, ce qui fait le buzz sur Instagram en ce moment c\u2019est de se faire poser des extensions color\u00e9es pour obtenir des tresses encore plus longues !<\/p>\n<p>Les vacances peuvent \u00eatre le moment parfait pour essayer. Alors, oserez-vous sauter le pas?<\/p>\n<p>M\u00e9lanie LE GALL<\/p>\n<div class=\"schema-faq wp-block-yoast-faq-block\">\n<div class=\"schema-faq-section\" id=\"faq-question-1765839318026\">\n<h3 class=\"schema-faq-question\">Quel style de tresses faut-il choisir pour les festivals ?<\/h3>\n<p class=\"schema-faq-answer\">Pour un look audacieux, opte pour des tresses XXL, coll\u00e9es et color\u00e9es. Ce type de tresses attire tous les regards et sublime ton style dans une ambiance festive.<\/div>\n<div class=\"schema-faq-section\" id=\"faq-question-1765839318027\">\n<h3 class=\"schema-faq-question\">Comment rendre les tresses encore plus longues cet \u00e9t\u00e9 ?<\/h3>\n<p class=\"schema-faq-answer\">Tu peux te faire poser des extensions color\u00e9es pour obtenir des tresses encore plus longues. Cela permet de jouer avec la longueur et les couleurs pour dynamiser ton look en toute libert\u00e9.<\/div>\n<div class=\"schema-faq-section\" id=\"faq-question-1765839318028\">\n<h3 class=\"schema-faq-question\">Pourquoi les tresses sont-elles tendance pendant les festivals ?<\/h3>\n<p class=\"schema-faq-answer\">Les tresses sont incontournables pendant les festivals, car elles se remarquent facilement et offrent de multiples possibilit\u00e9s de styles. Ce sont les coiffures id\u00e9ales pour exprimer ta cr\u00e9ativit\u00e9 et mettre en valeur ta personnalit\u00e9 dans la foule.<\/div>\n<div class=\"schema-faq-section\" id=\"faq-question-1765839318029\">\n<h3 class=\"schema-faq-question\">Quand est-il conseill\u00e9 d&#8217;essayer les tresses XXL et color\u00e9es ?<\/h3>\n<p class=\"schema-faq-answer\">Les vacances repr\u00e9sentent le moment id\u00e9al pour adopter les tresses XXL et color\u00e9es. Elles te permettent d&#8217;oser un nouveau look tout en profitant d&#8217;une exp\u00e9rience originale et festive.<\/div>\n<\/p><\/div>\n","protected":false},"excerpt":{"rendered":"<p>Exit les petites tresses sages : cet \u00e9t\u00e9 les tresses s&#8217;affichent version XXL et nous en font voir de toutes les couleurs ! Aper\u00e7ues dans la foule d\u00e9chain\u00e9e des festivaliers de Tomorrowland ou Coachella, les tresses semblent voler la vedette aux autres coiffures de festivals. Elles se portent coll\u00e9es et color\u00e9es pour pimper\u00a0son look et [&hellip;]<\/p>\n","protected":false},"author":3319,"featured_media":38528,"comment_status":"closed","ping_status":"closed","sticky":false,"template":"","format":"standard","meta":{"_acf_changed":false,"_yoast_wpseo_title":"Tresses festivals XXL : couleurs, extensions, tendances | Treatwell","_yoast_wpseo_metadesc":"Tresses de festival XXL : osez les tresses longues, coll\u00e9es et color\u00e9es. D\u00e9couvrez la tendance extensions et comment adopter ce look vibrant pour sublimer vos vacances d'\u00e9t\u00e9.","_genesis_hide_title":false,"_genesis_hide_breadcrumbs":false,"_genesis_hide_singular_image":false,"_genesis_hide_footer_widgets":false,"_genesis_custom_body_class":"","_genesis_custom_post_class":"","_genesis_layout":"","saswp_custom_schema_field":"{\"@context\":\"https:\/\/schema.org\",\"@type\":\"FAQPage\",\"mainEntity\":[{\"@type\":\"Question\",\"name\":\"Quel style de tresses faut-il choisir pour les festivals ?\",\"acceptedAnswer\":{\"@type\":\"Answer\",\"text\":\"Pour un look audacieux, opte pour des tresses XXL, coll\u00e9es et color\u00e9es. Ce type de tresses attire tous les regards et sublime ton style dans une ambiance festive.\"}},{\"@type\":\"Question\",\"name\":\"Comment rendre les tresses encore plus longues cet \u00e9t\u00e9 ?\",\"acceptedAnswer\":{\"@type\":\"Answer\",\"text\":\"Tu peux te faire poser des extensions color\u00e9es pour obtenir des tresses encore plus longues. Cela permet de jouer avec la longueur et les couleurs pour dynamiser ton look en toute libert\u00e9.\"}},{\"@type\":\"Question\",\"name\":\"Pourquoi les tresses sont-elles tendance pendant les festivals ?\",\"acceptedAnswer\":{\"@type\":\"Answer\",\"text\":\"Les tresses sont incontournables pendant les festivals, car elles se remarquent facilement et offrent de multiples possibilit\u00e9s de styles. Ce sont les coiffures id\u00e9ales pour exprimer ta cr\u00e9ativit\u00e9 et mettre en valeur ta personnalit\u00e9 dans la foule.\"}},{\"@type\":\"Question\",\"name\":\"Quand est-il conseill\u00e9 d'essayer les tresses XXL et color\u00e9es ?\",\"acceptedAnswer\":{\"@type\":\"Answer\",\"text\":\"Les vacances repr\u00e9sentent le moment id\u00e9al pour adopter les tresses XXL et color\u00e9es. Elles te permettent d'oser un nouveau look tout en profitant d'une exp\u00e9rience originale et festive.\"}}]}","footnotes":""},"categories":[2],"tags":[39,139,44],"class_list":{"0":"post-38508","1":"post","2":"type-post","3":"status-publish","4":"format-standard","5":"has-post-thumbnail","7":"category-tendances","8":"tag-tt6","9":"tag-tr336","10":"tag-tr166","11":"entry"},"acf":{"post_credits":"Instagram de : @madziaraaaaaaa @sandra.dia22 @bybellabanks @miixedkid_ @love.you_em @theglittertribe @kimberlykadee @tashatripphair @alternativesalon @ewe09 @tellaart_ @dreamhairjaguarshoes @alissapizzza14 @streetbyluksus @makeupbyvarvara @streetbyluksus @anna._kafkova @xlashbyyane","beauty_blog_post_button_title":"Je les adopte !","beauty_blog_post_button":"https:\/\/www.treatwell.fr\/salons\/soin-chignon-et-coiffure\/offre-type-local\/dans-france\/","landscape_picture":38527,"blocks":[{"block_title":"","block_content":"","video_content":"","block_picture":38509},{"block_title":"","block_content":"","video_content":"","block_picture":38510},{"block_title":"","block_content":"","video_content":"","block_picture":38511},{"block_title":"","block_content":"","video_content":"","block_picture":38512},{"block_title":"","block_content":"","video_content":"","block_picture":38513},{"block_title":"","block_content":"","video_content":"","block_picture":38514},{"block_title":"","block_content":"","video_content":"","block_picture":38515},{"block_title":"","block_content":"","video_content":"","block_picture":38516},{"block_title":"","block_content":"","video_content":"","block_picture":38517},{"block_title":"","block_content":"","video_content":"","block_picture":38518},{"block_title":"","block_content":"","video_content":"","block_picture":38519},{"block_title":"","block_content":"","video_content":"","block_picture":38520},{"block_title":"","block_content":"","video_content":"","block_picture":38521},{"block_title":"","block_content":"","video_content":"","block_picture":38522},{"block_title":"","block_content":"","video_content":"","block_picture":38523},{"block_title":"","block_content":"","video_content":"","block_picture":38524},{"block_title":"","block_content":"","video_content":"","block_picture":38525},{"block_title":"","block_content":"","video_content":"","block_picture":38526}]},"yoast_head":"<!-- This site is optimized with the Yoast SEO plugin v27.4 - https:\/\/yoast.com\/product\/yoast-seo-wordpress\/ -->\n<title>Tresses festivals XXL : couleurs, extensions, tendances | Treatwell<\/title>\n<meta name=\"description\" content=\"Tresses de festival XXL : osez les tresses longues, coll\u00e9es et color\u00e9es. D\u00e9couvrez la tendance extensions et comment adopter ce look vibrant pour sublimer vos vacances d&#039;\u00e9t\u00e9.\" \/>\n<meta name=\"robots\" content=\"index, follow, max-snippet:-1, max-image-preview:large, max-video-preview:-1\" \/>\n<link rel=\"canonical\" href=\"https:\/\/www.treatwell.fr/identite\/tresses-colorees-xxl-on-saute\/\" \/>\n<meta property=\"og:locale\" content=\"fr_FR\" \/>\n<meta property=\"og:type\" content=\"article\" \/>\n<meta property=\"og:title\" content=\"Tresses festivals XXL : couleurs, extensions, tendances | Treatwell\" \/>\n<meta property=\"og:description\" content=\"Tresses de festival XXL : osez les tresses longues, coll\u00e9es et color\u00e9es. D\u00e9couvrez la tendance extensions et comment adopter ce look vibrant pour sublimer vos vacances d&#039;\u00e9t\u00e9.\" \/>\n<meta property=\"og:url\" content=\"https:\/\/www.treatwell.fr/identite\/tresses-colorees-xxl-on-saute\/\" \/>\n<meta property=\"og:site_name\" content=\"Identit\u00e9\" \/>\n<meta property=\"article:published_time\" content=\"2018-08-08T09:16:29+00:00\" \/>\n<meta property=\"article:modified_time\" content=\"2025-12-15T23:00:44+00:00\" \/>\n<meta property=\"og:image\" content=\"https:\/\/www.treatwell.fr/identite\/wp-content\/uploads\/sites\/6\/2022\/03\/tresses-colore\u0301es-image-a\u0300-la-une.jpg\" \/>\n\t<meta property=\"og:image:width\" content=\"500\" \/>\n\t<meta property=\"og:image:height\" content=\"600\" \/>\n\t<meta property=\"og:image:type\" content=\"image\/jpeg\" \/>\n<meta name=\"twitter:card\" content=\"summary_large_image\" \/>\n<meta name=\"twitter:label1\" content=\"\u00c9crit par\" \/>\n\t<meta name=\"twitter:data1\" content=\"\" \/>\n\t<meta name=\"twitter:label2\" content=\"Dur\u00e9e de lecture estim\u00e9e\" \/>\n\t<meta name=\"twitter:data2\" content=\"1 minute\" \/>\n<script type=\"application\/ld+json\" class=\"yoast-schema-graph\">{\"@context\":\"https:\\\/\\\/schema.org\",\"@graph\":[{\"@type\":\"Article\",\"@id\":\"https:\\\/\\\/www.treatwell.fr/identite\\\/tresses-colorees-xxl-on-saute\\\/#article\",\"isPartOf\":{\"@id\":\"https:\\\/\\\/www.treatwell.fr/identite\\\/tresses-colorees-xxl-on-saute\\\/\"},\"author\":{\"name\":\"\",\"@id\":\"\"},\"headline\":\"Les tresses color\u00e9es XXL : on saute le pas ?\",\"datePublished\":\"2018-08-08T09:16:29+00:00\",\"dateModified\":\"2025-12-15T23:00:44+00:00\",\"mainEntityOfPage\":{\"@id\":\"https:\\\/\\\/www.treatwell.fr/identite\\\/tresses-colorees-xxl-on-saute\\\/\"},\"wordCount\":303,\"publisher\":{\"@id\":\"https:\\\/\\\/www.treatwell.fr/identite\\\/#organization\"},\"image\":{\"@id\":\"https:\\\/\\\/www.treatwell.fr/identite\\\/tresses-colorees-xxl-on-saute\\\/#primaryimage\"},\"thumbnailUrl\":\"https:\\\/\\\/www.treatwell.fr/identite\\\/wp-content\\\/uploads\\\/sites\\\/6\\\/2022\\\/03\\\/tresses-colore\u0301es-image-a\u0300-la-une.jpg\",\"keywords\":[\"Hair\",\"Hair Extensions\",\"Haircuts and Hairdressing\"],\"articleSection\":[\"Tendances\"],\"inLanguage\":\"fr-FR\"},{\"@type\":\"WebPage\",\"@id\":\"https:\\\/\\\/www.treatwell.fr/identite\\\/tresses-colorees-xxl-on-saute\\\/\",\"url\":\"https:\\\/\\\/www.treatwell.fr/identite\\\/tresses-colorees-xxl-on-saute\\\/\",\"name\":\"Tresses festivals XXL : couleurs, extensions, tendances | Treatwell\",\"isPartOf\":{\"@id\":\"https:\\\/\\\/www.treatwell.fr/identite\\\/#website\"},\"primaryImageOfPage\":{\"@id\":\"https:\\\/\\\/www.treatwell.fr/identite\\\/tresses-colorees-xxl-on-saute\\\/#primaryimage\"},\"image\":{\"@id\":\"https:\\\/\\\/www.treatwell.fr/identite\\\/tresses-colorees-xxl-on-saute\\\/#primaryimage\"},\"thumbnailUrl\":\"https:\\\/\\\/www.treatwell.fr/identite\\\/wp-content\\\/uploads\\\/sites\\\/6\\\/2022\\\/03\\\/tresses-colore\u0301es-image-a\u0300-la-une.jpg\",\"datePublished\":\"2018-08-08T09:16:29+00:00\",\"dateModified\":\"2025-12-15T23:00:44+00:00\",\"description\":\"Tresses de festival XXL : osez les tresses longues, coll\u00e9es et color\u00e9es. D\u00e9couvrez la tendance extensions et comment adopter ce look vibrant pour sublimer vos vacances d'\u00e9t\u00e9.\",\"breadcrumb\":{\"@id\":\"https:\\\/\\\/www.treatwell.fr/identite\\\/tresses-colorees-xxl-on-saute\\\/#breadcrumb\"},\"inLanguage\":\"fr-FR\",\"potentialAction\":[{\"@type\":\"ReadAction\",\"target\":[\"https:\\\/\\\/www.treatwell.fr/identite\\\/tresses-colorees-xxl-on-saute\\\/\"]}]},{\"@type\":\"ImageObject\",\"inLanguage\":\"fr-FR\",\"@id\":\"https:\\\/\\\/www.treatwell.fr/identite\\\/tresses-colorees-xxl-on-saute\\\/#primaryimage\",\"url\":\"https:\\\/\\\/www.treatwell.fr/identite\\\/wp-content\\\/uploads\\\/sites\\\/6\\\/2022\\\/03\\\/tresses-colore\u0301es-image-a\u0300-la-une.jpg\",\"contentUrl\":\"https:\\\/\\\/www.treatwell.fr/identite\\\/wp-content\\\/uploads\\\/sites\\\/6\\\/2022\\\/03\\\/tresses-colore\u0301es-image-a\u0300-la-une.jpg\",\"width\":500,\"height\":600},{\"@type\":\"BreadcrumbList\",\"@id\":\"https:\\\/\\\/www.treatwell.fr/identite\\\/tresses-colorees-xxl-on-saute\\\/#breadcrumb\",\"itemListElement\":[{\"@type\":\"ListItem\",\"position\":1,\"name\":\"Home\",\"item\":\"https:\\\/\\\/www.treatwell.fr/identite\\\/\"},{\"@type\":\"ListItem\",\"position\":2,\"name\":\"Tendances\",\"item\":\"https:\\\/\\\/www.treatwell.fr/identite\\\/tendances\\\/\"},{\"@type\":\"ListItem\",\"position\":3,\"name\":\"Les tresses color\u00e9es XXL : on saute le pas ?\"}]},{\"@type\":\"WebSite\",\"@id\":\"https:\\\/\\\/www.treatwell.fr/identite\\\/#website\",\"url\":\"https:\\\/\\\/www.treatwell.fr/identite\\\/\",\"name\":\"Identit\u00e9\",\"description\":\"Beaut\u00e9, Cheveux, Quotidien\",\"publisher\":{\"@id\":\"https:\\\/\\\/www.treatwell.fr/identite\\\/#organization\"},\"potentialAction\":[{\"@type\":\"SearchAction\",\"target\":{\"@type\":\"EntryPoint\",\"urlTemplate\":\"https:\\\/\\\/www.treatwell.fr/identite\\\/?s={search_term_string}\"},\"query-input\":{\"@type\":\"PropertyValueSpecification\",\"valueRequired\":true,\"valueName\":\"search_term_string\"}}],\"inLanguage\":\"fr-FR\"},{\"@type\":\"Organization\",\"@id\":\"https:\\\/\\\/www.treatwell.fr/identite\\\/#organization\",\"name\":\"Treatwell\",\"url\":\"https:\\\/\\\/www.treatwell.fr/identite\\\/\",\"logo\":{\"@type\":\"ImageObject\",\"inLanguage\":\"fr-FR\",\"@id\":\"https:\\\/\\\/www.treatwell.fr/identite\\\/#\\\/schema\\\/logo\\\/image\\\/\",\"url\":\"https:\\\/\\\/www.treatwell.fr/identite\\\/wp-content\\\/uploads\\\/sites\\\/6\\\/2022\\\/03\\\/logo_treatwell.png\",\"contentUrl\":\"https:\\\/\\\/www.treatwell.fr/identite\\\/wp-content\\\/uploads\\\/sites\\\/6\\\/2022\\\/03\\\/logo_treatwell.png\",\"width\":889,\"height\":164,\"caption\":\"Treatwell\"},\"image\":{\"@id\":\"https:\\\/\\\/www.treatwell.fr/identite\\\/#\\\/schema\\\/logo\\\/image\\\/\"}},{\"@type\":\"Person\",\"@id\":\"\",\"url\":\"https:\\\/\\\/www.treatwell.fr/identite\\\/author\\\/\"}]}<\/script>\n<!-- \/ Yoast SEO plugin. -->","yoast_head_json":{"title":"Tresses festivals XXL : couleurs, extensions, tendances | Treatwell","description":"Tresses de festival XXL : osez les tresses longues, coll\u00e9es et color\u00e9es. D\u00e9couvrez la tendance extensions et comment adopter ce look vibrant pour sublimer vos vacances d'\u00e9t\u00e9.","robots":{"index":"index","follow":"follow","max-snippet":"max-snippet:-1","max-image-preview":"max-image-preview:large","max-video-preview":"max-video-preview:-1"},"canonical":"https:\/\/www.treatwell.fr/identite\/tresses-colorees-xxl-on-saute\/","og_locale":"fr_FR","og_type":"article","og_title":"Tresses festivals XXL : couleurs, extensions, tendances | Treatwell","og_description":"Tresses de festival XXL : osez les tresses longues, coll\u00e9es et color\u00e9es. D\u00e9couvrez la tendance extensions et comment adopter ce look vibrant pour sublimer vos vacances d'\u00e9t\u00e9.","og_url":"https:\/\/www.treatwell.fr/identite\/tresses-colorees-xxl-on-saute\/","og_site_name":"Identit\u00e9","article_published_time":"2018-08-08T09:16:29+00:00","article_modified_time":"2025-12-15T23:00:44+00:00","og_image":[{"width":500,"height":600,"url":"https:\/\/www.treatwell.fr/identite\/wp-content\/uploads\/sites\/6\/2022\/03\/tresses-colore\u0301es-image-a\u0300-la-une.jpg","type":"image\/jpeg"}],"twitter_card":"summary_large_image","twitter_misc":{"\u00c9crit par":"","Dur\u00e9e de lecture estim\u00e9e":"1 minute"},"schema":{"@context":"https:\/\/schema.org","@graph":[{"@type":"Article","@id":"https:\/\/www.treatwell.fr/identite\/tresses-colorees-xxl-on-saute\/#article","isPartOf":{"@id":"https:\/\/www.treatwell.fr/identite\/tresses-colorees-xxl-on-saute\/"},"author":{"name":"","@id":""},"headline":"Les tresses color\u00e9es XXL : on saute le pas ?","datePublished":"2018-08-08T09:16:29+00:00","dateModified":"2025-12-15T23:00:44+00:00","mainEntityOfPage":{"@id":"https:\/\/www.treatwell.fr/identite\/tresses-colorees-xxl-on-saute\/"},"wordCount":303,"publisher":{"@id":"https:\/\/www.treatwell.fr/identite\/#organization"},"image":{"@id":"https:\/\/www.treatwell.fr/identite\/tresses-colorees-xxl-on-saute\/#primaryimage"},"thumbnailUrl":"https:\/\/www.treatwell.fr/identite\/wp-content\/uploads\/sites\/6\/2022\/03\/tresses-colore\u0301es-image-a\u0300-la-une.jpg","keywords":["Hair","Hair Extensions","Haircuts and Hairdressing"],"articleSection":["Tendances"],"inLanguage":"fr-FR"},{"@type":"WebPage","@id":"https:\/\/www.treatwell.fr/identite\/tresses-colorees-xxl-on-saute\/","url":"https:\/\/www.treatwell.fr/identite\/tresses-colorees-xxl-on-saute\/","name":"Tresses festivals XXL : couleurs, extensions, tendances | Treatwell","isPartOf":{"@id":"https:\/\/www.treatwell.fr/identite\/#website"},"primaryImageOfPage":{"@id":"https:\/\/www.treatwell.fr/identite\/tresses-colorees-xxl-on-saute\/#primaryimage"},"image":{"@id":"https:\/\/www.treatwell.fr/identite\/tresses-colorees-xxl-on-saute\/#primaryimage"},"thumbnailUrl":"https:\/\/www.treatwell.fr/identite\/wp-content\/uploads\/sites\/6\/2022\/03\/tresses-colore\u0301es-image-a\u0300-la-une.jpg","datePublished":"2018-08-08T09:16:29+00:00","dateModified":"2025-12-15T23:00:44+00:00","description":"Tresses de festival XXL : osez les tresses longues, coll\u00e9es et color\u00e9es. D\u00e9couvrez la tendance extensions et comment adopter ce look vibrant pour sublimer vos vacances d'\u00e9t\u00e9.","breadcrumb":{"@id":"https:\/\/www.treatwell.fr/identite\/tresses-colorees-xxl-on-saute\/#breadcrumb"},"inLanguage":"fr-FR","potentialAction":[{"@type":"ReadAction","target":["https:\/\/www.treatwell.fr/identite\/tresses-colorees-xxl-on-saute\/"]}]},{"@type":"ImageObject","inLanguage":"fr-FR","@id":"https:\/\/www.treatwell.fr/identite\/tresses-colorees-xxl-on-saute\/#primaryimage","url":"https:\/\/www.treatwell.fr/identite\/wp-content\/uploads\/sites\/6\/2022\/03\/tresses-colore\u0301es-image-a\u0300-la-une.jpg","contentUrl":"https:\/\/www.treatwell.fr/identite\/wp-content\/uploads\/sites\/6\/2022\/03\/tresses-colore\u0301es-image-a\u0300-la-une.jpg","width":500,"height":600},{"@type":"BreadcrumbList","@id":"https:\/\/www.treatwell.fr/identite\/tresses-colorees-xxl-on-saute\/#breadcrumb","itemListElement":[{"@type":"ListItem","position":1,"name":"Home","item":"https:\/\/www.treatwell.fr/identite\/"},{"@type":"ListItem","position":2,"name":"Tendances","item":"https:\/\/www.treatwell.fr/identite\/tendances\/"},{"@type":"ListItem","position":3,"name":"Les tresses color\u00e9es XXL : on saute le pas ?"}]},{"@type":"WebSite","@id":"https:\/\/www.treatwell.fr/identite\/#website","url":"https:\/\/www.treatwell.fr/identite\/","name":"Identit\u00e9","description":"Beaut\u00e9, Cheveux, Quotidien","publisher":{"@id":"https:\/\/www.treatwell.fr/identite\/#organization"},"potentialAction":[{"@type":"SearchAction","target":{"@type":"EntryPoint","urlTemplate":"https:\/\/www.treatwell.fr/identite\/?s={search_term_string}"},"query-input":{"@type":"PropertyValueSpecification","valueRequired":true,"valueName":"search_term_string"}}],"inLanguage":"fr-FR"},{"@type":"Organization","@id":"https:\/\/www.treatwell.fr/identite\/#organization","name":"Treatwell","url":"https:\/\/www.treatwell.fr/identite\/","logo":{"@type":"ImageObject","inLanguage":"fr-FR","@id":"https:\/\/www.treatwell.fr/identite\/#\/schema\/logo\/image\/","url":"https:\/\/www.treatwell.fr/identite\/wp-content\/uploads\/sites\/6\/2022\/03\/logo_treatwell.png","contentUrl":"https:\/\/www.treatwell.fr/identite\/wp-content\/uploads\/sites\/6\/2022\/03\/logo_treatwell.png","width":889,"height":164,"caption":"Treatwell"},"image":{"@id":"https:\/\/www.treatwell.fr/identite\/#\/schema\/logo\/image\/"}},{"@type":"Person","@id":"","url":"https:\/\/www.treatwell.fr/identite\/author\/"}]}},"featured_image_src":"https:\/\/www.treatwell.fr/identite\/wp-content\/uploads\/sites\/6\/2022\/03\/tresses-colore\u0301es-image-a\u0300-la-une-500x400.jpg","featured_image_src_square":"https:\/\/www.treatwell.fr/identite\/wp-content\/uploads\/sites\/6\/2022\/03\/tresses-colore\u0301es-image-a\u0300-la-une.jpg","author_info":{"display_name":"","author_link":"https:\/\/www.treatwell.fr/identite\/author\/"},"_links":{"self":[{"href":"https:\/\/www.treatwell.fr\/identite\/wp-json\/wp\/v2\/posts\/38508","targetHints":{"allow":["GET"]}}],"collection":[{"href":"https:\/\/www.treatwell.fr\/identite\/wp-json\/wp\/v2\/posts"}],"about":[{"href":"https:\/\/www.treatwell.fr\/identite\/wp-json\/wp\/v2\/types\/post"}],"author":[{"embeddable":true,"href":"https:\/\/www.treatwell.fr\/identite\/wp-json\/wp\/v2\/users\/3319"}],"replies":[{"embeddable":true,"href":"https:\/\/www.treatwell.fr\/identite\/wp-json\/wp\/v2\/comments?post=38508"}],"version-history":[{"count":0,"href":"https:\/\/www.treatwell.fr\/identite\/wp-json\/wp\/v2\/posts\/38508\/revisions"}],"wp:featuredmedia":[{"embeddable":true,"href":"https:\/\/www.treatwell.fr\/identite\/wp-json\/wp\/v2\/media\/38528"}],"wp:attachment":[{"href":"https:\/\/www.treatwell.fr\/identite\/wp-json\/wp\/v2\/media?parent=38508"}],"wp:term":[{"taxonomy":"category","embeddable":true,"href":"https:\/\/www.treatwell.fr\/identite\/wp-json\/wp\/v2\/categories?post=38508"},{"taxonomy":"post_tag","embeddable":true,"href":"https:\/\/www.treatwell.fr\/identite\/wp-json\/wp\/v2\/tags?post=38508"}],"curies":[{"name":"wp","href":"https:\/\/api.w.org\/{rel}","templated":true}]}}