{"id":38763,"date":"2018-08-26T16:26:38","date_gmt":"2018-08-26T14:26:38","guid":{"rendered":"https:\/\/www.treatwell.fr\/identite\/?p=14828"},"modified":"2025-12-16T10:02:12","modified_gmt":"2025-12-16T09:02:12","slug":"devez-savoir-de-decolorer-vos-cheveux-afro","status":"publish","type":"post","link":"https:\/\/www.treatwell.fr/identite\/devez-savoir-de-decolorer-vos-cheveux-afro\/","title":{"rendered":"Tout ce que vous devez savoir avant de d\u00e9colorer vos cheveux afro"},"content":{"rendered":"<p class=\"p1\">\u00c7a fait du bien de changer de look de temps en temps et il n\u2019y a rien de plus excitant qu\u2019une nouvelle couleur de cheveux pour marquer le coup. Entrer dans un salon et en ressortir transform\u00e9es. Si vous avez des cheveux afro au naturel, il faudra d\u2019abord les pr\u00e9parer, les chouchouter, faire des recherches, consulter et enfiler vos v\u00eatement les plus confortables (vous allez devoir rester assise dans ce fauteuil pendant un moment). On ne sacrifierait la sant\u00e9 de nos cheveux pour rien au monde, alors voici tout ce que vous devez savoir avant de passer le pas de la <a href=\"https:\/\/www.treatwell.fr\/identite\/transformation-capillaire-decoloration\/\">d\u00e9coloration blonde<\/a>.<\/p>\n<div class=\"schema-faq wp-block-yoast-faq-block\">\n<div class=\"schema-faq-section\" id=\"faq-question-1765874653300\">\n<h3 class=\"schema-faq-question\">Combien de temps faut-il pr\u00e9voir pour une d\u00e9coloration blonde sur cheveux afro naturels ?<\/h3>\n<p class=\"schema-faq-answer\">Pr\u00e9vois au moins 6 heures pour une d\u00e9coloration blonde. Ce temps peut augmenter si tu n\u2019as jamais color\u00e9 tes cheveux. La transformation s\u2019\u00e9tale parfois sur plusieurs rendez-vous pour pr\u00e9server la sant\u00e9 de ta chevelure.<\/div>\n<div class=\"schema-faq-section\" id=\"faq-question-1765874653301\">\n<h3 class=\"schema-faq-question\">Faut-il adapter sa routine capillaire apr\u00e8s une d\u00e9coloration ?<\/h3>\n<p class=\"schema-faq-answer\">Oui, il va falloir r\u00e9inventer ta routine. Les cheveux d\u00e9color\u00e9s deviennent plus fragiles et ont besoin de beaucoup de soins cibl\u00e9s. Hydrate-les r\u00e9guli\u00e8rement avec des masques d\u2019huiles, privil\u00e9gie un shampoing violet et surveille les ingr\u00e9dients de tes produits pour \u00e9viter les sulfates.<\/div>\n<div class=\"schema-faq-section\" id=\"faq-question-1765874653302\">\n<h3 class=\"schema-faq-question\">Pourquoi le toner est-il indispensable apr\u00e8s la d\u00e9coloration ?<\/h3>\n<p class=\"schema-faq-answer\">Le toner neutralise les tons cuivr\u00e9s et sublime la nuance froide recherch\u00e9e. Sans cette \u00e9tape, tes cheveux risquent d\u2019arborer une teinte jaune accentu\u00e9e. Utilise aussi un shampoing violet pour entretenir la tonalit\u00e9 froide au fil du temps.<\/div>\n<div class=\"schema-faq-section\" id=\"faq-question-1765874653303\">\n<h3 class=\"schema-faq-question\">Quels sont les risques de la d\u00e9coloration pour les cheveux afro naturels ?<\/h3>\n<p class=\"schema-faq-answer\">La d\u00e9coloration \u00e9limine le pigment naturel et les huiles du cuir chevelu, ce qui rend les cheveux plus cassants et fragilise l\u2019\u00e9lasticit\u00e9 de tes boucles. Plus tu vises une teinte claire, plus la prot\u00e9ction naturelle diminue. Coupe r\u00e9guli\u00e8rement les pointes pour limiter les fourches et mise sur l\u2019huile d\u2019argan.<\/div>\n<div class=\"schema-faq-section\" id=\"faq-question-1765874653304\">\n<h3 class=\"schema-faq-question\">Comment pr\u00e9parer ses cheveux afro avant une d\u00e9coloration blonde ?<\/h3>\n<p class=\"schema-faq-answer\">Pr\u00e9pare tes cheveux en les soignant intens\u00e9ment avant le rendez-vous. Prends le temps de consulter un coloriste et sois pr\u00eat(e) \u00e0 \u00e9couter ses conseils pour choisir la nuance adapt\u00e9e \u00e0 la sant\u00e9 de tes cheveux afin d\u2019obtenir une transformation r\u00e9ussie et en toute s\u00e9curit\u00e9.<\/div>\n<\/p><\/div>\n","protected":false},"excerpt":{"rendered":"<p>\u00c7a fait du bien de changer de look de temps en temps et il n\u2019y a rien de plus excitant qu\u2019une nouvelle couleur de cheveux pour marquer le coup. Entrer dans un salon et en ressortir transform\u00e9es. Si vous avez des cheveux afro au naturel, il faudra d\u2019abord les pr\u00e9parer, les chouchouter, faire des recherches, [&hellip;]<\/p>\n","protected":false},"author":3366,"featured_media":38771,"comment_status":"closed","ping_status":"closed","sticky":false,"template":"","format":"standard","meta":{"_acf_changed":false,"_yoast_wpseo_title":"D\u00e9coloration cheveux afro : conseils, entretien | Treatwell","_yoast_wpseo_metadesc":"D\u00e9coloration blonde sur cheveux afro : pr\u00e9pare-toi, prot\u00e8ge tes boucles, adopte une nouvelle routine pour garder tes cheveux sains. Suis nos conseils avant de te lancer !","_genesis_hide_title":false,"_genesis_hide_breadcrumbs":false,"_genesis_hide_singular_image":false,"_genesis_hide_footer_widgets":false,"_genesis_custom_body_class":"","_genesis_custom_post_class":"","_genesis_layout":"","saswp_custom_schema_field":"{\"@context\":\"https:\/\/schema.org\",\"@type\":\"FAQPage\",\"mainEntity\":[{\"@type\":\"Question\",\"name\":\"Combien de temps faut-il pr\u00e9voir pour une d\u00e9coloration blonde sur cheveux afro naturels ?\",\"acceptedAnswer\":{\"@type\":\"Answer\",\"text\":\"Pr\u00e9vois au moins 6 heures pour une d\u00e9coloration blonde. Ce temps peut augmenter si tu n\u2019as jamais color\u00e9 tes cheveux. La transformation s\u2019\u00e9tale parfois sur plusieurs rendez-vous pour pr\u00e9server la sant\u00e9 de ta chevelure.\"}},{\"@type\":\"Question\",\"name\":\"Faut-il adapter sa routine capillaire apr\u00e8s une d\u00e9coloration ?\",\"acceptedAnswer\":{\"@type\":\"Answer\",\"text\":\"Oui, il va falloir r\u00e9inventer ta routine. Les cheveux d\u00e9color\u00e9s deviennent plus fragiles et ont besoin de beaucoup de soins cibl\u00e9s. Hydrate-les r\u00e9guli\u00e8rement avec des masques d\u2019huiles, privil\u00e9gie un shampoing violet et surveille les ingr\u00e9dients de tes produits pour \u00e9viter les sulfates.\"}},{\"@type\":\"Question\",\"name\":\"Pourquoi le toner est-il indispensable apr\u00e8s la d\u00e9coloration ?\",\"acceptedAnswer\":{\"@type\":\"Answer\",\"text\":\"Le toner neutralise les tons cuivr\u00e9s et sublime la nuance froide recherch\u00e9e. Sans cette \u00e9tape, tes cheveux risquent d\u2019arborer une teinte jaune accentu\u00e9e. Utilise aussi un shampoing violet pour entretenir la tonalit\u00e9 froide au fil du temps.\"}},{\"@type\":\"Question\",\"name\":\"Quels sont les risques de la d\u00e9coloration pour les cheveux afro naturels ?\",\"acceptedAnswer\":{\"@type\":\"Answer\",\"text\":\"La d\u00e9coloration \u00e9limine le pigment naturel et les huiles du cuir chevelu, ce qui rend les cheveux plus cassants et fragilise l\u2019\u00e9lasticit\u00e9 de tes boucles. Plus tu vises une teinte claire, plus la prot\u00e9ction naturelle diminue. Coupe r\u00e9guli\u00e8rement les pointes pour limiter les fourches et mise sur l\u2019huile d\u2019argan.\"}},{\"@type\":\"Question\",\"name\":\"Comment pr\u00e9parer ses cheveux afro avant une d\u00e9coloration blonde ?\",\"acceptedAnswer\":{\"@type\":\"Answer\",\"text\":\"Pr\u00e9pare tes cheveux en les soignant intens\u00e9ment avant le rendez-vous. Prends le temps de consulter un coloriste et sois pr\u00eat(e) \u00e0 \u00e9couter ses conseils pour choisir la nuance adapt\u00e9e \u00e0 la sant\u00e9 de tes cheveux afin d\u2019obtenir une transformation r\u00e9ussie et en toute s\u00e9curit\u00e9.\"}}]}","footnotes":""},"categories":[4],"tags":[73,39,40],"class_list":{"0":"post-38763","1":"post","2":"type-post","3":"status-publish","4":"format-standard","5":"has-post-thumbnail","7":"category-beaute","8":"tag-tr711","9":"tag-tt6","10":"tag-tr273","11":"entry"},"acf":{"post_credits":"Images: Shutterstock, @pipsqueekinsaigon, @amarsotomayor, @cocosluxcurls, @kassalaholdsclaw, @kreeshaturner, @vipcut.luebeck","beauty_blog_post_button_title":"","beauty_blog_post_button":"","landscape_picture":38770,"blocks":[{"block_title":"Parlez-en \u00e0 votre coloriste","block_content":"<p>Comme pour tout rendez-vous chez le coiffeur, une s&eacute;ance doit toujours commencer par une consultation. Votre styliste va &eacute;couter vos attentes et &eacute;valuer l&rsquo;&eacute;tat de vos cheveux, pour v&eacute;rifier si le r&eacute;sultat recherch&eacute; peut &ecirc;tre obtenu. Rendez-vous au salon avec une id&eacute;e bien pr&eacute;cise en t&ecirc;te de la nuance que vous voulez, mais soyez pr&ecirc;ts &agrave; entendre les conseils d&rsquo;un pro.<\/p>\n","video_content":"","block_picture":38764},{"block_title":"Acceptez le fait que \u00e7a peut prendre un certain temps","block_content":"<p>Faire passer un cheveu brun &agrave; blond&nbsp;peut prendre pas mal de temps - attendez-vous &agrave; rester chez le coiffeur pendant minimum 6 heures (s&rsquo;armer dun bon bouquin est plus que recommand&eacute;). Si vous n&rsquo;avez jamais color&eacute; vos cheveux auparavant, les &eacute;tapes vont prendre davantage de temps et vous devrez peut-&ecirc;tre espacer les rendez-vous chez le coiffeur. Prenez-le comme une travers&eacute;e de couleurs &agrave; exhiber entre temps, des nuances orang&eacute;es, au blond, pour terminer par le blond platine que vous recherchez.<\/p>\n","video_content":"","block_picture":38765},{"block_title":"C\u2019est pas que de la d\u00e9coloration","block_content":"<p>Eh oui, l&rsquo;&eacute;tape suivant n&eacute;cessite le toner, un produit sp&eacute;cial destin&eacute; &agrave; neutraliser les tons cuivr&eacute;s et en faisant passer les cheveux de leur teinte chaude &agrave; froide. Vous voyez cette teinte jaune poussin pas tr&egrave;s glamour que l&rsquo;on voit parfois chez le coiffeur ? C&rsquo;est parce que le toner n&rsquo;a pas encore &eacute;t&eacute; appliqu&eacute; (ouf). Pour garder cette tonalit&eacute; froide tellement canon, il vous faudra vous armer d&rsquo;un shampoing violet et n&rsquo;arr&ecirc;tez jamais de les hydrater et de les nourrir en profondeur avec des masques d&rsquo;huiles et des soins cibl&eacute;s.<\/p>\n","video_content":"","block_picture":38766},{"block_title":"Soyez sympas avec vos boucles","block_content":"<p>La d&eacute;coloration risque d&rsquo;affecter l&rsquo;ondulation de vos cheveux. S&rsquo;ils sont d&eacute;color&eacute;s en une seule s&eacute;ance cela risque d&rsquo;ab&icirc;mer vos belles boucles et d&#039;entra&icirc;ner une perte d&rsquo;&eacute;lasticit&eacute; dans vos longueurs. Pr&eacute;parez-vous &agrave; un changement graduel pour ne pas risquer d&rsquo;endommager vos superbes cheveux afros.<\/p>\n","video_content":"","block_picture":38767},{"block_title":"Votre routine capillaire va changer","block_content":"<p>Si vous n&rsquo;avez jamais teint vos cheveux, vous &ecirc;tes peut-&ecirc;tre habitu&eacute;e &agrave; n&rsquo;utiliser que shampoing et apr&egrave;s-shampoing. Gardez &agrave; l&rsquo;esprit que les cheveux d&eacute;color&eacute;s sont plus fragiles et ils auront besoin de beaucoup d&rsquo;amour pour rester en pleine sant&eacute;. Les sulfates contenant us dans les produits de tout les jours peuvent d&eacute;caper notre cheveux de ses huiles naturelles, alors assurez-vous de v&eacute;rifier les ingr&eacute;dients de vos soins.<\/p>\n","video_content":"","block_picture":38768},{"block_title":"La d\u00e9coloration peut \u00eatre tr\u00e8s risqu\u00e9e","block_content":"<p>La d&eacute;coloration va d&eacute;caper le cheveu de son pigment naturel et va &eacute;liminer les huiles naturelles du cuir chevelu ce qui peut entra&icirc;ner - vous l&rsquo;avez devin&eacute; - des cheveux cassants. Plus la teinte choisie est claire, plus de m&eacute;lanine est enlev&eacute;e - il s&rsquo;agit d&rsquo;une protection du cheveu. Pensez &agrave; couper r&eacute;guli&egrave;rement les pointes pour &eacute;liminer fourches et longueurs cassantes. Enfin, devenez copine avec l&rsquo;huile d&rsquo;argan, vous ne vous en passerez plus et vos cheveux seront resteront rebondis et hydrat&eacute;s.<\/p>\n\n<p>Vous &ecirc;tes pr&ecirc;tes &agrave; franchir le pas ? <a href=\"https:\/\/www.treatwell.fr\/salons\/soin-coloration-cheveux-femme\/offre-type-local\/dans-paris-france\/\">Alors r&eacute;servez une d&eacute;coloration blonde !<\/a><\/p>\n\n<p>Avec <a href=\"https:\/\/www.treatwell.fr\/\">Treatwell<\/a>, vous pouvez r&eacute;server vos soins beaut&eacute; en ligne et dans vos &eacute;tablissements pr&eacute;f&eacute;r&eacute;s - simple, rapide et tout &ccedil;a en un rien de temps. <a href=\"https:\/\/www.treatwell.fr\/salons\/soin-coloration-cheveux-femme\/offre-type-local\/dans-paris-france\/\">D&eacute;couvrez des adresses canon pr&egrave;s de chez vous.<\/a><\/p>\n","video_content":"","block_picture":38769}]},"yoast_head":"<!-- This site is optimized with the Yoast SEO plugin v27.4 - https:\/\/yoast.com\/product\/yoast-seo-wordpress\/ -->\n<title>D\u00e9coloration cheveux afro : conseils, entretien | Treatwell<\/title>\n<meta name=\"description\" content=\"D\u00e9coloration blonde sur cheveux afro : pr\u00e9pare-toi, prot\u00e8ge tes boucles, adopte une nouvelle routine pour garder tes cheveux sains. Suis nos conseils avant de te lancer !\" \/>\n<meta name=\"robots\" content=\"index, follow, max-snippet:-1, max-image-preview:large, max-video-preview:-1\" \/>\n<link rel=\"canonical\" href=\"https:\/\/www.treatwell.fr/identite\/devez-savoir-de-decolorer-vos-cheveux-afro\/\" \/>\n<meta property=\"og:locale\" content=\"fr_FR\" \/>\n<meta property=\"og:type\" content=\"article\" \/>\n<meta property=\"og:title\" content=\"D\u00e9coloration cheveux afro : conseils, entretien | Treatwell\" \/>\n<meta property=\"og:description\" content=\"D\u00e9coloration blonde sur cheveux afro : pr\u00e9pare-toi, prot\u00e8ge tes boucles, adopte une nouvelle routine pour garder tes cheveux sains. Suis nos conseils avant de te lancer !\" \/>\n<meta property=\"og:url\" content=\"https:\/\/www.treatwell.fr/identite\/devez-savoir-de-decolorer-vos-cheveux-afro\/\" \/>\n<meta property=\"og:site_name\" content=\"Identit\u00e9\" \/>\n<meta property=\"article:published_time\" content=\"2018-08-26T14:26:38+00:00\" \/>\n<meta property=\"article:modified_time\" content=\"2025-12-16T09:02:12+00:00\" \/>\n<meta property=\"og:image\" content=\"https:\/\/www.treatwell.fr/identite\/wp-content\/uploads\/sites\/6\/2022\/03\/@kassalaholdsclaw.jpg\" \/>\n\t<meta property=\"og:image:width\" content=\"500\" \/>\n\t<meta property=\"og:image:height\" content=\"500\" \/>\n\t<meta property=\"og:image:type\" content=\"image\/jpeg\" \/>\n<meta name=\"author\" content=\"Beth Ryan\" \/>\n<meta name=\"twitter:card\" content=\"summary_large_image\" \/>\n<meta name=\"twitter:label1\" content=\"\u00c9crit par\" \/>\n\t<meta name=\"twitter:data1\" content=\"Beth Ryan\" \/>\n\t<meta name=\"twitter:label2\" content=\"Dur\u00e9e de lecture estim\u00e9e\" \/>\n\t<meta name=\"twitter:data2\" content=\"2 minutes\" \/>\n<script type=\"application\/ld+json\" class=\"yoast-schema-graph\">{\"@context\":\"https:\\\/\\\/schema.org\",\"@graph\":[{\"@type\":\"Article\",\"@id\":\"https:\\\/\\\/www.treatwell.fr/identite\\\/devez-savoir-de-decolorer-vos-cheveux-afro\\\/#article\",\"isPartOf\":{\"@id\":\"https:\\\/\\\/www.treatwell.fr/identite\\\/devez-savoir-de-decolorer-vos-cheveux-afro\\\/\"},\"author\":{\"name\":\"Beth Ryan\",\"@id\":\"https:\\\/\\\/www.treatwell.fr/identite\\\/#\\\/schema\\\/person\\\/45be8f7781947e6c6d31f4b658271bf6\"},\"headline\":\"Tout ce que vous devez savoir avant de d\u00e9colorer vos cheveux afro\",\"datePublished\":\"2018-08-26T14:26:38+00:00\",\"dateModified\":\"2025-12-16T09:02:12+00:00\",\"mainEntityOfPage\":{\"@id\":\"https:\\\/\\\/www.treatwell.fr/identite\\\/devez-savoir-de-decolorer-vos-cheveux-afro\\\/\"},\"wordCount\":418,\"publisher\":{\"@id\":\"https:\\\/\\\/www.treatwell.fr/identite\\\/#organization\"},\"image\":{\"@id\":\"https:\\\/\\\/www.treatwell.fr/identite\\\/devez-savoir-de-decolorer-vos-cheveux-afro\\\/#primaryimage\"},\"thumbnailUrl\":\"https:\\\/\\\/www.treatwell.fr/identite\\\/wp-content\\\/uploads\\\/sites\\\/6\\\/2022\\\/03\\\/@kassalaholdsclaw.jpg\",\"keywords\":[\"Afro Hairdressing\",\"Hair\",\"Hair Colouring and Highlights\"],\"articleSection\":[\"Beaut\u00e9\"],\"inLanguage\":\"fr-FR\"},{\"@type\":\"WebPage\",\"@id\":\"https:\\\/\\\/www.treatwell.fr/identite\\\/devez-savoir-de-decolorer-vos-cheveux-afro\\\/\",\"url\":\"https:\\\/\\\/www.treatwell.fr/identite\\\/devez-savoir-de-decolorer-vos-cheveux-afro\\\/\",\"name\":\"D\u00e9coloration cheveux afro : conseils, entretien | Treatwell\",\"isPartOf\":{\"@id\":\"https:\\\/\\\/www.treatwell.fr/identite\\\/#website\"},\"primaryImageOfPage\":{\"@id\":\"https:\\\/\\\/www.treatwell.fr/identite\\\/devez-savoir-de-decolorer-vos-cheveux-afro\\\/#primaryimage\"},\"image\":{\"@id\":\"https:\\\/\\\/www.treatwell.fr/identite\\\/devez-savoir-de-decolorer-vos-cheveux-afro\\\/#primaryimage\"},\"thumbnailUrl\":\"https:\\\/\\\/www.treatwell.fr/identite\\\/wp-content\\\/uploads\\\/sites\\\/6\\\/2022\\\/03\\\/@kassalaholdsclaw.jpg\",\"datePublished\":\"2018-08-26T14:26:38+00:00\",\"dateModified\":\"2025-12-16T09:02:12+00:00\",\"description\":\"D\u00e9coloration blonde sur cheveux afro : pr\u00e9pare-toi, prot\u00e8ge tes boucles, adopte une nouvelle routine pour garder tes cheveux sains. Suis nos conseils avant de te lancer !\",\"breadcrumb\":{\"@id\":\"https:\\\/\\\/www.treatwell.fr/identite\\\/devez-savoir-de-decolorer-vos-cheveux-afro\\\/#breadcrumb\"},\"inLanguage\":\"fr-FR\",\"potentialAction\":[{\"@type\":\"ReadAction\",\"target\":[\"https:\\\/\\\/www.treatwell.fr/identite\\\/devez-savoir-de-decolorer-vos-cheveux-afro\\\/\"]}]},{\"@type\":\"ImageObject\",\"inLanguage\":\"fr-FR\",\"@id\":\"https:\\\/\\\/www.treatwell.fr/identite\\\/devez-savoir-de-decolorer-vos-cheveux-afro\\\/#primaryimage\",\"url\":\"https:\\\/\\\/www.treatwell.fr/identite\\\/wp-content\\\/uploads\\\/sites\\\/6\\\/2022\\\/03\\\/@kassalaholdsclaw.jpg\",\"contentUrl\":\"https:\\\/\\\/www.treatwell.fr/identite\\\/wp-content\\\/uploads\\\/sites\\\/6\\\/2022\\\/03\\\/@kassalaholdsclaw.jpg\",\"width\":500,\"height\":500},{\"@type\":\"BreadcrumbList\",\"@id\":\"https:\\\/\\\/www.treatwell.fr/identite\\\/devez-savoir-de-decolorer-vos-cheveux-afro\\\/#breadcrumb\",\"itemListElement\":[{\"@type\":\"ListItem\",\"position\":1,\"name\":\"Home\",\"item\":\"https:\\\/\\\/www.treatwell.fr/identite\\\/\"},{\"@type\":\"ListItem\",\"position\":2,\"name\":\"Beaut\u00e9\",\"item\":\"https:\\\/\\\/www.treatwell.fr/identite\\\/beaute\\\/\"},{\"@type\":\"ListItem\",\"position\":3,\"name\":\"Tout ce que vous devez savoir avant de d\u00e9colorer vos cheveux afro\"}]},{\"@type\":\"WebSite\",\"@id\":\"https:\\\/\\\/www.treatwell.fr/identite\\\/#website\",\"url\":\"https:\\\/\\\/www.treatwell.fr/identite\\\/\",\"name\":\"Identit\u00e9\",\"description\":\"Beaut\u00e9, Cheveux, Quotidien\",\"publisher\":{\"@id\":\"https:\\\/\\\/www.treatwell.fr/identite\\\/#organization\"},\"potentialAction\":[{\"@type\":\"SearchAction\",\"target\":{\"@type\":\"EntryPoint\",\"urlTemplate\":\"https:\\\/\\\/www.treatwell.fr/identite\\\/?s={search_term_string}\"},\"query-input\":{\"@type\":\"PropertyValueSpecification\",\"valueRequired\":true,\"valueName\":\"search_term_string\"}}],\"inLanguage\":\"fr-FR\"},{\"@type\":\"Organization\",\"@id\":\"https:\\\/\\\/www.treatwell.fr/identite\\\/#organization\",\"name\":\"Treatwell\",\"url\":\"https:\\\/\\\/www.treatwell.fr/identite\\\/\",\"logo\":{\"@type\":\"ImageObject\",\"inLanguage\":\"fr-FR\",\"@id\":\"https:\\\/\\\/www.treatwell.fr/identite\\\/#\\\/schema\\\/logo\\\/image\\\/\",\"url\":\"https:\\\/\\\/www.treatwell.fr/identite\\\/wp-content\\\/uploads\\\/sites\\\/6\\\/2022\\\/03\\\/logo_treatwell.png\",\"contentUrl\":\"https:\\\/\\\/www.treatwell.fr/identite\\\/wp-content\\\/uploads\\\/sites\\\/6\\\/2022\\\/03\\\/logo_treatwell.png\",\"width\":889,\"height\":164,\"caption\":\"Treatwell\"},\"image\":{\"@id\":\"https:\\\/\\\/www.treatwell.fr/identite\\\/#\\\/schema\\\/logo\\\/image\\\/\"}},{\"@type\":\"Person\",\"@id\":\"https:\\\/\\\/www.treatwell.fr/identite\\\/#\\\/schema\\\/person\\\/45be8f7781947e6c6d31f4b658271bf6\",\"name\":\"Beth Ryan\",\"image\":{\"@type\":\"ImageObject\",\"inLanguage\":\"fr-FR\",\"@id\":\"https:\\\/\\\/secure.gravatar.com\\\/avatar\\\/93502c3b0591e62d75cc697ff3b5b8f47fef521e9dd0d61feb5570ae6d459200?s=96&d=mm&r=g\",\"url\":\"https:\\\/\\\/secure.gravatar.com\\\/avatar\\\/93502c3b0591e62d75cc697ff3b5b8f47fef521e9dd0d61feb5570ae6d459200?s=96&d=mm&r=g\",\"contentUrl\":\"https:\\\/\\\/secure.gravatar.com\\\/avatar\\\/93502c3b0591e62d75cc697ff3b5b8f47fef521e9dd0d61feb5570ae6d459200?s=96&d=mm&r=g\",\"caption\":\"Beth Ryan\"},\"url\":\"https:\\\/\\\/www.treatwell.fr/identite\\\/author\\\/bethanyryan\\\/\"}]}<\/script>\n<!-- \/ Yoast SEO plugin. -->","yoast_head_json":{"title":"D\u00e9coloration cheveux afro : conseils, entretien | Treatwell","description":"D\u00e9coloration blonde sur cheveux afro : pr\u00e9pare-toi, prot\u00e8ge tes boucles, adopte une nouvelle routine pour garder tes cheveux sains. Suis nos conseils avant de te lancer !","robots":{"index":"index","follow":"follow","max-snippet":"max-snippet:-1","max-image-preview":"max-image-preview:large","max-video-preview":"max-video-preview:-1"},"canonical":"https:\/\/www.treatwell.fr/identite\/devez-savoir-de-decolorer-vos-cheveux-afro\/","og_locale":"fr_FR","og_type":"article","og_title":"D\u00e9coloration cheveux afro : conseils, entretien | Treatwell","og_description":"D\u00e9coloration blonde sur cheveux afro : pr\u00e9pare-toi, prot\u00e8ge tes boucles, adopte une nouvelle routine pour garder tes cheveux sains. Suis nos conseils avant de te lancer !","og_url":"https:\/\/www.treatwell.fr/identite\/devez-savoir-de-decolorer-vos-cheveux-afro\/","og_site_name":"Identit\u00e9","article_published_time":"2018-08-26T14:26:38+00:00","article_modified_time":"2025-12-16T09:02:12+00:00","og_image":[{"width":500,"height":500,"url":"https:\/\/www.treatwell.fr/identite\/wp-content\/uploads\/sites\/6\/2022\/03\/@kassalaholdsclaw.jpg","type":"image\/jpeg"}],"author":"Beth Ryan","twitter_card":"summary_large_image","twitter_misc":{"\u00c9crit par":"Beth Ryan","Dur\u00e9e de lecture estim\u00e9e":"2 minutes"},"schema":{"@context":"https:\/\/schema.org","@graph":[{"@type":"Article","@id":"https:\/\/www.treatwell.fr/identite\/devez-savoir-de-decolorer-vos-cheveux-afro\/#article","isPartOf":{"@id":"https:\/\/www.treatwell.fr/identite\/devez-savoir-de-decolorer-vos-cheveux-afro\/"},"author":{"name":"Beth Ryan","@id":"https:\/\/www.treatwell.fr/identite\/#\/schema\/person\/45be8f7781947e6c6d31f4b658271bf6"},"headline":"Tout ce que vous devez savoir avant de d\u00e9colorer vos cheveux afro","datePublished":"2018-08-26T14:26:38+00:00","dateModified":"2025-12-16T09:02:12+00:00","mainEntityOfPage":{"@id":"https:\/\/www.treatwell.fr/identite\/devez-savoir-de-decolorer-vos-cheveux-afro\/"},"wordCount":418,"publisher":{"@id":"https:\/\/www.treatwell.fr/identite\/#organization"},"image":{"@id":"https:\/\/www.treatwell.fr/identite\/devez-savoir-de-decolorer-vos-cheveux-afro\/#primaryimage"},"thumbnailUrl":"https:\/\/www.treatwell.fr/identite\/wp-content\/uploads\/sites\/6\/2022\/03\/@kassalaholdsclaw.jpg","keywords":["Afro Hairdressing","Hair","Hair Colouring and Highlights"],"articleSection":["Beaut\u00e9"],"inLanguage":"fr-FR"},{"@type":"WebPage","@id":"https:\/\/www.treatwell.fr/identite\/devez-savoir-de-decolorer-vos-cheveux-afro\/","url":"https:\/\/www.treatwell.fr/identite\/devez-savoir-de-decolorer-vos-cheveux-afro\/","name":"D\u00e9coloration cheveux afro : conseils, entretien | Treatwell","isPartOf":{"@id":"https:\/\/www.treatwell.fr/identite\/#website"},"primaryImageOfPage":{"@id":"https:\/\/www.treatwell.fr/identite\/devez-savoir-de-decolorer-vos-cheveux-afro\/#primaryimage"},"image":{"@id":"https:\/\/www.treatwell.fr/identite\/devez-savoir-de-decolorer-vos-cheveux-afro\/#primaryimage"},"thumbnailUrl":"https:\/\/www.treatwell.fr/identite\/wp-content\/uploads\/sites\/6\/2022\/03\/@kassalaholdsclaw.jpg","datePublished":"2018-08-26T14:26:38+00:00","dateModified":"2025-12-16T09:02:12+00:00","description":"D\u00e9coloration blonde sur cheveux afro : pr\u00e9pare-toi, prot\u00e8ge tes boucles, adopte une nouvelle routine pour garder tes cheveux sains. Suis nos conseils avant de te lancer !","breadcrumb":{"@id":"https:\/\/www.treatwell.fr/identite\/devez-savoir-de-decolorer-vos-cheveux-afro\/#breadcrumb"},"inLanguage":"fr-FR","potentialAction":[{"@type":"ReadAction","target":["https:\/\/www.treatwell.fr/identite\/devez-savoir-de-decolorer-vos-cheveux-afro\/"]}]},{"@type":"ImageObject","inLanguage":"fr-FR","@id":"https:\/\/www.treatwell.fr/identite\/devez-savoir-de-decolorer-vos-cheveux-afro\/#primaryimage","url":"https:\/\/www.treatwell.fr/identite\/wp-content\/uploads\/sites\/6\/2022\/03\/@kassalaholdsclaw.jpg","contentUrl":"https:\/\/www.treatwell.fr/identite\/wp-content\/uploads\/sites\/6\/2022\/03\/@kassalaholdsclaw.jpg","width":500,"height":500},{"@type":"BreadcrumbList","@id":"https:\/\/www.treatwell.fr/identite\/devez-savoir-de-decolorer-vos-cheveux-afro\/#breadcrumb","itemListElement":[{"@type":"ListItem","position":1,"name":"Home","item":"https:\/\/www.treatwell.fr/identite\/"},{"@type":"ListItem","position":2,"name":"Beaut\u00e9","item":"https:\/\/www.treatwell.fr/identite\/beaute\/"},{"@type":"ListItem","position":3,"name":"Tout ce que vous devez savoir avant de d\u00e9colorer vos cheveux afro"}]},{"@type":"WebSite","@id":"https:\/\/www.treatwell.fr/identite\/#website","url":"https:\/\/www.treatwell.fr/identite\/","name":"Identit\u00e9","description":"Beaut\u00e9, Cheveux, Quotidien","publisher":{"@id":"https:\/\/www.treatwell.fr/identite\/#organization"},"potentialAction":[{"@type":"SearchAction","target":{"@type":"EntryPoint","urlTemplate":"https:\/\/www.treatwell.fr/identite\/?s={search_term_string}"},"query-input":{"@type":"PropertyValueSpecification","valueRequired":true,"valueName":"search_term_string"}}],"inLanguage":"fr-FR"},{"@type":"Organization","@id":"https:\/\/www.treatwell.fr/identite\/#organization","name":"Treatwell","url":"https:\/\/www.treatwell.fr/identite\/","logo":{"@type":"ImageObject","inLanguage":"fr-FR","@id":"https:\/\/www.treatwell.fr/identite\/#\/schema\/logo\/image\/","url":"https:\/\/www.treatwell.fr/identite\/wp-content\/uploads\/sites\/6\/2022\/03\/logo_treatwell.png","contentUrl":"https:\/\/www.treatwell.fr/identite\/wp-content\/uploads\/sites\/6\/2022\/03\/logo_treatwell.png","width":889,"height":164,"caption":"Treatwell"},"image":{"@id":"https:\/\/www.treatwell.fr/identite\/#\/schema\/logo\/image\/"}},{"@type":"Person","@id":"https:\/\/www.treatwell.fr/identite\/#\/schema\/person\/45be8f7781947e6c6d31f4b658271bf6","name":"Beth Ryan","image":{"@type":"ImageObject","inLanguage":"fr-FR","@id":"https:\/\/secure.gravatar.com\/avatar\/93502c3b0591e62d75cc697ff3b5b8f47fef521e9dd0d61feb5570ae6d459200?s=96&d=mm&r=g","url":"https:\/\/secure.gravatar.com\/avatar\/93502c3b0591e62d75cc697ff3b5b8f47fef521e9dd0d61feb5570ae6d459200?s=96&d=mm&r=g","contentUrl":"https:\/\/secure.gravatar.com\/avatar\/93502c3b0591e62d75cc697ff3b5b8f47fef521e9dd0d61feb5570ae6d459200?s=96&d=mm&r=g","caption":"Beth Ryan"},"url":"https:\/\/www.treatwell.fr/identite\/author\/bethanyryan\/"}]}},"featured_image_src":"https:\/\/www.treatwell.fr/identite\/wp-content\/uploads\/sites\/6\/2022\/03\/@kassalaholdsclaw-500x400.jpg","featured_image_src_square":"https:\/\/www.treatwell.fr/identite\/wp-content\/uploads\/sites\/6\/2022\/03\/@kassalaholdsclaw.jpg","author_info":{"display_name":"Beth Ryan","author_link":"https:\/\/www.treatwell.fr/identite\/author\/bethanyryan\/"},"_links":{"self":[{"href":"https:\/\/www.treatwell.fr\/identite\/wp-json\/wp\/v2\/posts\/38763","targetHints":{"allow":["GET"]}}],"collection":[{"href":"https:\/\/www.treatwell.fr\/identite\/wp-json\/wp\/v2\/posts"}],"about":[{"href":"https:\/\/www.treatwell.fr\/identite\/wp-json\/wp\/v2\/types\/post"}],"author":[{"embeddable":true,"href":"https:\/\/www.treatwell.fr\/identite\/wp-json\/wp\/v2\/users\/3366"}],"replies":[{"embeddable":true,"href":"https:\/\/www.treatwell.fr\/identite\/wp-json\/wp\/v2\/comments?post=38763"}],"version-history":[{"count":0,"href":"https:\/\/www.treatwell.fr\/identite\/wp-json\/wp\/v2\/posts\/38763\/revisions"}],"wp:featuredmedia":[{"embeddable":true,"href":"https:\/\/www.treatwell.fr\/identite\/wp-json\/wp\/v2\/media\/38771"}],"wp:attachment":[{"href":"https:\/\/www.treatwell.fr\/identite\/wp-json\/wp\/v2\/media?parent=38763"}],"wp:term":[{"taxonomy":"category","embeddable":true,"href":"https:\/\/www.treatwell.fr\/identite\/wp-json\/wp\/v2\/categories?post=38763"},{"taxonomy":"post_tag","embeddable":true,"href":"https:\/\/www.treatwell.fr\/identite\/wp-json\/wp\/v2\/tags?post=38763"}],"curies":[{"name":"wp","href":"https:\/\/api.w.org\/{rel}","templated":true}]}}