{"id":38838,"date":"2018-09-03T08:00:10","date_gmt":"2018-09-03T06:00:10","guid":{"rendered":"https:\/\/www.treatwell.fr\/identite\/?p=13436"},"modified":"2025-12-15T22:47:50","modified_gmt":"2025-12-15T21:47:50","slug":"la-coloration-vegetale-pour-donner-du-peps-a-sa-criniere","status":"publish","type":"post","link":"https:\/\/www.treatwell.fr/identite\/la-coloration-vegetale-pour-donner-du-peps-a-sa-criniere\/","title":{"rendered":"La coloration v\u00e9g\u00e9tale pour donner du pep&#8217;s \u00e0 sa crini\u00e8re !"},"content":{"rendered":"<p>Si on a d\u00e9j\u00e0 trouv\u00e9 la coupe parfaite, c\u00f4t\u00e9 coloration apr\u00e8s l&#8217;\u00e9t\u00e9 notre chevelure a perdu un peu de sa superbe ! Le soleil, la plage et la piscine l&#8217;ont quelque peu ternie. Pour retrouver une coloration flamboyante on opte pour une couleur eco-friendly qui n&#8217;ab\u00eeme pas les crini\u00e8res : la coloration v\u00e9g\u00e9tale. Pour sauter le pas, on fait confiance aux <a href=\"https:\/\/www.treatwell.fr\/salons\/soins-groupe-coiffure\/marque-biguine\/offre-type-local\/dans-france\/\">experts<\/a> BIGUINE PARIS qui ont concoct\u00e9 des couleurs renversantes avec la gamme de coloration \u00e0 base de plantes EOS de Wella Professionals. D\u00e9couvrez toutes les raisons de succomber !<\/p>\n<p>&nbsp;<\/p>\n<p>M\u00e9lanie LE GALL<\/p>\n<div class=\"schema-faq wp-block-yoast-faq-block\">\n<div class=\"schema-faq-section\" id=\"faq-question-1765835194731\">\n<h3 class=\"schema-faq-question\">Quels sont les atouts de la coloration v\u00e9g\u00e9tale pour tes cheveux ?<\/h3>\n<p class=\"schema-faq-answer\">La coloration v\u00e9g\u00e9tale pr\u00e9serve la sant\u00e9 de tes cheveux, booste la brillance et apporte du volume. Cette technique naturelle s&#8217;inscrit dans une d\u00e9marche \u00e9co-responsable tout en sublimant ta chevelure avec une couleur qui s&#8217;embellit au fil du temps.<\/div>\n<div class=\"schema-faq-section\" id=\"faq-question-1765835194732\">\n<h3 class=\"schema-faq-question\">Quelle proportion de composants v\u00e9g\u00e9taux contient la gamme EOS Wella Professionals ?<\/h3>\n<p class=\"schema-faq-answer\">La gamme EOS Wella Professionals est \u00e9labor\u00e9e avec 80% de composants v\u00e9g\u00e9taux naturels. Tu profites ainsi d&#8217;une palette de couleurs sophistiqu\u00e9es tout en privil\u00e9giant la douceur et le respect de ta fibre capillaire.<\/div>\n<div class=\"schema-faq-section\" id=\"faq-question-1765835194733\">\n<h3 class=\"schema-faq-question\">Combien de couleurs offre la gamme EOS Wella Professionals ?<\/h3>\n<p class=\"schema-faq-answer\">La gamme EOS Wella Professionals propose exactement 10 couleurs. Tu peux choisir parmi des teintes du ch\u00e2tain au roux, du cuivr\u00e9 rouge au blond, pour une chevelure \u00e9clatante et personnalis\u00e9e.<\/div>\n<div class=\"schema-faq-section\" id=\"faq-question-1765835194734\">\n<h3 class=\"schema-faq-question\">Quel niveau de couverture des cheveux blancs assure la coloration v\u00e9g\u00e9tale EOS ?<\/h3>\n<p class=\"schema-faq-answer\">La coloration v\u00e9g\u00e9tale EOS couvre entre 50 et 70% des cheveux blancs. Tu obtiens un r\u00e9sultat naturel tout en profitant d\u2019une chevelure rayonnante et d\u2019un entretien facile.<\/div>\n<div class=\"schema-faq-section\" id=\"faq-question-1765835194735\">\n<h3 class=\"schema-faq-question\">Comment \u00e9volue la couleur apr\u00e8s une coloration v\u00e9g\u00e9tale EOS ?<\/h3>\n<p class=\"schema-faq-answer\">Les pigments de la gamme EOS s\u2019estompent progressivement au fil de tes shampoings. Tu \u00e9vites ainsi l\u2019effet racines et b\u00e9n\u00e9ficies d\u2019une couleur qui reste \u00e9l\u00e9gante au quotidien sans contraintes.<\/div>\n<\/p><\/div>\n","protected":false},"excerpt":{"rendered":"<p>Si on a d\u00e9j\u00e0 trouv\u00e9 la coupe parfaite, c\u00f4t\u00e9 coloration apr\u00e8s l&#8217;\u00e9t\u00e9 notre chevelure a perdu un peu de sa superbe ! Le soleil, la plage et la piscine l&#8217;ont quelque peu ternie. Pour retrouver une coloration flamboyante on opte pour une couleur eco-friendly qui n&#8217;ab\u00eeme pas les crini\u00e8res : la coloration v\u00e9g\u00e9tale. Pour sauter [&hellip;]<\/p>\n","protected":false},"author":3319,"featured_media":38843,"comment_status":"closed","ping_status":"closed","sticky":false,"template":"","format":"standard","meta":{"_acf_changed":false,"_yoast_wpseo_title":"Coloration v\u00e9g\u00e9tale : brillance et soin cheveux | Treatwell","_yoast_wpseo_metadesc":"Opte pour la coloration v\u00e9g\u00e9tale avec BIGUINE PARIS et Wella Professionals. B\u00e9n\u00e9ficie de cheveux brillants, couleurs naturelles, entretien facile. R\u00e9serve ton soin expert.","_genesis_hide_title":false,"_genesis_hide_breadcrumbs":false,"_genesis_hide_singular_image":false,"_genesis_hide_footer_widgets":false,"_genesis_custom_body_class":"","_genesis_custom_post_class":"","_genesis_layout":"","saswp_custom_schema_field":"{\"@context\":\"https:\/\/schema.org\",\"@type\":\"FAQPage\",\"mainEntity\":[{\"@type\":\"Question\",\"name\":\"Quels sont les atouts de la coloration v\u00e9g\u00e9tale pour tes cheveux ?\",\"acceptedAnswer\":{\"@type\":\"Answer\",\"text\":\"La coloration v\u00e9g\u00e9tale pr\u00e9serve la sant\u00e9 de tes cheveux, booste la brillance et apporte du volume. Cette technique naturelle s'inscrit dans une d\u00e9marche \u00e9co-responsable tout en sublimant ta chevelure avec une couleur qui s'embellit au fil du temps.\"}},{\"@type\":\"Question\",\"name\":\"Quelle proportion de composants v\u00e9g\u00e9taux contient la gamme EOS Wella Professionals ?\",\"acceptedAnswer\":{\"@type\":\"Answer\",\"text\":\"La gamme EOS Wella Professionals est \u00e9labor\u00e9e avec 80% de composants v\u00e9g\u00e9taux naturels. Tu profites ainsi d'une palette de couleurs sophistiqu\u00e9es tout en privil\u00e9giant la douceur et le respect de ta fibre capillaire.\"}},{\"@type\":\"Question\",\"name\":\"Combien de couleurs offre la gamme EOS Wella Professionals ?\",\"acceptedAnswer\":{\"@type\":\"Answer\",\"text\":\"La gamme EOS Wella Professionals propose exactement 10 couleurs. Tu peux choisir parmi des teintes du ch\u00e2tain au roux, du cuivr\u00e9 rouge au blond, pour une chevelure \u00e9clatante et personnalis\u00e9e.\"}},{\"@type\":\"Question\",\"name\":\"Quel niveau de couverture des cheveux blancs assure la coloration v\u00e9g\u00e9tale EOS ?\",\"acceptedAnswer\":{\"@type\":\"Answer\",\"text\":\"La coloration v\u00e9g\u00e9tale EOS couvre entre 50 et 70% des cheveux blancs. Tu obtiens un r\u00e9sultat naturel tout en profitant d\u2019une chevelure rayonnante et d\u2019un entretien facile.\"}},{\"@type\":\"Question\",\"name\":\"Comment \u00e9volue la couleur apr\u00e8s une coloration v\u00e9g\u00e9tale EOS ?\",\"acceptedAnswer\":{\"@type\":\"Answer\",\"text\":\"Les pigments de la gamme EOS s\u2019estompent progressivement au fil de tes shampoings. Tu \u00e9vites ainsi l\u2019effet racines et b\u00e9n\u00e9ficies d\u2019une couleur qui reste \u00e9l\u00e9gante au quotidien sans contraintes.\"}}]}","footnotes":""},"categories":[4],"tags":[40,44],"class_list":{"0":"post-38838","1":"post","2":"type-post","3":"status-publish","4":"format-standard","5":"has-post-thumbnail","7":"category-beaute","8":"tag-tr273","9":"tag-tr166","10":"entry"},"acf":{"post_credits":"@ebanniserrano @biguine","beauty_blog_post_button_title":"","beauty_blog_post_button":"","landscape_picture":38842,"blocks":[{"block_title":"La coloration v\u00e9g\u00e9tale prend du galon !","block_content":"<p>Petite nouvelle sur le march&eacute; de la coloration il y a quelques ann&eacute;es encore, la coloration v&eacute;g&eacute;tale fait de plus en plus chavirer les coeurs&nbsp;et s&#039;impose d&eacute;sormais comme une technique phare des coloristes. Il faut dire que pour remporter les suffrages, elle affiche un palmar&egrave;s impressionant : naturelle elle a remport&eacute; la guerre contre les produits chimiques, elle pr&eacute;serve la sant&eacute; du cheveu, boost la brillance et le volume des crini&egrave;res en plus d&#039;offrir une jolie couleur qui s&#039;embellit au fil du temps. Si elle sublime les chevelures, elle s&#039;inscrit aussi dans une d&eacute;marche &eacute;co-responsable en phase avec l&#039;environnement. Des atouts s&eacute;duisants qui lui font prendre du galon et nous font sauter le pas !<br \/>\n<br \/>\n&nbsp;<\/p>\n\n<p>&nbsp;<\/p>\n","video_content":"","block_picture":38839},{"block_title":"Pourquoi succomber \u00e0 la coloration v\u00e9g\u00e9tale by Wella Professionals ?","block_content":"<p>Devant un tel succ&egrave;s, les grandes marques de produits de coiffure se sont pench&eacute;es sur le cas de la coloration v&eacute;g&eacute;tale. C&#039;est notamment le cas de Wella qui a donn&eacute; naissance &agrave; la gamme EOS Wella Professionals. Cette coloration &eacute;labor&eacute;e &agrave; 80% de composants v&eacute;g&eacute;taux naturels pr&eacute;sente des nuances remarquables et procure &agrave; notre chevelure une brillance incomparable. Une palette de 10 couleurs compos&eacute;es de henn&eacute;, d&#039;indigo et de cassia apportent un coup de pep&#039;s &agrave; notre chevelure tout en couvrant entre 50 et 70% des cheveux blancs. Cerise sur le g&acirc;teau, question entretien c&#039;est le pied puisque les pigments s&#039;estompent au fur et &agrave; mesure des shampoings : bye-bye effet racines !<\/p>\n","video_content":"","block_picture":38840},{"block_title":"On craque pour Colorama by BIGUINE PARIS !","block_content":"<p>Back to work ! Pour retrouver le chemin du bureau BIGUINE PARIS&nbsp;nous a concoct&eacute; une s&eacute;lection d&eacute;tonnante de couleurs chatoyantes : la collection Colorama. Les experts coloristes des salons BIGUINE PARIS&nbsp;usent de leurs talents pour trouver la coloration parfaite&nbsp;parmi les 10 teintes de la gamme EOS Wella Professionals. Du ch&acirc;tain au&nbsp;roux en passant par un cuivr&eacute; rouge et au blond : ici le naturel ne rime pas avec morosit&eacute;. Les crini&egrave;res s&#039;assument en affichant des nuances pep&#039;s pour une rentr&eacute;e pleine d&#039;assurance et d&#039;ambition.<br \/>\n<br \/>\nAvec&nbsp;<a href=\"https:\/\/www.treatwell.fr\/\">Treatwell<\/a>, vous pouvez r&eacute;server vos soins beaut&eacute; en ligne et dans vos &eacute;tablissements pr&eacute;f&eacute;r&eacute;s &ndash; simple, rapide et tout &ccedil;a en un rien de temps.&nbsp;<a href=\"https:\/\/www.treatwell.fr\/salons\/soins-groupe-coiffure\/marque-biguine\/offre-type-local\/dans-france\/\">D&eacute;couvrez les salons BIGUINE PARIS pr&egrave;s de chez vous.<\/a><\/p>\n","video_content":"","block_picture":38841}]},"yoast_head":"<!-- This site is optimized with the Yoast SEO plugin v27.4 - https:\/\/yoast.com\/product\/yoast-seo-wordpress\/ -->\n<title>Coloration v\u00e9g\u00e9tale : brillance et soin cheveux | Treatwell<\/title>\n<meta name=\"description\" content=\"Opte pour la coloration v\u00e9g\u00e9tale avec BIGUINE PARIS et Wella Professionals. B\u00e9n\u00e9ficie de cheveux brillants, couleurs naturelles, entretien facile. R\u00e9serve ton soin expert.\" \/>\n<meta name=\"robots\" content=\"index, follow, max-snippet:-1, max-image-preview:large, max-video-preview:-1\" \/>\n<link rel=\"canonical\" href=\"https:\/\/www.treatwell.fr/identite\/la-coloration-vegetale-pour-donner-du-peps-a-sa-criniere\/\" \/>\n<meta property=\"og:locale\" content=\"fr_FR\" \/>\n<meta property=\"og:type\" content=\"article\" \/>\n<meta property=\"og:title\" content=\"Coloration v\u00e9g\u00e9tale : brillance et soin cheveux | Treatwell\" \/>\n<meta property=\"og:description\" content=\"Opte pour la coloration v\u00e9g\u00e9tale avec BIGUINE PARIS et Wella Professionals. B\u00e9n\u00e9ficie de cheveux brillants, couleurs naturelles, entretien facile. R\u00e9serve ton soin expert.\" \/>\n<meta property=\"og:url\" content=\"https:\/\/www.treatwell.fr/identite\/la-coloration-vegetale-pour-donner-du-peps-a-sa-criniere\/\" \/>\n<meta property=\"og:site_name\" content=\"Identit\u00e9\" \/>\n<meta property=\"article:published_time\" content=\"2018-09-03T06:00:10+00:00\" \/>\n<meta property=\"article:modified_time\" content=\"2025-12-15T21:47:50+00:00\" \/>\n<meta property=\"og:image\" content=\"https:\/\/www.treatwell.fr/identite\/wp-content\/uploads\/sites\/6\/2022\/03\/ezgif.com-resize-77.jpg\" \/>\n\t<meta property=\"og:image:width\" content=\"500\" \/>\n\t<meta property=\"og:image:height\" content=\"600\" \/>\n\t<meta property=\"og:image:type\" content=\"image\/jpeg\" \/>\n<meta name=\"twitter:card\" content=\"summary_large_image\" \/>\n<meta name=\"twitter:label1\" content=\"\u00c9crit par\" \/>\n\t<meta name=\"twitter:data1\" content=\"\" \/>\n\t<meta name=\"twitter:label2\" content=\"Dur\u00e9e de lecture estim\u00e9e\" \/>\n\t<meta name=\"twitter:data2\" content=\"2 minutes\" \/>\n<script type=\"application\/ld+json\" class=\"yoast-schema-graph\">{\"@context\":\"https:\\\/\\\/schema.org\",\"@graph\":[{\"@type\":\"Article\",\"@id\":\"https:\\\/\\\/www.treatwell.fr/identite\\\/la-coloration-vegetale-pour-donner-du-peps-a-sa-criniere\\\/#article\",\"isPartOf\":{\"@id\":\"https:\\\/\\\/www.treatwell.fr/identite\\\/la-coloration-vegetale-pour-donner-du-peps-a-sa-criniere\\\/\"},\"author\":{\"name\":\"\",\"@id\":\"\"},\"headline\":\"La coloration v\u00e9g\u00e9tale pour donner du pep&#8217;s \u00e0 sa crini\u00e8re !\",\"datePublished\":\"2018-09-03T06:00:10+00:00\",\"dateModified\":\"2025-12-15T21:47:50+00:00\",\"mainEntityOfPage\":{\"@id\":\"https:\\\/\\\/www.treatwell.fr/identite\\\/la-coloration-vegetale-pour-donner-du-peps-a-sa-criniere\\\/\"},\"wordCount\":354,\"publisher\":{\"@id\":\"https:\\\/\\\/www.treatwell.fr/identite\\\/#organization\"},\"image\":{\"@id\":\"https:\\\/\\\/www.treatwell.fr/identite\\\/la-coloration-vegetale-pour-donner-du-peps-a-sa-criniere\\\/#primaryimage\"},\"thumbnailUrl\":\"https:\\\/\\\/www.treatwell.fr/identite\\\/wp-content\\\/uploads\\\/sites\\\/6\\\/2022\\\/03\\\/ezgif.com-resize-77.jpg\",\"keywords\":[\"Hair Colouring and Highlights\",\"Haircuts and Hairdressing\"],\"articleSection\":[\"Beaut\u00e9\"],\"inLanguage\":\"fr-FR\"},{\"@type\":\"WebPage\",\"@id\":\"https:\\\/\\\/www.treatwell.fr/identite\\\/la-coloration-vegetale-pour-donner-du-peps-a-sa-criniere\\\/\",\"url\":\"https:\\\/\\\/www.treatwell.fr/identite\\\/la-coloration-vegetale-pour-donner-du-peps-a-sa-criniere\\\/\",\"name\":\"Coloration v\u00e9g\u00e9tale : brillance et soin cheveux | Treatwell\",\"isPartOf\":{\"@id\":\"https:\\\/\\\/www.treatwell.fr/identite\\\/#website\"},\"primaryImageOfPage\":{\"@id\":\"https:\\\/\\\/www.treatwell.fr/identite\\\/la-coloration-vegetale-pour-donner-du-peps-a-sa-criniere\\\/#primaryimage\"},\"image\":{\"@id\":\"https:\\\/\\\/www.treatwell.fr/identite\\\/la-coloration-vegetale-pour-donner-du-peps-a-sa-criniere\\\/#primaryimage\"},\"thumbnailUrl\":\"https:\\\/\\\/www.treatwell.fr/identite\\\/wp-content\\\/uploads\\\/sites\\\/6\\\/2022\\\/03\\\/ezgif.com-resize-77.jpg\",\"datePublished\":\"2018-09-03T06:00:10+00:00\",\"dateModified\":\"2025-12-15T21:47:50+00:00\",\"description\":\"Opte pour la coloration v\u00e9g\u00e9tale avec BIGUINE PARIS et Wella Professionals. B\u00e9n\u00e9ficie de cheveux brillants, couleurs naturelles, entretien facile. R\u00e9serve ton soin expert.\",\"breadcrumb\":{\"@id\":\"https:\\\/\\\/www.treatwell.fr/identite\\\/la-coloration-vegetale-pour-donner-du-peps-a-sa-criniere\\\/#breadcrumb\"},\"inLanguage\":\"fr-FR\",\"potentialAction\":[{\"@type\":\"ReadAction\",\"target\":[\"https:\\\/\\\/www.treatwell.fr/identite\\\/la-coloration-vegetale-pour-donner-du-peps-a-sa-criniere\\\/\"]}]},{\"@type\":\"ImageObject\",\"inLanguage\":\"fr-FR\",\"@id\":\"https:\\\/\\\/www.treatwell.fr/identite\\\/la-coloration-vegetale-pour-donner-du-peps-a-sa-criniere\\\/#primaryimage\",\"url\":\"https:\\\/\\\/www.treatwell.fr/identite\\\/wp-content\\\/uploads\\\/sites\\\/6\\\/2022\\\/03\\\/ezgif.com-resize-77.jpg\",\"contentUrl\":\"https:\\\/\\\/www.treatwell.fr/identite\\\/wp-content\\\/uploads\\\/sites\\\/6\\\/2022\\\/03\\\/ezgif.com-resize-77.jpg\",\"width\":500,\"height\":600},{\"@type\":\"BreadcrumbList\",\"@id\":\"https:\\\/\\\/www.treatwell.fr/identite\\\/la-coloration-vegetale-pour-donner-du-peps-a-sa-criniere\\\/#breadcrumb\",\"itemListElement\":[{\"@type\":\"ListItem\",\"position\":1,\"name\":\"Home\",\"item\":\"https:\\\/\\\/www.treatwell.fr/identite\\\/\"},{\"@type\":\"ListItem\",\"position\":2,\"name\":\"Beaut\u00e9\",\"item\":\"https:\\\/\\\/www.treatwell.fr/identite\\\/beaute\\\/\"},{\"@type\":\"ListItem\",\"position\":3,\"name\":\"La coloration v\u00e9g\u00e9tale pour donner du pep&#8217;s \u00e0 sa crini\u00e8re !\"}]},{\"@type\":\"WebSite\",\"@id\":\"https:\\\/\\\/www.treatwell.fr/identite\\\/#website\",\"url\":\"https:\\\/\\\/www.treatwell.fr/identite\\\/\",\"name\":\"Identit\u00e9\",\"description\":\"Beaut\u00e9, Cheveux, Quotidien\",\"publisher\":{\"@id\":\"https:\\\/\\\/www.treatwell.fr/identite\\\/#organization\"},\"potentialAction\":[{\"@type\":\"SearchAction\",\"target\":{\"@type\":\"EntryPoint\",\"urlTemplate\":\"https:\\\/\\\/www.treatwell.fr/identite\\\/?s={search_term_string}\"},\"query-input\":{\"@type\":\"PropertyValueSpecification\",\"valueRequired\":true,\"valueName\":\"search_term_string\"}}],\"inLanguage\":\"fr-FR\"},{\"@type\":\"Organization\",\"@id\":\"https:\\\/\\\/www.treatwell.fr/identite\\\/#organization\",\"name\":\"Treatwell\",\"url\":\"https:\\\/\\\/www.treatwell.fr/identite\\\/\",\"logo\":{\"@type\":\"ImageObject\",\"inLanguage\":\"fr-FR\",\"@id\":\"https:\\\/\\\/www.treatwell.fr/identite\\\/#\\\/schema\\\/logo\\\/image\\\/\",\"url\":\"https:\\\/\\\/www.treatwell.fr/identite\\\/wp-content\\\/uploads\\\/sites\\\/6\\\/2022\\\/03\\\/logo_treatwell.png\",\"contentUrl\":\"https:\\\/\\\/www.treatwell.fr/identite\\\/wp-content\\\/uploads\\\/sites\\\/6\\\/2022\\\/03\\\/logo_treatwell.png\",\"width\":889,\"height\":164,\"caption\":\"Treatwell\"},\"image\":{\"@id\":\"https:\\\/\\\/www.treatwell.fr/identite\\\/#\\\/schema\\\/logo\\\/image\\\/\"}},{\"@type\":\"Person\",\"@id\":\"\",\"url\":\"https:\\\/\\\/www.treatwell.fr/identite\\\/author\\\/\"}]}<\/script>\n<!-- \/ Yoast SEO plugin. -->","yoast_head_json":{"title":"Coloration v\u00e9g\u00e9tale : brillance et soin cheveux | Treatwell","description":"Opte pour la coloration v\u00e9g\u00e9tale avec BIGUINE PARIS et Wella Professionals. B\u00e9n\u00e9ficie de cheveux brillants, couleurs naturelles, entretien facile. R\u00e9serve ton soin expert.","robots":{"index":"index","follow":"follow","max-snippet":"max-snippet:-1","max-image-preview":"max-image-preview:large","max-video-preview":"max-video-preview:-1"},"canonical":"https:\/\/www.treatwell.fr/identite\/la-coloration-vegetale-pour-donner-du-peps-a-sa-criniere\/","og_locale":"fr_FR","og_type":"article","og_title":"Coloration v\u00e9g\u00e9tale : brillance et soin cheveux | Treatwell","og_description":"Opte pour la coloration v\u00e9g\u00e9tale avec BIGUINE PARIS et Wella Professionals. B\u00e9n\u00e9ficie de cheveux brillants, couleurs naturelles, entretien facile. R\u00e9serve ton soin expert.","og_url":"https:\/\/www.treatwell.fr/identite\/la-coloration-vegetale-pour-donner-du-peps-a-sa-criniere\/","og_site_name":"Identit\u00e9","article_published_time":"2018-09-03T06:00:10+00:00","article_modified_time":"2025-12-15T21:47:50+00:00","og_image":[{"width":500,"height":600,"url":"https:\/\/www.treatwell.fr/identite\/wp-content\/uploads\/sites\/6\/2022\/03\/ezgif.com-resize-77.jpg","type":"image\/jpeg"}],"twitter_card":"summary_large_image","twitter_misc":{"\u00c9crit par":"","Dur\u00e9e de lecture estim\u00e9e":"2 minutes"},"schema":{"@context":"https:\/\/schema.org","@graph":[{"@type":"Article","@id":"https:\/\/www.treatwell.fr/identite\/la-coloration-vegetale-pour-donner-du-peps-a-sa-criniere\/#article","isPartOf":{"@id":"https:\/\/www.treatwell.fr/identite\/la-coloration-vegetale-pour-donner-du-peps-a-sa-criniere\/"},"author":{"name":"","@id":""},"headline":"La coloration v\u00e9g\u00e9tale pour donner du pep&#8217;s \u00e0 sa crini\u00e8re !","datePublished":"2018-09-03T06:00:10+00:00","dateModified":"2025-12-15T21:47:50+00:00","mainEntityOfPage":{"@id":"https:\/\/www.treatwell.fr/identite\/la-coloration-vegetale-pour-donner-du-peps-a-sa-criniere\/"},"wordCount":354,"publisher":{"@id":"https:\/\/www.treatwell.fr/identite\/#organization"},"image":{"@id":"https:\/\/www.treatwell.fr/identite\/la-coloration-vegetale-pour-donner-du-peps-a-sa-criniere\/#primaryimage"},"thumbnailUrl":"https:\/\/www.treatwell.fr/identite\/wp-content\/uploads\/sites\/6\/2022\/03\/ezgif.com-resize-77.jpg","keywords":["Hair Colouring and Highlights","Haircuts and Hairdressing"],"articleSection":["Beaut\u00e9"],"inLanguage":"fr-FR"},{"@type":"WebPage","@id":"https:\/\/www.treatwell.fr/identite\/la-coloration-vegetale-pour-donner-du-peps-a-sa-criniere\/","url":"https:\/\/www.treatwell.fr/identite\/la-coloration-vegetale-pour-donner-du-peps-a-sa-criniere\/","name":"Coloration v\u00e9g\u00e9tale : brillance et soin cheveux | Treatwell","isPartOf":{"@id":"https:\/\/www.treatwell.fr/identite\/#website"},"primaryImageOfPage":{"@id":"https:\/\/www.treatwell.fr/identite\/la-coloration-vegetale-pour-donner-du-peps-a-sa-criniere\/#primaryimage"},"image":{"@id":"https:\/\/www.treatwell.fr/identite\/la-coloration-vegetale-pour-donner-du-peps-a-sa-criniere\/#primaryimage"},"thumbnailUrl":"https:\/\/www.treatwell.fr/identite\/wp-content\/uploads\/sites\/6\/2022\/03\/ezgif.com-resize-77.jpg","datePublished":"2018-09-03T06:00:10+00:00","dateModified":"2025-12-15T21:47:50+00:00","description":"Opte pour la coloration v\u00e9g\u00e9tale avec BIGUINE PARIS et Wella Professionals. B\u00e9n\u00e9ficie de cheveux brillants, couleurs naturelles, entretien facile. R\u00e9serve ton soin expert.","breadcrumb":{"@id":"https:\/\/www.treatwell.fr/identite\/la-coloration-vegetale-pour-donner-du-peps-a-sa-criniere\/#breadcrumb"},"inLanguage":"fr-FR","potentialAction":[{"@type":"ReadAction","target":["https:\/\/www.treatwell.fr/identite\/la-coloration-vegetale-pour-donner-du-peps-a-sa-criniere\/"]}]},{"@type":"ImageObject","inLanguage":"fr-FR","@id":"https:\/\/www.treatwell.fr/identite\/la-coloration-vegetale-pour-donner-du-peps-a-sa-criniere\/#primaryimage","url":"https:\/\/www.treatwell.fr/identite\/wp-content\/uploads\/sites\/6\/2022\/03\/ezgif.com-resize-77.jpg","contentUrl":"https:\/\/www.treatwell.fr/identite\/wp-content\/uploads\/sites\/6\/2022\/03\/ezgif.com-resize-77.jpg","width":500,"height":600},{"@type":"BreadcrumbList","@id":"https:\/\/www.treatwell.fr/identite\/la-coloration-vegetale-pour-donner-du-peps-a-sa-criniere\/#breadcrumb","itemListElement":[{"@type":"ListItem","position":1,"name":"Home","item":"https:\/\/www.treatwell.fr/identite\/"},{"@type":"ListItem","position":2,"name":"Beaut\u00e9","item":"https:\/\/www.treatwell.fr/identite\/beaute\/"},{"@type":"ListItem","position":3,"name":"La coloration v\u00e9g\u00e9tale pour donner du pep&#8217;s \u00e0 sa crini\u00e8re !"}]},{"@type":"WebSite","@id":"https:\/\/www.treatwell.fr/identite\/#website","url":"https:\/\/www.treatwell.fr/identite\/","name":"Identit\u00e9","description":"Beaut\u00e9, Cheveux, Quotidien","publisher":{"@id":"https:\/\/www.treatwell.fr/identite\/#organization"},"potentialAction":[{"@type":"SearchAction","target":{"@type":"EntryPoint","urlTemplate":"https:\/\/www.treatwell.fr/identite\/?s={search_term_string}"},"query-input":{"@type":"PropertyValueSpecification","valueRequired":true,"valueName":"search_term_string"}}],"inLanguage":"fr-FR"},{"@type":"Organization","@id":"https:\/\/www.treatwell.fr/identite\/#organization","name":"Treatwell","url":"https:\/\/www.treatwell.fr/identite\/","logo":{"@type":"ImageObject","inLanguage":"fr-FR","@id":"https:\/\/www.treatwell.fr/identite\/#\/schema\/logo\/image\/","url":"https:\/\/www.treatwell.fr/identite\/wp-content\/uploads\/sites\/6\/2022\/03\/logo_treatwell.png","contentUrl":"https:\/\/www.treatwell.fr/identite\/wp-content\/uploads\/sites\/6\/2022\/03\/logo_treatwell.png","width":889,"height":164,"caption":"Treatwell"},"image":{"@id":"https:\/\/www.treatwell.fr/identite\/#\/schema\/logo\/image\/"}},{"@type":"Person","@id":"","url":"https:\/\/www.treatwell.fr/identite\/author\/"}]}},"featured_image_src":"https:\/\/www.treatwell.fr/identite\/wp-content\/uploads\/sites\/6\/2022\/03\/ezgif.com-resize-77-500x400.jpg","featured_image_src_square":"https:\/\/www.treatwell.fr/identite\/wp-content\/uploads\/sites\/6\/2022\/03\/ezgif.com-resize-77.jpg","author_info":{"display_name":"","author_link":"https:\/\/www.treatwell.fr/identite\/author\/"},"_links":{"self":[{"href":"https:\/\/www.treatwell.fr\/identite\/wp-json\/wp\/v2\/posts\/38838","targetHints":{"allow":["GET"]}}],"collection":[{"href":"https:\/\/www.treatwell.fr\/identite\/wp-json\/wp\/v2\/posts"}],"about":[{"href":"https:\/\/www.treatwell.fr\/identite\/wp-json\/wp\/v2\/types\/post"}],"author":[{"embeddable":true,"href":"https:\/\/www.treatwell.fr\/identite\/wp-json\/wp\/v2\/users\/3319"}],"replies":[{"embeddable":true,"href":"https:\/\/www.treatwell.fr\/identite\/wp-json\/wp\/v2\/comments?post=38838"}],"version-history":[{"count":0,"href":"https:\/\/www.treatwell.fr\/identite\/wp-json\/wp\/v2\/posts\/38838\/revisions"}],"wp:featuredmedia":[{"embeddable":true,"href":"https:\/\/www.treatwell.fr\/identite\/wp-json\/wp\/v2\/media\/38843"}],"wp:attachment":[{"href":"https:\/\/www.treatwell.fr\/identite\/wp-json\/wp\/v2\/media?parent=38838"}],"wp:term":[{"taxonomy":"category","embeddable":true,"href":"https:\/\/www.treatwell.fr\/identite\/wp-json\/wp\/v2\/categories?post=38838"},{"taxonomy":"post_tag","embeddable":true,"href":"https:\/\/www.treatwell.fr\/identite\/wp-json\/wp\/v2\/tags?post=38838"}],"curies":[{"name":"wp","href":"https:\/\/api.w.org\/{rel}","templated":true}]}}