{"id":38886,"date":"2018-09-07T19:01:17","date_gmt":"2018-09-07T17:01:17","guid":{"rendered":"https:\/\/www.treatwell.fr\/identite\/?p=15124"},"modified":"2025-12-15T22:47:52","modified_gmt":"2025-12-15T21:47:52","slug":"5-bonnes-raisons-dadopter-coloration-vegetale","status":"publish","type":"post","link":"https:\/\/www.treatwell.fr/identite\/5-bonnes-raisons-dadopter-coloration-vegetale\/","title":{"rendered":"5 bonnes raisons d&#8217;adopter la coloration v\u00e9g\u00e9tale  !"},"content":{"rendered":"<p>La coloration v\u00e9g\u00e9tale a le vent en poupe ! Il faut dire que si on adore changer de t\u00eate et apporter un coup de pep\u2019s \u00e0 notre crini\u00e8re avec des couleurs flamboyantes, le revers de la m\u00e9daille c\u2019est bien souvent une chevelure terne et d\u00e9shydrat\u00e9e. L\u2019option de la colo v\u00e9g\u00e9tale appara\u00eet alors id\u00e9ale ! Bien plus qu\u2019une simple coloration c\u2019est un vrai soin pour revigorer la fibre capillaire. Afin de bien comprendre en quoi consiste cette technique, on s\u2019est faufil\u00e9 dans le temple de la coloration v\u00e9g\u00e9tale : les salons <a href=\"https:\/\/www.biocoiff.com\/\">Biocoiff\u2019<\/a>. Plus exactement, on a pris place aux c\u00f4t\u00e9s d\u2019un expert en la mati\u00e8re : Gary. Fils de Charley -le fondateur de la marque Biocoiff\u2019- ce dernier a repris le flambeau de l\u2019entreprise familiale qui a mis au point des protocoles uniques et une gamme de produits d\u00e9di\u00e9s pour des colorations v\u00e9g\u00e9tales renversantes. R\u00e9f\u00e9rence en la mati\u00e8re, il n\u2019y avait pas meilleur endroit pour d\u00e9goter toutes les bonnes raisons de sauter le pas du v\u00e9g\u00e9tal !<\/p>\n<p>&nbsp;<\/p>\n<p>M\u00e9lanie Le Gall<\/p>\n<div class=\"schema-faq wp-block-yoast-faq-block\">\n<div class=\"schema-faq-section\" id=\"faq-question-1765835180229\">\n<h3 class=\"schema-faq-question\">Quelle diff\u00e9rence entre une coloration v\u00e9g\u00e9tale et une coloration classique ?<\/h3>\n<p class=\"schema-faq-answer\">Une coloration v\u00e9g\u00e9tale utilise uniquement des actifs naturels pour colorer tes cheveux et leur apporter de la brillance, tandis qu&#8217;une coloration classique repose sur des substances chimiques qui peuvent d\u00e9shydrater la fibre capillaire. En optant pour le v\u00e9g\u00e9tal, tu profites d&#8217;un soin qui sublime la chevelure tout en la pr\u00e9servant durablement.<\/div>\n<div class=\"schema-faq-section\" id=\"faq-question-1765835180230\">\n<h3 class=\"schema-faq-question\">Comment la coloration v\u00e9g\u00e9tale couvre-t-elle les cheveux blancs ?<\/h3>\n<p class=\"schema-faq-answer\">La coloration v\u00e9g\u00e9tale permet de camoufler 100% de tes cheveux blancs tout en prot\u00e9geant ta chevelure. Elle agit comme un soin qui apporte de la brillance, un effet gainant, et offre une couleur sur-mesure adapt\u00e9e \u00e0 ton historique capillaire.<\/div>\n<div class=\"schema-faq-section\" id=\"faq-question-1765835180231\">\n<h3 class=\"schema-faq-question\">Qui peut choisir la coloration v\u00e9g\u00e9tale ?<\/h3>\n<p class=\"schema-faq-answer\">Tout le monde peut opter pour la coloration v\u00e9g\u00e9tale, y compris pendant la grossesse ou en cas d\u2019allergie \u00e0 la coloration chimique. Cette alternative naturelle ne pr\u00e9sente aucun risque pour le b\u00e9b\u00e9 et convient parfaitement si tu souhaites \u00e9viter les produits chimiques tout en prenant soin de toi.<\/div>\n<div class=\"schema-faq-section\" id=\"faq-question-1765835180232\">\n<h3 class=\"schema-faq-question\">Quel r\u00e9sultat attendre sur la dur\u00e9e avec une coloration v\u00e9g\u00e9tale ?<\/h3>\n<p class=\"schema-faq-answer\">Tu profites d\u2019une couleur flamboyante qui dure longtemps gr\u00e2ce \u00e0 des pigments naturels qui adh\u00e8rent bien \u00e0 la fibre capillaire. Il te suffit de ne pas laver tes cheveux pendant 3 jours apr\u00e8s la prestation pour r\u00e9v\u00e9ler des reflets intenses et dire adieu \u00e0 l\u2019effet racine.<\/div>\n<div class=\"schema-faq-section\" id=\"faq-question-1765835180233\">\n<h3 class=\"schema-faq-question\">La coloration v\u00e9g\u00e9tale est-elle une d\u00e9marche \u00e9co-responsable ?<\/h3>\n<p class=\"schema-faq-answer\">Oui, choisir la coloration v\u00e9g\u00e9tale c\u2019est adopter une d\u00e9marche \u00e9co-responsable align\u00e9e avec le respect de la nature. Ce soin beaut\u00e9 pr\u00e9serve ta sant\u00e9 comme celle de l\u2019environnement et s\u2019inscrit dans une philosophie qui valorise le bien-\u00eatre global, avec des rituels de relaxation associ\u00e9s.<\/div>\n<\/p><\/div>\n","protected":false},"excerpt":{"rendered":"<p>La coloration v\u00e9g\u00e9tale a le vent en poupe ! Il faut dire que si on adore changer de t\u00eate et apporter un coup de pep\u2019s \u00e0 notre crini\u00e8re avec des couleurs flamboyantes, le revers de la m\u00e9daille c\u2019est bien souvent une chevelure terne et d\u00e9shydrat\u00e9e. L\u2019option de la colo v\u00e9g\u00e9tale appara\u00eet alors id\u00e9ale ! Bien [&hellip;]<\/p>\n","protected":false},"author":3319,"featured_media":38893,"comment_status":"closed","ping_status":"closed","sticky":false,"template":"","format":"standard","meta":{"_acf_changed":false,"_yoast_wpseo_title":"Coloration v\u00e9g\u00e9tale : bienfaits, tenue, protocole | Treatwell","_yoast_wpseo_metadesc":"Coloration v\u00e9g\u00e9tale : couvre les cheveux blancs, prot\u00e8ge ta chevelure, apporte brillance et couleur durable. Proc\u00e9d\u00e9, avantages et conseils pour un effet naturel au top.","_genesis_hide_title":false,"_genesis_hide_breadcrumbs":false,"_genesis_hide_singular_image":false,"_genesis_hide_footer_widgets":false,"_genesis_custom_body_class":"","_genesis_custom_post_class":"","_genesis_layout":"","saswp_custom_schema_field":"{\"@context\":\"https:\/\/schema.org\",\"@type\":\"FAQPage\",\"mainEntity\":[{\"@type\":\"Question\",\"name\":\"Quelle diff\u00e9rence entre une coloration v\u00e9g\u00e9tale et une coloration classique ?\",\"acceptedAnswer\":{\"@type\":\"Answer\",\"text\":\"Une coloration v\u00e9g\u00e9tale utilise uniquement des actifs naturels pour colorer tes cheveux et leur apporter de la brillance, tandis qu'une coloration classique repose sur des substances chimiques qui peuvent d\u00e9shydrater la fibre capillaire. En optant pour le v\u00e9g\u00e9tal, tu profites d'un soin qui sublime la chevelure tout en la pr\u00e9servant durablement.\"}},{\"@type\":\"Question\",\"name\":\"Comment la coloration v\u00e9g\u00e9tale couvre-t-elle les cheveux blancs ?\",\"acceptedAnswer\":{\"@type\":\"Answer\",\"text\":\"La coloration v\u00e9g\u00e9tale permet de camoufler 100% de tes cheveux blancs tout en prot\u00e9geant ta chevelure. Elle agit comme un soin qui apporte de la brillance, un effet gainant, et offre une couleur sur-mesure adapt\u00e9e \u00e0 ton historique capillaire.\"}},{\"@type\":\"Question\",\"name\":\"Qui peut choisir la coloration v\u00e9g\u00e9tale ?\",\"acceptedAnswer\":{\"@type\":\"Answer\",\"text\":\"Tout le monde peut opter pour la coloration v\u00e9g\u00e9tale, y compris pendant la grossesse ou en cas d\u2019allergie \u00e0 la coloration chimique. Cette alternative naturelle ne pr\u00e9sente aucun risque pour le b\u00e9b\u00e9 et convient parfaitement si tu souhaites \u00e9viter les produits chimiques tout en prenant soin de toi.\"}},{\"@type\":\"Question\",\"name\":\"Quel r\u00e9sultat attendre sur la dur\u00e9e avec une coloration v\u00e9g\u00e9tale ?\",\"acceptedAnswer\":{\"@type\":\"Answer\",\"text\":\"Tu profites d\u2019une couleur flamboyante qui dure longtemps gr\u00e2ce \u00e0 des pigments naturels qui adh\u00e8rent bien \u00e0 la fibre capillaire. Il te suffit de ne pas laver tes cheveux pendant 3 jours apr\u00e8s la prestation pour r\u00e9v\u00e9ler des reflets intenses et dire adieu \u00e0 l\u2019effet racine.\"}},{\"@type\":\"Question\",\"name\":\"La coloration v\u00e9g\u00e9tale est-elle une d\u00e9marche \u00e9co-responsable ?\",\"acceptedAnswer\":{\"@type\":\"Answer\",\"text\":\"Oui, choisir la coloration v\u00e9g\u00e9tale c\u2019est adopter une d\u00e9marche \u00e9co-responsable align\u00e9e avec le respect de la nature. Ce soin beaut\u00e9 pr\u00e9serve ta sant\u00e9 comme celle de l\u2019environnement et s\u2019inscrit dans une philosophie qui valorise le bien-\u00eatre global, avec des rituels de relaxation associ\u00e9s.\"}}]}","footnotes":""},"categories":[4],"tags":[40],"class_list":{"0":"post-38886","1":"post","2":"type-post","3":"status-publish","4":"format-standard","5":"has-post-thumbnail","7":"category-beaute","8":"tag-tr273","9":"entry"},"acf":{"post_credits":"Cr\u00e9dits : @shutterstock @enviedefraise @biocoiff @painthatmane @shiraz_photopage","beauty_blog_post_button_title":"","beauty_blog_post_button":"","landscape_picture":38892,"blocks":[{"block_title":"La coloration v\u00e9g\u00e9tale couvre les cheveux blancs tout en prot\u00e9geant notre crini\u00e8re !","block_content":"<p>On ne va pas vous mentir, m&ecirc;me si nos changements capillaires sont motiv&eacute;s par&nbsp;nos aspirations beaut&eacute;,&nbsp;il n&#039;en reste pas moins que l&#039;argument de taille d&#039;une&nbsp;coloration est de camoufler les (quelques) cheveux blancs qui ont d&eacute;cid&eacute; de pointer le bout de leur nez. La coloration v&eacute;g&eacute;tale a l&#039;avantage de couvrir 100% des cheveux blancs tout en pr&eacute;servant la chevelure. En effet, les actifs naturels vont colorer le cheveu et lui&nbsp;apporter&nbsp;de la brillance ainsi qu&#039;un&nbsp;effet gainant. Une belle valeur ajout&eacute;e !<\/p>\n\n<p>&quot;Chez Biocoiff&#039; explique Gary, chaque coloration est r&eacute;alis&eacute;e sur-mesure&quot;. Pour ce faire, le protocole s&#039;ouvre sur un diagnostic capillaire au sein duquel l&#039;histoire de nos cheveux est mise&nbsp;en lumi&egrave;re. L&#039;expert coloriste &eacute;coute les envies de la cliente puis &eacute;value ce qu&#039;il est possible de faire. Dans le cadre d&#039;une premi&egrave;re coloration v&eacute;g&eacute;tale, un masque &agrave; l&#039;argile est appliqu&eacute; (au pr&eacute;alable)&nbsp;pour d&eacute;toxifier le cheveu, ensuite un shampoing &agrave; l&#039;ortie qui favorise la pousse des cheveux est effectu&eacute;, puis vient le temps d&#039;appliquer la coloration v&eacute;g&eacute;tale en 1 ou 2 &eacute;tape(s) selon le pourcentage de cheveux blancs. Pour finir, un apr&egrave;s-shampoing fixateur de couleur &agrave; l&#039;Ylang-Ylang parfait la mise en beaut&eacute; du cheveu.&nbsp;<\/p>\n","video_content":"","block_picture":38887},{"block_title":"C'est une alli\u00e9e pour la sant\u00e9 de nos cheveux !","block_content":"<p>La crini&egrave;re qui nous fait r&ecirc;ver ? Une chevelure vigoureuse et&nbsp;brillante ! A force de colorer nos cheveux avec des produits chimiques, on voit notre r&ecirc;ve quelque peu s&#039;&eacute;loigner. De fait, les colorations &quot;classiques&quot; contiennent des substances chimiques qui vont d&eacute;shydrater la fibre capillaire et m&ecirc;me parfois changer la nature du cheveu. On constate alors que nos&nbsp;pointes deviennent ultra&nbsp;s&egrave;ches et que le cheveu ternit. &quot;La coloration v&eacute;g&eacute;tale quant &agrave; elle am&eacute;liore la qualit&eacute; du cheveu&quot; pr&eacute;cise&nbsp;Gary. Ce dernier devient plus consistant au toucher et r&eacute;sistant au stress et &agrave; la pollution. R&eacute;sultat des cheveux color&eacute;s, soign&eacute;s et en pleine sant&eacute; !<\/p>\n","video_content":"","block_picture":38888},{"block_title":"C'est une d\u00e9marche \u00e9co-responsable","block_content":"<p>La coloration v&eacute;g&eacute;tale semble avoir tout pour elle :&nbsp;elle lutte contre les produits chimiques et&nbsp;pr&eacute;serve la sant&eacute; du cheveu. Mais si&nbsp;elle sublime les chevelures, elle s&#039;inscrit &eacute;galement&nbsp;dans une d&eacute;marche &eacute;co-responsable en phase avec l&#039;environnement.&nbsp;<br \/>\n<br \/>\nBien plus encore, &quot;c&#039;est la&nbsp;r&eacute;sonance d&#039;une philosophie de vie&quot; nous confie Gary. &quot;Bien souvent, les adeptes de la coloration v&eacute;g&eacute;tale aiment prendre soin d&#039;eux, de leur alimentation, de la nature et de leur mental. Pr&eacute;cis&eacute;ment, chez Biocoiff&#039; nous pensons que prendre soin de soi c&#039;est aussi prendre soin de son mental. Dans cette optique nous avons d&eacute;velopp&eacute; en partenariat avec Mika de Brito - professeur de yoga reconnu- deux s&eacute;ances de m&eacute;ditations &agrave; destination de nos clientes. Des instants de bien-&ecirc;tre et de respiration pendant que la coloration v&eacute;g&eacute;tale pose.&quot;<\/p>\n","video_content":"","block_picture":38889},{"block_title":"Elle est parfaite pour une femme enceinte !","block_content":"<p>Si l&#039;on se tourne volontiers vers la coloration v&eacute;g&eacute;tale d&egrave;s lors que l&#039;on se d&eacute;couvre allergique &agrave; la coloration chimique, il est un heureux &eacute;v&egrave;nement pendant lequel la coloration naturelle devient notre meilleure&nbsp;amie : la&nbsp;grossesse.<br \/>\nL&#039;arriv&eacute;e prochaine d&#039;un petit bout&nbsp;bouscule tout et&nbsp;notre routine beaut&eacute; ne d&eacute;roge pas &agrave; la r&egrave;gle. On ne saisit plus le premier tube de cr&egrave;me qui passe &agrave; la va-vite pour tartiner son minois et surtout on r&eacute;fl&eacute;chit &agrave; deux fois avant de prendre son rendez-vous chez le coiffeur pour une coloration. En effet, les m&eacute;decins nous mettent de plus en plus en garde contre les effets potentiellement n&eacute;fastes de la coloration chimique&nbsp;sur le foetus, en raison&nbsp;des substances qui p&eacute;n&egrave;trent dans le syst&egrave;me sanguin.&nbsp;Si une envie irr&eacute;pressible de passer d&#039;un ch&acirc;tain &agrave; un roux flamboyant se fait sentir, optez alors pour une coloration 100% v&eacute;g&eacute;tale qui ne pr&eacute;sente aucun risque pour b&eacute;b&eacute; !<\/p>\n","video_content":"","block_picture":38890},{"block_title":"C'est l'assurance d'une jolie couleur pour longtemps","block_content":"<p>Si vous n&#039;avez pas d&eacute;j&agrave; succomb&eacute;&nbsp;aux nombreux charmes de la coloration v&eacute;g&eacute;tale, sachez que cette derni&egrave;re pr&eacute;sente l&#039;avantage de nous offrir une couleur flamboyante pour longtemps. La coloration v&eacute;g&eacute;tale vieillit (en effet) tr&egrave;s bien&nbsp;dans le temps. Cela s&#039;explique notamment par le fait que les ingr&eacute;dients naturels n&eacute;c&eacute;ssitent un&nbsp;temps de pose plus long&nbsp;et que&nbsp;les pigments peuvent ainsi bien mieux adh&eacute;rer &agrave; la fibre&nbsp;capillaire. De plus, la coloration continue &agrave; travailler apr&egrave;s l&#039;application : c&#039;est pourquoi &quot;chez Biocoiff&#039; il est demand&eacute; aux clientes de ne pas se laver les cheveux pendant 3 jours apr&egrave;s la coloration&quot; ajoute Gary. R&eacute;sultat ? Des reflets canon et bye bye l&#039;effet racine !<\/p>\n\n<p>Avec&nbsp;<a href=\"https:\/\/www.treatwell.fr\/\">Treatwell<\/a>, vous pouvez r&eacute;server vos soins beaut&eacute; en ligne et dans vos &eacute;tablissements pr&eacute;f&eacute;r&eacute;s &ndash; simple, rapide et tout &ccedil;a en un rien de temps. D&eacute;couvrez le salon de coiffure <a href=\"https:\/\/www.treatwell.fr\/salon\/biocoiff-convention\/\">Biocoiff&#039;-Convention<\/a> !<\/p>\n","video_content":"","block_picture":38891}]},"yoast_head":"<!-- This site is optimized with the Yoast SEO plugin v27.4 - https:\/\/yoast.com\/product\/yoast-seo-wordpress\/ -->\n<title>Coloration v\u00e9g\u00e9tale : bienfaits, tenue, protocole | Treatwell<\/title>\n<meta name=\"description\" content=\"Coloration v\u00e9g\u00e9tale : couvre les cheveux blancs, prot\u00e8ge ta chevelure, apporte brillance et couleur durable. Proc\u00e9d\u00e9, avantages et conseils pour un effet naturel au top.\" \/>\n<meta name=\"robots\" content=\"index, follow, max-snippet:-1, max-image-preview:large, max-video-preview:-1\" \/>\n<link rel=\"canonical\" href=\"https:\/\/www.treatwell.fr/identite\/5-bonnes-raisons-dadopter-coloration-vegetale\/\" \/>\n<meta property=\"og:locale\" content=\"fr_FR\" \/>\n<meta property=\"og:type\" content=\"article\" \/>\n<meta property=\"og:title\" content=\"Coloration v\u00e9g\u00e9tale : bienfaits, tenue, protocole | Treatwell\" \/>\n<meta property=\"og:description\" content=\"Coloration v\u00e9g\u00e9tale : couvre les cheveux blancs, prot\u00e8ge ta chevelure, apporte brillance et couleur durable. Proc\u00e9d\u00e9, avantages et conseils pour un effet naturel au top.\" \/>\n<meta property=\"og:url\" content=\"https:\/\/www.treatwell.fr/identite\/5-bonnes-raisons-dadopter-coloration-vegetale\/\" \/>\n<meta property=\"og:site_name\" content=\"Identit\u00e9\" \/>\n<meta property=\"article:published_time\" content=\"2018-09-07T17:01:17+00:00\" \/>\n<meta property=\"article:modified_time\" content=\"2025-12-15T21:47:52+00:00\" \/>\n<meta property=\"og:image\" content=\"https:\/\/www.treatwell.fr/identite\/wp-content\/uploads\/sites\/6\/2022\/03\/coloration-ve\u0301ge\u0301tale-image-a\u0300-la-une.jpg\" \/>\n\t<meta property=\"og:image:width\" content=\"500\" \/>\n\t<meta property=\"og:image:height\" content=\"600\" \/>\n\t<meta property=\"og:image:type\" content=\"image\/jpeg\" \/>\n<meta name=\"twitter:card\" content=\"summary_large_image\" \/>\n<meta name=\"twitter:label1\" content=\"\u00c9crit par\" \/>\n\t<meta name=\"twitter:data1\" content=\"\" \/>\n\t<meta name=\"twitter:label2\" content=\"Dur\u00e9e de lecture estim\u00e9e\" \/>\n\t<meta name=\"twitter:data2\" content=\"3 minutes\" \/>\n<script type=\"application\/ld+json\" class=\"yoast-schema-graph\">{\"@context\":\"https:\\\/\\\/schema.org\",\"@graph\":[{\"@type\":\"Article\",\"@id\":\"https:\\\/\\\/www.treatwell.fr/identite\\\/5-bonnes-raisons-dadopter-coloration-vegetale\\\/#article\",\"isPartOf\":{\"@id\":\"https:\\\/\\\/www.treatwell.fr/identite\\\/5-bonnes-raisons-dadopter-coloration-vegetale\\\/\"},\"author\":{\"name\":\"\",\"@id\":\"\"},\"headline\":\"5 bonnes raisons d&#8217;adopter la coloration v\u00e9g\u00e9tale !\",\"datePublished\":\"2018-09-07T17:01:17+00:00\",\"dateModified\":\"2025-12-15T21:47:52+00:00\",\"mainEntityOfPage\":{\"@id\":\"https:\\\/\\\/www.treatwell.fr/identite\\\/5-bonnes-raisons-dadopter-coloration-vegetale\\\/\"},\"wordCount\":519,\"publisher\":{\"@id\":\"https:\\\/\\\/www.treatwell.fr/identite\\\/#organization\"},\"image\":{\"@id\":\"https:\\\/\\\/www.treatwell.fr/identite\\\/5-bonnes-raisons-dadopter-coloration-vegetale\\\/#primaryimage\"},\"thumbnailUrl\":\"https:\\\/\\\/www.treatwell.fr/identite\\\/wp-content\\\/uploads\\\/sites\\\/6\\\/2022\\\/03\\\/coloration-ve\u0301ge\u0301tale-image-a\u0300-la-une.jpg\",\"keywords\":[\"Hair Colouring and Highlights\"],\"articleSection\":[\"Beaut\u00e9\"],\"inLanguage\":\"fr-FR\"},{\"@type\":\"WebPage\",\"@id\":\"https:\\\/\\\/www.treatwell.fr/identite\\\/5-bonnes-raisons-dadopter-coloration-vegetale\\\/\",\"url\":\"https:\\\/\\\/www.treatwell.fr/identite\\\/5-bonnes-raisons-dadopter-coloration-vegetale\\\/\",\"name\":\"Coloration v\u00e9g\u00e9tale : bienfaits, tenue, protocole | Treatwell\",\"isPartOf\":{\"@id\":\"https:\\\/\\\/www.treatwell.fr/identite\\\/#website\"},\"primaryImageOfPage\":{\"@id\":\"https:\\\/\\\/www.treatwell.fr/identite\\\/5-bonnes-raisons-dadopter-coloration-vegetale\\\/#primaryimage\"},\"image\":{\"@id\":\"https:\\\/\\\/www.treatwell.fr/identite\\\/5-bonnes-raisons-dadopter-coloration-vegetale\\\/#primaryimage\"},\"thumbnailUrl\":\"https:\\\/\\\/www.treatwell.fr/identite\\\/wp-content\\\/uploads\\\/sites\\\/6\\\/2022\\\/03\\\/coloration-ve\u0301ge\u0301tale-image-a\u0300-la-une.jpg\",\"datePublished\":\"2018-09-07T17:01:17+00:00\",\"dateModified\":\"2025-12-15T21:47:52+00:00\",\"description\":\"Coloration v\u00e9g\u00e9tale : couvre les cheveux blancs, prot\u00e8ge ta chevelure, apporte brillance et couleur durable. Proc\u00e9d\u00e9, avantages et conseils pour un effet naturel au top.\",\"breadcrumb\":{\"@id\":\"https:\\\/\\\/www.treatwell.fr/identite\\\/5-bonnes-raisons-dadopter-coloration-vegetale\\\/#breadcrumb\"},\"inLanguage\":\"fr-FR\",\"potentialAction\":[{\"@type\":\"ReadAction\",\"target\":[\"https:\\\/\\\/www.treatwell.fr/identite\\\/5-bonnes-raisons-dadopter-coloration-vegetale\\\/\"]}]},{\"@type\":\"ImageObject\",\"inLanguage\":\"fr-FR\",\"@id\":\"https:\\\/\\\/www.treatwell.fr/identite\\\/5-bonnes-raisons-dadopter-coloration-vegetale\\\/#primaryimage\",\"url\":\"https:\\\/\\\/www.treatwell.fr/identite\\\/wp-content\\\/uploads\\\/sites\\\/6\\\/2022\\\/03\\\/coloration-ve\u0301ge\u0301tale-image-a\u0300-la-une.jpg\",\"contentUrl\":\"https:\\\/\\\/www.treatwell.fr/identite\\\/wp-content\\\/uploads\\\/sites\\\/6\\\/2022\\\/03\\\/coloration-ve\u0301ge\u0301tale-image-a\u0300-la-une.jpg\",\"width\":500,\"height\":600},{\"@type\":\"BreadcrumbList\",\"@id\":\"https:\\\/\\\/www.treatwell.fr/identite\\\/5-bonnes-raisons-dadopter-coloration-vegetale\\\/#breadcrumb\",\"itemListElement\":[{\"@type\":\"ListItem\",\"position\":1,\"name\":\"Home\",\"item\":\"https:\\\/\\\/www.treatwell.fr/identite\\\/\"},{\"@type\":\"ListItem\",\"position\":2,\"name\":\"Beaut\u00e9\",\"item\":\"https:\\\/\\\/www.treatwell.fr/identite\\\/beaute\\\/\"},{\"@type\":\"ListItem\",\"position\":3,\"name\":\"5 bonnes raisons d&#8217;adopter la coloration v\u00e9g\u00e9tale !\"}]},{\"@type\":\"WebSite\",\"@id\":\"https:\\\/\\\/www.treatwell.fr/identite\\\/#website\",\"url\":\"https:\\\/\\\/www.treatwell.fr/identite\\\/\",\"name\":\"Identit\u00e9\",\"description\":\"Beaut\u00e9, Cheveux, Quotidien\",\"publisher\":{\"@id\":\"https:\\\/\\\/www.treatwell.fr/identite\\\/#organization\"},\"potentialAction\":[{\"@type\":\"SearchAction\",\"target\":{\"@type\":\"EntryPoint\",\"urlTemplate\":\"https:\\\/\\\/www.treatwell.fr/identite\\\/?s={search_term_string}\"},\"query-input\":{\"@type\":\"PropertyValueSpecification\",\"valueRequired\":true,\"valueName\":\"search_term_string\"}}],\"inLanguage\":\"fr-FR\"},{\"@type\":\"Organization\",\"@id\":\"https:\\\/\\\/www.treatwell.fr/identite\\\/#organization\",\"name\":\"Treatwell\",\"url\":\"https:\\\/\\\/www.treatwell.fr/identite\\\/\",\"logo\":{\"@type\":\"ImageObject\",\"inLanguage\":\"fr-FR\",\"@id\":\"https:\\\/\\\/www.treatwell.fr/identite\\\/#\\\/schema\\\/logo\\\/image\\\/\",\"url\":\"https:\\\/\\\/www.treatwell.fr/identite\\\/wp-content\\\/uploads\\\/sites\\\/6\\\/2022\\\/03\\\/logo_treatwell.png\",\"contentUrl\":\"https:\\\/\\\/www.treatwell.fr/identite\\\/wp-content\\\/uploads\\\/sites\\\/6\\\/2022\\\/03\\\/logo_treatwell.png\",\"width\":889,\"height\":164,\"caption\":\"Treatwell\"},\"image\":{\"@id\":\"https:\\\/\\\/www.treatwell.fr/identite\\\/#\\\/schema\\\/logo\\\/image\\\/\"}},{\"@type\":\"Person\",\"@id\":\"\",\"url\":\"https:\\\/\\\/www.treatwell.fr/identite\\\/author\\\/\"}]}<\/script>\n<!-- \/ Yoast SEO plugin. -->","yoast_head_json":{"title":"Coloration v\u00e9g\u00e9tale : bienfaits, tenue, protocole | Treatwell","description":"Coloration v\u00e9g\u00e9tale : couvre les cheveux blancs, prot\u00e8ge ta chevelure, apporte brillance et couleur durable. Proc\u00e9d\u00e9, avantages et conseils pour un effet naturel au top.","robots":{"index":"index","follow":"follow","max-snippet":"max-snippet:-1","max-image-preview":"max-image-preview:large","max-video-preview":"max-video-preview:-1"},"canonical":"https:\/\/www.treatwell.fr/identite\/5-bonnes-raisons-dadopter-coloration-vegetale\/","og_locale":"fr_FR","og_type":"article","og_title":"Coloration v\u00e9g\u00e9tale : bienfaits, tenue, protocole | Treatwell","og_description":"Coloration v\u00e9g\u00e9tale : couvre les cheveux blancs, prot\u00e8ge ta chevelure, apporte brillance et couleur durable. Proc\u00e9d\u00e9, avantages et conseils pour un effet naturel au top.","og_url":"https:\/\/www.treatwell.fr/identite\/5-bonnes-raisons-dadopter-coloration-vegetale\/","og_site_name":"Identit\u00e9","article_published_time":"2018-09-07T17:01:17+00:00","article_modified_time":"2025-12-15T21:47:52+00:00","og_image":[{"width":500,"height":600,"url":"https:\/\/www.treatwell.fr/identite\/wp-content\/uploads\/sites\/6\/2022\/03\/coloration-ve\u0301ge\u0301tale-image-a\u0300-la-une.jpg","type":"image\/jpeg"}],"twitter_card":"summary_large_image","twitter_misc":{"\u00c9crit par":"","Dur\u00e9e de lecture estim\u00e9e":"3 minutes"},"schema":{"@context":"https:\/\/schema.org","@graph":[{"@type":"Article","@id":"https:\/\/www.treatwell.fr/identite\/5-bonnes-raisons-dadopter-coloration-vegetale\/#article","isPartOf":{"@id":"https:\/\/www.treatwell.fr/identite\/5-bonnes-raisons-dadopter-coloration-vegetale\/"},"author":{"name":"","@id":""},"headline":"5 bonnes raisons d&#8217;adopter la coloration v\u00e9g\u00e9tale !","datePublished":"2018-09-07T17:01:17+00:00","dateModified":"2025-12-15T21:47:52+00:00","mainEntityOfPage":{"@id":"https:\/\/www.treatwell.fr/identite\/5-bonnes-raisons-dadopter-coloration-vegetale\/"},"wordCount":519,"publisher":{"@id":"https:\/\/www.treatwell.fr/identite\/#organization"},"image":{"@id":"https:\/\/www.treatwell.fr/identite\/5-bonnes-raisons-dadopter-coloration-vegetale\/#primaryimage"},"thumbnailUrl":"https:\/\/www.treatwell.fr/identite\/wp-content\/uploads\/sites\/6\/2022\/03\/coloration-ve\u0301ge\u0301tale-image-a\u0300-la-une.jpg","keywords":["Hair Colouring and Highlights"],"articleSection":["Beaut\u00e9"],"inLanguage":"fr-FR"},{"@type":"WebPage","@id":"https:\/\/www.treatwell.fr/identite\/5-bonnes-raisons-dadopter-coloration-vegetale\/","url":"https:\/\/www.treatwell.fr/identite\/5-bonnes-raisons-dadopter-coloration-vegetale\/","name":"Coloration v\u00e9g\u00e9tale : bienfaits, tenue, protocole | Treatwell","isPartOf":{"@id":"https:\/\/www.treatwell.fr/identite\/#website"},"primaryImageOfPage":{"@id":"https:\/\/www.treatwell.fr/identite\/5-bonnes-raisons-dadopter-coloration-vegetale\/#primaryimage"},"image":{"@id":"https:\/\/www.treatwell.fr/identite\/5-bonnes-raisons-dadopter-coloration-vegetale\/#primaryimage"},"thumbnailUrl":"https:\/\/www.treatwell.fr/identite\/wp-content\/uploads\/sites\/6\/2022\/03\/coloration-ve\u0301ge\u0301tale-image-a\u0300-la-une.jpg","datePublished":"2018-09-07T17:01:17+00:00","dateModified":"2025-12-15T21:47:52+00:00","description":"Coloration v\u00e9g\u00e9tale : couvre les cheveux blancs, prot\u00e8ge ta chevelure, apporte brillance et couleur durable. Proc\u00e9d\u00e9, avantages et conseils pour un effet naturel au top.","breadcrumb":{"@id":"https:\/\/www.treatwell.fr/identite\/5-bonnes-raisons-dadopter-coloration-vegetale\/#breadcrumb"},"inLanguage":"fr-FR","potentialAction":[{"@type":"ReadAction","target":["https:\/\/www.treatwell.fr/identite\/5-bonnes-raisons-dadopter-coloration-vegetale\/"]}]},{"@type":"ImageObject","inLanguage":"fr-FR","@id":"https:\/\/www.treatwell.fr/identite\/5-bonnes-raisons-dadopter-coloration-vegetale\/#primaryimage","url":"https:\/\/www.treatwell.fr/identite\/wp-content\/uploads\/sites\/6\/2022\/03\/coloration-ve\u0301ge\u0301tale-image-a\u0300-la-une.jpg","contentUrl":"https:\/\/www.treatwell.fr/identite\/wp-content\/uploads\/sites\/6\/2022\/03\/coloration-ve\u0301ge\u0301tale-image-a\u0300-la-une.jpg","width":500,"height":600},{"@type":"BreadcrumbList","@id":"https:\/\/www.treatwell.fr/identite\/5-bonnes-raisons-dadopter-coloration-vegetale\/#breadcrumb","itemListElement":[{"@type":"ListItem","position":1,"name":"Home","item":"https:\/\/www.treatwell.fr/identite\/"},{"@type":"ListItem","position":2,"name":"Beaut\u00e9","item":"https:\/\/www.treatwell.fr/identite\/beaute\/"},{"@type":"ListItem","position":3,"name":"5 bonnes raisons d&#8217;adopter la coloration v\u00e9g\u00e9tale !"}]},{"@type":"WebSite","@id":"https:\/\/www.treatwell.fr/identite\/#website","url":"https:\/\/www.treatwell.fr/identite\/","name":"Identit\u00e9","description":"Beaut\u00e9, Cheveux, Quotidien","publisher":{"@id":"https:\/\/www.treatwell.fr/identite\/#organization"},"potentialAction":[{"@type":"SearchAction","target":{"@type":"EntryPoint","urlTemplate":"https:\/\/www.treatwell.fr/identite\/?s={search_term_string}"},"query-input":{"@type":"PropertyValueSpecification","valueRequired":true,"valueName":"search_term_string"}}],"inLanguage":"fr-FR"},{"@type":"Organization","@id":"https:\/\/www.treatwell.fr/identite\/#organization","name":"Treatwell","url":"https:\/\/www.treatwell.fr/identite\/","logo":{"@type":"ImageObject","inLanguage":"fr-FR","@id":"https:\/\/www.treatwell.fr/identite\/#\/schema\/logo\/image\/","url":"https:\/\/www.treatwell.fr/identite\/wp-content\/uploads\/sites\/6\/2022\/03\/logo_treatwell.png","contentUrl":"https:\/\/www.treatwell.fr/identite\/wp-content\/uploads\/sites\/6\/2022\/03\/logo_treatwell.png","width":889,"height":164,"caption":"Treatwell"},"image":{"@id":"https:\/\/www.treatwell.fr/identite\/#\/schema\/logo\/image\/"}},{"@type":"Person","@id":"","url":"https:\/\/www.treatwell.fr/identite\/author\/"}]}},"featured_image_src":"https:\/\/www.treatwell.fr/identite\/wp-content\/uploads\/sites\/6\/2022\/03\/coloration-ve\u0301ge\u0301tale-image-a\u0300-la-une-500x400.jpg","featured_image_src_square":"https:\/\/www.treatwell.fr/identite\/wp-content\/uploads\/sites\/6\/2022\/03\/coloration-ve\u0301ge\u0301tale-image-a\u0300-la-une.jpg","author_info":{"display_name":"","author_link":"https:\/\/www.treatwell.fr/identite\/author\/"},"_links":{"self":[{"href":"https:\/\/www.treatwell.fr\/identite\/wp-json\/wp\/v2\/posts\/38886","targetHints":{"allow":["GET"]}}],"collection":[{"href":"https:\/\/www.treatwell.fr\/identite\/wp-json\/wp\/v2\/posts"}],"about":[{"href":"https:\/\/www.treatwell.fr\/identite\/wp-json\/wp\/v2\/types\/post"}],"author":[{"embeddable":true,"href":"https:\/\/www.treatwell.fr\/identite\/wp-json\/wp\/v2\/users\/3319"}],"replies":[{"embeddable":true,"href":"https:\/\/www.treatwell.fr\/identite\/wp-json\/wp\/v2\/comments?post=38886"}],"version-history":[{"count":0,"href":"https:\/\/www.treatwell.fr\/identite\/wp-json\/wp\/v2\/posts\/38886\/revisions"}],"wp:featuredmedia":[{"embeddable":true,"href":"https:\/\/www.treatwell.fr\/identite\/wp-json\/wp\/v2\/media\/38893"}],"wp:attachment":[{"href":"https:\/\/www.treatwell.fr\/identite\/wp-json\/wp\/v2\/media?parent=38886"}],"wp:term":[{"taxonomy":"category","embeddable":true,"href":"https:\/\/www.treatwell.fr\/identite\/wp-json\/wp\/v2\/categories?post=38886"},{"taxonomy":"post_tag","embeddable":true,"href":"https:\/\/www.treatwell.fr\/identite\/wp-json\/wp\/v2\/tags?post=38886"}],"curies":[{"name":"wp","href":"https:\/\/api.w.org\/{rel}","templated":true}]}}