{"id":39044,"date":"2018-09-21T10:29:15","date_gmt":"2018-09-21T08:29:15","guid":{"rendered":"https:\/\/www.treatwell.fr\/identite\/?p=15597"},"modified":"2025-12-15T22:47:58","modified_gmt":"2025-12-15T21:47:58","slug":"peau-fonction-cycle-menstruel","status":"publish","type":"post","link":"https:\/\/www.treatwell.fr/identite\/peau-fonction-cycle-menstruel\/","title":{"rendered":"Voici ce qui arrive \u00e0 notre peau en fonction de nos r\u00e8gles"},"content":{"rendered":"<p class=\"p1\">Notre peau est en constante \u00e9volution et son \u00e9tat, son apparence et sa sensibilit\u00e9 sont constamment soumis aux humeurs de nos hormones, dont le taux ne cesse de fluctuer\u00a0au fil du mois. En bref, l&#8217;\u00e9tat de notre peau varie en fonction du calendrier et de notre cycle menstruel.\u00a0Eh oui, les r\u00e8gles n&#8217;affectent pas seulement notre quotidien, mais aussi l&#8217;apparence de notre minois. Voici ce qui se passe vraiment, et comment faire pour limiter les d\u00e9g\u00e2ts.\u00a0Commencez \u00e0 cocher les cases de votre calendrier.<\/p>\n<div class=\"schema-faq wp-block-yoast-faq-block\">\n<div class=\"schema-faq-section\" id=\"faq-question-1765835125393\">\n<h3 class=\"schema-faq-question\">Comment la peau \u00e9volue-t-elle avant les r\u00e8gles ?<\/h3>\n<p class=\"schema-faq-answer\">Avant les r\u00e8gles, la peau devient plus grasse et les pores s&#8217;obstruent, provoquant points noirs et boutons. Le taux d&#8217;\u0153strog\u00e8nes chute, les cellules produisent plus de s\u00e9bum et la peau demande un nettoyage en profondeur matin et soir ainsi qu&#8217;un gommage doux.<\/div>\n<div class=\"schema-faq-section\" id=\"faq-question-1765835125394\">\n<h3 class=\"schema-faq-question\">Que se passe-t-il pour la peau pendant les r\u00e8gles ?<\/h3>\n<p class=\"schema-faq-answer\">Pendant les r\u00e8gles, la peau devient tr\u00e8s sensible et sujette aux inflammations, accueillant facilement les boutons. Le taux d&#8217;hormones est au plus bas, il est donc recommand\u00e9 de purifier l&#8217;\u00e9piderme en douceur, d&#8217;\u00e9viter les produits agressifs et de privil\u00e9gier l&#8217;eau, les l\u00e9gumes et les soins d\u00e9tox.<\/div>\n<div class=\"schema-faq-section\" id=\"faq-question-1765835125395\">\n<h3 class=\"schema-faq-question\">Quels soins privil\u00e9gier juste apr\u00e8s les r\u00e8gles ?<\/h3>\n<p class=\"schema-faq-answer\">Juste apr\u00e8s les r\u00e8gles, la peau est sensible, a tendance \u00e0 s\u2019ass\u00e9cher et \u00e0 se ternir. Il est conseill\u00e9 d\u2019\u00e9viter les soins du visage profonds, de choisir des produits apaisants comme l&#8217;alo\u00e9 vera, l&#8217;huile de coco, les s\u00e9rums \u00e0 la vitamine C et d\u2019opter pour un masque hydratant ou un soin du visage \u00e0 l\u2019oxyg\u00e8ne.<\/div>\n<div class=\"schema-faq-section\" id=\"faq-question-1765835125396\">\n<h3 class=\"schema-faq-question\">\u00c0 quel moment la peau retrouve-t-elle son \u00e9clat maximum ?<\/h3>\n<p class=\"schema-faq-answer\">Entre le 11e et le 21e jour du cycle, la peau est plus lisse et \u00e9clatante, offrant une p\u00e9riode id\u00e9ale pour un gommage ou un soin comme la microdermabrasion ou le peeling. Profite de ces 10 jours de r\u00e9pit pour poursuivre ta routine habituelle et miser sur des s\u00e9rums antioxydants et anti-vieillissement.<\/div>\n<div class=\"schema-faq-section\" id=\"faq-question-1765835125397\">\n<h3 class=\"schema-faq-question\">Quels gestes adopter pour limiter les imperfections pendant le cycle ?<\/h3>\n<p class=\"schema-faq-answer\">Pour limiter les imperfections, nettoie ta peau matin et soir, r\u00e9alise un gommage doux, \u00e9vite les produits agressifs et veille \u00e0 bien t&#8217;hydrater. Adaptation de la routine beaut\u00e9 et attention particuli\u00e8re lors des phases sensibles du cycle contribuent \u00e0 pr\u00e9server un teint \u00e9clatant et \u00e9quilibr\u00e9.<\/div>\n<\/p><\/div>\n","protected":false},"excerpt":{"rendered":"<p>Notre peau est en constante \u00e9volution et son \u00e9tat, son apparence et sa sensibilit\u00e9 sont constamment soumis aux humeurs de nos hormones, dont le taux ne cesse de fluctuer\u00a0au fil du mois. En bref, l&#8217;\u00e9tat de notre peau varie en fonction du calendrier et de notre cycle menstruel.\u00a0Eh oui, les r\u00e8gles n&#8217;affectent pas seulement notre [&hellip;]<\/p>\n","protected":false},"author":3366,"featured_media":39046,"comment_status":"closed","ping_status":"closed","sticky":false,"template":"","format":"standard","meta":{"_acf_changed":false,"_yoast_wpseo_title":"Soins visage et cycle menstruel : conseils beaut\u00e9 | Treatwell","_yoast_wpseo_metadesc":"Peau grasse avant r\u00e8gles, sensible pendant, s\u00e8che apr\u00e8s : d\u00e9couvre comment adapter ta routine beaut\u00e9 \u00e0 chaque phase du cycle menstruel pour une peau \u00e9clatante.","_genesis_hide_title":false,"_genesis_hide_breadcrumbs":false,"_genesis_hide_singular_image":false,"_genesis_hide_footer_widgets":false,"_genesis_custom_body_class":"","_genesis_custom_post_class":"","_genesis_layout":"","saswp_custom_schema_field":"{\"@context\":\"https:\/\/schema.org\",\"@type\":\"FAQPage\",\"mainEntity\":[{\"@type\":\"Question\",\"name\":\"Comment la peau \u00e9volue-t-elle avant les r\u00e8gles ?\",\"acceptedAnswer\":{\"@type\":\"Answer\",\"text\":\"Avant les r\u00e8gles, la peau devient plus grasse et les pores s'obstruent, provoquant points noirs et boutons. Le taux d'\u0153strog\u00e8nes chute, les cellules produisent plus de s\u00e9bum et la peau demande un nettoyage en profondeur matin et soir ainsi qu'un gommage doux.\"}},{\"@type\":\"Question\",\"name\":\"Que se passe-t-il pour la peau pendant les r\u00e8gles ?\",\"acceptedAnswer\":{\"@type\":\"Answer\",\"text\":\"Pendant les r\u00e8gles, la peau devient tr\u00e8s sensible et sujette aux inflammations, accueillant facilement les boutons. Le taux d'hormones est au plus bas, il est donc recommand\u00e9 de purifier l'\u00e9piderme en douceur, d'\u00e9viter les produits agressifs et de privil\u00e9gier l'eau, les l\u00e9gumes et les soins d\u00e9tox.\"}},{\"@type\":\"Question\",\"name\":\"Quels soins privil\u00e9gier juste apr\u00e8s les r\u00e8gles ?\",\"acceptedAnswer\":{\"@type\":\"Answer\",\"text\":\"Juste apr\u00e8s les r\u00e8gles, la peau est sensible, a tendance \u00e0 s\u2019ass\u00e9cher et \u00e0 se ternir. Il est conseill\u00e9 d\u2019\u00e9viter les soins du visage profonds, de choisir des produits apaisants comme l'alo\u00e9 vera, l'huile de coco, les s\u00e9rums \u00e0 la vitamine C et d\u2019opter pour un masque hydratant ou un soin du visage \u00e0 l\u2019oxyg\u00e8ne.\"}},{\"@type\":\"Question\",\"name\":\"\u00c0 quel moment la peau retrouve-t-elle son \u00e9clat maximum ?\",\"acceptedAnswer\":{\"@type\":\"Answer\",\"text\":\"Entre le 11e et le 21e jour du cycle, la peau est plus lisse et \u00e9clatante, offrant une p\u00e9riode id\u00e9ale pour un gommage ou un soin comme la microdermabrasion ou le peeling. Profite de ces 10 jours de r\u00e9pit pour poursuivre ta routine habituelle et miser sur des s\u00e9rums antioxydants et anti-vieillissement.\"}},{\"@type\":\"Question\",\"name\":\"Quels gestes adopter pour limiter les imperfections pendant le cycle ?\",\"acceptedAnswer\":{\"@type\":\"Answer\",\"text\":\"Pour limiter les imperfections, nettoie ta peau matin et soir, r\u00e9alise un gommage doux, \u00e9vite les produits agressifs et veille \u00e0 bien t'hydrater. Adaptation de la routine beaut\u00e9 et attention particuli\u00e8re lors des phases sensibles du cycle contribuent \u00e0 pr\u00e9server un teint \u00e9clatant et \u00e9quilibr\u00e9.\"}}]}","footnotes":""},"categories":[4],"tags":[109,63,102],"class_list":{"0":"post-39044","1":"post","2":"type-post","3":"status-publish","4":"format-standard","5":"has-post-thumbnail","7":"category-beaute","8":"tag-tr30","9":"tag-tr50","10":"tag-tr241","11":"entry"},"acf":{"post_credits":"","beauty_blog_post_button_title":"","beauty_blog_post_button":"","landscape_picture":39045,"blocks":[{"block_title":"Avant les r\u00e8gles : l\u2019apocalypse","block_content":"Sans vouloir dramatiser (mais un peu quand m\u00eame) c&#039;est juste avant les r\u00e8gles que la peau est au pire de sa forme. Le taux d&#039;oestrog\u00e8nes est en chute libre et les cellules de l'\u00e9piderme vont se mettre \u00e0 produire plus de s\u00e9bum\u00a0qu&#039;\u00e0 la normale. Au rendez-vous : peau grasse, pores obstru\u00e9s, points noirs et\u00a0boutons.\u00a0Assurez-vous de nettoyer votre peau en profondeur matin ET soir et\u00a0adonnez-vous \u00e0 un gommage doux pour\u00a0d\u00e9sincruster\u00a0les pores.\n\n<a href=\"https:\/\/www.treatwell.fr\/identite\/liberer-visage-pores-obstrues\/\">Plus de conseils pour lib\u00e9rer les pores obstru\u00e9s, this way !<\/a>","video_content":"","block_picture":null},{"block_title":"Pendant les r\u00e8gles : le chaos","block_content":"Pendant les r\u00e8gles, le taux d&#039;hormones est au plus bas et les <a href=\"https:\/\/www.treatwell.fr\/identite\/6-choses-favorisent-lapparition-boutons\/\">boutons vont\u00a0profiter du moindre \u00e9cart<\/a> pour s&#039;installer. La peau devient tr\u00e8s sensible et plus sujette aux inflammations. C&#039;est le moment d&#039;adapter sa routine beaut\u00e9 pour purifier l'\u00e9piderme en douceur. \u00c9vitez les produits trop agressifs, buvez beaucoup d&#039;eau et faites le plein de l\u00e9gumes. Un peu de d\u00e9tox s&#039;impose ! \u00c0 ce stade l\u00e0, le plus important va \u00eatre de d\u00e9toxifier l'organisme et de se d\u00e9barrasser des toxines, alors le sport, le hammam et le sauna seront vos meilleurs alli\u00e9s.\u00a0Ainsi que les exfoliants contenant des acides salicyliques.","video_content":"","block_picture":null},{"block_title":"Jour 5 \u00e0 10 apr\u00e8s r\u00e8gles : le retour \u00e0 l\u2019ordre","block_content":"\u00c0 ce stade l\u00e0, la situation va l\u00e9g\u00e8rement se calmer. Toutefois, c&#039;est pas non plus la joie. La peau devient\u00a0tr\u00e8s sensible, s&#039;ass\u00e8che,\u00a0se ternit, et son\u00a0grain\u00a0se fait plus visible. Tout va se jouer au niveau de la r\u00e9paration et de l'hydratation. \u00c9vitez les\u00a0soins du visage profonds ou l'\u00e9pilation du visage, qui pourraient entra\u00eener des rougeurs et des irritations. Favorisez plut\u00f4t\u00a0les\u00a0produits apaisants comme l'alo\u00e9 vera, l'huile de coco, les s\u00e9rums contenant de la vitamine C et les masques hydratants. Un soin du visage \u00e0 l'oxyg\u00e8ne est aussi une excellente id\u00e9e pour un bon coup d&#039;hydratation profonde.","video_content":"","block_picture":null},{"block_title":"Jour 11 \u00e0 21 : l\u2019\u00e9clat \u00e0 son apog\u00e9e","block_content":"All\u00e9luia ! On s&#039;en sort enfin. 10 heureux jours de r\u00e9pit o\u00f9 la peau se fait plus lisse et \u00e9clatante. C&#039;est le moment parfait\u00a0pour s&#039;adonner \u00e0 un gommage (une \u00e0 deux fois par semaine) ou \u00e0 un traitement de type <a href=\"https:\/\/www.treatwell.fr\/identite\/microdermabrasion-vs-microneedling-faites-votre-choix\/\">microdermabrasion<\/a> ou peeling. Pour ce qui est du reste, pensez \u00e0 vous accorder beaucoup de\u00a0sommeil, restez\u00a0loin du stress et continuez votre skincare routine habituelle avec des\u00a0s\u00e9rums antioxydants et\u00a0anti-vieillissement. Et profitez de ces 10 jours d&#039;\u00e9clat rayonnant !\n\n<a href=\"https:\/\/www.treatwell.fr\/salons\/soin-microdermabrasion\/offre-type-local\/dans-paris-france\/\">On teste la microdermabrasion ?<\/a>\n\nAvec <a href=\"https:\/\/www.treatwell.fr\/\">Treatwell<\/a>, vous pouvez r\u00e9server vos soins beaut\u00e9 en ligne et dans vos \u00e9tablissements pr\u00e9f\u00e9r\u00e9s - simple, rapide et tout \u00e7a en un rien de temps. <a href=\"https:\/\/www.treatwell.fr\/salons\/soin-soin-du-visage-femme\/offre-type-local\/dans-paris-france\/\">D\u00e9couvrez des adresses canon pr\u00e8s de chez vous.<\/a>","video_content":"","block_picture":null}]},"yoast_head":"<!-- This site is optimized with the Yoast SEO plugin v27.4 - https:\/\/yoast.com\/product\/yoast-seo-wordpress\/ -->\n<title>Soins visage et cycle menstruel : conseils beaut\u00e9 | Treatwell<\/title>\n<meta name=\"description\" content=\"Peau grasse avant r\u00e8gles, sensible pendant, s\u00e8che apr\u00e8s : d\u00e9couvre comment adapter ta routine beaut\u00e9 \u00e0 chaque phase du cycle menstruel pour une peau \u00e9clatante.\" \/>\n<meta name=\"robots\" content=\"index, follow, max-snippet:-1, max-image-preview:large, max-video-preview:-1\" \/>\n<link rel=\"canonical\" href=\"https:\/\/www.treatwell.fr/identite\/peau-fonction-cycle-menstruel\/\" \/>\n<meta property=\"og:locale\" content=\"fr_FR\" \/>\n<meta property=\"og:type\" content=\"article\" \/>\n<meta property=\"og:title\" content=\"Soins visage et cycle menstruel : conseils beaut\u00e9 | Treatwell\" \/>\n<meta property=\"og:description\" content=\"Peau grasse avant r\u00e8gles, sensible pendant, s\u00e8che apr\u00e8s : d\u00e9couvre comment adapter ta routine beaut\u00e9 \u00e0 chaque phase du cycle menstruel pour une peau \u00e9clatante.\" \/>\n<meta property=\"og:url\" content=\"https:\/\/www.treatwell.fr/identite\/peau-fonction-cycle-menstruel\/\" \/>\n<meta property=\"og:site_name\" content=\"Identit\u00e9\" \/>\n<meta property=\"article:published_time\" content=\"2018-09-21T08:29:15+00:00\" \/>\n<meta property=\"article:modified_time\" content=\"2025-12-15T21:47:58+00:00\" \/>\n<meta property=\"og:image\" content=\"https:\/\/www.treatwell.fr/identite\/wp-content\/uploads\/sites\/6\/2022\/03\/ezgif-1-947ccda463.jpg\" \/>\n\t<meta property=\"og:image:width\" content=\"500\" \/>\n\t<meta property=\"og:image:height\" content=\"600\" \/>\n\t<meta property=\"og:image:type\" content=\"image\/jpeg\" \/>\n<meta name=\"author\" content=\"Beth Ryan\" \/>\n<meta name=\"twitter:card\" content=\"summary_large_image\" \/>\n<meta name=\"twitter:label1\" content=\"\u00c9crit par\" \/>\n\t<meta name=\"twitter:data1\" content=\"Beth Ryan\" \/>\n\t<meta name=\"twitter:label2\" content=\"Dur\u00e9e de lecture estim\u00e9e\" \/>\n\t<meta name=\"twitter:data2\" content=\"2 minutes\" \/>\n<script type=\"application\/ld+json\" class=\"yoast-schema-graph\">{\"@context\":\"https:\\\/\\\/schema.org\",\"@graph\":[{\"@type\":\"Article\",\"@id\":\"https:\\\/\\\/www.treatwell.fr/identite\\\/peau-fonction-cycle-menstruel\\\/#article\",\"isPartOf\":{\"@id\":\"https:\\\/\\\/www.treatwell.fr/identite\\\/peau-fonction-cycle-menstruel\\\/\"},\"author\":{\"name\":\"Beth Ryan\",\"@id\":\"https:\\\/\\\/www.treatwell.fr/identite\\\/#\\\/schema\\\/person\\\/45be8f7781947e6c6d31f4b658271bf6\"},\"headline\":\"Voici ce qui arrive \u00e0 notre peau en fonction de nos r\u00e8gles\",\"datePublished\":\"2018-09-21T08:29:15+00:00\",\"dateModified\":\"2025-12-15T21:47:58+00:00\",\"mainEntityOfPage\":{\"@id\":\"https:\\\/\\\/www.treatwell.fr/identite\\\/peau-fonction-cycle-menstruel\\\/\"},\"wordCount\":415,\"publisher\":{\"@id\":\"https:\\\/\\\/www.treatwell.fr/identite\\\/#organization\"},\"image\":{\"@id\":\"https:\\\/\\\/www.treatwell.fr/identite\\\/peau-fonction-cycle-menstruel\\\/#primaryimage\"},\"thumbnailUrl\":\"https:\\\/\\\/www.treatwell.fr/identite\\\/wp-content\\\/uploads\\\/sites\\\/6\\\/2022\\\/03\\\/ezgif-1-947ccda463.jpg\",\"keywords\":[\"Chemical Peel\",\"Facials\",\"Microdermabrasion\"],\"articleSection\":[\"Beaut\u00e9\"],\"inLanguage\":\"fr-FR\"},{\"@type\":\"WebPage\",\"@id\":\"https:\\\/\\\/www.treatwell.fr/identite\\\/peau-fonction-cycle-menstruel\\\/\",\"url\":\"https:\\\/\\\/www.treatwell.fr/identite\\\/peau-fonction-cycle-menstruel\\\/\",\"name\":\"Soins visage et cycle menstruel : conseils beaut\u00e9 | Treatwell\",\"isPartOf\":{\"@id\":\"https:\\\/\\\/www.treatwell.fr/identite\\\/#website\"},\"primaryImageOfPage\":{\"@id\":\"https:\\\/\\\/www.treatwell.fr/identite\\\/peau-fonction-cycle-menstruel\\\/#primaryimage\"},\"image\":{\"@id\":\"https:\\\/\\\/www.treatwell.fr/identite\\\/peau-fonction-cycle-menstruel\\\/#primaryimage\"},\"thumbnailUrl\":\"https:\\\/\\\/www.treatwell.fr/identite\\\/wp-content\\\/uploads\\\/sites\\\/6\\\/2022\\\/03\\\/ezgif-1-947ccda463.jpg\",\"datePublished\":\"2018-09-21T08:29:15+00:00\",\"dateModified\":\"2025-12-15T21:47:58+00:00\",\"description\":\"Peau grasse avant r\u00e8gles, sensible pendant, s\u00e8che apr\u00e8s : d\u00e9couvre comment adapter ta routine beaut\u00e9 \u00e0 chaque phase du cycle menstruel pour une peau \u00e9clatante.\",\"breadcrumb\":{\"@id\":\"https:\\\/\\\/www.treatwell.fr/identite\\\/peau-fonction-cycle-menstruel\\\/#breadcrumb\"},\"inLanguage\":\"fr-FR\",\"potentialAction\":[{\"@type\":\"ReadAction\",\"target\":[\"https:\\\/\\\/www.treatwell.fr/identite\\\/peau-fonction-cycle-menstruel\\\/\"]}]},{\"@type\":\"ImageObject\",\"inLanguage\":\"fr-FR\",\"@id\":\"https:\\\/\\\/www.treatwell.fr/identite\\\/peau-fonction-cycle-menstruel\\\/#primaryimage\",\"url\":\"https:\\\/\\\/www.treatwell.fr/identite\\\/wp-content\\\/uploads\\\/sites\\\/6\\\/2022\\\/03\\\/ezgif-1-947ccda463.jpg\",\"contentUrl\":\"https:\\\/\\\/www.treatwell.fr/identite\\\/wp-content\\\/uploads\\\/sites\\\/6\\\/2022\\\/03\\\/ezgif-1-947ccda463.jpg\",\"width\":500,\"height\":600},{\"@type\":\"BreadcrumbList\",\"@id\":\"https:\\\/\\\/www.treatwell.fr/identite\\\/peau-fonction-cycle-menstruel\\\/#breadcrumb\",\"itemListElement\":[{\"@type\":\"ListItem\",\"position\":1,\"name\":\"Home\",\"item\":\"https:\\\/\\\/www.treatwell.fr/identite\\\/\"},{\"@type\":\"ListItem\",\"position\":2,\"name\":\"Beaut\u00e9\",\"item\":\"https:\\\/\\\/www.treatwell.fr/identite\\\/beaute\\\/\"},{\"@type\":\"ListItem\",\"position\":3,\"name\":\"Voici ce qui arrive \u00e0 notre peau en fonction de nos r\u00e8gles\"}]},{\"@type\":\"WebSite\",\"@id\":\"https:\\\/\\\/www.treatwell.fr/identite\\\/#website\",\"url\":\"https:\\\/\\\/www.treatwell.fr/identite\\\/\",\"name\":\"Identit\u00e9\",\"description\":\"Beaut\u00e9, Cheveux, Quotidien\",\"publisher\":{\"@id\":\"https:\\\/\\\/www.treatwell.fr/identite\\\/#organization\"},\"potentialAction\":[{\"@type\":\"SearchAction\",\"target\":{\"@type\":\"EntryPoint\",\"urlTemplate\":\"https:\\\/\\\/www.treatwell.fr/identite\\\/?s={search_term_string}\"},\"query-input\":{\"@type\":\"PropertyValueSpecification\",\"valueRequired\":true,\"valueName\":\"search_term_string\"}}],\"inLanguage\":\"fr-FR\"},{\"@type\":\"Organization\",\"@id\":\"https:\\\/\\\/www.treatwell.fr/identite\\\/#organization\",\"name\":\"Treatwell\",\"url\":\"https:\\\/\\\/www.treatwell.fr/identite\\\/\",\"logo\":{\"@type\":\"ImageObject\",\"inLanguage\":\"fr-FR\",\"@id\":\"https:\\\/\\\/www.treatwell.fr/identite\\\/#\\\/schema\\\/logo\\\/image\\\/\",\"url\":\"https:\\\/\\\/www.treatwell.fr/identite\\\/wp-content\\\/uploads\\\/sites\\\/6\\\/2022\\\/03\\\/logo_treatwell.png\",\"contentUrl\":\"https:\\\/\\\/www.treatwell.fr/identite\\\/wp-content\\\/uploads\\\/sites\\\/6\\\/2022\\\/03\\\/logo_treatwell.png\",\"width\":889,\"height\":164,\"caption\":\"Treatwell\"},\"image\":{\"@id\":\"https:\\\/\\\/www.treatwell.fr/identite\\\/#\\\/schema\\\/logo\\\/image\\\/\"}},{\"@type\":\"Person\",\"@id\":\"https:\\\/\\\/www.treatwell.fr/identite\\\/#\\\/schema\\\/person\\\/45be8f7781947e6c6d31f4b658271bf6\",\"name\":\"Beth Ryan\",\"image\":{\"@type\":\"ImageObject\",\"inLanguage\":\"fr-FR\",\"@id\":\"https:\\\/\\\/secure.gravatar.com\\\/avatar\\\/93502c3b0591e62d75cc697ff3b5b8f47fef521e9dd0d61feb5570ae6d459200?s=96&d=mm&r=g\",\"url\":\"https:\\\/\\\/secure.gravatar.com\\\/avatar\\\/93502c3b0591e62d75cc697ff3b5b8f47fef521e9dd0d61feb5570ae6d459200?s=96&d=mm&r=g\",\"contentUrl\":\"https:\\\/\\\/secure.gravatar.com\\\/avatar\\\/93502c3b0591e62d75cc697ff3b5b8f47fef521e9dd0d61feb5570ae6d459200?s=96&d=mm&r=g\",\"caption\":\"Beth Ryan\"},\"url\":\"https:\\\/\\\/www.treatwell.fr/identite\\\/author\\\/bethanyryan\\\/\"}]}<\/script>\n<!-- \/ Yoast SEO plugin. -->","yoast_head_json":{"title":"Soins visage et cycle menstruel : conseils beaut\u00e9 | Treatwell","description":"Peau grasse avant r\u00e8gles, sensible pendant, s\u00e8che apr\u00e8s : d\u00e9couvre comment adapter ta routine beaut\u00e9 \u00e0 chaque phase du cycle menstruel pour une peau \u00e9clatante.","robots":{"index":"index","follow":"follow","max-snippet":"max-snippet:-1","max-image-preview":"max-image-preview:large","max-video-preview":"max-video-preview:-1"},"canonical":"https:\/\/www.treatwell.fr/identite\/peau-fonction-cycle-menstruel\/","og_locale":"fr_FR","og_type":"article","og_title":"Soins visage et cycle menstruel : conseils beaut\u00e9 | Treatwell","og_description":"Peau grasse avant r\u00e8gles, sensible pendant, s\u00e8che apr\u00e8s : d\u00e9couvre comment adapter ta routine beaut\u00e9 \u00e0 chaque phase du cycle menstruel pour une peau \u00e9clatante.","og_url":"https:\/\/www.treatwell.fr/identite\/peau-fonction-cycle-menstruel\/","og_site_name":"Identit\u00e9","article_published_time":"2018-09-21T08:29:15+00:00","article_modified_time":"2025-12-15T21:47:58+00:00","og_image":[{"width":500,"height":600,"url":"https:\/\/www.treatwell.fr/identite\/wp-content\/uploads\/sites\/6\/2022\/03\/ezgif-1-947ccda463.jpg","type":"image\/jpeg"}],"author":"Beth Ryan","twitter_card":"summary_large_image","twitter_misc":{"\u00c9crit par":"Beth Ryan","Dur\u00e9e de lecture estim\u00e9e":"2 minutes"},"schema":{"@context":"https:\/\/schema.org","@graph":[{"@type":"Article","@id":"https:\/\/www.treatwell.fr/identite\/peau-fonction-cycle-menstruel\/#article","isPartOf":{"@id":"https:\/\/www.treatwell.fr/identite\/peau-fonction-cycle-menstruel\/"},"author":{"name":"Beth Ryan","@id":"https:\/\/www.treatwell.fr/identite\/#\/schema\/person\/45be8f7781947e6c6d31f4b658271bf6"},"headline":"Voici ce qui arrive \u00e0 notre peau en fonction de nos r\u00e8gles","datePublished":"2018-09-21T08:29:15+00:00","dateModified":"2025-12-15T21:47:58+00:00","mainEntityOfPage":{"@id":"https:\/\/www.treatwell.fr/identite\/peau-fonction-cycle-menstruel\/"},"wordCount":415,"publisher":{"@id":"https:\/\/www.treatwell.fr/identite\/#organization"},"image":{"@id":"https:\/\/www.treatwell.fr/identite\/peau-fonction-cycle-menstruel\/#primaryimage"},"thumbnailUrl":"https:\/\/www.treatwell.fr/identite\/wp-content\/uploads\/sites\/6\/2022\/03\/ezgif-1-947ccda463.jpg","keywords":["Chemical Peel","Facials","Microdermabrasion"],"articleSection":["Beaut\u00e9"],"inLanguage":"fr-FR"},{"@type":"WebPage","@id":"https:\/\/www.treatwell.fr/identite\/peau-fonction-cycle-menstruel\/","url":"https:\/\/www.treatwell.fr/identite\/peau-fonction-cycle-menstruel\/","name":"Soins visage et cycle menstruel : conseils beaut\u00e9 | Treatwell","isPartOf":{"@id":"https:\/\/www.treatwell.fr/identite\/#website"},"primaryImageOfPage":{"@id":"https:\/\/www.treatwell.fr/identite\/peau-fonction-cycle-menstruel\/#primaryimage"},"image":{"@id":"https:\/\/www.treatwell.fr/identite\/peau-fonction-cycle-menstruel\/#primaryimage"},"thumbnailUrl":"https:\/\/www.treatwell.fr/identite\/wp-content\/uploads\/sites\/6\/2022\/03\/ezgif-1-947ccda463.jpg","datePublished":"2018-09-21T08:29:15+00:00","dateModified":"2025-12-15T21:47:58+00:00","description":"Peau grasse avant r\u00e8gles, sensible pendant, s\u00e8che apr\u00e8s : d\u00e9couvre comment adapter ta routine beaut\u00e9 \u00e0 chaque phase du cycle menstruel pour une peau \u00e9clatante.","breadcrumb":{"@id":"https:\/\/www.treatwell.fr/identite\/peau-fonction-cycle-menstruel\/#breadcrumb"},"inLanguage":"fr-FR","potentialAction":[{"@type":"ReadAction","target":["https:\/\/www.treatwell.fr/identite\/peau-fonction-cycle-menstruel\/"]}]},{"@type":"ImageObject","inLanguage":"fr-FR","@id":"https:\/\/www.treatwell.fr/identite\/peau-fonction-cycle-menstruel\/#primaryimage","url":"https:\/\/www.treatwell.fr/identite\/wp-content\/uploads\/sites\/6\/2022\/03\/ezgif-1-947ccda463.jpg","contentUrl":"https:\/\/www.treatwell.fr/identite\/wp-content\/uploads\/sites\/6\/2022\/03\/ezgif-1-947ccda463.jpg","width":500,"height":600},{"@type":"BreadcrumbList","@id":"https:\/\/www.treatwell.fr/identite\/peau-fonction-cycle-menstruel\/#breadcrumb","itemListElement":[{"@type":"ListItem","position":1,"name":"Home","item":"https:\/\/www.treatwell.fr/identite\/"},{"@type":"ListItem","position":2,"name":"Beaut\u00e9","item":"https:\/\/www.treatwell.fr/identite\/beaute\/"},{"@type":"ListItem","position":3,"name":"Voici ce qui arrive \u00e0 notre peau en fonction de nos r\u00e8gles"}]},{"@type":"WebSite","@id":"https:\/\/www.treatwell.fr/identite\/#website","url":"https:\/\/www.treatwell.fr/identite\/","name":"Identit\u00e9","description":"Beaut\u00e9, Cheveux, Quotidien","publisher":{"@id":"https:\/\/www.treatwell.fr/identite\/#organization"},"potentialAction":[{"@type":"SearchAction","target":{"@type":"EntryPoint","urlTemplate":"https:\/\/www.treatwell.fr/identite\/?s={search_term_string}"},"query-input":{"@type":"PropertyValueSpecification","valueRequired":true,"valueName":"search_term_string"}}],"inLanguage":"fr-FR"},{"@type":"Organization","@id":"https:\/\/www.treatwell.fr/identite\/#organization","name":"Treatwell","url":"https:\/\/www.treatwell.fr/identite\/","logo":{"@type":"ImageObject","inLanguage":"fr-FR","@id":"https:\/\/www.treatwell.fr/identite\/#\/schema\/logo\/image\/","url":"https:\/\/www.treatwell.fr/identite\/wp-content\/uploads\/sites\/6\/2022\/03\/logo_treatwell.png","contentUrl":"https:\/\/www.treatwell.fr/identite\/wp-content\/uploads\/sites\/6\/2022\/03\/logo_treatwell.png","width":889,"height":164,"caption":"Treatwell"},"image":{"@id":"https:\/\/www.treatwell.fr/identite\/#\/schema\/logo\/image\/"}},{"@type":"Person","@id":"https:\/\/www.treatwell.fr/identite\/#\/schema\/person\/45be8f7781947e6c6d31f4b658271bf6","name":"Beth Ryan","image":{"@type":"ImageObject","inLanguage":"fr-FR","@id":"https:\/\/secure.gravatar.com\/avatar\/93502c3b0591e62d75cc697ff3b5b8f47fef521e9dd0d61feb5570ae6d459200?s=96&d=mm&r=g","url":"https:\/\/secure.gravatar.com\/avatar\/93502c3b0591e62d75cc697ff3b5b8f47fef521e9dd0d61feb5570ae6d459200?s=96&d=mm&r=g","contentUrl":"https:\/\/secure.gravatar.com\/avatar\/93502c3b0591e62d75cc697ff3b5b8f47fef521e9dd0d61feb5570ae6d459200?s=96&d=mm&r=g","caption":"Beth Ryan"},"url":"https:\/\/www.treatwell.fr/identite\/author\/bethanyryan\/"}]}},"featured_image_src":"https:\/\/www.treatwell.fr/identite\/wp-content\/uploads\/sites\/6\/2022\/03\/ezgif-1-947ccda463-500x400.jpg","featured_image_src_square":"https:\/\/www.treatwell.fr/identite\/wp-content\/uploads\/sites\/6\/2022\/03\/ezgif-1-947ccda463.jpg","author_info":{"display_name":"Beth Ryan","author_link":"https:\/\/www.treatwell.fr/identite\/author\/bethanyryan\/"},"_links":{"self":[{"href":"https:\/\/www.treatwell.fr\/identite\/wp-json\/wp\/v2\/posts\/39044","targetHints":{"allow":["GET"]}}],"collection":[{"href":"https:\/\/www.treatwell.fr\/identite\/wp-json\/wp\/v2\/posts"}],"about":[{"href":"https:\/\/www.treatwell.fr\/identite\/wp-json\/wp\/v2\/types\/post"}],"author":[{"embeddable":true,"href":"https:\/\/www.treatwell.fr\/identite\/wp-json\/wp\/v2\/users\/3366"}],"replies":[{"embeddable":true,"href":"https:\/\/www.treatwell.fr\/identite\/wp-json\/wp\/v2\/comments?post=39044"}],"version-history":[{"count":0,"href":"https:\/\/www.treatwell.fr\/identite\/wp-json\/wp\/v2\/posts\/39044\/revisions"}],"wp:featuredmedia":[{"embeddable":true,"href":"https:\/\/www.treatwell.fr\/identite\/wp-json\/wp\/v2\/media\/39046"}],"wp:attachment":[{"href":"https:\/\/www.treatwell.fr\/identite\/wp-json\/wp\/v2\/media?parent=39044"}],"wp:term":[{"taxonomy":"category","embeddable":true,"href":"https:\/\/www.treatwell.fr\/identite\/wp-json\/wp\/v2\/categories?post=39044"},{"taxonomy":"post_tag","embeddable":true,"href":"https:\/\/www.treatwell.fr\/identite\/wp-json\/wp\/v2\/tags?post=39044"}],"curies":[{"name":"wp","href":"https:\/\/api.w.org\/{rel}","templated":true}]}}