{"id":39606,"date":"2018-11-21T13:08:07","date_gmt":"2018-11-21T12:08:07","guid":{"rendered":"https:\/\/www.treatwell.fr\/identite\/?p=17041"},"modified":"2025-12-15T22:48:10","modified_gmt":"2025-12-15T21:48:10","slug":"soins-beaute-saccorder-black-friday","status":"publish","type":"post","link":"https:\/\/www.treatwell.fr/identite\/soins-beaute-saccorder-black-friday\/","title":{"rendered":"Les soins beaut\u00e9 que l\u2019on pourra enfin s\u2019offrir ce Black Friday (ouais !)"},"content":{"rendered":"<p class=\"p1\">En tant que ferventes adeptes de tout ce qui touche \u00e0 la beaut\u00e9 &#8211; et de tout ce qui peut nous faire du bien de loin ou de pr\u00e8s &#8211; on n\u2019h\u00e9site pas \u00e0 se faire plaisir de temps en temps avec une <a href=\"https:\/\/www.treatwell.fr\/salons\/soin-manucure\/offre-type-local\/dans-paris-france\/\">mani<\/a>, une petite <a href=\"https:\/\/www.treatwell.fr\/salons\/soin-coupe-femme\/offre-type-local\/dans-paris-france\/\">coupe de cheveux<\/a> ou un <a href=\"https:\/\/www.treatwell.fr\/salons\/soin-soin-du-visage-femme\/offre-type-local\/dans-paris-france\/\">soin du visage<\/a>. Question de garder la forme et de s\u2019accorder un peu de bien-\u00eatre.<\/p>\n<p class=\"p1\">Bonne nouvelle : le Black Friday approche ! Et c\u2019est le moment id\u00e9al pour monter d\u2019un cran notre routine beaut\u00e9 et de s\u2019offrir\u00a0un soin un peu plus &#8211; comment dire &#8211; sophistiqu\u00e9. En gros, profiter des offres du Black Friday pour s\u2019accorder enfin ce\u00a0traitement beaut\u00e9\u00a0dont on r\u00eavait depuis un moment.<\/p>\n<div class=\"schema-faq wp-block-yoast-faq-block\">\n<div class=\"schema-faq-section\" id=\"faq-question-1765834994117\">\n<h3 class=\"schema-faq-question\">Quelle dur\u00e9e promet une mani longue dur\u00e9e ?<\/h3>\n<p class=\"schema-faq-answer\">Le vernis semi-permanent d&#8217;une mani longue dur\u00e9e peut tenir jusqu&#8217;\u00e0 3 semaines sans accroc. Tu profites ainsi de mains impeccables plus longtemps et tu \u00e9vites les retouches incessantes gr\u00e2ce \u00e0 une finition robuste.<\/div>\n<div class=\"schema-faq-section\" id=\"faq-question-1765834994118\">\n<h3 class=\"schema-faq-question\">En quoi la microdermabrasion te permet-elle de sublimer ta peau ?<\/h3>\n<p class=\"schema-faq-answer\">Tu gagnes une peau lisse gr\u00e2ce \u00e0 l&#8217;action exfoliante de la microdermabrasion et \u00e0 l&#8217;injection d&#8217;actifs comme l&#8217;acide hyaluronique ou le collag\u00e8ne. Ce soin convient \u00e0 tous les types de peau, affine les pores, att\u00e9nue les cicatrices et efface les traces d&#8217;hyperpigmentation.<\/div>\n<div class=\"schema-faq-section\" id=\"faq-question-1765834994119\">\n<h3 class=\"schema-faq-question\">Quel est l&#8217;effet principal des extensions de cils sur ton regard ?<\/h3>\n<p class=\"schema-faq-answer\">Les extensions de cils offrent un regard magnifi\u00e9 avec des cils plus longs, volumineux et parfaitement recourb\u00e9s. Tu arbores un effet &#8220;regard de biche&#8221; id\u00e9al pour la saison des f\u00eates, sans effort au quotidien.<\/div>\n<div class=\"schema-faq-section\" id=\"faq-question-1765834994120\">\n<h3 class=\"schema-faq-question\">Pourquoi craquer pour un balayage ?<\/h3>\n<p class=\"schema-faq-answer\">Le balayage apporte profondeur, structure, texture et \u00e9clat \u00e0 ta chevelure, pour un effet naturel ou audacieux selon tes envies. Cette technique illumine tes cheveux comme un contouring et s&#8217;adapte \u00e0 toutes les fantaisies couleur.<\/div>\n<div class=\"schema-faq-section\" id=\"faq-question-1765834994121\">\n<h3 class=\"schema-faq-question\">Comment une journ\u00e9e au spa t\u2019aide-t-elle \u00e0 te ressourcer ?<\/h3>\n<p class=\"schema-faq-answer\">Tu t&#8217;accordes une bulle de bien-\u00eatre lors d&#8217;une journ\u00e9e au spa avec enveloppements, massages aux pierres chaudes ou baignade dans un jacuzzi. Une exp\u00e9rience id\u00e9ale pour d\u00e9compresser et dissoudre toutes les tensions, accessible \u00e0 tout moment pour sublimer ton bien-\u00eatre.<\/div>\n<\/p><\/div>\n","protected":false},"excerpt":{"rendered":"<p>En tant que ferventes adeptes de tout ce qui touche \u00e0 la beaut\u00e9 &#8211; et de tout ce qui peut nous faire du bien de loin ou de pr\u00e8s &#8211; on n\u2019h\u00e9site pas \u00e0 se faire plaisir de temps en temps avec une mani, une petite coupe de cheveux ou un soin du visage. Question [&hellip;]<\/p>\n","protected":false},"author":3366,"featured_media":39613,"comment_status":"closed","ping_status":"closed","sticky":false,"template":"","format":"standard","meta":{"_acf_changed":false,"_yoast_wpseo_title":"Black Friday beaut\u00e9 : soins incontournables \u00e0 r\u00e9server","_yoast_wpseo_metadesc":"Profite du Black Friday pour t'offrir les meilleurs soins beaut\u00e9 : manucure longue dur\u00e9e, microdermabrasion, extensions de cils, balayage et spa. R\u00e9serve simplement.","_genesis_hide_title":false,"_genesis_hide_breadcrumbs":false,"_genesis_hide_singular_image":false,"_genesis_hide_footer_widgets":false,"_genesis_custom_body_class":"","_genesis_custom_post_class":"","_genesis_layout":"","saswp_custom_schema_field":"{\"@context\":\"https:\/\/schema.org\",\"@type\":\"FAQPage\",\"mainEntity\":[{\"@type\":\"Question\",\"name\":\"Quelle dur\u00e9e promet une mani longue dur\u00e9e ?\",\"acceptedAnswer\":{\"@type\":\"Answer\",\"text\":\"Le vernis semi-permanent d'une mani longue dur\u00e9e peut tenir jusqu'\u00e0 3 semaines sans accroc. Tu profites ainsi de mains impeccables plus longtemps et tu \u00e9vites les retouches incessantes gr\u00e2ce \u00e0 une finition robuste.\"}},{\"@type\":\"Question\",\"name\":\"En quoi la microdermabrasion te permet-elle de sublimer ta peau ?\",\"acceptedAnswer\":{\"@type\":\"Answer\",\"text\":\"Tu gagnes une peau lisse gr\u00e2ce \u00e0 l'action exfoliante de la microdermabrasion et \u00e0 l'injection d'actifs comme l'acide hyaluronique ou le collag\u00e8ne. Ce soin convient \u00e0 tous les types de peau, affine les pores, att\u00e9nue les cicatrices et efface les traces d'hyperpigmentation.\"}},{\"@type\":\"Question\",\"name\":\"Quel est l'effet principal des extensions de cils sur ton regard ?\",\"acceptedAnswer\":{\"@type\":\"Answer\",\"text\":\"Les extensions de cils offrent un regard magnifi\u00e9 avec des cils plus longs, volumineux et parfaitement recourb\u00e9s. Tu arbores un effet \\\"regard de biche\\\" id\u00e9al pour la saison des f\u00eates, sans effort au quotidien.\"}},{\"@type\":\"Question\",\"name\":\"Pourquoi craquer pour un balayage ?\",\"acceptedAnswer\":{\"@type\":\"Answer\",\"text\":\"Le balayage apporte profondeur, structure, texture et \u00e9clat \u00e0 ta chevelure, pour un effet naturel ou audacieux selon tes envies. Cette technique illumine tes cheveux comme un contouring et s'adapte \u00e0 toutes les fantaisies couleur.\"}},{\"@type\":\"Question\",\"name\":\"Comment une journ\u00e9e au spa t\u2019aide-t-elle \u00e0 te ressourcer ?\",\"acceptedAnswer\":{\"@type\":\"Answer\",\"text\":\"Tu t'accordes une bulle de bien-\u00eatre lors d'une journ\u00e9e au spa avec enveloppements, massages aux pierres chaudes ou baignade dans un jacuzzi. Une exp\u00e9rience id\u00e9ale pour d\u00e9compresser et dissoudre toutes les tensions, accessible \u00e0 tout moment pour sublimer ton bien-\u00eatre.\"}}]}","footnotes":""},"categories":[4],"tags":[17,102,85],"class_list":{"0":"post-39606","1":"post","2":"type-post","3":"status-publish","4":"format-standard","5":"has-post-thumbnail","7":"category-beaute","8":"tag-tr706","9":"tag-tr241","10":"tag-tr595","11":"entry"},"acf":{"post_credits":"Images : Shutterstock, @callanoconor, @niniencil","beauty_blog_post_button_title":"","beauty_blog_post_button":"","landscape_picture":39612,"blocks":[{"block_title":"La mani longue dur\u00e9e","block_content":"<p>La grande soeur de notre manucure habituelle. Il s&rsquo;agit presque de la m&ecirc;me chose, mais en mille fois mieux : le vernis semi-permanent va tenir jusqu&rsquo;&agrave; 3 semaines sans un seul accroc (<a href=\"https:\/\/www.treatwell.fr\/identite\/astuces-durer-vernis-semi-permanent-longtemps\/\">et plus d&rsquo;un mois gr&acirc;ce &agrave; ces astuces<\/a>). N&rsquo;ayez plus peur de vous casser un ongle, le vernis est coriace et saura r&eacute;sister aux sessions de shopping les plus effr&eacute;n&eacute;es.&nbsp;<\/p>\n","video_content":"","block_picture":39607},{"block_title":"La microdermabrasion","block_content":"<p>M&ecirc;me principe qu&rsquo;un peeling...&nbsp;Mais en diff&eacute;rent.<a href=\"https:\/\/www.treatwell.fr\/identite\/soin-visage-renaitre-peau-30-minutes\/\"> La microdermabrasion<\/a> va venir exfolier la surface&nbsp;du visage &agrave; l&rsquo;aide d&rsquo;un appareil &eacute;lectrique tout en injectant des actifs, tels que l&rsquo;acide hyaluronique ou le&nbsp;collag&egrave;ne, dans&nbsp;l&rsquo;&eacute;piderme. Il s&rsquo;agit d&rsquo;un traitement adapt&eacute; &agrave; tous les types de peau. R&eacute;sultat&nbsp;? Pores resserr&eacute;s, cicatrices, rides et ridules effac&eacute;es et&nbsp;t&acirc;ches d&rsquo;hyperpigmentation visiblement att&eacute;nu&eacute;es. Comme un soin du visage mais puissance trois, si vous voulez.<\/p>\n","video_content":"","block_picture":39608},{"block_title":"Les extensions de cils","block_content":"<p>C&rsquo;est le moment ou jamais de sauter le pas ! Si vous &ecirc;tes adeptes du<a href=\"https:\/\/www.treatwell.fr\/identite\/rehaussement-de-cils\/\"> rehaussement de cils<\/a>, profitez du Black Friday pour craquer pour une pose d&rsquo;extensions et vous offrir un regard magnifi&eacute; par de longs cils volumineux et parfaitement recourb&eacute;s. Si vous en avez eu envie depuis un bout de temps, c&rsquo;est le moment ou jamais de craquer&hellip; Un regard de biche &agrave; tomber, pile pour la saison des f&ecirc;tes.<\/p>\n","video_content":"","block_picture":39609},{"block_title":"Le balayage","block_content":"<p>On adore les colorations de toutes sortes, classiques, audacieuses,&nbsp;ultra naturelles ou super os&eacute;es&hellip; Mais il est vrai que derni&egrave;rement nos yeux sont riv&eacute;s&nbsp;sur<a href=\"https:\/\/www.treatwell.fr\/identite\/balayage-vs-ombre-difference\/\"> le balayage<\/a>. Pourquoi ? Parce que son effet apporte profondeur, structure,&nbsp;texture et &eacute;clat aux cheveux. Une sorte de contouring&nbsp;de la chevelure si l&#039;on veut.&nbsp;Et il peut s&rsquo;adapter aux envies de couleurs les plus farfelues. Essayez&hellip;<\/p>\n","video_content":"","block_picture":39610},{"block_title":"La journ\u00e9e au spa","block_content":"<p>La version longue&nbsp;du massage.<a href=\"https:\/\/www.treatwell.fr\/identite\/5-spas-top-rated-paris-budgets\/\"> Une journ&eacute;e ou un apr&egrave;s midi au spa<\/a>&nbsp;- voil&agrave;&nbsp;l&agrave; le moyen id&eacute;al pour d&eacute;compresser et pour se ressourcer dans une bulle de bien-&ecirc;tre. Enveloppement, massage aux pierres chaudes ou tout simplement un plongeon dans un jacuzzi bouillonnant... Typiquement le genre de plaisir&nbsp;que l&rsquo;on ne peut s&rsquo;accorder qu&rsquo;une fois de temps en temps. Black Friday est l&rsquo;excuse parfaite. Go !<\/p>\n\n<p>Avec <a href=\"https:\/\/www.treatwell.fr\/\">Treatwell<\/a>, vous pouvez r&eacute;server vos soins beaut&eacute; en ligne et dans vos &eacute;tablissements pr&eacute;f&eacute;r&eacute;s - simple, rapide et tout &ccedil;a en un rien de temps. <a href=\"https:\/\/www.treatwell.fr\/salons\/chez-spa\/dans-france\/\">D&eacute;couvrez des adresses canon pr&egrave;s de chez vous.<\/a><\/p>\n","video_content":"","block_picture":39611}]},"yoast_head":"<!-- This site is optimized with the Yoast SEO plugin v27.4 - https:\/\/yoast.com\/product\/yoast-seo-wordpress\/ -->\n<title>Black Friday beaut\u00e9 : soins incontournables \u00e0 r\u00e9server<\/title>\n<meta name=\"description\" content=\"Profite du Black Friday pour t&#039;offrir les meilleurs soins beaut\u00e9 : manucure longue dur\u00e9e, microdermabrasion, extensions de cils, balayage et spa. R\u00e9serve simplement.\" \/>\n<meta name=\"robots\" content=\"index, follow, max-snippet:-1, max-image-preview:large, max-video-preview:-1\" \/>\n<link rel=\"canonical\" href=\"https:\/\/www.treatwell.fr/identite\/soins-beaute-saccorder-black-friday\/\" \/>\n<meta property=\"og:locale\" content=\"fr_FR\" \/>\n<meta property=\"og:type\" content=\"article\" \/>\n<meta property=\"og:title\" content=\"Black Friday beaut\u00e9 : soins incontournables \u00e0 r\u00e9server\" \/>\n<meta property=\"og:description\" content=\"Profite du Black Friday pour t&#039;offrir les meilleurs soins beaut\u00e9 : manucure longue dur\u00e9e, microdermabrasion, extensions de cils, balayage et spa. R\u00e9serve simplement.\" \/>\n<meta property=\"og:url\" content=\"https:\/\/www.treatwell.fr/identite\/soins-beaute-saccorder-black-friday\/\" \/>\n<meta property=\"og:site_name\" content=\"Identit\u00e9\" \/>\n<meta property=\"article:published_time\" content=\"2018-11-21T12:08:07+00:00\" \/>\n<meta property=\"article:modified_time\" content=\"2025-12-15T21:48:10+00:00\" \/>\n<meta property=\"og:image\" content=\"https:\/\/www.treatwell.fr/identite\/wp-content\/uploads\/sites\/6\/2022\/03\/ezgif-4-95dedbad4d2c.jpg\" \/>\n\t<meta property=\"og:image:width\" content=\"500\" \/>\n\t<meta property=\"og:image:height\" content=\"600\" \/>\n\t<meta property=\"og:image:type\" content=\"image\/jpeg\" \/>\n<meta name=\"author\" content=\"Beth Ryan\" \/>\n<meta name=\"twitter:card\" content=\"summary_large_image\" \/>\n<meta name=\"twitter:label1\" content=\"\u00c9crit par\" \/>\n\t<meta name=\"twitter:data1\" content=\"Beth Ryan\" \/>\n\t<meta name=\"twitter:label2\" content=\"Dur\u00e9e de lecture estim\u00e9e\" \/>\n\t<meta name=\"twitter:data2\" content=\"2 minutes\" \/>\n<script type=\"application\/ld+json\" class=\"yoast-schema-graph\">{\"@context\":\"https:\\\/\\\/schema.org\",\"@graph\":[{\"@type\":\"Article\",\"@id\":\"https:\\\/\\\/www.treatwell.fr/identite\\\/soins-beaute-saccorder-black-friday\\\/#article\",\"isPartOf\":{\"@id\":\"https:\\\/\\\/www.treatwell.fr/identite\\\/soins-beaute-saccorder-black-friday\\\/\"},\"author\":{\"name\":\"Beth Ryan\",\"@id\":\"https:\\\/\\\/www.treatwell.fr/identite\\\/#\\\/schema\\\/person\\\/45be8f7781947e6c6d31f4b658271bf6\"},\"headline\":\"Les soins beaut\u00e9 que l\u2019on pourra enfin s\u2019offrir ce Black Friday (ouais !)\",\"datePublished\":\"2018-11-21T12:08:07+00:00\",\"dateModified\":\"2025-12-15T21:48:10+00:00\",\"mainEntityOfPage\":{\"@id\":\"https:\\\/\\\/www.treatwell.fr/identite\\\/soins-beaute-saccorder-black-friday\\\/\"},\"wordCount\":381,\"publisher\":{\"@id\":\"https:\\\/\\\/www.treatwell.fr/identite\\\/#organization\"},\"image\":{\"@id\":\"https:\\\/\\\/www.treatwell.fr/identite\\\/soins-beaute-saccorder-black-friday\\\/#primaryimage\"},\"thumbnailUrl\":\"https:\\\/\\\/www.treatwell.fr/identite\\\/wp-content\\\/uploads\\\/sites\\\/6\\\/2022\\\/03\\\/ezgif-4-95dedbad4d2c.jpg\",\"keywords\":[\"Eyelash Extensions\",\"Microdermabrasion\",\"Two Week Manicure\"],\"articleSection\":[\"Beaut\u00e9\"],\"inLanguage\":\"fr-FR\"},{\"@type\":\"WebPage\",\"@id\":\"https:\\\/\\\/www.treatwell.fr/identite\\\/soins-beaute-saccorder-black-friday\\\/\",\"url\":\"https:\\\/\\\/www.treatwell.fr/identite\\\/soins-beaute-saccorder-black-friday\\\/\",\"name\":\"Black Friday beaut\u00e9 : soins incontournables \u00e0 r\u00e9server\",\"isPartOf\":{\"@id\":\"https:\\\/\\\/www.treatwell.fr/identite\\\/#website\"},\"primaryImageOfPage\":{\"@id\":\"https:\\\/\\\/www.treatwell.fr/identite\\\/soins-beaute-saccorder-black-friday\\\/#primaryimage\"},\"image\":{\"@id\":\"https:\\\/\\\/www.treatwell.fr/identite\\\/soins-beaute-saccorder-black-friday\\\/#primaryimage\"},\"thumbnailUrl\":\"https:\\\/\\\/www.treatwell.fr/identite\\\/wp-content\\\/uploads\\\/sites\\\/6\\\/2022\\\/03\\\/ezgif-4-95dedbad4d2c.jpg\",\"datePublished\":\"2018-11-21T12:08:07+00:00\",\"dateModified\":\"2025-12-15T21:48:10+00:00\",\"description\":\"Profite du Black Friday pour t'offrir les meilleurs soins beaut\u00e9 : manucure longue dur\u00e9e, microdermabrasion, extensions de cils, balayage et spa. R\u00e9serve simplement.\",\"breadcrumb\":{\"@id\":\"https:\\\/\\\/www.treatwell.fr/identite\\\/soins-beaute-saccorder-black-friday\\\/#breadcrumb\"},\"inLanguage\":\"fr-FR\",\"potentialAction\":[{\"@type\":\"ReadAction\",\"target\":[\"https:\\\/\\\/www.treatwell.fr/identite\\\/soins-beaute-saccorder-black-friday\\\/\"]}]},{\"@type\":\"ImageObject\",\"inLanguage\":\"fr-FR\",\"@id\":\"https:\\\/\\\/www.treatwell.fr/identite\\\/soins-beaute-saccorder-black-friday\\\/#primaryimage\",\"url\":\"https:\\\/\\\/www.treatwell.fr/identite\\\/wp-content\\\/uploads\\\/sites\\\/6\\\/2022\\\/03\\\/ezgif-4-95dedbad4d2c.jpg\",\"contentUrl\":\"https:\\\/\\\/www.treatwell.fr/identite\\\/wp-content\\\/uploads\\\/sites\\\/6\\\/2022\\\/03\\\/ezgif-4-95dedbad4d2c.jpg\",\"width\":500,\"height\":600},{\"@type\":\"BreadcrumbList\",\"@id\":\"https:\\\/\\\/www.treatwell.fr/identite\\\/soins-beaute-saccorder-black-friday\\\/#breadcrumb\",\"itemListElement\":[{\"@type\":\"ListItem\",\"position\":1,\"name\":\"Home\",\"item\":\"https:\\\/\\\/www.treatwell.fr/identite\\\/\"},{\"@type\":\"ListItem\",\"position\":2,\"name\":\"Beaut\u00e9\",\"item\":\"https:\\\/\\\/www.treatwell.fr/identite\\\/beaute\\\/\"},{\"@type\":\"ListItem\",\"position\":3,\"name\":\"Les soins beaut\u00e9 que l\u2019on pourra enfin s\u2019offrir ce Black Friday (ouais !)\"}]},{\"@type\":\"WebSite\",\"@id\":\"https:\\\/\\\/www.treatwell.fr/identite\\\/#website\",\"url\":\"https:\\\/\\\/www.treatwell.fr/identite\\\/\",\"name\":\"Identit\u00e9\",\"description\":\"Beaut\u00e9, Cheveux, Quotidien\",\"publisher\":{\"@id\":\"https:\\\/\\\/www.treatwell.fr/identite\\\/#organization\"},\"potentialAction\":[{\"@type\":\"SearchAction\",\"target\":{\"@type\":\"EntryPoint\",\"urlTemplate\":\"https:\\\/\\\/www.treatwell.fr/identite\\\/?s={search_term_string}\"},\"query-input\":{\"@type\":\"PropertyValueSpecification\",\"valueRequired\":true,\"valueName\":\"search_term_string\"}}],\"inLanguage\":\"fr-FR\"},{\"@type\":\"Organization\",\"@id\":\"https:\\\/\\\/www.treatwell.fr/identite\\\/#organization\",\"name\":\"Treatwell\",\"url\":\"https:\\\/\\\/www.treatwell.fr/identite\\\/\",\"logo\":{\"@type\":\"ImageObject\",\"inLanguage\":\"fr-FR\",\"@id\":\"https:\\\/\\\/www.treatwell.fr/identite\\\/#\\\/schema\\\/logo\\\/image\\\/\",\"url\":\"https:\\\/\\\/www.treatwell.fr/identite\\\/wp-content\\\/uploads\\\/sites\\\/6\\\/2022\\\/03\\\/logo_treatwell.png\",\"contentUrl\":\"https:\\\/\\\/www.treatwell.fr/identite\\\/wp-content\\\/uploads\\\/sites\\\/6\\\/2022\\\/03\\\/logo_treatwell.png\",\"width\":889,\"height\":164,\"caption\":\"Treatwell\"},\"image\":{\"@id\":\"https:\\\/\\\/www.treatwell.fr/identite\\\/#\\\/schema\\\/logo\\\/image\\\/\"}},{\"@type\":\"Person\",\"@id\":\"https:\\\/\\\/www.treatwell.fr/identite\\\/#\\\/schema\\\/person\\\/45be8f7781947e6c6d31f4b658271bf6\",\"name\":\"Beth Ryan\",\"image\":{\"@type\":\"ImageObject\",\"inLanguage\":\"fr-FR\",\"@id\":\"https:\\\/\\\/secure.gravatar.com\\\/avatar\\\/93502c3b0591e62d75cc697ff3b5b8f47fef521e9dd0d61feb5570ae6d459200?s=96&d=mm&r=g\",\"url\":\"https:\\\/\\\/secure.gravatar.com\\\/avatar\\\/93502c3b0591e62d75cc697ff3b5b8f47fef521e9dd0d61feb5570ae6d459200?s=96&d=mm&r=g\",\"contentUrl\":\"https:\\\/\\\/secure.gravatar.com\\\/avatar\\\/93502c3b0591e62d75cc697ff3b5b8f47fef521e9dd0d61feb5570ae6d459200?s=96&d=mm&r=g\",\"caption\":\"Beth Ryan\"},\"url\":\"https:\\\/\\\/www.treatwell.fr/identite\\\/author\\\/bethanyryan\\\/\"}]}<\/script>\n<!-- \/ Yoast SEO plugin. -->","yoast_head_json":{"title":"Black Friday beaut\u00e9 : soins incontournables \u00e0 r\u00e9server","description":"Profite du Black Friday pour t'offrir les meilleurs soins beaut\u00e9 : manucure longue dur\u00e9e, microdermabrasion, extensions de cils, balayage et spa. R\u00e9serve simplement.","robots":{"index":"index","follow":"follow","max-snippet":"max-snippet:-1","max-image-preview":"max-image-preview:large","max-video-preview":"max-video-preview:-1"},"canonical":"https:\/\/www.treatwell.fr/identite\/soins-beaute-saccorder-black-friday\/","og_locale":"fr_FR","og_type":"article","og_title":"Black Friday beaut\u00e9 : soins incontournables \u00e0 r\u00e9server","og_description":"Profite du Black Friday pour t'offrir les meilleurs soins beaut\u00e9 : manucure longue dur\u00e9e, microdermabrasion, extensions de cils, balayage et spa. R\u00e9serve simplement.","og_url":"https:\/\/www.treatwell.fr/identite\/soins-beaute-saccorder-black-friday\/","og_site_name":"Identit\u00e9","article_published_time":"2018-11-21T12:08:07+00:00","article_modified_time":"2025-12-15T21:48:10+00:00","og_image":[{"width":500,"height":600,"url":"https:\/\/www.treatwell.fr/identite\/wp-content\/uploads\/sites\/6\/2022\/03\/ezgif-4-95dedbad4d2c.jpg","type":"image\/jpeg"}],"author":"Beth Ryan","twitter_card":"summary_large_image","twitter_misc":{"\u00c9crit par":"Beth Ryan","Dur\u00e9e de lecture estim\u00e9e":"2 minutes"},"schema":{"@context":"https:\/\/schema.org","@graph":[{"@type":"Article","@id":"https:\/\/www.treatwell.fr/identite\/soins-beaute-saccorder-black-friday\/#article","isPartOf":{"@id":"https:\/\/www.treatwell.fr/identite\/soins-beaute-saccorder-black-friday\/"},"author":{"name":"Beth Ryan","@id":"https:\/\/www.treatwell.fr/identite\/#\/schema\/person\/45be8f7781947e6c6d31f4b658271bf6"},"headline":"Les soins beaut\u00e9 que l\u2019on pourra enfin s\u2019offrir ce Black Friday (ouais !)","datePublished":"2018-11-21T12:08:07+00:00","dateModified":"2025-12-15T21:48:10+00:00","mainEntityOfPage":{"@id":"https:\/\/www.treatwell.fr/identite\/soins-beaute-saccorder-black-friday\/"},"wordCount":381,"publisher":{"@id":"https:\/\/www.treatwell.fr/identite\/#organization"},"image":{"@id":"https:\/\/www.treatwell.fr/identite\/soins-beaute-saccorder-black-friday\/#primaryimage"},"thumbnailUrl":"https:\/\/www.treatwell.fr/identite\/wp-content\/uploads\/sites\/6\/2022\/03\/ezgif-4-95dedbad4d2c.jpg","keywords":["Eyelash Extensions","Microdermabrasion","Two Week Manicure"],"articleSection":["Beaut\u00e9"],"inLanguage":"fr-FR"},{"@type":"WebPage","@id":"https:\/\/www.treatwell.fr/identite\/soins-beaute-saccorder-black-friday\/","url":"https:\/\/www.treatwell.fr/identite\/soins-beaute-saccorder-black-friday\/","name":"Black Friday beaut\u00e9 : soins incontournables \u00e0 r\u00e9server","isPartOf":{"@id":"https:\/\/www.treatwell.fr/identite\/#website"},"primaryImageOfPage":{"@id":"https:\/\/www.treatwell.fr/identite\/soins-beaute-saccorder-black-friday\/#primaryimage"},"image":{"@id":"https:\/\/www.treatwell.fr/identite\/soins-beaute-saccorder-black-friday\/#primaryimage"},"thumbnailUrl":"https:\/\/www.treatwell.fr/identite\/wp-content\/uploads\/sites\/6\/2022\/03\/ezgif-4-95dedbad4d2c.jpg","datePublished":"2018-11-21T12:08:07+00:00","dateModified":"2025-12-15T21:48:10+00:00","description":"Profite du Black Friday pour t'offrir les meilleurs soins beaut\u00e9 : manucure longue dur\u00e9e, microdermabrasion, extensions de cils, balayage et spa. R\u00e9serve simplement.","breadcrumb":{"@id":"https:\/\/www.treatwell.fr/identite\/soins-beaute-saccorder-black-friday\/#breadcrumb"},"inLanguage":"fr-FR","potentialAction":[{"@type":"ReadAction","target":["https:\/\/www.treatwell.fr/identite\/soins-beaute-saccorder-black-friday\/"]}]},{"@type":"ImageObject","inLanguage":"fr-FR","@id":"https:\/\/www.treatwell.fr/identite\/soins-beaute-saccorder-black-friday\/#primaryimage","url":"https:\/\/www.treatwell.fr/identite\/wp-content\/uploads\/sites\/6\/2022\/03\/ezgif-4-95dedbad4d2c.jpg","contentUrl":"https:\/\/www.treatwell.fr/identite\/wp-content\/uploads\/sites\/6\/2022\/03\/ezgif-4-95dedbad4d2c.jpg","width":500,"height":600},{"@type":"BreadcrumbList","@id":"https:\/\/www.treatwell.fr/identite\/soins-beaute-saccorder-black-friday\/#breadcrumb","itemListElement":[{"@type":"ListItem","position":1,"name":"Home","item":"https:\/\/www.treatwell.fr/identite\/"},{"@type":"ListItem","position":2,"name":"Beaut\u00e9","item":"https:\/\/www.treatwell.fr/identite\/beaute\/"},{"@type":"ListItem","position":3,"name":"Les soins beaut\u00e9 que l\u2019on pourra enfin s\u2019offrir ce Black Friday (ouais !)"}]},{"@type":"WebSite","@id":"https:\/\/www.treatwell.fr/identite\/#website","url":"https:\/\/www.treatwell.fr/identite\/","name":"Identit\u00e9","description":"Beaut\u00e9, Cheveux, Quotidien","publisher":{"@id":"https:\/\/www.treatwell.fr/identite\/#organization"},"potentialAction":[{"@type":"SearchAction","target":{"@type":"EntryPoint","urlTemplate":"https:\/\/www.treatwell.fr/identite\/?s={search_term_string}"},"query-input":{"@type":"PropertyValueSpecification","valueRequired":true,"valueName":"search_term_string"}}],"inLanguage":"fr-FR"},{"@type":"Organization","@id":"https:\/\/www.treatwell.fr/identite\/#organization","name":"Treatwell","url":"https:\/\/www.treatwell.fr/identite\/","logo":{"@type":"ImageObject","inLanguage":"fr-FR","@id":"https:\/\/www.treatwell.fr/identite\/#\/schema\/logo\/image\/","url":"https:\/\/www.treatwell.fr/identite\/wp-content\/uploads\/sites\/6\/2022\/03\/logo_treatwell.png","contentUrl":"https:\/\/www.treatwell.fr/identite\/wp-content\/uploads\/sites\/6\/2022\/03\/logo_treatwell.png","width":889,"height":164,"caption":"Treatwell"},"image":{"@id":"https:\/\/www.treatwell.fr/identite\/#\/schema\/logo\/image\/"}},{"@type":"Person","@id":"https:\/\/www.treatwell.fr/identite\/#\/schema\/person\/45be8f7781947e6c6d31f4b658271bf6","name":"Beth Ryan","image":{"@type":"ImageObject","inLanguage":"fr-FR","@id":"https:\/\/secure.gravatar.com\/avatar\/93502c3b0591e62d75cc697ff3b5b8f47fef521e9dd0d61feb5570ae6d459200?s=96&d=mm&r=g","url":"https:\/\/secure.gravatar.com\/avatar\/93502c3b0591e62d75cc697ff3b5b8f47fef521e9dd0d61feb5570ae6d459200?s=96&d=mm&r=g","contentUrl":"https:\/\/secure.gravatar.com\/avatar\/93502c3b0591e62d75cc697ff3b5b8f47fef521e9dd0d61feb5570ae6d459200?s=96&d=mm&r=g","caption":"Beth Ryan"},"url":"https:\/\/www.treatwell.fr/identite\/author\/bethanyryan\/"}]}},"featured_image_src":"https:\/\/www.treatwell.fr/identite\/wp-content\/uploads\/sites\/6\/2022\/03\/ezgif-4-95dedbad4d2c-500x400.jpg","featured_image_src_square":"https:\/\/www.treatwell.fr/identite\/wp-content\/uploads\/sites\/6\/2022\/03\/ezgif-4-95dedbad4d2c.jpg","author_info":{"display_name":"Beth Ryan","author_link":"https:\/\/www.treatwell.fr/identite\/author\/bethanyryan\/"},"_links":{"self":[{"href":"https:\/\/www.treatwell.fr\/identite\/wp-json\/wp\/v2\/posts\/39606","targetHints":{"allow":["GET"]}}],"collection":[{"href":"https:\/\/www.treatwell.fr\/identite\/wp-json\/wp\/v2\/posts"}],"about":[{"href":"https:\/\/www.treatwell.fr\/identite\/wp-json\/wp\/v2\/types\/post"}],"author":[{"embeddable":true,"href":"https:\/\/www.treatwell.fr\/identite\/wp-json\/wp\/v2\/users\/3366"}],"replies":[{"embeddable":true,"href":"https:\/\/www.treatwell.fr\/identite\/wp-json\/wp\/v2\/comments?post=39606"}],"version-history":[{"count":0,"href":"https:\/\/www.treatwell.fr\/identite\/wp-json\/wp\/v2\/posts\/39606\/revisions"}],"wp:featuredmedia":[{"embeddable":true,"href":"https:\/\/www.treatwell.fr\/identite\/wp-json\/wp\/v2\/media\/39613"}],"wp:attachment":[{"href":"https:\/\/www.treatwell.fr\/identite\/wp-json\/wp\/v2\/media?parent=39606"}],"wp:term":[{"taxonomy":"category","embeddable":true,"href":"https:\/\/www.treatwell.fr\/identite\/wp-json\/wp\/v2\/categories?post=39606"},{"taxonomy":"post_tag","embeddable":true,"href":"https:\/\/www.treatwell.fr\/identite\/wp-json\/wp\/v2\/tags?post=39606"}],"curies":[{"name":"wp","href":"https:\/\/api.w.org\/{rel}","templated":true}]}}