{"id":40226,"date":"2019-02-11T13:25:26","date_gmt":"2019-02-11T12:25:26","guid":{"rendered":"https:\/\/www.treatwell.fr\/identite\/?p=18918"},"modified":"2025-12-15T22:48:21","modified_gmt":"2025-12-15T21:48:21","slug":"plus-beaux-beauty-looks-grammy-awards-2019","status":"publish","type":"post","link":"https:\/\/www.treatwell.fr/identite\/plus-beaux-beauty-looks-grammy-awards-2019\/","title":{"rendered":"Les plus beaux beauty looks des Grammy Awards 2019"},"content":{"rendered":"<p class=\"p1\">Los Angeles \u00e9tait en \u00e9bullition hier soir : le tapis rouge des Grammy Awards a vu d\u00e9filer les ic\u00f4nes musicales les plus embl\u00e9matiques de l\u2019ann\u00e9e. Une chose est s\u00fbre &#8211; c\u2019est que l\u2019originalit\u00e9 \u00e9tait au rendez-vous &#8211; et les paillettes aussi !<\/p>\n<p class=\"p1\">Lors d&#8217;une r\u00e9cente \u00e9dition, un hommage a \u00e9t\u00e9 rendu aux femmes du monde entier. Le clou du spectacle ? L&#8217;ex first lady Michelle Obama a surpris le public en rejoignant sur sc\u00e8ne<span class=\"Apple-converted-space\">\u00a0<\/span>Alicia Keys, Lady Gaga, Jada Pinkett Smith et Jennifer Lopez, et en rendant hommage \u00e0 la musique et \u00e0 la fa\u00e7on dont celle-ci permet aux femmes du monde entier de s&#8217;exprimer.<\/p>\n<p class=\"p1\">C\u00f4t\u00e9 beauty looks, nous avons pu admirer des <a href=\"https:\/\/www.treatwell.fr\/salons\/soin-coupe-femme\/offre-type-local\/dans-paris-france\/\">hairstyles, coupes et coiffures<\/a>\u00a0absolument sublimes. Queue de cheval basse ultra longue pour J-Lo et Camila Cabello, blond mi-long d\u00e9coiff\u00e9 et rock&#8217;n&#8217;roll pour Gaga et Miley Cyrus, coupe \u00e0 la gar\u00e7onne platine et dor\u00e9e pour Katy Perry et Jada Pinkett Smith et carr\u00e9 court tranch\u00e9 pour Dua Lipa et Henessy Carolina&#8230;\u00a0Venez puiser votre inspiration parmi les beauty looks de vos stars pr\u00e9f\u00e9r\u00e9es.<\/p>\n<p class=\"p1\">Who run the world ? Girls !<\/p>\n<div class=\"schema-faq wp-block-yoast-faq-block\">\n<div class=\"schema-faq-section\" id=\"faq-question-1765834851261\">\n<h3 class=\"schema-faq-question\">Quels beauty looks embl\u00e9matiques ont marqu\u00e9 les Grammy Awards ?<\/h3>\n<p class=\"schema-faq-answer\">Tu peux admirer une queue de cheval basse ultra longue, un blond mi-long d\u00e9coiff\u00e9 et rock\u2019n\u2019roll, une coupe \u00e0 la gar\u00e7onne platine et dor\u00e9e ou encore un carr\u00e9 court tranch\u00e9. Ces beauty looks subliment ton style en t&#8217;inspirant des ic\u00f4nes musicales sur le tapis rouge.<\/div>\n<div class=\"schema-faq-section\" id=\"faq-question-1765834851262\">\n<h3 class=\"schema-faq-question\">Comment s\u2019inspirer des coiffures vues aux Grammy Awards ?<\/h3>\n<p class=\"schema-faq-answer\">Inspire-toi des coupes comme la queue de cheval de J-Lo, du carr\u00e9 court de Dua Lipa ou du blond rock de Miley Cyrus. Choisis la coiffure qui valorise ton visage et confie tes envies \u00e0 des professionnels pour sublimer ton look.<\/div>\n<div class=\"schema-faq-section\" id=\"faq-question-1765834851263\">\n<h3 class=\"schema-faq-question\">Quelle c\u00e9l\u00e9brit\u00e9 a offert la plus grande surprise lors de la c\u00e9r\u00e9monie ?<\/h3>\n<p class=\"schema-faq-answer\">Tu as pu d\u00e9couvrir Michelle Obama rejoindre Alicia Keys, Lady Gaga, Jada Pinkett Smith et Jennifer Lopez sur sc\u00e8ne pour rendre hommage \u00e0 la musique. Cet instant a marqu\u00e9 la soir\u00e9e avec un message fort d\u00e9di\u00e9 aux femmes du monde entier.<\/div>\n<div class=\"schema-faq-section\" id=\"faq-question-1765834851264\">\n<h3 class=\"schema-faq-question\">Quelles tendances coiffure peut-on retrouver chez les stars ?<\/h3>\n<p class=\"schema-faq-answer\">Les tendances rep\u00e9r\u00e9es incluent la queue de cheval basse, le blond mi-long d\u00e9coiff\u00e9, la coupe \u00e0 la gar\u00e7onne platine et dor\u00e9e ainsi que le carr\u00e9 court tranch\u00e9. Ces coiffures apportent une touche sophistiqu\u00e9e et originale \u00e0 ton look.<\/div>\n<\/p><\/div>\n","protected":false},"excerpt":{"rendered":"<p>Los Angeles \u00e9tait en \u00e9bullition hier soir : le tapis rouge des Grammy Awards a vu d\u00e9filer les ic\u00f4nes musicales les plus embl\u00e9matiques de l\u2019ann\u00e9e. Une chose est s\u00fbre &#8211; c\u2019est que l\u2019originalit\u00e9 \u00e9tait au rendez-vous &#8211; et les paillettes aussi ! Lors d&#8217;une r\u00e9cente \u00e9dition, un hommage a \u00e9t\u00e9 rendu aux femmes du monde [&hellip;]<\/p>\n","protected":false},"author":3366,"featured_media":40247,"comment_status":"closed","ping_status":"closed","sticky":false,"template":"","format":"standard","meta":{"_acf_changed":false,"_yoast_wpseo_title":"Grammy Awards : beauty looks stars et hommages puissants","_yoast_wpseo_metadesc":"Grammy Awards : looks iconiques, hommages aux femmes et tendances coiffures marquantes. D\u00e9couvre l'inspiration beaut\u00e9 des stars vues sur le tapis rouge cette ann\u00e9e.","_genesis_hide_title":false,"_genesis_hide_breadcrumbs":false,"_genesis_hide_singular_image":false,"_genesis_hide_footer_widgets":false,"_genesis_custom_body_class":"","_genesis_custom_post_class":"","_genesis_layout":"","saswp_custom_schema_field":"{\"@context\":\"https:\/\/schema.org\",\"@type\":\"FAQPage\",\"mainEntity\":[{\"@type\":\"Question\",\"name\":\"Quels beauty looks embl\u00e9matiques ont marqu\u00e9 les Grammy Awards ?\",\"acceptedAnswer\":{\"@type\":\"Answer\",\"text\":\"Tu peux admirer une queue de cheval basse ultra longue, un blond mi-long d\u00e9coiff\u00e9 et rock\u2019n\u2019roll, une coupe \u00e0 la gar\u00e7onne platine et dor\u00e9e ou encore un carr\u00e9 court tranch\u00e9. Ces beauty looks subliment ton style en t'inspirant des ic\u00f4nes musicales sur le tapis rouge.\"}},{\"@type\":\"Question\",\"name\":\"Comment s\u2019inspirer des coiffures vues aux Grammy Awards ?\",\"acceptedAnswer\":{\"@type\":\"Answer\",\"text\":\"Inspire-toi des coupes comme la queue de cheval de J-Lo, du carr\u00e9 court de Dua Lipa ou du blond rock de Miley Cyrus. Choisis la coiffure qui valorise ton visage et confie tes envies \u00e0 des professionnels pour sublimer ton look.\"}},{\"@type\":\"Question\",\"name\":\"Quelle c\u00e9l\u00e9brit\u00e9 a offert la plus grande surprise lors de la c\u00e9r\u00e9monie ?\",\"acceptedAnswer\":{\"@type\":\"Answer\",\"text\":\"Tu as pu d\u00e9couvrir Michelle Obama rejoindre Alicia Keys, Lady Gaga, Jada Pinkett Smith et Jennifer Lopez sur sc\u00e8ne pour rendre hommage \u00e0 la musique. Cet instant a marqu\u00e9 la soir\u00e9e avec un message fort d\u00e9di\u00e9 aux femmes du monde entier.\"}},{\"@type\":\"Question\",\"name\":\"Quelles tendances coiffure peut-on retrouver chez les stars ?\",\"acceptedAnswer\":{\"@type\":\"Answer\",\"text\":\"Les tendances rep\u00e9r\u00e9es incluent la queue de cheval basse, le blond mi-long d\u00e9coiff\u00e9, la coupe \u00e0 la gar\u00e7onne platine et dor\u00e9e ainsi que le carr\u00e9 court tranch\u00e9. Ces coiffures apportent une touche sophistiqu\u00e9e et originale \u00e0 ton look.\"}}]}","footnotes":""},"categories":[2],"tags":[39,40,44],"class_list":{"0":"post-40226","1":"post","2":"type-post","3":"status-publish","4":"format-standard","5":"has-post-thumbnail","7":"category-tendances","8":"tag-tt6","9":"tag-tr273","10":"tag-tr166","11":"entry"},"acf":{"post_credits":"Images : @celebs_ouftits, @michelleobama, @aliciajeys_chile, @pdixon37, @hermusiclookbook, @beberexha, @samdanplus, @trsgomez, @goviralentertainment, @hennessycarolina, @mileycyrus, @laurent.g_maison_de_coiffure, @must_cy, @katyperry, @instylemagazine, @revestidamag","beauty_blog_post_button_title":"On craque ?","beauty_blog_post_button":"https:\/\/www.treatwell.fr\/salons\/soin-coupe-femme\/offre-type-local\/dans-paris-france\/","landscape_picture":40246,"blocks":[{"block_title":"","block_content":"","video_content":"","block_picture":40227},{"block_title":"","block_content":"","video_content":"","block_picture":40228},{"block_title":"","block_content":"","video_content":"","block_picture":40229},{"block_title":"","block_content":"","video_content":"","block_picture":40230},{"block_title":"","block_content":"","video_content":"","block_picture":40231},{"block_title":"","block_content":"","video_content":"","block_picture":40232},{"block_title":"","block_content":"","video_content":"","block_picture":40233},{"block_title":"","block_content":"","video_content":"","block_picture":40234},{"block_title":"","block_content":"","video_content":"","block_picture":40235},{"block_title":"","block_content":"","video_content":"","block_picture":40236},{"block_title":"","block_content":"","video_content":"","block_picture":40237},{"block_title":"","block_content":"","video_content":"","block_picture":40238},{"block_title":"","block_content":"","video_content":"","block_picture":40239},{"block_title":"","block_content":"","video_content":"","block_picture":40240},{"block_title":"","block_content":"","video_content":"","block_picture":40241},{"block_title":"","block_content":"","video_content":"","block_picture":40242},{"block_title":"","block_content":"","video_content":"","block_picture":40243},{"block_title":"","block_content":"","video_content":"","block_picture":40244},{"block_title":"","block_content":"","video_content":"","block_picture":40245}]},"yoast_head":"<!-- This site is optimized with the Yoast SEO plugin v27.4 - https:\/\/yoast.com\/product\/yoast-seo-wordpress\/ -->\n<title>Grammy Awards : beauty looks stars et hommages puissants<\/title>\n<meta name=\"description\" content=\"Grammy Awards : looks iconiques, hommages aux femmes et tendances coiffures marquantes. D\u00e9couvre l&#039;inspiration beaut\u00e9 des stars vues sur le tapis rouge cette ann\u00e9e.\" \/>\n<meta name=\"robots\" content=\"index, follow, max-snippet:-1, max-image-preview:large, max-video-preview:-1\" \/>\n<link rel=\"canonical\" href=\"https:\/\/www.treatwell.fr/identite\/plus-beaux-beauty-looks-grammy-awards-2019\/\" \/>\n<meta property=\"og:locale\" content=\"fr_FR\" \/>\n<meta property=\"og:type\" content=\"article\" \/>\n<meta property=\"og:title\" content=\"Grammy Awards : beauty looks stars et hommages puissants\" \/>\n<meta property=\"og:description\" content=\"Grammy Awards : looks iconiques, hommages aux femmes et tendances coiffures marquantes. D\u00e9couvre l&#039;inspiration beaut\u00e9 des stars vues sur le tapis rouge cette ann\u00e9e.\" \/>\n<meta property=\"og:url\" content=\"https:\/\/www.treatwell.fr/identite\/plus-beaux-beauty-looks-grammy-awards-2019\/\" \/>\n<meta property=\"og:site_name\" content=\"Identit\u00e9\" \/>\n<meta property=\"article:published_time\" content=\"2019-02-11T12:25:26+00:00\" \/>\n<meta property=\"article:modified_time\" content=\"2025-12-15T21:48:21+00:00\" \/>\n<meta property=\"og:image\" content=\"https:\/\/www.treatwell.fr/identite\/wp-content\/uploads\/sites\/6\/2022\/03\/pdixon37_51703165_388545888578303_7507029775324379421_n.jpg\" \/>\n\t<meta property=\"og:image:width\" content=\"502\" \/>\n\t<meta property=\"og:image:height\" content=\"628\" \/>\n\t<meta property=\"og:image:type\" content=\"image\/jpeg\" \/>\n<meta name=\"author\" content=\"Beth Ryan\" \/>\n<meta name=\"twitter:card\" content=\"summary_large_image\" \/>\n<meta name=\"twitter:label1\" content=\"\u00c9crit par\" \/>\n\t<meta name=\"twitter:data1\" content=\"Beth Ryan\" \/>\n\t<meta name=\"twitter:label2\" content=\"Dur\u00e9e de lecture estim\u00e9e\" \/>\n\t<meta name=\"twitter:data2\" content=\"2 minutes\" \/>\n<script type=\"application\/ld+json\" class=\"yoast-schema-graph\">{\"@context\":\"https:\\\/\\\/schema.org\",\"@graph\":[{\"@type\":\"Article\",\"@id\":\"https:\\\/\\\/www.treatwell.fr/identite\\\/plus-beaux-beauty-looks-grammy-awards-2019\\\/#article\",\"isPartOf\":{\"@id\":\"https:\\\/\\\/www.treatwell.fr/identite\\\/plus-beaux-beauty-looks-grammy-awards-2019\\\/\"},\"author\":{\"name\":\"Beth Ryan\",\"@id\":\"https:\\\/\\\/www.treatwell.fr/identite\\\/#\\\/schema\\\/person\\\/45be8f7781947e6c6d31f4b658271bf6\"},\"headline\":\"Les plus beaux beauty looks des Grammy Awards 2019\",\"datePublished\":\"2019-02-11T12:25:26+00:00\",\"dateModified\":\"2025-12-15T21:48:21+00:00\",\"mainEntityOfPage\":{\"@id\":\"https:\\\/\\\/www.treatwell.fr/identite\\\/plus-beaux-beauty-looks-grammy-awards-2019\\\/\"},\"wordCount\":424,\"publisher\":{\"@id\":\"https:\\\/\\\/www.treatwell.fr/identite\\\/#organization\"},\"image\":{\"@id\":\"https:\\\/\\\/www.treatwell.fr/identite\\\/plus-beaux-beauty-looks-grammy-awards-2019\\\/#primaryimage\"},\"thumbnailUrl\":\"https:\\\/\\\/www.treatwell.fr/identite\\\/wp-content\\\/uploads\\\/sites\\\/6\\\/2022\\\/03\\\/pdixon37_51703165_388545888578303_7507029775324379421_n.jpg\",\"keywords\":[\"Hair\",\"Hair Colouring and Highlights\",\"Haircuts and Hairdressing\"],\"articleSection\":[\"Tendances\"],\"inLanguage\":\"fr-FR\"},{\"@type\":\"WebPage\",\"@id\":\"https:\\\/\\\/www.treatwell.fr/identite\\\/plus-beaux-beauty-looks-grammy-awards-2019\\\/\",\"url\":\"https:\\\/\\\/www.treatwell.fr/identite\\\/plus-beaux-beauty-looks-grammy-awards-2019\\\/\",\"name\":\"Grammy Awards : beauty looks stars et hommages puissants\",\"isPartOf\":{\"@id\":\"https:\\\/\\\/www.treatwell.fr/identite\\\/#website\"},\"primaryImageOfPage\":{\"@id\":\"https:\\\/\\\/www.treatwell.fr/identite\\\/plus-beaux-beauty-looks-grammy-awards-2019\\\/#primaryimage\"},\"image\":{\"@id\":\"https:\\\/\\\/www.treatwell.fr/identite\\\/plus-beaux-beauty-looks-grammy-awards-2019\\\/#primaryimage\"},\"thumbnailUrl\":\"https:\\\/\\\/www.treatwell.fr/identite\\\/wp-content\\\/uploads\\\/sites\\\/6\\\/2022\\\/03\\\/pdixon37_51703165_388545888578303_7507029775324379421_n.jpg\",\"datePublished\":\"2019-02-11T12:25:26+00:00\",\"dateModified\":\"2025-12-15T21:48:21+00:00\",\"description\":\"Grammy Awards : looks iconiques, hommages aux femmes et tendances coiffures marquantes. D\u00e9couvre l'inspiration beaut\u00e9 des stars vues sur le tapis rouge cette ann\u00e9e.\",\"breadcrumb\":{\"@id\":\"https:\\\/\\\/www.treatwell.fr/identite\\\/plus-beaux-beauty-looks-grammy-awards-2019\\\/#breadcrumb\"},\"inLanguage\":\"fr-FR\",\"potentialAction\":[{\"@type\":\"ReadAction\",\"target\":[\"https:\\\/\\\/www.treatwell.fr/identite\\\/plus-beaux-beauty-looks-grammy-awards-2019\\\/\"]}]},{\"@type\":\"ImageObject\",\"inLanguage\":\"fr-FR\",\"@id\":\"https:\\\/\\\/www.treatwell.fr/identite\\\/plus-beaux-beauty-looks-grammy-awards-2019\\\/#primaryimage\",\"url\":\"https:\\\/\\\/www.treatwell.fr/identite\\\/wp-content\\\/uploads\\\/sites\\\/6\\\/2022\\\/03\\\/pdixon37_51703165_388545888578303_7507029775324379421_n.jpg\",\"contentUrl\":\"https:\\\/\\\/www.treatwell.fr/identite\\\/wp-content\\\/uploads\\\/sites\\\/6\\\/2022\\\/03\\\/pdixon37_51703165_388545888578303_7507029775324379421_n.jpg\",\"width\":502,\"height\":628},{\"@type\":\"BreadcrumbList\",\"@id\":\"https:\\\/\\\/www.treatwell.fr/identite\\\/plus-beaux-beauty-looks-grammy-awards-2019\\\/#breadcrumb\",\"itemListElement\":[{\"@type\":\"ListItem\",\"position\":1,\"name\":\"Home\",\"item\":\"https:\\\/\\\/www.treatwell.fr/identite\\\/\"},{\"@type\":\"ListItem\",\"position\":2,\"name\":\"Tendances\",\"item\":\"https:\\\/\\\/www.treatwell.fr/identite\\\/tendances\\\/\"},{\"@type\":\"ListItem\",\"position\":3,\"name\":\"Les plus beaux beauty looks des Grammy Awards 2019\"}]},{\"@type\":\"WebSite\",\"@id\":\"https:\\\/\\\/www.treatwell.fr/identite\\\/#website\",\"url\":\"https:\\\/\\\/www.treatwell.fr/identite\\\/\",\"name\":\"Identit\u00e9\",\"description\":\"Beaut\u00e9, Cheveux, Quotidien\",\"publisher\":{\"@id\":\"https:\\\/\\\/www.treatwell.fr/identite\\\/#organization\"},\"potentialAction\":[{\"@type\":\"SearchAction\",\"target\":{\"@type\":\"EntryPoint\",\"urlTemplate\":\"https:\\\/\\\/www.treatwell.fr/identite\\\/?s={search_term_string}\"},\"query-input\":{\"@type\":\"PropertyValueSpecification\",\"valueRequired\":true,\"valueName\":\"search_term_string\"}}],\"inLanguage\":\"fr-FR\"},{\"@type\":\"Organization\",\"@id\":\"https:\\\/\\\/www.treatwell.fr/identite\\\/#organization\",\"name\":\"Treatwell\",\"url\":\"https:\\\/\\\/www.treatwell.fr/identite\\\/\",\"logo\":{\"@type\":\"ImageObject\",\"inLanguage\":\"fr-FR\",\"@id\":\"https:\\\/\\\/www.treatwell.fr/identite\\\/#\\\/schema\\\/logo\\\/image\\\/\",\"url\":\"https:\\\/\\\/www.treatwell.fr/identite\\\/wp-content\\\/uploads\\\/sites\\\/6\\\/2022\\\/03\\\/logo_treatwell.png\",\"contentUrl\":\"https:\\\/\\\/www.treatwell.fr/identite\\\/wp-content\\\/uploads\\\/sites\\\/6\\\/2022\\\/03\\\/logo_treatwell.png\",\"width\":889,\"height\":164,\"caption\":\"Treatwell\"},\"image\":{\"@id\":\"https:\\\/\\\/www.treatwell.fr/identite\\\/#\\\/schema\\\/logo\\\/image\\\/\"}},{\"@type\":\"Person\",\"@id\":\"https:\\\/\\\/www.treatwell.fr/identite\\\/#\\\/schema\\\/person\\\/45be8f7781947e6c6d31f4b658271bf6\",\"name\":\"Beth Ryan\",\"image\":{\"@type\":\"ImageObject\",\"inLanguage\":\"fr-FR\",\"@id\":\"https:\\\/\\\/secure.gravatar.com\\\/avatar\\\/93502c3b0591e62d75cc697ff3b5b8f47fef521e9dd0d61feb5570ae6d459200?s=96&d=mm&r=g\",\"url\":\"https:\\\/\\\/secure.gravatar.com\\\/avatar\\\/93502c3b0591e62d75cc697ff3b5b8f47fef521e9dd0d61feb5570ae6d459200?s=96&d=mm&r=g\",\"contentUrl\":\"https:\\\/\\\/secure.gravatar.com\\\/avatar\\\/93502c3b0591e62d75cc697ff3b5b8f47fef521e9dd0d61feb5570ae6d459200?s=96&d=mm&r=g\",\"caption\":\"Beth Ryan\"},\"url\":\"https:\\\/\\\/www.treatwell.fr/identite\\\/author\\\/bethanyryan\\\/\"}]}<\/script>\n<!-- \/ Yoast SEO plugin. -->","yoast_head_json":{"title":"Grammy Awards : beauty looks stars et hommages puissants","description":"Grammy Awards : looks iconiques, hommages aux femmes et tendances coiffures marquantes. D\u00e9couvre l'inspiration beaut\u00e9 des stars vues sur le tapis rouge cette ann\u00e9e.","robots":{"index":"index","follow":"follow","max-snippet":"max-snippet:-1","max-image-preview":"max-image-preview:large","max-video-preview":"max-video-preview:-1"},"canonical":"https:\/\/www.treatwell.fr/identite\/plus-beaux-beauty-looks-grammy-awards-2019\/","og_locale":"fr_FR","og_type":"article","og_title":"Grammy Awards : beauty looks stars et hommages puissants","og_description":"Grammy Awards : looks iconiques, hommages aux femmes et tendances coiffures marquantes. D\u00e9couvre l'inspiration beaut\u00e9 des stars vues sur le tapis rouge cette ann\u00e9e.","og_url":"https:\/\/www.treatwell.fr/identite\/plus-beaux-beauty-looks-grammy-awards-2019\/","og_site_name":"Identit\u00e9","article_published_time":"2019-02-11T12:25:26+00:00","article_modified_time":"2025-12-15T21:48:21+00:00","og_image":[{"width":502,"height":628,"url":"https:\/\/www.treatwell.fr/identite\/wp-content\/uploads\/sites\/6\/2022\/03\/pdixon37_51703165_388545888578303_7507029775324379421_n.jpg","type":"image\/jpeg"}],"author":"Beth Ryan","twitter_card":"summary_large_image","twitter_misc":{"\u00c9crit par":"Beth Ryan","Dur\u00e9e de lecture estim\u00e9e":"2 minutes"},"schema":{"@context":"https:\/\/schema.org","@graph":[{"@type":"Article","@id":"https:\/\/www.treatwell.fr/identite\/plus-beaux-beauty-looks-grammy-awards-2019\/#article","isPartOf":{"@id":"https:\/\/www.treatwell.fr/identite\/plus-beaux-beauty-looks-grammy-awards-2019\/"},"author":{"name":"Beth Ryan","@id":"https:\/\/www.treatwell.fr/identite\/#\/schema\/person\/45be8f7781947e6c6d31f4b658271bf6"},"headline":"Les plus beaux beauty looks des Grammy Awards 2019","datePublished":"2019-02-11T12:25:26+00:00","dateModified":"2025-12-15T21:48:21+00:00","mainEntityOfPage":{"@id":"https:\/\/www.treatwell.fr/identite\/plus-beaux-beauty-looks-grammy-awards-2019\/"},"wordCount":424,"publisher":{"@id":"https:\/\/www.treatwell.fr/identite\/#organization"},"image":{"@id":"https:\/\/www.treatwell.fr/identite\/plus-beaux-beauty-looks-grammy-awards-2019\/#primaryimage"},"thumbnailUrl":"https:\/\/www.treatwell.fr/identite\/wp-content\/uploads\/sites\/6\/2022\/03\/pdixon37_51703165_388545888578303_7507029775324379421_n.jpg","keywords":["Hair","Hair Colouring and Highlights","Haircuts and Hairdressing"],"articleSection":["Tendances"],"inLanguage":"fr-FR"},{"@type":"WebPage","@id":"https:\/\/www.treatwell.fr/identite\/plus-beaux-beauty-looks-grammy-awards-2019\/","url":"https:\/\/www.treatwell.fr/identite\/plus-beaux-beauty-looks-grammy-awards-2019\/","name":"Grammy Awards : beauty looks stars et hommages puissants","isPartOf":{"@id":"https:\/\/www.treatwell.fr/identite\/#website"},"primaryImageOfPage":{"@id":"https:\/\/www.treatwell.fr/identite\/plus-beaux-beauty-looks-grammy-awards-2019\/#primaryimage"},"image":{"@id":"https:\/\/www.treatwell.fr/identite\/plus-beaux-beauty-looks-grammy-awards-2019\/#primaryimage"},"thumbnailUrl":"https:\/\/www.treatwell.fr/identite\/wp-content\/uploads\/sites\/6\/2022\/03\/pdixon37_51703165_388545888578303_7507029775324379421_n.jpg","datePublished":"2019-02-11T12:25:26+00:00","dateModified":"2025-12-15T21:48:21+00:00","description":"Grammy Awards : looks iconiques, hommages aux femmes et tendances coiffures marquantes. D\u00e9couvre l'inspiration beaut\u00e9 des stars vues sur le tapis rouge cette ann\u00e9e.","breadcrumb":{"@id":"https:\/\/www.treatwell.fr/identite\/plus-beaux-beauty-looks-grammy-awards-2019\/#breadcrumb"},"inLanguage":"fr-FR","potentialAction":[{"@type":"ReadAction","target":["https:\/\/www.treatwell.fr/identite\/plus-beaux-beauty-looks-grammy-awards-2019\/"]}]},{"@type":"ImageObject","inLanguage":"fr-FR","@id":"https:\/\/www.treatwell.fr/identite\/plus-beaux-beauty-looks-grammy-awards-2019\/#primaryimage","url":"https:\/\/www.treatwell.fr/identite\/wp-content\/uploads\/sites\/6\/2022\/03\/pdixon37_51703165_388545888578303_7507029775324379421_n.jpg","contentUrl":"https:\/\/www.treatwell.fr/identite\/wp-content\/uploads\/sites\/6\/2022\/03\/pdixon37_51703165_388545888578303_7507029775324379421_n.jpg","width":502,"height":628},{"@type":"BreadcrumbList","@id":"https:\/\/www.treatwell.fr/identite\/plus-beaux-beauty-looks-grammy-awards-2019\/#breadcrumb","itemListElement":[{"@type":"ListItem","position":1,"name":"Home","item":"https:\/\/www.treatwell.fr/identite\/"},{"@type":"ListItem","position":2,"name":"Tendances","item":"https:\/\/www.treatwell.fr/identite\/tendances\/"},{"@type":"ListItem","position":3,"name":"Les plus beaux beauty looks des Grammy Awards 2019"}]},{"@type":"WebSite","@id":"https:\/\/www.treatwell.fr/identite\/#website","url":"https:\/\/www.treatwell.fr/identite\/","name":"Identit\u00e9","description":"Beaut\u00e9, Cheveux, Quotidien","publisher":{"@id":"https:\/\/www.treatwell.fr/identite\/#organization"},"potentialAction":[{"@type":"SearchAction","target":{"@type":"EntryPoint","urlTemplate":"https:\/\/www.treatwell.fr/identite\/?s={search_term_string}"},"query-input":{"@type":"PropertyValueSpecification","valueRequired":true,"valueName":"search_term_string"}}],"inLanguage":"fr-FR"},{"@type":"Organization","@id":"https:\/\/www.treatwell.fr/identite\/#organization","name":"Treatwell","url":"https:\/\/www.treatwell.fr/identite\/","logo":{"@type":"ImageObject","inLanguage":"fr-FR","@id":"https:\/\/www.treatwell.fr/identite\/#\/schema\/logo\/image\/","url":"https:\/\/www.treatwell.fr/identite\/wp-content\/uploads\/sites\/6\/2022\/03\/logo_treatwell.png","contentUrl":"https:\/\/www.treatwell.fr/identite\/wp-content\/uploads\/sites\/6\/2022\/03\/logo_treatwell.png","width":889,"height":164,"caption":"Treatwell"},"image":{"@id":"https:\/\/www.treatwell.fr/identite\/#\/schema\/logo\/image\/"}},{"@type":"Person","@id":"https:\/\/www.treatwell.fr/identite\/#\/schema\/person\/45be8f7781947e6c6d31f4b658271bf6","name":"Beth Ryan","image":{"@type":"ImageObject","inLanguage":"fr-FR","@id":"https:\/\/secure.gravatar.com\/avatar\/93502c3b0591e62d75cc697ff3b5b8f47fef521e9dd0d61feb5570ae6d459200?s=96&d=mm&r=g","url":"https:\/\/secure.gravatar.com\/avatar\/93502c3b0591e62d75cc697ff3b5b8f47fef521e9dd0d61feb5570ae6d459200?s=96&d=mm&r=g","contentUrl":"https:\/\/secure.gravatar.com\/avatar\/93502c3b0591e62d75cc697ff3b5b8f47fef521e9dd0d61feb5570ae6d459200?s=96&d=mm&r=g","caption":"Beth Ryan"},"url":"https:\/\/www.treatwell.fr/identite\/author\/bethanyryan\/"}]}},"featured_image_src":"https:\/\/www.treatwell.fr/identite\/wp-content\/uploads\/sites\/6\/2022\/03\/pdixon37_51703165_388545888578303_7507029775324379421_n-502x400.jpg","featured_image_src_square":"https:\/\/www.treatwell.fr/identite\/wp-content\/uploads\/sites\/6\/2022\/03\/pdixon37_51703165_388545888578303_7507029775324379421_n-502x600.jpg","author_info":{"display_name":"Beth Ryan","author_link":"https:\/\/www.treatwell.fr/identite\/author\/bethanyryan\/"},"_links":{"self":[{"href":"https:\/\/www.treatwell.fr\/identite\/wp-json\/wp\/v2\/posts\/40226","targetHints":{"allow":["GET"]}}],"collection":[{"href":"https:\/\/www.treatwell.fr\/identite\/wp-json\/wp\/v2\/posts"}],"about":[{"href":"https:\/\/www.treatwell.fr\/identite\/wp-json\/wp\/v2\/types\/post"}],"author":[{"embeddable":true,"href":"https:\/\/www.treatwell.fr\/identite\/wp-json\/wp\/v2\/users\/3366"}],"replies":[{"embeddable":true,"href":"https:\/\/www.treatwell.fr\/identite\/wp-json\/wp\/v2\/comments?post=40226"}],"version-history":[{"count":0,"href":"https:\/\/www.treatwell.fr\/identite\/wp-json\/wp\/v2\/posts\/40226\/revisions"}],"wp:featuredmedia":[{"embeddable":true,"href":"https:\/\/www.treatwell.fr\/identite\/wp-json\/wp\/v2\/media\/40247"}],"wp:attachment":[{"href":"https:\/\/www.treatwell.fr\/identite\/wp-json\/wp\/v2\/media?parent=40226"}],"wp:term":[{"taxonomy":"category","embeddable":true,"href":"https:\/\/www.treatwell.fr\/identite\/wp-json\/wp\/v2\/categories?post=40226"},{"taxonomy":"post_tag","embeddable":true,"href":"https:\/\/www.treatwell.fr\/identite\/wp-json\/wp\/v2\/tags?post=40226"}],"curies":[{"name":"wp","href":"https:\/\/api.w.org\/{rel}","templated":true}]}}