{"id":40403,"date":"2019-03-01T06:03:34","date_gmt":"2019-03-01T05:03:34","guid":{"rendered":"https:\/\/www.treatwell.fr\/identite\/?p=19349"},"modified":"2025-12-15T22:48:24","modified_gmt":"2025-12-15T21:48:24","slug":"voici-la-routine-beaute-que-vous-devriez-adopter-a-larrivee-des-beaux-jours","status":"publish","type":"post","link":"https:\/\/www.treatwell.fr/identite\/voici-la-routine-beaute-que-vous-devriez-adopter-a-larrivee-des-beaux-jours\/","title":{"rendered":"Voici la routine beaut\u00e9 que vous devriez adopter \u00e0 l&#8217;arriv\u00e9e des beaux jours"},"content":{"rendered":"<p>\u00c7a y est, c\u2019est l\u2019un de nos mois pr\u00e9f\u00e9r\u00e9s de l\u2019ann\u00e9e qui signe l\u2019arriv\u00e9e du printemps, le soleil, les oiseaux et plus largement le renouveau. On ne sait pas pour vous, mais nous d\u00e8s que les beaux jours sont l\u00e0, on a envie de faire une multitude de choses : crapahuter dehors, (re)d\u00e9corer son int\u00e9rieur, changer de <a href=\"https:\/\/www.treatwell.fr\/identite\/19-hairstyles-canon-que-vous-allez-vouloir-adopter-au-printemps\/\">coupe<\/a>, shopper des nouvelles pi\u00e8ces pour notre dressing et faire le tri ! \u00c7a tombe \u00e0 pic car il est inscrit un peu partout que c\u2019est le moment parfait pour peaufiner sa routine beaut\u00e9. Pourquoi changer de routine beaut\u00e9 au printemps ? Quels produits de beaut\u00e9 et gestes adopter ?\u00a0Laura, formatrice Decl\u00e9or nous dit tout !\u00a0\u00a0Voici la routine beaut\u00e9 que vous devriez adopter \u00e0 l\u2019arriv\u00e9e des beaux jours \u2026<\/p>\n<p>M\u00e9lanie LE GALL<\/p>\n<div class=\"schema-faq wp-block-yoast-faq-block\">\n<div class=\"schema-faq-section\" id=\"faq-question-1765834812530\">\n<h3 class=\"schema-faq-question\">Pourquoi faut-il changer de routine beaut\u00e9 au printemps ?<\/h3>\n<p class=\"schema-faq-answer\">Le printemps bouleverse ton organisme et influe sur ta peau, qui a de nouveaux besoins. Avec le retour du soleil et des temp\u00e9ratures plus douces, ton \u00e9piderme r\u00e9clame une hydratation adapt\u00e9e et une protection contre les agressions ext\u00e9rieures comme les UVA, UVB et la pollution.<\/div>\n<div class=\"schema-faq-section\" id=\"faq-question-1765834812531\">\n<h3 class=\"schema-faq-question\">Quels soins du visage privil\u00e9gier \u00e0 la sortie de l\u2019hiver ?<\/h3>\n<p class=\"schema-faq-answer\">Le changement de saison est parfait pour t\u2019offrir un soin du visage professionnel afin de d\u00e9barrasser ta peau des toxines. Le Soin du visage Signature Aromaplastie ou le Soin Hydratant N\u00e9roli Bigarade sont recommand\u00e9s pour retrouver \u00e9nergie, \u00e9clat et vitalit\u00e9, peu importe ton type de peau.<\/div>\n<div class=\"schema-faq-section\" id=\"faq-question-1765834812532\">\n<h3 class=\"schema-faq-question\">Quelles textures de produits de beaut\u00e9 adopter au printemps ?<\/h3>\n<p class=\"schema-faq-answer\">Au printemps, tu dois remplacer les cr\u00e8mes hydratantes ultra-riches par des textures gel\u00e9es, fluides ou eaux selon ton type de peau. Choisis des soins qui t\u2019apportent confort, hydratation et protection chaque jour pour sublimer ton teint sans brillance.<\/div>\n<div class=\"schema-faq-section\" id=\"faq-question-1765834812533\">\n<h3 class=\"schema-faq-question\">Combien de temps garder une cr\u00e8me pour le visage ouverte ?<\/h3>\n<p class=\"schema-faq-answer\">Une cr\u00e8me pour le visage en pot se conserve 9 mois apr\u00e8s ouverture. Il vaut mieux jeter les produits ouverts depuis trop longtemps pour pr\u00e9server la qualit\u00e9 de ta routine beaut\u00e9 et garantir une efficacit\u00e9 optimale de tes soins.<\/div>\n<div class=\"schema-faq-section\" id=\"faq-question-1765834812534\">\n<h3 class=\"schema-faq-question\">Quels gestes adopter pour une routine beaut\u00e9 \u00e9clatante au printemps ?<\/h3>\n<p class=\"schema-faq-answer\">Il est essentiel de bien d\u00e9maquiller, nettoyer et hydrater ta peau chaque jour, m\u00eame si elle est grasse. Int\u00e8gre un gommage une \u00e0 deux fois par semaine et un masque ressour\u00e7ant pour \u00e9liminer les cellules mortes et retrouver un teint \u00e9clatant.<\/div>\n<\/p><\/div>\n","protected":false},"excerpt":{"rendered":"<p>\u00c7a y est, c\u2019est l\u2019un de nos mois pr\u00e9f\u00e9r\u00e9s de l\u2019ann\u00e9e qui signe l\u2019arriv\u00e9e du printemps, le soleil, les oiseaux et plus largement le renouveau. On ne sait pas pour vous, mais nous d\u00e8s que les beaux jours sont l\u00e0, on a envie de faire une multitude de choses : crapahuter dehors, (re)d\u00e9corer son int\u00e9rieur, [&hellip;]<\/p>\n","protected":false},"author":3319,"featured_media":40409,"comment_status":"closed","ping_status":"closed","sticky":false,"template":"","format":"standard","meta":{"_acf_changed":false,"_yoast_wpseo_title":"Routine beaut\u00e9 printemps : conseils experts | Treatwell","_yoast_wpseo_metadesc":"Pr\u00e9pare ta peau pour le printemps avec ces conseils beaut\u00e9. D\u00e9couvre la routine id\u00e9ale, produits \u00e0 adopter et gestes essentiels pour une peau \u00e9clatante aux beaux jours.","_genesis_hide_title":false,"_genesis_hide_breadcrumbs":false,"_genesis_hide_singular_image":false,"_genesis_hide_footer_widgets":false,"_genesis_custom_body_class":"","_genesis_custom_post_class":"","_genesis_layout":"","saswp_custom_schema_field":"{\"@context\":\"https:\/\/schema.org\",\"@type\":\"FAQPage\",\"mainEntity\":[{\"@type\":\"Question\",\"name\":\"Pourquoi faut-il changer de routine beaut\u00e9 au printemps ?\",\"acceptedAnswer\":{\"@type\":\"Answer\",\"text\":\"Le printemps bouleverse ton organisme et influe sur ta peau, qui a de nouveaux besoins. Avec le retour du soleil et des temp\u00e9ratures plus douces, ton \u00e9piderme r\u00e9clame une hydratation adapt\u00e9e et une protection contre les agressions ext\u00e9rieures comme les UVA, UVB et la pollution.\"}},{\"@type\":\"Question\",\"name\":\"Quels soins du visage privil\u00e9gier \u00e0 la sortie de l\u2019hiver ?\",\"acceptedAnswer\":{\"@type\":\"Answer\",\"text\":\"Le changement de saison est parfait pour t\u2019offrir un soin du visage professionnel afin de d\u00e9barrasser ta peau des toxines. Le Soin du visage Signature Aromaplastie ou le Soin Hydratant N\u00e9roli Bigarade sont recommand\u00e9s pour retrouver \u00e9nergie, \u00e9clat et vitalit\u00e9, peu importe ton type de peau.\"}},{\"@type\":\"Question\",\"name\":\"Quelles textures de produits de beaut\u00e9 adopter au printemps ?\",\"acceptedAnswer\":{\"@type\":\"Answer\",\"text\":\"Au printemps, tu dois remplacer les cr\u00e8mes hydratantes ultra-riches par des textures gel\u00e9es, fluides ou eaux selon ton type de peau. Choisis des soins qui t\u2019apportent confort, hydratation et protection chaque jour pour sublimer ton teint sans brillance.\"}},{\"@type\":\"Question\",\"name\":\"Combien de temps garder une cr\u00e8me pour le visage ouverte ?\",\"acceptedAnswer\":{\"@type\":\"Answer\",\"text\":\"Une cr\u00e8me pour le visage en pot se conserve 9 mois apr\u00e8s ouverture. Il vaut mieux jeter les produits ouverts depuis trop longtemps pour pr\u00e9server la qualit\u00e9 de ta routine beaut\u00e9 et garantir une efficacit\u00e9 optimale de tes soins.\"}},{\"@type\":\"Question\",\"name\":\"Quels gestes adopter pour une routine beaut\u00e9 \u00e9clatante au printemps ?\",\"acceptedAnswer\":{\"@type\":\"Answer\",\"text\":\"Il est essentiel de bien d\u00e9maquiller, nettoyer et hydrater ta peau chaque jour, m\u00eame si elle est grasse. Int\u00e8gre un gommage une \u00e0 deux fois par semaine et un masque ressour\u00e7ant pour \u00e9liminer les cellules mortes et retrouver un teint \u00e9clatant.\"}}]}","footnotes":""},"categories":[4],"tags":[54,42],"class_list":{"0":"post-40403","1":"post","2":"type-post","3":"status-publish","4":"format-standard","5":"has-post-thumbnail","7":"category-beaute","8":"tag-tt4","9":"tag-tr212","10":"entry"},"acf":{"post_credits":"Cr\u00e9dits : Shutterstock @taralynn @decleorparis @maenzee @hellomoia","beauty_blog_post_button_title":"","beauty_blog_post_button":"","landscape_picture":40408,"blocks":[{"block_title":"Tenir compte des changements","block_content":"<p>D&egrave;s que le soleil commence &agrave; nous chatouiller le bout du nez, bien souvent c&#039;est un changement de saison qui se profile &agrave; l&#039;horizon. L&#039;arriv&eacute;e du soleil est synonyme de sourires aux l&egrave;vres mais aussi de tout un tas de petits bouleversements sur notre organisme. Notre alimentation change -&nbsp;on d&eacute;laisse&nbsp;les plats mijot&eacute;s pour des repas&nbsp;plus l&eacute;gers&nbsp;- le climat aussi et cela a&nbsp;des cons&eacute;quences directes sur notre peau. Il faut donc r&eacute;pondre aux nouveaux besoins de notre minois.&nbsp;<\/p>\n\n<blockquote>\n<p>&quot;Il est primordial de traiter sa peau et d&#039;apporter une r&eacute;ponse correspondant &agrave; son &eacute;tat actuel&quot; pr&eacute;cise Laura, experte beaut&eacute; Decl&eacute;or.<\/p>\n<\/blockquote>\n\n<p>Il ne faut pas oublier que le soleil a&nbsp;tendance a ass&eacute;cher la peau.&nbsp;Il faut donc trouver la texture de soin id&eacute;ale : celle qui procure &agrave; notre &eacute;piderme&nbsp;hydratation et&nbsp;confort -sans brillance-&nbsp;tout en la prot&eacute;geant des agressions ext&eacute;rieures (pollution, UVA, UVB, fum&eacute;e de cigarette&hellip;) qui acc&eacute;l&egrave;rent le vieillissement cutan&eacute;.<\/p>\n","video_content":"","block_picture":40404},{"block_title":"Faire peau neuve","block_content":"<p>Il faut bien avouer que le combo froid\/vent a eu raison de nous ! A la sortie de l&#039;hiver, notre frimousse&nbsp;fait grise mine. Un SOS de notre minois pour nous indiquer qu&#039;il a besoin d&#039;un soin. &quot;Le changement de saison marque pr&eacute;cis&eacute;ment le moment id&eacute;al pour s&#039;offrir un soin du visage professionnel&quot; explique notre experte. Bon si c&#039;est vraiment pour la bonne cause... On rigole ! Bien s&ucirc;r qu&#039;on est trop contentes d&#039;aller se faire bichonner ! D&#039;autant plus qu&#039;au-del&agrave; du confort,&nbsp;ce soin profond va permettre de d&eacute;barraser notre peau des toxines et des impuret&eacute;s qui ont un impact n&eacute;gatif sur la clart&eacute; et l&#039;&eacute;clat du teint. Avant toute chose, indique Laura, il est important de r&eacute;aliser un diagnostic de peau et de choisir le protocole ad&eacute;quat. Pour faire peau neuve, nous recommandons deux rituels qui&nbsp;correspondent &agrave; tous les types de peau&nbsp;: le soin du visage Signature Aromaplastie qui booste l&#039;&eacute;nergie, l&#039;&eacute;clat&nbsp;et la vitalit&eacute; de la peau ou le soin du visage Hydratant N&eacute;roli Bigarade qui soigne les peaux d&eacute;shydrat&eacute;es.<\/p>\n","video_content":"","block_picture":40405},{"block_title":"Renouveler son vanity","block_content":"<p>Une fois ce grand nettoyage de printemps version beaut&eacute; effectu&eacute;, il est opportun&nbsp;de faire un petit tour du c&ocirc;t&eacute; de la&nbsp;salle de bain. On dit bye-bye aux cr&egrave;mes hydratantes ultra-riches qui nous prot&egrave;gent avec brio l&#039;hiver et on privil&eacute;gie les textures un peu plus l&eacute;g&egrave;res. &quot;Aujourd&#039;hui nous avons la chance de pouvoir proposer diff&eacute;rentes textures qui s&#039;adaptent parfaitement &agrave; tous les besoins &quot; poursuit Laura. &quot;En cette saison,&nbsp;on priorise les textures comme les gel&eacute;es, fluides, eaux &agrave; s&eacute;lectionner en fonction de votre type de peau.&nbsp;L&#039;important &eacute;tant d&#039;appliquer quotidiennement des produits qui apportent confort, hydratation, protection et traitent les probl&eacute;matiques de chacun.&quot;&nbsp;<\/p>\n\n<p>Notre petite astuce ? Profitez-en pour jeter tous les produits de beaut&eacute; ouverts depuis longtemps en sachant qu&#039;une une cr&egrave;me pour le visage en pot peut se&nbsp;garder 9 mois lorsqu&#039;elle est ouverte.<br \/>\n<br \/>\n&nbsp;<\/p>\n","video_content":"","block_picture":40406},{"block_title":"Adopter les bons gestes","block_content":"<p>Une fois arm&eacute;es des&nbsp;produits de beaut&eacute; adapt&eacute;s &agrave; la saison, il ne nous reste plus qu&#039;&agrave; adopter les bons gestes dans notre routine beaut&eacute;.&nbsp;La premi&egrave;re &eacute;tape pour&nbsp;obtenir une peau nette et&nbsp;&eacute;clatante&nbsp;est de bien se d&eacute;maquiller et de&nbsp;nettoyer son&nbsp;visage assure Laura : &quot;la peau doit &ecirc;tre d&eacute;barrass&eacute;e quotidiennement&nbsp;de toutes les impuret&eacute;s, traces de maquillage et&nbsp;r&eacute;sidus quelconques.&quot; Il est im-p&eacute;-ra-tif de bien hydrater sa peau tous les jours (y comprix les peaux grasses) : &quot;un bon taux d&rsquo;hydratation permet de maintenir un bel &eacute;clat, une souplesse cutan&eacute;e, un teint frais et lisse.&nbsp;Enfin, une &agrave; deux fois par semaine, il&nbsp;faut int&eacute;grer dans son programme beaut&eacute;, l&rsquo;utilisation d&rsquo;un gommage afin d&rsquo;&eacute;liminer l&rsquo;ensemble des cellules mortes pour obtenir un teint radieux et&nbsp;&eacute;clatant. Puis, offrez-vous&nbsp;un bain ressour&ccedil;ant&nbsp;via un masque pour le visage qui procure un r&eacute;sultat instantan&eacute;&nbsp;gr&acirc;ce &agrave; la concentration des actifs qu&#039;il contient.&quot;<br \/>\n<br \/>\nS&#039;offrir un soin du visage et des nouveaux produits de beaut&eacute; : on a connu plus d&eacute;plaisant !<br \/>\n<br \/>\nAvec&nbsp;<a href=\"https:\/\/www.treatwell.fr\/?mkt_params=GC~generic_LC~blogvisagefr19_PM~TF_CM~CTA\">Treatwell<\/a>, vous pouvez r&eacute;server vos soins beaut&eacute; en ligne et dans vos &eacute;tablissements pr&eacute;f&eacute;r&eacute;s &ndash; simple, rapide et tout &ccedil;a en un rien de temps.&nbsp;<a href=\"https:\/\/www.treatwell.fr\/salons\/soin-soin-du-visage-femme\/offre-type-local\/dans-france\/\">D&eacute;couvrez des adresses canon pr&egrave;s de chez vous.<\/a><\/p>\n\n<p>&nbsp;<\/p>\n\n<p>&nbsp;<\/p>\n","video_content":"","block_picture":40407}]},"yoast_head":"<!-- This site is optimized with the Yoast SEO plugin v27.5 - https:\/\/yoast.com\/product\/yoast-seo-wordpress\/ -->\n<title>Routine beaut\u00e9 printemps : conseils experts | Treatwell<\/title>\n<meta name=\"description\" content=\"Pr\u00e9pare ta peau pour le printemps avec ces conseils beaut\u00e9. D\u00e9couvre la routine id\u00e9ale, produits \u00e0 adopter et gestes essentiels pour une peau \u00e9clatante aux beaux jours.\" \/>\n<meta name=\"robots\" content=\"index, follow, max-snippet:-1, max-image-preview:large, max-video-preview:-1\" \/>\n<link rel=\"canonical\" href=\"https:\/\/www.treatwell.fr/identite\/voici-la-routine-beaute-que-vous-devriez-adopter-a-larrivee-des-beaux-jours\/\" \/>\n<meta property=\"og:locale\" content=\"fr_FR\" \/>\n<meta property=\"og:type\" content=\"article\" \/>\n<meta property=\"og:title\" content=\"Routine beaut\u00e9 printemps : conseils experts | Treatwell\" \/>\n<meta property=\"og:description\" content=\"Pr\u00e9pare ta peau pour le printemps avec ces conseils beaut\u00e9. D\u00e9couvre la routine id\u00e9ale, produits \u00e0 adopter et gestes essentiels pour une peau \u00e9clatante aux beaux jours.\" \/>\n<meta property=\"og:url\" content=\"https:\/\/www.treatwell.fr/identite\/voici-la-routine-beaute-que-vous-devriez-adopter-a-larrivee-des-beaux-jours\/\" \/>\n<meta property=\"og:site_name\" content=\"Identit\u00e9\" \/>\n<meta property=\"article:published_time\" content=\"2019-03-01T05:03:34+00:00\" \/>\n<meta property=\"article:modified_time\" content=\"2025-12-15T21:48:24+00:00\" \/>\n<meta property=\"og:image\" content=\"https:\/\/www.treatwell.fr/identite\/wp-content\/uploads\/sites\/6\/2022\/03\/ezgif.com-resize-2019-02-28T115050.206.jpg\" \/>\n\t<meta property=\"og:image:width\" content=\"500\" \/>\n\t<meta property=\"og:image:height\" content=\"600\" \/>\n\t<meta property=\"og:image:type\" content=\"image\/jpeg\" \/>\n<meta name=\"twitter:card\" content=\"summary_large_image\" \/>\n<meta name=\"twitter:label1\" content=\"\u00c9crit par\" \/>\n\t<meta name=\"twitter:data1\" content=\"\" \/>\n\t<meta name=\"twitter:label2\" content=\"Dur\u00e9e de lecture estim\u00e9e\" \/>\n\t<meta name=\"twitter:data2\" content=\"2 minutes\" \/>\n<script type=\"application\/ld+json\" class=\"yoast-schema-graph\">{\"@context\":\"https:\\\/\\\/schema.org\",\"@graph\":[{\"@type\":\"Article\",\"@id\":\"https:\\\/\\\/www.treatwell.fr/identite\\\/voici-la-routine-beaute-que-vous-devriez-adopter-a-larrivee-des-beaux-jours\\\/#article\",\"isPartOf\":{\"@id\":\"https:\\\/\\\/www.treatwell.fr/identite\\\/voici-la-routine-beaute-que-vous-devriez-adopter-a-larrivee-des-beaux-jours\\\/\"},\"author\":{\"name\":\"\",\"@id\":\"\"},\"headline\":\"Voici la routine beaut\u00e9 que vous devriez adopter \u00e0 l&#8217;arriv\u00e9e des beaux jours\",\"datePublished\":\"2019-03-01T05:03:34+00:00\",\"dateModified\":\"2025-12-15T21:48:24+00:00\",\"mainEntityOfPage\":{\"@id\":\"https:\\\/\\\/www.treatwell.fr/identite\\\/voici-la-routine-beaute-que-vous-devriez-adopter-a-larrivee-des-beaux-jours\\\/\"},\"wordCount\":430,\"publisher\":{\"@id\":\"https:\\\/\\\/www.treatwell.fr/identite\\\/#organization\"},\"image\":{\"@id\":\"https:\\\/\\\/www.treatwell.fr/identite\\\/voici-la-routine-beaute-que-vous-devriez-adopter-a-larrivee-des-beaux-jours\\\/#primaryimage\"},\"thumbnailUrl\":\"https:\\\/\\\/www.treatwell.fr/identite\\\/wp-content\\\/uploads\\\/sites\\\/6\\\/2022\\\/03\\\/ezgif.com-resize-2019-02-28T115050.206.jpg\",\"keywords\":[\"Face\",\"Makeup\"],\"articleSection\":[\"Beaut\u00e9\"],\"inLanguage\":\"fr-FR\"},{\"@type\":\"WebPage\",\"@id\":\"https:\\\/\\\/www.treatwell.fr/identite\\\/voici-la-routine-beaute-que-vous-devriez-adopter-a-larrivee-des-beaux-jours\\\/\",\"url\":\"https:\\\/\\\/www.treatwell.fr/identite\\\/voici-la-routine-beaute-que-vous-devriez-adopter-a-larrivee-des-beaux-jours\\\/\",\"name\":\"Routine beaut\u00e9 printemps : conseils experts | Treatwell\",\"isPartOf\":{\"@id\":\"https:\\\/\\\/www.treatwell.fr/identite\\\/#website\"},\"primaryImageOfPage\":{\"@id\":\"https:\\\/\\\/www.treatwell.fr/identite\\\/voici-la-routine-beaute-que-vous-devriez-adopter-a-larrivee-des-beaux-jours\\\/#primaryimage\"},\"image\":{\"@id\":\"https:\\\/\\\/www.treatwell.fr/identite\\\/voici-la-routine-beaute-que-vous-devriez-adopter-a-larrivee-des-beaux-jours\\\/#primaryimage\"},\"thumbnailUrl\":\"https:\\\/\\\/www.treatwell.fr/identite\\\/wp-content\\\/uploads\\\/sites\\\/6\\\/2022\\\/03\\\/ezgif.com-resize-2019-02-28T115050.206.jpg\",\"datePublished\":\"2019-03-01T05:03:34+00:00\",\"dateModified\":\"2025-12-15T21:48:24+00:00\",\"description\":\"Pr\u00e9pare ta peau pour le printemps avec ces conseils beaut\u00e9. D\u00e9couvre la routine id\u00e9ale, produits \u00e0 adopter et gestes essentiels pour une peau \u00e9clatante aux beaux jours.\",\"breadcrumb\":{\"@id\":\"https:\\\/\\\/www.treatwell.fr/identite\\\/voici-la-routine-beaute-que-vous-devriez-adopter-a-larrivee-des-beaux-jours\\\/#breadcrumb\"},\"inLanguage\":\"fr-FR\",\"potentialAction\":[{\"@type\":\"ReadAction\",\"target\":[\"https:\\\/\\\/www.treatwell.fr/identite\\\/voici-la-routine-beaute-que-vous-devriez-adopter-a-larrivee-des-beaux-jours\\\/\"]}]},{\"@type\":\"ImageObject\",\"inLanguage\":\"fr-FR\",\"@id\":\"https:\\\/\\\/www.treatwell.fr/identite\\\/voici-la-routine-beaute-que-vous-devriez-adopter-a-larrivee-des-beaux-jours\\\/#primaryimage\",\"url\":\"https:\\\/\\\/www.treatwell.fr/identite\\\/wp-content\\\/uploads\\\/sites\\\/6\\\/2022\\\/03\\\/ezgif.com-resize-2019-02-28T115050.206.jpg\",\"contentUrl\":\"https:\\\/\\\/www.treatwell.fr/identite\\\/wp-content\\\/uploads\\\/sites\\\/6\\\/2022\\\/03\\\/ezgif.com-resize-2019-02-28T115050.206.jpg\",\"width\":500,\"height\":600},{\"@type\":\"BreadcrumbList\",\"@id\":\"https:\\\/\\\/www.treatwell.fr/identite\\\/voici-la-routine-beaute-que-vous-devriez-adopter-a-larrivee-des-beaux-jours\\\/#breadcrumb\",\"itemListElement\":[{\"@type\":\"ListItem\",\"position\":1,\"name\":\"Home\",\"item\":\"https:\\\/\\\/www.treatwell.fr/identite\\\/\"},{\"@type\":\"ListItem\",\"position\":2,\"name\":\"Beaut\u00e9\",\"item\":\"https:\\\/\\\/www.treatwell.fr/identite\\\/beaute\\\/\"},{\"@type\":\"ListItem\",\"position\":3,\"name\":\"Voici la routine beaut\u00e9 que vous devriez adopter \u00e0 l&#8217;arriv\u00e9e des beaux jours\"}]},{\"@type\":\"WebSite\",\"@id\":\"https:\\\/\\\/www.treatwell.fr/identite\\\/#website\",\"url\":\"https:\\\/\\\/www.treatwell.fr/identite\\\/\",\"name\":\"Identit\u00e9\",\"description\":\"Beaut\u00e9, Cheveux, Quotidien\",\"publisher\":{\"@id\":\"https:\\\/\\\/www.treatwell.fr/identite\\\/#organization\"},\"potentialAction\":[{\"@type\":\"SearchAction\",\"target\":{\"@type\":\"EntryPoint\",\"urlTemplate\":\"https:\\\/\\\/www.treatwell.fr/identite\\\/?s={search_term_string}\"},\"query-input\":{\"@type\":\"PropertyValueSpecification\",\"valueRequired\":true,\"valueName\":\"search_term_string\"}}],\"inLanguage\":\"fr-FR\"},{\"@type\":\"Organization\",\"@id\":\"https:\\\/\\\/www.treatwell.fr/identite\\\/#organization\",\"name\":\"Treatwell\",\"url\":\"https:\\\/\\\/www.treatwell.fr/identite\\\/\",\"logo\":{\"@type\":\"ImageObject\",\"inLanguage\":\"fr-FR\",\"@id\":\"https:\\\/\\\/www.treatwell.fr/identite\\\/#\\\/schema\\\/logo\\\/image\\\/\",\"url\":\"https:\\\/\\\/www.treatwell.fr/identite\\\/wp-content\\\/uploads\\\/sites\\\/6\\\/2022\\\/03\\\/logo_treatwell.png\",\"contentUrl\":\"https:\\\/\\\/www.treatwell.fr/identite\\\/wp-content\\\/uploads\\\/sites\\\/6\\\/2022\\\/03\\\/logo_treatwell.png\",\"width\":889,\"height\":164,\"caption\":\"Treatwell\"},\"image\":{\"@id\":\"https:\\\/\\\/www.treatwell.fr/identite\\\/#\\\/schema\\\/logo\\\/image\\\/\"}},{\"@type\":\"Person\",\"@id\":\"\",\"url\":\"https:\\\/\\\/www.treatwell.fr/identite\\\/author\\\/\"}]}<\/script>\n<!-- \/ Yoast SEO plugin. -->","yoast_head_json":{"title":"Routine beaut\u00e9 printemps : conseils experts | Treatwell","description":"Pr\u00e9pare ta peau pour le printemps avec ces conseils beaut\u00e9. D\u00e9couvre la routine id\u00e9ale, produits \u00e0 adopter et gestes essentiels pour une peau \u00e9clatante aux beaux jours.","robots":{"index":"index","follow":"follow","max-snippet":"max-snippet:-1","max-image-preview":"max-image-preview:large","max-video-preview":"max-video-preview:-1"},"canonical":"https:\/\/www.treatwell.fr/identite\/voici-la-routine-beaute-que-vous-devriez-adopter-a-larrivee-des-beaux-jours\/","og_locale":"fr_FR","og_type":"article","og_title":"Routine beaut\u00e9 printemps : conseils experts | Treatwell","og_description":"Pr\u00e9pare ta peau pour le printemps avec ces conseils beaut\u00e9. D\u00e9couvre la routine id\u00e9ale, produits \u00e0 adopter et gestes essentiels pour une peau \u00e9clatante aux beaux jours.","og_url":"https:\/\/www.treatwell.fr/identite\/voici-la-routine-beaute-que-vous-devriez-adopter-a-larrivee-des-beaux-jours\/","og_site_name":"Identit\u00e9","article_published_time":"2019-03-01T05:03:34+00:00","article_modified_time":"2025-12-15T21:48:24+00:00","og_image":[{"width":500,"height":600,"url":"https:\/\/www.treatwell.fr/identite\/wp-content\/uploads\/sites\/6\/2022\/03\/ezgif.com-resize-2019-02-28T115050.206.jpg","type":"image\/jpeg"}],"twitter_card":"summary_large_image","twitter_misc":{"\u00c9crit par":"","Dur\u00e9e de lecture estim\u00e9e":"2 minutes"},"schema":{"@context":"https:\/\/schema.org","@graph":[{"@type":"Article","@id":"https:\/\/www.treatwell.fr/identite\/voici-la-routine-beaute-que-vous-devriez-adopter-a-larrivee-des-beaux-jours\/#article","isPartOf":{"@id":"https:\/\/www.treatwell.fr/identite\/voici-la-routine-beaute-que-vous-devriez-adopter-a-larrivee-des-beaux-jours\/"},"author":{"name":"","@id":""},"headline":"Voici la routine beaut\u00e9 que vous devriez adopter \u00e0 l&#8217;arriv\u00e9e des beaux jours","datePublished":"2019-03-01T05:03:34+00:00","dateModified":"2025-12-15T21:48:24+00:00","mainEntityOfPage":{"@id":"https:\/\/www.treatwell.fr/identite\/voici-la-routine-beaute-que-vous-devriez-adopter-a-larrivee-des-beaux-jours\/"},"wordCount":430,"publisher":{"@id":"https:\/\/www.treatwell.fr/identite\/#organization"},"image":{"@id":"https:\/\/www.treatwell.fr/identite\/voici-la-routine-beaute-que-vous-devriez-adopter-a-larrivee-des-beaux-jours\/#primaryimage"},"thumbnailUrl":"https:\/\/www.treatwell.fr/identite\/wp-content\/uploads\/sites\/6\/2022\/03\/ezgif.com-resize-2019-02-28T115050.206.jpg","keywords":["Face","Makeup"],"articleSection":["Beaut\u00e9"],"inLanguage":"fr-FR"},{"@type":"WebPage","@id":"https:\/\/www.treatwell.fr/identite\/voici-la-routine-beaute-que-vous-devriez-adopter-a-larrivee-des-beaux-jours\/","url":"https:\/\/www.treatwell.fr/identite\/voici-la-routine-beaute-que-vous-devriez-adopter-a-larrivee-des-beaux-jours\/","name":"Routine beaut\u00e9 printemps : conseils experts | Treatwell","isPartOf":{"@id":"https:\/\/www.treatwell.fr/identite\/#website"},"primaryImageOfPage":{"@id":"https:\/\/www.treatwell.fr/identite\/voici-la-routine-beaute-que-vous-devriez-adopter-a-larrivee-des-beaux-jours\/#primaryimage"},"image":{"@id":"https:\/\/www.treatwell.fr/identite\/voici-la-routine-beaute-que-vous-devriez-adopter-a-larrivee-des-beaux-jours\/#primaryimage"},"thumbnailUrl":"https:\/\/www.treatwell.fr/identite\/wp-content\/uploads\/sites\/6\/2022\/03\/ezgif.com-resize-2019-02-28T115050.206.jpg","datePublished":"2019-03-01T05:03:34+00:00","dateModified":"2025-12-15T21:48:24+00:00","description":"Pr\u00e9pare ta peau pour le printemps avec ces conseils beaut\u00e9. D\u00e9couvre la routine id\u00e9ale, produits \u00e0 adopter et gestes essentiels pour une peau \u00e9clatante aux beaux jours.","breadcrumb":{"@id":"https:\/\/www.treatwell.fr/identite\/voici-la-routine-beaute-que-vous-devriez-adopter-a-larrivee-des-beaux-jours\/#breadcrumb"},"inLanguage":"fr-FR","potentialAction":[{"@type":"ReadAction","target":["https:\/\/www.treatwell.fr/identite\/voici-la-routine-beaute-que-vous-devriez-adopter-a-larrivee-des-beaux-jours\/"]}]},{"@type":"ImageObject","inLanguage":"fr-FR","@id":"https:\/\/www.treatwell.fr/identite\/voici-la-routine-beaute-que-vous-devriez-adopter-a-larrivee-des-beaux-jours\/#primaryimage","url":"https:\/\/www.treatwell.fr/identite\/wp-content\/uploads\/sites\/6\/2022\/03\/ezgif.com-resize-2019-02-28T115050.206.jpg","contentUrl":"https:\/\/www.treatwell.fr/identite\/wp-content\/uploads\/sites\/6\/2022\/03\/ezgif.com-resize-2019-02-28T115050.206.jpg","width":500,"height":600},{"@type":"BreadcrumbList","@id":"https:\/\/www.treatwell.fr/identite\/voici-la-routine-beaute-que-vous-devriez-adopter-a-larrivee-des-beaux-jours\/#breadcrumb","itemListElement":[{"@type":"ListItem","position":1,"name":"Home","item":"https:\/\/www.treatwell.fr/identite\/"},{"@type":"ListItem","position":2,"name":"Beaut\u00e9","item":"https:\/\/www.treatwell.fr/identite\/beaute\/"},{"@type":"ListItem","position":3,"name":"Voici la routine beaut\u00e9 que vous devriez adopter \u00e0 l&#8217;arriv\u00e9e des beaux jours"}]},{"@type":"WebSite","@id":"https:\/\/www.treatwell.fr/identite\/#website","url":"https:\/\/www.treatwell.fr/identite\/","name":"Identit\u00e9","description":"Beaut\u00e9, Cheveux, Quotidien","publisher":{"@id":"https:\/\/www.treatwell.fr/identite\/#organization"},"potentialAction":[{"@type":"SearchAction","target":{"@type":"EntryPoint","urlTemplate":"https:\/\/www.treatwell.fr/identite\/?s={search_term_string}"},"query-input":{"@type":"PropertyValueSpecification","valueRequired":true,"valueName":"search_term_string"}}],"inLanguage":"fr-FR"},{"@type":"Organization","@id":"https:\/\/www.treatwell.fr/identite\/#organization","name":"Treatwell","url":"https:\/\/www.treatwell.fr/identite\/","logo":{"@type":"ImageObject","inLanguage":"fr-FR","@id":"https:\/\/www.treatwell.fr/identite\/#\/schema\/logo\/image\/","url":"https:\/\/www.treatwell.fr/identite\/wp-content\/uploads\/sites\/6\/2022\/03\/logo_treatwell.png","contentUrl":"https:\/\/www.treatwell.fr/identite\/wp-content\/uploads\/sites\/6\/2022\/03\/logo_treatwell.png","width":889,"height":164,"caption":"Treatwell"},"image":{"@id":"https:\/\/www.treatwell.fr/identite\/#\/schema\/logo\/image\/"}},{"@type":"Person","@id":"","url":"https:\/\/www.treatwell.fr/identite\/author\/"}]}},"featured_image_src":"https:\/\/www.treatwell.fr/identite\/wp-content\/uploads\/sites\/6\/2022\/03\/ezgif.com-resize-2019-02-28T115050.206-500x400.jpg","featured_image_src_square":"https:\/\/www.treatwell.fr/identite\/wp-content\/uploads\/sites\/6\/2022\/03\/ezgif.com-resize-2019-02-28T115050.206.jpg","author_info":{"display_name":"","author_link":"https:\/\/www.treatwell.fr/identite\/author\/"},"_links":{"self":[{"href":"https:\/\/www.treatwell.fr\/identite\/wp-json\/wp\/v2\/posts\/40403","targetHints":{"allow":["GET"]}}],"collection":[{"href":"https:\/\/www.treatwell.fr\/identite\/wp-json\/wp\/v2\/posts"}],"about":[{"href":"https:\/\/www.treatwell.fr\/identite\/wp-json\/wp\/v2\/types\/post"}],"author":[{"embeddable":true,"href":"https:\/\/www.treatwell.fr\/identite\/wp-json\/wp\/v2\/users\/3319"}],"replies":[{"embeddable":true,"href":"https:\/\/www.treatwell.fr\/identite\/wp-json\/wp\/v2\/comments?post=40403"}],"version-history":[{"count":0,"href":"https:\/\/www.treatwell.fr\/identite\/wp-json\/wp\/v2\/posts\/40403\/revisions"}],"wp:featuredmedia":[{"embeddable":true,"href":"https:\/\/www.treatwell.fr\/identite\/wp-json\/wp\/v2\/media\/40409"}],"wp:attachment":[{"href":"https:\/\/www.treatwell.fr\/identite\/wp-json\/wp\/v2\/media?parent=40403"}],"wp:term":[{"taxonomy":"category","embeddable":true,"href":"https:\/\/www.treatwell.fr\/identite\/wp-json\/wp\/v2\/categories?post=40403"},{"taxonomy":"post_tag","embeddable":true,"href":"https:\/\/www.treatwell.fr\/identite\/wp-json\/wp\/v2\/tags?post=40403"}],"curies":[{"name":"wp","href":"https:\/\/api.w.org\/{rel}","templated":true}]}}