{"id":40593,"date":"2019-03-26T12:03:15","date_gmt":"2019-03-26T11:03:15","guid":{"rendered":"https:\/\/www.treatwell.fr\/identite\/?p=19892"},"modified":"2025-12-15T22:48:28","modified_gmt":"2025-12-15T21:48:28","slug":"garcons-pourquoi-allez-vouloir-passer-temps-barbier-lappartement-235th","status":"publish","type":"post","link":"https:\/\/www.treatwell.fr/identite\/garcons-pourquoi-allez-vouloir-passer-temps-barbier-lappartement-235th\/","title":{"rendered":"Voici pourquoi vous allez vouloir passer du temps chez ce barbier ultra styl\u00e9"},"content":{"rendered":"<p class=\"p1\">Messieurs, on sait bien que vous n\u2019avez pas vraiment envie de passer des heures chez le barbier. Question beaut\u00e9, hors de question de perdre du temps ou &#8211; encore pire &#8211; d\u2019attendre son tour pour une coupe de cheveux. Nous avons d\u00e9nich\u00e9 une adresse parisienne qui va vous faire changer d\u2019avis. Venez voir pourquoi.<\/p>\n<div class=\"schema-faq wp-block-yoast-faq-block\">\n<div class=\"schema-faq-section\" id=\"faq-question-1765834763862\">\n<h3 class=\"schema-faq-question\">Quels soins sont propos\u00e9s \u00e0 l\u2019Appartement 235th ?<\/h3>\n<p class=\"schema-faq-answer\">Tu peux profiter d&#8217;une coupe de cheveux, d\u2019un rasage de la barbe \u00e0 l\u2019ancienne, d\u2019une taille de la moustache, de teintures, de colorations et de soins du visage. Des formules vari\u00e9es sont propos\u00e9es pour t\u2019aider \u00e0 entretenir ton look ou sublimer ton style en toute simplicit\u00e9.<\/div>\n<div class=\"schema-faq-section\" id=\"faq-question-1765834763863\">\n<h3 class=\"schema-faq-question\">O\u00f9 se situe l\u2019Appartement 235th \u00e0 Paris ?<\/h3>\n<p class=\"schema-faq-answer\">L\u2019Appartement 235th est install\u00e9 au c\u0153ur du 1er arrondissement de Paris, juste \u00e0 c\u00f4t\u00e9 de l\u2019arr\u00eat de m\u00e9tro \u00c9tienne Marcel. L\u2019adresse est facile d\u2019acc\u00e8s, parfaite pour t\u2019accorder une pause beaut\u00e9 sans te compliquer la vie.<\/div>\n<div class=\"schema-faq-section\" id=\"faq-question-1765834763864\">\n<h3 class=\"schema-faq-question\">Quelles exp\u00e9riences te sont offertes au-del\u00e0 des soins ?<\/h3>\n<p class=\"schema-faq-answer\">Apr\u00e8s ta coupe, tu peux profiter d\u2019un bar, d\u2019une salle de billard et d\u2019une salle de cin\u00e9ma. L\u2019ambiance unique te permet de te d\u00e9tendre, siroter une bi\u00e8re fra\u00eeche ou faire une partie de billard dans un cadre styl\u00e9 et convivial.<\/div>\n<div class=\"schema-faq-section\" id=\"faq-question-1765834763865\">\n<h3 class=\"schema-faq-question\">Quelle formule d\u00e9couverte recommander pour un premier soin visage ?<\/h3>\n<p class=\"schema-faq-answer\">Le soin \u00e0 la vapeur et serviette chaude suivi d\u2019un Black Mask (25\u202f\u20ac) constitue une exp\u00e9rience id\u00e9ale pour d\u00e9couvrir les bienfaits des soins du visage. Ce rituel purifie la peau et t\u2019offre un moment de relaxation instantan\u00e9e.<\/div>\n<div class=\"schema-faq-section\" id=\"faq-question-1765834763866\">\n<h3 class=\"schema-faq-question\">Est-il possible de faire du shopping sur place ?<\/h3>\n<p class=\"schema-faq-answer\">Tu peux parcourir un showroom et un designer store proposant v\u00eatements, accessoires et parfums. C\u2019est l\u2019occasion d\u2019essayer des pi\u00e8ces de cr\u00e9ateurs et de compl\u00e9ter ta pause beaut\u00e9 par un relooking \u00e9l\u00e9gant.<\/div>\n<\/p><\/div>\n","protected":false},"excerpt":{"rendered":"<p>Messieurs, on sait bien que vous n\u2019avez pas vraiment envie de passer des heures chez le barbier. Question beaut\u00e9, hors de question de perdre du temps ou &#8211; encore pire &#8211; d\u2019attendre son tour pour une coupe de cheveux. Nous avons d\u00e9nich\u00e9 une adresse parisienne qui va vous faire changer d\u2019avis. Venez voir pourquoi. Quels [&hellip;]<\/p>\n","protected":false},"author":3366,"featured_media":40599,"comment_status":"closed","ping_status":"closed","sticky":false,"template":"","format":"standard","meta":{"_acf_changed":false,"_yoast_wpseo_title":"Barbier Paris : concept store styl\u00e9 et soins homme | Treatwell","_yoast_wpseo_metadesc":"D\u00e9couvrez Appartement 235th, barbier \u00e0 Paris avec coupe, rasage, soins visage. Ambiance urbaine, bar, salle de billard et showroom. R\u00e9servation rapide en ligne.","_genesis_hide_title":false,"_genesis_hide_breadcrumbs":false,"_genesis_hide_singular_image":false,"_genesis_hide_footer_widgets":false,"_genesis_custom_body_class":"","_genesis_custom_post_class":"","_genesis_layout":"","saswp_custom_schema_field":"{\"@context\":\"https:\/\/schema.org\",\"@type\":\"FAQPage\",\"mainEntity\":[{\"@type\":\"Question\",\"name\":\"Quels soins sont propos\u00e9s \u00e0 l\u2019Appartement 235th ?\",\"acceptedAnswer\":{\"@type\":\"Answer\",\"text\":\"Tu peux profiter d'une coupe de cheveux, d\u2019un rasage de la barbe \u00e0 l\u2019ancienne, d\u2019une taille de la moustache, de teintures, de colorations et de soins du visage. Des formules vari\u00e9es sont propos\u00e9es pour t\u2019aider \u00e0 entretenir ton look ou sublimer ton style en toute simplicit\u00e9.\"}},{\"@type\":\"Question\",\"name\":\"O\u00f9 se situe l\u2019Appartement 235th \u00e0 Paris ?\",\"acceptedAnswer\":{\"@type\":\"Answer\",\"text\":\"L\u2019Appartement 235th est install\u00e9 au c\u0153ur du 1er arrondissement de Paris, juste \u00e0 c\u00f4t\u00e9 de l\u2019arr\u00eat de m\u00e9tro \u00c9tienne Marcel. L\u2019adresse est facile d\u2019acc\u00e8s, parfaite pour t\u2019accorder une pause beaut\u00e9 sans te compliquer la vie.\"}},{\"@type\":\"Question\",\"name\":\"Quelles exp\u00e9riences te sont offertes au-del\u00e0 des soins ?\",\"acceptedAnswer\":{\"@type\":\"Answer\",\"text\":\"Apr\u00e8s ta coupe, tu peux profiter d\u2019un bar, d\u2019une salle de billard et d\u2019une salle de cin\u00e9ma. L\u2019ambiance unique te permet de te d\u00e9tendre, siroter une bi\u00e8re fra\u00eeche ou faire une partie de billard dans un cadre styl\u00e9 et convivial.\"}},{\"@type\":\"Question\",\"name\":\"Quelle formule d\u00e9couverte recommander pour un premier soin visage ?\",\"acceptedAnswer\":{\"@type\":\"Answer\",\"text\":\"Le soin \u00e0 la vapeur et serviette chaude suivi d\u2019un Black Mask (25\u202f\u20ac) constitue une exp\u00e9rience id\u00e9ale pour d\u00e9couvrir les bienfaits des soins du visage. Ce rituel purifie la peau et t\u2019offre un moment de relaxation instantan\u00e9e.\"}},{\"@type\":\"Question\",\"name\":\"Est-il possible de faire du shopping sur place ?\",\"acceptedAnswer\":{\"@type\":\"Answer\",\"text\":\"Tu peux parcourir un showroom et un designer store proposant v\u00eatements, accessoires et parfums. C\u2019est l\u2019occasion d\u2019essayer des pi\u00e8ces de cr\u00e9ateurs et de compl\u00e9ter ta pause beaut\u00e9 par un relooking \u00e9l\u00e9gant.\"}}]}","footnotes":""},"categories":[4],"tags":[87,98,99,33,45],"class_list":{"0":"post-40593","1":"post","2":"type-post","3":"status-publish","4":"format-standard","5":"has-post-thumbnail","7":"category-beaute","8":"tag-tr537","9":"tag-tr545","10":"tag-tr731","11":"tag-tr716","12":"tag-tr164","13":"entry"},"acf":{"post_credits":"Images : @appartement235th","beauty_blog_post_button_title":"","beauty_blog_post_button":"","landscape_picture":40598,"blocks":[{"block_title":"Le lieu","block_content":"<p>Nich&eacute; au coeur du 1er arrondissement de Paris, juste &agrave; c&ocirc;t&eacute; de l&rsquo;arr&ecirc;t de m&eacute;tro &Eacute;tienne Marcel, <a href=\"https:\/\/www.treatwell.fr\/salon\/l-appartement-235th\/\">l&rsquo;Appartement 235th<\/a>&nbsp;est plus qu&rsquo;un simple barbier : il s&rsquo;agit d&rsquo;un concept store tellement styl&eacute; qu&rsquo;on pourrait y tra&icirc;ner toute la journ&eacute;e. D&eacute;co &agrave; l&#039;am&eacute;ricaine, vibe urbaine, fauteuils ultra confortables&hellip; La magie op&egrave;re d&#039;embl&eacute;e.<\/p>\n","video_content":"","block_picture":40594},{"block_title":"Les soins","block_content":"<p>Coupe de cheveux, rasage de la barbe &agrave; l&rsquo;ancienne, taille de la moustache, teintures, colorations,&nbsp;soins du visage&hellip; Vous trouverez toutes les formules dont vous avez besoin pour entretenir votre look. Si vous n&rsquo;avez encore jamais essay&eacute;, on vous conseille le soin &agrave; la vapeur et serviette chaude suivi d&#039;un Black Mask (25 &euro;). Rien de tel pour faire place nette messieurs&hellip;<\/p>\n","video_content":"","block_picture":40595},{"block_title":"Il y un bar","block_content":"<p>Et une salle de billard. Et une salle de cin&eacute;ma. Autant vous dire que vous allez vouloir tra&icirc;ner un peu apr&egrave;s votre nouvelle coupe pour siroter une bi&egrave;re fra&icirc;che et faire une partie ou deux.<\/p>\n","video_content":"","block_picture":40596},{"block_title":"Le concept store","block_content":"<p>L&rsquo;<a href=\"https:\/\/www.treatwell.fr\/salon\/l-appartement-235th\/\">Appartement 235th<\/a>, c&rsquo;est aussi un showroom et un designer store regorgeant de v&ecirc;tements, accessoires, parfums&hellip; Faites un tour parmi les rayons, admirez le cadre et essayez des pi&egrave;ces de cr&eacute;ateurs ultra styl&eacute;es. De quoi se laisser tenter par un relooking complet !<\/p>\n\n<p>Avec <a href=\"https:\/\/www.treatwell.fr\/\">Treatwell<\/a>, vous pouvez r&eacute;server vos soins beaut&eacute; en ligne et dans vos &eacute;tablissements pr&eacute;f&eacute;r&eacute;s - simple, rapide et tout &ccedil;a en un rien de temps. <a href=\"https:\/\/www.treatwell.fr\/salons\/soin-barbier-et-rasage-homme\/offre-type-local\/dans-paris-france\/\">D&eacute;couvrez des adresses canon pr&egrave;s de chez vous.<\/a><\/p>\n","video_content":"","block_picture":40597}]},"yoast_head":"<!-- This site is optimized with the Yoast SEO plugin v27.4 - https:\/\/yoast.com\/product\/yoast-seo-wordpress\/ -->\n<title>Barbier Paris : concept store styl\u00e9 et soins homme | Treatwell<\/title>\n<meta name=\"description\" content=\"D\u00e9couvrez Appartement 235th, barbier \u00e0 Paris avec coupe, rasage, soins visage. Ambiance urbaine, bar, salle de billard et showroom. R\u00e9servation rapide en ligne.\" \/>\n<meta name=\"robots\" content=\"index, follow, max-snippet:-1, max-image-preview:large, max-video-preview:-1\" \/>\n<link rel=\"canonical\" href=\"https:\/\/www.treatwell.fr/identite\/garcons-pourquoi-allez-vouloir-passer-temps-barbier-lappartement-235th\/\" \/>\n<meta property=\"og:locale\" content=\"fr_FR\" \/>\n<meta property=\"og:type\" content=\"article\" \/>\n<meta property=\"og:title\" content=\"Barbier Paris : concept store styl\u00e9 et soins homme | Treatwell\" \/>\n<meta property=\"og:description\" content=\"D\u00e9couvrez Appartement 235th, barbier \u00e0 Paris avec coupe, rasage, soins visage. Ambiance urbaine, bar, salle de billard et showroom. R\u00e9servation rapide en ligne.\" \/>\n<meta property=\"og:url\" content=\"https:\/\/www.treatwell.fr/identite\/garcons-pourquoi-allez-vouloir-passer-temps-barbier-lappartement-235th\/\" \/>\n<meta property=\"og:site_name\" content=\"Identit\u00e9\" \/>\n<meta property=\"article:published_time\" content=\"2019-03-26T11:03:15+00:00\" \/>\n<meta property=\"article:modified_time\" content=\"2025-12-15T21:48:28+00:00\" \/>\n<meta property=\"og:image\" content=\"https:\/\/www.treatwell.fr/identite\/wp-content\/uploads\/sites\/6\/2022\/03\/ezgif-4-7c91fff167f2.jpg\" \/>\n\t<meta property=\"og:image:width\" content=\"500\" \/>\n\t<meta property=\"og:image:height\" content=\"600\" \/>\n\t<meta property=\"og:image:type\" content=\"image\/jpeg\" \/>\n<meta name=\"author\" content=\"Beth Ryan\" \/>\n<meta name=\"twitter:card\" content=\"summary_large_image\" \/>\n<meta name=\"twitter:label1\" content=\"\u00c9crit par\" \/>\n\t<meta name=\"twitter:data1\" content=\"Beth Ryan\" \/>\n\t<meta name=\"twitter:label2\" content=\"Dur\u00e9e de lecture estim\u00e9e\" \/>\n\t<meta name=\"twitter:data2\" content=\"2 minutes\" \/>\n<script type=\"application\/ld+json\" class=\"yoast-schema-graph\">{\"@context\":\"https:\\\/\\\/schema.org\",\"@graph\":[{\"@type\":\"Article\",\"@id\":\"https:\\\/\\\/www.treatwell.fr/identite\\\/garcons-pourquoi-allez-vouloir-passer-temps-barbier-lappartement-235th\\\/#article\",\"isPartOf\":{\"@id\":\"https:\\\/\\\/www.treatwell.fr/identite\\\/garcons-pourquoi-allez-vouloir-passer-temps-barbier-lappartement-235th\\\/\"},\"author\":{\"name\":\"Beth Ryan\",\"@id\":\"https:\\\/\\\/www.treatwell.fr/identite\\\/#\\\/schema\\\/person\\\/45be8f7781947e6c6d31f4b658271bf6\"},\"headline\":\"Voici pourquoi vous allez vouloir passer du temps chez ce barbier ultra styl\u00e9\",\"datePublished\":\"2019-03-26T11:03:15+00:00\",\"dateModified\":\"2025-12-15T21:48:28+00:00\",\"mainEntityOfPage\":{\"@id\":\"https:\\\/\\\/www.treatwell.fr/identite\\\/garcons-pourquoi-allez-vouloir-passer-temps-barbier-lappartement-235th\\\/\"},\"wordCount\":335,\"publisher\":{\"@id\":\"https:\\\/\\\/www.treatwell.fr/identite\\\/#organization\"},\"image\":{\"@id\":\"https:\\\/\\\/www.treatwell.fr/identite\\\/garcons-pourquoi-allez-vouloir-passer-temps-barbier-lappartement-235th\\\/#primaryimage\"},\"thumbnailUrl\":\"https:\\\/\\\/www.treatwell.fr/identite\\\/wp-content\\\/uploads\\\/sites\\\/6\\\/2022\\\/03\\\/ezgif-4-7c91fff167f2.jpg\",\"keywords\":[\"Facials - Men's\",\"Male Waxing\",\"Men's Hair Colouring and Greys Coverage\",\"Men's Haircuts and Hairdressing\",\"Men's Shaving\"],\"articleSection\":[\"Beaut\u00e9\"],\"inLanguage\":\"fr-FR\"},{\"@type\":\"WebPage\",\"@id\":\"https:\\\/\\\/www.treatwell.fr/identite\\\/garcons-pourquoi-allez-vouloir-passer-temps-barbier-lappartement-235th\\\/\",\"url\":\"https:\\\/\\\/www.treatwell.fr/identite\\\/garcons-pourquoi-allez-vouloir-passer-temps-barbier-lappartement-235th\\\/\",\"name\":\"Barbier Paris : concept store styl\u00e9 et soins homme | Treatwell\",\"isPartOf\":{\"@id\":\"https:\\\/\\\/www.treatwell.fr/identite\\\/#website\"},\"primaryImageOfPage\":{\"@id\":\"https:\\\/\\\/www.treatwell.fr/identite\\\/garcons-pourquoi-allez-vouloir-passer-temps-barbier-lappartement-235th\\\/#primaryimage\"},\"image\":{\"@id\":\"https:\\\/\\\/www.treatwell.fr/identite\\\/garcons-pourquoi-allez-vouloir-passer-temps-barbier-lappartement-235th\\\/#primaryimage\"},\"thumbnailUrl\":\"https:\\\/\\\/www.treatwell.fr/identite\\\/wp-content\\\/uploads\\\/sites\\\/6\\\/2022\\\/03\\\/ezgif-4-7c91fff167f2.jpg\",\"datePublished\":\"2019-03-26T11:03:15+00:00\",\"dateModified\":\"2025-12-15T21:48:28+00:00\",\"description\":\"D\u00e9couvrez Appartement 235th, barbier \u00e0 Paris avec coupe, rasage, soins visage. Ambiance urbaine, bar, salle de billard et showroom. R\u00e9servation rapide en ligne.\",\"breadcrumb\":{\"@id\":\"https:\\\/\\\/www.treatwell.fr/identite\\\/garcons-pourquoi-allez-vouloir-passer-temps-barbier-lappartement-235th\\\/#breadcrumb\"},\"inLanguage\":\"fr-FR\",\"potentialAction\":[{\"@type\":\"ReadAction\",\"target\":[\"https:\\\/\\\/www.treatwell.fr/identite\\\/garcons-pourquoi-allez-vouloir-passer-temps-barbier-lappartement-235th\\\/\"]}]},{\"@type\":\"ImageObject\",\"inLanguage\":\"fr-FR\",\"@id\":\"https:\\\/\\\/www.treatwell.fr/identite\\\/garcons-pourquoi-allez-vouloir-passer-temps-barbier-lappartement-235th\\\/#primaryimage\",\"url\":\"https:\\\/\\\/www.treatwell.fr/identite\\\/wp-content\\\/uploads\\\/sites\\\/6\\\/2022\\\/03\\\/ezgif-4-7c91fff167f2.jpg\",\"contentUrl\":\"https:\\\/\\\/www.treatwell.fr/identite\\\/wp-content\\\/uploads\\\/sites\\\/6\\\/2022\\\/03\\\/ezgif-4-7c91fff167f2.jpg\",\"width\":500,\"height\":600},{\"@type\":\"BreadcrumbList\",\"@id\":\"https:\\\/\\\/www.treatwell.fr/identite\\\/garcons-pourquoi-allez-vouloir-passer-temps-barbier-lappartement-235th\\\/#breadcrumb\",\"itemListElement\":[{\"@type\":\"ListItem\",\"position\":1,\"name\":\"Home\",\"item\":\"https:\\\/\\\/www.treatwell.fr/identite\\\/\"},{\"@type\":\"ListItem\",\"position\":2,\"name\":\"Beaut\u00e9\",\"item\":\"https:\\\/\\\/www.treatwell.fr/identite\\\/beaute\\\/\"},{\"@type\":\"ListItem\",\"position\":3,\"name\":\"Voici pourquoi vous allez vouloir passer du temps chez ce barbier ultra styl\u00e9\"}]},{\"@type\":\"WebSite\",\"@id\":\"https:\\\/\\\/www.treatwell.fr/identite\\\/#website\",\"url\":\"https:\\\/\\\/www.treatwell.fr/identite\\\/\",\"name\":\"Identit\u00e9\",\"description\":\"Beaut\u00e9, Cheveux, Quotidien\",\"publisher\":{\"@id\":\"https:\\\/\\\/www.treatwell.fr/identite\\\/#organization\"},\"potentialAction\":[{\"@type\":\"SearchAction\",\"target\":{\"@type\":\"EntryPoint\",\"urlTemplate\":\"https:\\\/\\\/www.treatwell.fr/identite\\\/?s={search_term_string}\"},\"query-input\":{\"@type\":\"PropertyValueSpecification\",\"valueRequired\":true,\"valueName\":\"search_term_string\"}}],\"inLanguage\":\"fr-FR\"},{\"@type\":\"Organization\",\"@id\":\"https:\\\/\\\/www.treatwell.fr/identite\\\/#organization\",\"name\":\"Treatwell\",\"url\":\"https:\\\/\\\/www.treatwell.fr/identite\\\/\",\"logo\":{\"@type\":\"ImageObject\",\"inLanguage\":\"fr-FR\",\"@id\":\"https:\\\/\\\/www.treatwell.fr/identite\\\/#\\\/schema\\\/logo\\\/image\\\/\",\"url\":\"https:\\\/\\\/www.treatwell.fr/identite\\\/wp-content\\\/uploads\\\/sites\\\/6\\\/2022\\\/03\\\/logo_treatwell.png\",\"contentUrl\":\"https:\\\/\\\/www.treatwell.fr/identite\\\/wp-content\\\/uploads\\\/sites\\\/6\\\/2022\\\/03\\\/logo_treatwell.png\",\"width\":889,\"height\":164,\"caption\":\"Treatwell\"},\"image\":{\"@id\":\"https:\\\/\\\/www.treatwell.fr/identite\\\/#\\\/schema\\\/logo\\\/image\\\/\"}},{\"@type\":\"Person\",\"@id\":\"https:\\\/\\\/www.treatwell.fr/identite\\\/#\\\/schema\\\/person\\\/45be8f7781947e6c6d31f4b658271bf6\",\"name\":\"Beth Ryan\",\"image\":{\"@type\":\"ImageObject\",\"inLanguage\":\"fr-FR\",\"@id\":\"https:\\\/\\\/secure.gravatar.com\\\/avatar\\\/93502c3b0591e62d75cc697ff3b5b8f47fef521e9dd0d61feb5570ae6d459200?s=96&d=mm&r=g\",\"url\":\"https:\\\/\\\/secure.gravatar.com\\\/avatar\\\/93502c3b0591e62d75cc697ff3b5b8f47fef521e9dd0d61feb5570ae6d459200?s=96&d=mm&r=g\",\"contentUrl\":\"https:\\\/\\\/secure.gravatar.com\\\/avatar\\\/93502c3b0591e62d75cc697ff3b5b8f47fef521e9dd0d61feb5570ae6d459200?s=96&d=mm&r=g\",\"caption\":\"Beth Ryan\"},\"url\":\"https:\\\/\\\/www.treatwell.fr/identite\\\/author\\\/bethanyryan\\\/\"}]}<\/script>\n<!-- \/ Yoast SEO plugin. -->","yoast_head_json":{"title":"Barbier Paris : concept store styl\u00e9 et soins homme | Treatwell","description":"D\u00e9couvrez Appartement 235th, barbier \u00e0 Paris avec coupe, rasage, soins visage. Ambiance urbaine, bar, salle de billard et showroom. R\u00e9servation rapide en ligne.","robots":{"index":"index","follow":"follow","max-snippet":"max-snippet:-1","max-image-preview":"max-image-preview:large","max-video-preview":"max-video-preview:-1"},"canonical":"https:\/\/www.treatwell.fr/identite\/garcons-pourquoi-allez-vouloir-passer-temps-barbier-lappartement-235th\/","og_locale":"fr_FR","og_type":"article","og_title":"Barbier Paris : concept store styl\u00e9 et soins homme | Treatwell","og_description":"D\u00e9couvrez Appartement 235th, barbier \u00e0 Paris avec coupe, rasage, soins visage. Ambiance urbaine, bar, salle de billard et showroom. R\u00e9servation rapide en ligne.","og_url":"https:\/\/www.treatwell.fr/identite\/garcons-pourquoi-allez-vouloir-passer-temps-barbier-lappartement-235th\/","og_site_name":"Identit\u00e9","article_published_time":"2019-03-26T11:03:15+00:00","article_modified_time":"2025-12-15T21:48:28+00:00","og_image":[{"width":500,"height":600,"url":"https:\/\/www.treatwell.fr/identite\/wp-content\/uploads\/sites\/6\/2022\/03\/ezgif-4-7c91fff167f2.jpg","type":"image\/jpeg"}],"author":"Beth Ryan","twitter_card":"summary_large_image","twitter_misc":{"\u00c9crit par":"Beth Ryan","Dur\u00e9e de lecture estim\u00e9e":"2 minutes"},"schema":{"@context":"https:\/\/schema.org","@graph":[{"@type":"Article","@id":"https:\/\/www.treatwell.fr/identite\/garcons-pourquoi-allez-vouloir-passer-temps-barbier-lappartement-235th\/#article","isPartOf":{"@id":"https:\/\/www.treatwell.fr/identite\/garcons-pourquoi-allez-vouloir-passer-temps-barbier-lappartement-235th\/"},"author":{"name":"Beth Ryan","@id":"https:\/\/www.treatwell.fr/identite\/#\/schema\/person\/45be8f7781947e6c6d31f4b658271bf6"},"headline":"Voici pourquoi vous allez vouloir passer du temps chez ce barbier ultra styl\u00e9","datePublished":"2019-03-26T11:03:15+00:00","dateModified":"2025-12-15T21:48:28+00:00","mainEntityOfPage":{"@id":"https:\/\/www.treatwell.fr/identite\/garcons-pourquoi-allez-vouloir-passer-temps-barbier-lappartement-235th\/"},"wordCount":335,"publisher":{"@id":"https:\/\/www.treatwell.fr/identite\/#organization"},"image":{"@id":"https:\/\/www.treatwell.fr/identite\/garcons-pourquoi-allez-vouloir-passer-temps-barbier-lappartement-235th\/#primaryimage"},"thumbnailUrl":"https:\/\/www.treatwell.fr/identite\/wp-content\/uploads\/sites\/6\/2022\/03\/ezgif-4-7c91fff167f2.jpg","keywords":["Facials - Men's","Male Waxing","Men's Hair Colouring and Greys Coverage","Men's Haircuts and Hairdressing","Men's Shaving"],"articleSection":["Beaut\u00e9"],"inLanguage":"fr-FR"},{"@type":"WebPage","@id":"https:\/\/www.treatwell.fr/identite\/garcons-pourquoi-allez-vouloir-passer-temps-barbier-lappartement-235th\/","url":"https:\/\/www.treatwell.fr/identite\/garcons-pourquoi-allez-vouloir-passer-temps-barbier-lappartement-235th\/","name":"Barbier Paris : concept store styl\u00e9 et soins homme | Treatwell","isPartOf":{"@id":"https:\/\/www.treatwell.fr/identite\/#website"},"primaryImageOfPage":{"@id":"https:\/\/www.treatwell.fr/identite\/garcons-pourquoi-allez-vouloir-passer-temps-barbier-lappartement-235th\/#primaryimage"},"image":{"@id":"https:\/\/www.treatwell.fr/identite\/garcons-pourquoi-allez-vouloir-passer-temps-barbier-lappartement-235th\/#primaryimage"},"thumbnailUrl":"https:\/\/www.treatwell.fr/identite\/wp-content\/uploads\/sites\/6\/2022\/03\/ezgif-4-7c91fff167f2.jpg","datePublished":"2019-03-26T11:03:15+00:00","dateModified":"2025-12-15T21:48:28+00:00","description":"D\u00e9couvrez Appartement 235th, barbier \u00e0 Paris avec coupe, rasage, soins visage. Ambiance urbaine, bar, salle de billard et showroom. R\u00e9servation rapide en ligne.","breadcrumb":{"@id":"https:\/\/www.treatwell.fr/identite\/garcons-pourquoi-allez-vouloir-passer-temps-barbier-lappartement-235th\/#breadcrumb"},"inLanguage":"fr-FR","potentialAction":[{"@type":"ReadAction","target":["https:\/\/www.treatwell.fr/identite\/garcons-pourquoi-allez-vouloir-passer-temps-barbier-lappartement-235th\/"]}]},{"@type":"ImageObject","inLanguage":"fr-FR","@id":"https:\/\/www.treatwell.fr/identite\/garcons-pourquoi-allez-vouloir-passer-temps-barbier-lappartement-235th\/#primaryimage","url":"https:\/\/www.treatwell.fr/identite\/wp-content\/uploads\/sites\/6\/2022\/03\/ezgif-4-7c91fff167f2.jpg","contentUrl":"https:\/\/www.treatwell.fr/identite\/wp-content\/uploads\/sites\/6\/2022\/03\/ezgif-4-7c91fff167f2.jpg","width":500,"height":600},{"@type":"BreadcrumbList","@id":"https:\/\/www.treatwell.fr/identite\/garcons-pourquoi-allez-vouloir-passer-temps-barbier-lappartement-235th\/#breadcrumb","itemListElement":[{"@type":"ListItem","position":1,"name":"Home","item":"https:\/\/www.treatwell.fr/identite\/"},{"@type":"ListItem","position":2,"name":"Beaut\u00e9","item":"https:\/\/www.treatwell.fr/identite\/beaute\/"},{"@type":"ListItem","position":3,"name":"Voici pourquoi vous allez vouloir passer du temps chez ce barbier ultra styl\u00e9"}]},{"@type":"WebSite","@id":"https:\/\/www.treatwell.fr/identite\/#website","url":"https:\/\/www.treatwell.fr/identite\/","name":"Identit\u00e9","description":"Beaut\u00e9, Cheveux, Quotidien","publisher":{"@id":"https:\/\/www.treatwell.fr/identite\/#organization"},"potentialAction":[{"@type":"SearchAction","target":{"@type":"EntryPoint","urlTemplate":"https:\/\/www.treatwell.fr/identite\/?s={search_term_string}"},"query-input":{"@type":"PropertyValueSpecification","valueRequired":true,"valueName":"search_term_string"}}],"inLanguage":"fr-FR"},{"@type":"Organization","@id":"https:\/\/www.treatwell.fr/identite\/#organization","name":"Treatwell","url":"https:\/\/www.treatwell.fr/identite\/","logo":{"@type":"ImageObject","inLanguage":"fr-FR","@id":"https:\/\/www.treatwell.fr/identite\/#\/schema\/logo\/image\/","url":"https:\/\/www.treatwell.fr/identite\/wp-content\/uploads\/sites\/6\/2022\/03\/logo_treatwell.png","contentUrl":"https:\/\/www.treatwell.fr/identite\/wp-content\/uploads\/sites\/6\/2022\/03\/logo_treatwell.png","width":889,"height":164,"caption":"Treatwell"},"image":{"@id":"https:\/\/www.treatwell.fr/identite\/#\/schema\/logo\/image\/"}},{"@type":"Person","@id":"https:\/\/www.treatwell.fr/identite\/#\/schema\/person\/45be8f7781947e6c6d31f4b658271bf6","name":"Beth Ryan","image":{"@type":"ImageObject","inLanguage":"fr-FR","@id":"https:\/\/secure.gravatar.com\/avatar\/93502c3b0591e62d75cc697ff3b5b8f47fef521e9dd0d61feb5570ae6d459200?s=96&d=mm&r=g","url":"https:\/\/secure.gravatar.com\/avatar\/93502c3b0591e62d75cc697ff3b5b8f47fef521e9dd0d61feb5570ae6d459200?s=96&d=mm&r=g","contentUrl":"https:\/\/secure.gravatar.com\/avatar\/93502c3b0591e62d75cc697ff3b5b8f47fef521e9dd0d61feb5570ae6d459200?s=96&d=mm&r=g","caption":"Beth Ryan"},"url":"https:\/\/www.treatwell.fr/identite\/author\/bethanyryan\/"}]}},"featured_image_src":"https:\/\/www.treatwell.fr/identite\/wp-content\/uploads\/sites\/6\/2022\/03\/ezgif-4-7c91fff167f2-500x400.jpg","featured_image_src_square":"https:\/\/www.treatwell.fr/identite\/wp-content\/uploads\/sites\/6\/2022\/03\/ezgif-4-7c91fff167f2.jpg","author_info":{"display_name":"Beth Ryan","author_link":"https:\/\/www.treatwell.fr/identite\/author\/bethanyryan\/"},"_links":{"self":[{"href":"https:\/\/www.treatwell.fr\/identite\/wp-json\/wp\/v2\/posts\/40593","targetHints":{"allow":["GET"]}}],"collection":[{"href":"https:\/\/www.treatwell.fr\/identite\/wp-json\/wp\/v2\/posts"}],"about":[{"href":"https:\/\/www.treatwell.fr\/identite\/wp-json\/wp\/v2\/types\/post"}],"author":[{"embeddable":true,"href":"https:\/\/www.treatwell.fr\/identite\/wp-json\/wp\/v2\/users\/3366"}],"replies":[{"embeddable":true,"href":"https:\/\/www.treatwell.fr\/identite\/wp-json\/wp\/v2\/comments?post=40593"}],"version-history":[{"count":0,"href":"https:\/\/www.treatwell.fr\/identite\/wp-json\/wp\/v2\/posts\/40593\/revisions"}],"wp:featuredmedia":[{"embeddable":true,"href":"https:\/\/www.treatwell.fr\/identite\/wp-json\/wp\/v2\/media\/40599"}],"wp:attachment":[{"href":"https:\/\/www.treatwell.fr\/identite\/wp-json\/wp\/v2\/media?parent=40593"}],"wp:term":[{"taxonomy":"category","embeddable":true,"href":"https:\/\/www.treatwell.fr\/identite\/wp-json\/wp\/v2\/categories?post=40593"},{"taxonomy":"post_tag","embeddable":true,"href":"https:\/\/www.treatwell.fr\/identite\/wp-json\/wp\/v2\/tags?post=40593"}],"curies":[{"name":"wp","href":"https:\/\/api.w.org\/{rel}","templated":true}]}}