{"id":40676,"date":"2019-04-06T16:50:41","date_gmt":"2019-04-06T14:50:41","guid":{"rendered":"https:\/\/www.treatwell.fr\/identite\/?p=20103"},"modified":"2025-12-15T22:48:29","modified_gmt":"2025-12-15T21:48:29","slug":"pourquoi-vous-devriez-commencer-exposer-au-soleil-des-maintenant","status":"publish","type":"post","link":"https:\/\/www.treatwell.fr/identite\/pourquoi-vous-devriez-commencer-exposer-au-soleil-des-maintenant\/","title":{"rendered":"Pourquoi vous devriez commencer \u00e0 vous exposer au soleil d\u00e8s maintenant"},"content":{"rendered":"<p class=\"p1\">On y est &#8211; enfin ! On a tant attendu ce moment : le printemps est l\u00e0. La m\u00e9t\u00e9o fait encore des siennes et nous rend la t\u00e2che difficile au moment de choisir notre outfit of the day. Toutefois, les journ\u00e9es deviennent plus longues et \u00e7a &#8211; c&#8217;est vraiment trop cool. On ne vous dit pas de courir dehors d\u00e8s qu\u2019un rayon de soleil pointe son nez, mais vous devriez profiter d&#8217;un peu d&#8217;air frais au moins 15 minutes par jour. Voici pourquoi.<\/p>\n<p class=\"p1\">NB : N&#8217;oubliez jamais qu&#8217;il est extr\u00eamement important de se prot\u00e9ger du soleil tout au long de l\u2019ann\u00e9e avec une cr\u00e8me solaire adapt\u00e9e.<\/p>\n<div class=\"schema-faq wp-block-yoast-faq-block\">\n<div class=\"schema-faq-section\" id=\"faq-question-1765834746988\">\n<h3 class=\"schema-faq-question\">Quels bienfaits 15 minutes de soleil par jour apportent-ils ?<\/h3>\n<p class=\"schema-faq-answer\">Tu profites d\u2019un coup de boost pour le moral, d\u2019un meilleur sommeil et d\u2019un apport en vitamine D. Quelques minutes d\u2019exposition suffisent \u00e0 am\u00e9liorer la qualit\u00e9 de tes journ\u00e9es, en r\u00e9duisant ton stress et en renfor\u00e7ant ta sant\u00e9 globale.<\/div>\n<div class=\"schema-faq-section\" id=\"faq-question-1765834746989\">\n<h3 class=\"schema-faq-question\">Comment profiter du soleil sans ab\u00eemer ta peau ?<\/h3>\n<p class=\"schema-faq-answer\">Tu dois te prot\u00e9ger du soleil avec une cr\u00e8me solaire adapt\u00e9e toute l\u2019ann\u00e9e. Il suffit de t\u2019exposer de fa\u00e7on graduelle pour \u00e9viter la surexposition, ainsi tu limites les coups de soleil et le vieillissement cutan\u00e9, tout en r\u00e9coltant les bienfaits des rayons du soleil.<\/div>\n<div class=\"schema-faq-section\" id=\"faq-question-1765834746990\">\n<h3 class=\"schema-faq-question\">Pourquoi l\u2019exposition au soleil am\u00e9liore-t-elle le sommeil ?<\/h3>\n<p class=\"schema-faq-answer\">L\u2019exposition aux rayons du soleil stimule la production de m\u00e9lanine, qui favorise l\u2019endormissement. Une dizaine de minutes dehors suffit \u00e0 r\u00e9\u00e9quilibrer ton horloge biologique et \u00e0 te garantir des nuits plus r\u00e9paratrices.<\/div>\n<div class=\"schema-faq-section\" id=\"faq-question-1765834746991\">\n<h3 class=\"schema-faq-question\">Quel lien existe-t-il entre vitamine D et chute de cheveux ?<\/h3>\n<p class=\"schema-faq-answer\">Un d\u00e9ficit en vitamine D peut favoriser la chute de cheveux, car elle est essentielle \u00e0 la croissance et au renouvellement du cheveu. T\u2019exposer r\u00e9guli\u00e8rement permet d\u2019apporter \u00e0 ton organisme la quantit\u00e9 id\u00e9ale et de soutenir la sant\u00e9 de ta chevelure.<\/div>\n<div class=\"schema-faq-section\" id=\"faq-question-1765834746992\">\n<h3 class=\"schema-faq-question\">Pourquoi la quantit\u00e9 de soleil n\u00e9cessaire d\u00e9pend-elle du type de peau ?<\/h3>\n<p class=\"schema-faq-answer\">Plus la peau est claire, plus elle produit rapidement de vitamine D sous l\u2019effet des rayons du soleil. Si ta peau est tr\u00e8s p\u00e2le, tu as donc besoin de moins d\u2019exposition, alors que les peaux plus fonc\u00e9es auront besoin de davantage de temps dehors.<\/div>\n<\/p><\/div>\n","protected":false},"excerpt":{"rendered":"<p>On y est &#8211; enfin ! On a tant attendu ce moment : le printemps est l\u00e0. La m\u00e9t\u00e9o fait encore des siennes et nous rend la t\u00e2che difficile au moment de choisir notre outfit of the day. Toutefois, les journ\u00e9es deviennent plus longues et \u00e7a &#8211; c&#8217;est vraiment trop cool. On ne vous dit [&hellip;]<\/p>\n","protected":false},"author":3366,"featured_media":40684,"comment_status":"closed","ping_status":"closed","sticky":false,"template":"","format":"standard","meta":{"_acf_changed":false,"_yoast_wpseo_title":"Profiter du soleil: bienfaits sant\u00e9 printemps | Treatwell","_yoast_wpseo_metadesc":"Soleil printanier: booste moral, sommeil, vitamine D, cheveux et peau. Conseils d\u2019exposition, bienfaits sant\u00e9, protection solaire et rituels bien-\u00eatre \u00e0 d\u00e9couvrir maintenant.","_genesis_hide_title":false,"_genesis_hide_breadcrumbs":false,"_genesis_hide_singular_image":false,"_genesis_hide_footer_widgets":false,"_genesis_custom_body_class":"","_genesis_custom_post_class":"","_genesis_layout":"","saswp_custom_schema_field":"{\"@context\":\"https:\/\/schema.org\",\"@type\":\"FAQPage\",\"mainEntity\":[{\"@type\":\"Question\",\"name\":\"Quels bienfaits 15 minutes de soleil par jour apportent-ils ?\",\"acceptedAnswer\":{\"@type\":\"Answer\",\"text\":\"Tu profites d\u2019un coup de boost pour le moral, d\u2019un meilleur sommeil et d\u2019un apport en vitamine D. Quelques minutes d\u2019exposition suffisent \u00e0 am\u00e9liorer la qualit\u00e9 de tes journ\u00e9es, en r\u00e9duisant ton stress et en renfor\u00e7ant ta sant\u00e9 globale.\"}},{\"@type\":\"Question\",\"name\":\"Comment profiter du soleil sans ab\u00eemer ta peau ?\",\"acceptedAnswer\":{\"@type\":\"Answer\",\"text\":\"Tu dois te prot\u00e9ger du soleil avec une cr\u00e8me solaire adapt\u00e9e toute l\u2019ann\u00e9e. Il suffit de t\u2019exposer de fa\u00e7on graduelle pour \u00e9viter la surexposition, ainsi tu limites les coups de soleil et le vieillissement cutan\u00e9, tout en r\u00e9coltant les bienfaits des rayons du soleil.\"}},{\"@type\":\"Question\",\"name\":\"Pourquoi l\u2019exposition au soleil am\u00e9liore-t-elle le sommeil ?\",\"acceptedAnswer\":{\"@type\":\"Answer\",\"text\":\"L\u2019exposition aux rayons du soleil stimule la production de m\u00e9lanine, qui favorise l\u2019endormissement. Une dizaine de minutes dehors suffit \u00e0 r\u00e9\u00e9quilibrer ton horloge biologique et \u00e0 te garantir des nuits plus r\u00e9paratrices.\"}},{\"@type\":\"Question\",\"name\":\"Quel lien existe-t-il entre vitamine D et chute de cheveux ?\",\"acceptedAnswer\":{\"@type\":\"Answer\",\"text\":\"Un d\u00e9ficit en vitamine D peut favoriser la chute de cheveux, car elle est essentielle \u00e0 la croissance et au renouvellement du cheveu. T\u2019exposer r\u00e9guli\u00e8rement permet d\u2019apporter \u00e0 ton organisme la quantit\u00e9 id\u00e9ale et de soutenir la sant\u00e9 de ta chevelure.\"}},{\"@type\":\"Question\",\"name\":\"Pourquoi la quantit\u00e9 de soleil n\u00e9cessaire d\u00e9pend-elle du type de peau ?\",\"acceptedAnswer\":{\"@type\":\"Answer\",\"text\":\"Plus la peau est claire, plus elle produit rapidement de vitamine D sous l\u2019effet des rayons du soleil. Si ta peau est tr\u00e8s p\u00e2le, tu as donc besoin de moins d\u2019exposition, alors que les peaux plus fonc\u00e9es auront besoin de davantage de temps dehors.\"}}]}","footnotes":""},"categories":[4],"tags":[54,63,39],"class_list":{"0":"post-40676","1":"post","2":"type-post","3":"status-publish","4":"format-standard","5":"has-post-thumbnail","7":"category-beaute","8":"tag-tt4","9":"tag-tr50","10":"tag-tt6","11":"entry"},"acf":{"post_credits":"Images : @glossier, @apollinethibault, @fr.zone, @youbetterchic,@apollinethibault","beauty_blog_post_button_title":"","beauty_blog_post_button":"","landscape_picture":40683,"blocks":[{"block_title":"Un coup de boost pour le moral","block_content":"<p>Les rayons du soleil ont l&rsquo;avantage de r&eacute;duire le stress et d&rsquo;am&eacute;liorer la qualit&eacute; du sommeil. Comment ? En activant des neurotransmetteurs qui stimulent l&rsquo;hormone de la bonne humeur. Prenez 15 minutes de pause pour vous&nbsp;reposer&nbsp;sur un banc, le visage tourn&eacute; vers le soleil. Il saura &eacute;gayer votre&nbsp;journ&eacute;e, vous faire sentir plus dynamiques et moins fatigu&eacute;s. La meilleure cure anti-d&eacute;prime qui soit !<\/p>\n","video_content":"","block_picture":40677},{"block_title":"Pour vous pr\u00e9parer \u00e0 cet \u00e9t\u00e9\u2026","block_content":"<p>On le sait, la surexposition est extr&ecirc;mement mauvaise pour la peau car les UV favorisent le vieillissement cutan&eacute; des cellules. Si vous avez pr&eacute;vu des vacances au soleil ou un &eacute;t&eacute; &agrave; la plage, c&rsquo;est le bon moment pour commencer &agrave; vous exposer graduellement. De cette fa&ccedil;on, vous &eacute;viterez le gros coup&nbsp;de soleil annuel (tr&egrave;s mauvais pour la peau, douloureux et pas tr&egrave;s sexy non plus&hellip;).<\/p>\n","video_content":"","block_picture":40678},{"block_title":"Pour dormir mieux","block_content":"<p>Vous avez du mal &agrave; bien dormir la nuit ou vous souffrez d&rsquo;insomnie ? L&rsquo;exposition au soleil va stimuler la s&eacute;cr&eacute;tion de m&eacute;lanine - hormone qui facilite l&rsquo;endormissement - et ainsi aider &agrave; r&eacute;guler votre horloge biologique. 15 minutes de soleil par jour et vos nuits ne s&rsquo;en porteront&nbsp;que mieux.<\/p>\n","video_content":"","block_picture":40679},{"block_title":"Pour la vitamine D","block_content":"<p>Les chercheurs ont affirm&eacute; que l&rsquo;exposition au soleil peut procurer de 80 &agrave; 90 % de la vitamine D requise par l&rsquo;organisme. Et &ccedil;a sert &agrave; quoi ? &Agrave; plein de choses : la vitamine D aide &agrave; pr&eacute;venir le cancer, l&rsquo;ost&eacute;oporose et d&rsquo;autres maladies d&eacute;g&eacute;n&eacute;ratives. En bref, elle est excellente pour stimuler la croissance et la bonne sant&eacute;.<\/p>\n","video_content":"","block_picture":40680},{"block_title":"Pour les cheveux","block_content":"<p>Eh oui, les scientifiques ont constat&eacute; que la chute de cheveux pourrait aussi &ecirc;tre li&eacute;e &agrave; une carence en vitamine D, importante pour la croissance et le renouvellement du cheveu. Si ce n&rsquo;est peut-&ecirc;tre pas la principale cause, il se pourrait que ce d&eacute;ficit&nbsp;soit un facteur aggravant de la chute de cheveux. Vous l&rsquo;aurez compris : exposez-vous et vos cheveux seront contents.<\/p>\n","video_content":"","block_picture":40681},{"block_title":"Pour la peau","block_content":"<p>Pour terminer, sachez que les rayons du soleil ont un excellent effet contre de nombreuses maladies de la peau, tels que le psoriasis et l&rsquo;acn&eacute;.&nbsp;Bon &agrave; savoir : plus le type de peau est clair, plus la quantit&eacute; de vitamine&nbsp;D produite est importante - les peaux tr&egrave;s p&acirc;les auront donc besoin de moins de soleil que les peaux plus fonc&eacute;es. Quoi qu&rsquo;il en soit, n&rsquo;oubliez jamais de vous prot&eacute;ger avec un &eacute;cran total. Vive le printemps !<\/p>\n\n<p>Avec <a href=\"https:\/\/www.treatwell.fr\/\">Treatwell<\/a>, vous pouvez r&eacute;server vos soins beaut&eacute; en ligne et dans vos &eacute;tablissements pr&eacute;f&eacute;r&eacute;s - simple, rapide et tout &ccedil;a en un rien de temps. <a href=\"https:\/\/www.treatwell.fr\/salons\/soin-soin-du-visage-femme\/offre-type-local\/dans-paris-france\/\">D&eacute;couvrez des adresses canon pr&egrave;s de chez vous.<\/a><\/p>\n","video_content":"","block_picture":40682}]},"yoast_head":"<!-- This site is optimized with the Yoast SEO plugin v27.4 - https:\/\/yoast.com\/product\/yoast-seo-wordpress\/ -->\n<title>Profiter du soleil: bienfaits sant\u00e9 printemps | Treatwell<\/title>\n<meta name=\"description\" content=\"Soleil printanier: booste moral, sommeil, vitamine D, cheveux et peau. Conseils d\u2019exposition, bienfaits sant\u00e9, protection solaire et rituels bien-\u00eatre \u00e0 d\u00e9couvrir maintenant.\" \/>\n<meta name=\"robots\" content=\"index, follow, max-snippet:-1, max-image-preview:large, max-video-preview:-1\" \/>\n<link rel=\"canonical\" href=\"https:\/\/www.treatwell.fr/identite\/pourquoi-vous-devriez-commencer-exposer-au-soleil-des-maintenant\/\" \/>\n<meta property=\"og:locale\" content=\"fr_FR\" \/>\n<meta property=\"og:type\" content=\"article\" \/>\n<meta property=\"og:title\" content=\"Profiter du soleil: bienfaits sant\u00e9 printemps | Treatwell\" \/>\n<meta property=\"og:description\" content=\"Soleil printanier: booste moral, sommeil, vitamine D, cheveux et peau. Conseils d\u2019exposition, bienfaits sant\u00e9, protection solaire et rituels bien-\u00eatre \u00e0 d\u00e9couvrir maintenant.\" \/>\n<meta property=\"og:url\" content=\"https:\/\/www.treatwell.fr/identite\/pourquoi-vous-devriez-commencer-exposer-au-soleil-des-maintenant\/\" \/>\n<meta property=\"og:site_name\" content=\"Identit\u00e9\" \/>\n<meta property=\"article:published_time\" content=\"2019-04-06T14:50:41+00:00\" \/>\n<meta property=\"article:modified_time\" content=\"2025-12-15T21:48:29+00:00\" \/>\n<meta property=\"og:image\" content=\"https:\/\/www.treatwell.fr/identite\/wp-content\/uploads\/sites\/6\/2022\/03\/ezgif-4-4bacafe0570f.jpg\" \/>\n\t<meta property=\"og:image:width\" content=\"500\" \/>\n\t<meta property=\"og:image:height\" content=\"600\" \/>\n\t<meta property=\"og:image:type\" content=\"image\/jpeg\" \/>\n<meta name=\"author\" content=\"Beth Ryan\" \/>\n<meta name=\"twitter:card\" content=\"summary_large_image\" \/>\n<meta name=\"twitter:label1\" content=\"\u00c9crit par\" \/>\n\t<meta name=\"twitter:data1\" content=\"Beth Ryan\" \/>\n\t<meta name=\"twitter:label2\" content=\"Dur\u00e9e de lecture estim\u00e9e\" \/>\n\t<meta name=\"twitter:data2\" content=\"2 minutes\" \/>\n<script type=\"application\/ld+json\" class=\"yoast-schema-graph\">{\"@context\":\"https:\\\/\\\/schema.org\",\"@graph\":[{\"@type\":\"Article\",\"@id\":\"https:\\\/\\\/www.treatwell.fr/identite\\\/pourquoi-vous-devriez-commencer-exposer-au-soleil-des-maintenant\\\/#article\",\"isPartOf\":{\"@id\":\"https:\\\/\\\/www.treatwell.fr/identite\\\/pourquoi-vous-devriez-commencer-exposer-au-soleil-des-maintenant\\\/\"},\"author\":{\"name\":\"Beth Ryan\",\"@id\":\"https:\\\/\\\/www.treatwell.fr/identite\\\/#\\\/schema\\\/person\\\/45be8f7781947e6c6d31f4b658271bf6\"},\"headline\":\"Pourquoi vous devriez commencer \u00e0 vous exposer au soleil d\u00e8s maintenant\",\"datePublished\":\"2019-04-06T14:50:41+00:00\",\"dateModified\":\"2025-12-15T21:48:29+00:00\",\"mainEntityOfPage\":{\"@id\":\"https:\\\/\\\/www.treatwell.fr/identite\\\/pourquoi-vous-devriez-commencer-exposer-au-soleil-des-maintenant\\\/\"},\"wordCount\":404,\"publisher\":{\"@id\":\"https:\\\/\\\/www.treatwell.fr/identite\\\/#organization\"},\"image\":{\"@id\":\"https:\\\/\\\/www.treatwell.fr/identite\\\/pourquoi-vous-devriez-commencer-exposer-au-soleil-des-maintenant\\\/#primaryimage\"},\"thumbnailUrl\":\"https:\\\/\\\/www.treatwell.fr/identite\\\/wp-content\\\/uploads\\\/sites\\\/6\\\/2022\\\/03\\\/ezgif-4-4bacafe0570f.jpg\",\"keywords\":[\"Face\",\"Facials\",\"Hair\"],\"articleSection\":[\"Beaut\u00e9\"],\"inLanguage\":\"fr-FR\"},{\"@type\":\"WebPage\",\"@id\":\"https:\\\/\\\/www.treatwell.fr/identite\\\/pourquoi-vous-devriez-commencer-exposer-au-soleil-des-maintenant\\\/\",\"url\":\"https:\\\/\\\/www.treatwell.fr/identite\\\/pourquoi-vous-devriez-commencer-exposer-au-soleil-des-maintenant\\\/\",\"name\":\"Profiter du soleil: bienfaits sant\u00e9 printemps | Treatwell\",\"isPartOf\":{\"@id\":\"https:\\\/\\\/www.treatwell.fr/identite\\\/#website\"},\"primaryImageOfPage\":{\"@id\":\"https:\\\/\\\/www.treatwell.fr/identite\\\/pourquoi-vous-devriez-commencer-exposer-au-soleil-des-maintenant\\\/#primaryimage\"},\"image\":{\"@id\":\"https:\\\/\\\/www.treatwell.fr/identite\\\/pourquoi-vous-devriez-commencer-exposer-au-soleil-des-maintenant\\\/#primaryimage\"},\"thumbnailUrl\":\"https:\\\/\\\/www.treatwell.fr/identite\\\/wp-content\\\/uploads\\\/sites\\\/6\\\/2022\\\/03\\\/ezgif-4-4bacafe0570f.jpg\",\"datePublished\":\"2019-04-06T14:50:41+00:00\",\"dateModified\":\"2025-12-15T21:48:29+00:00\",\"description\":\"Soleil printanier: booste moral, sommeil, vitamine D, cheveux et peau. Conseils d\u2019exposition, bienfaits sant\u00e9, protection solaire et rituels bien-\u00eatre \u00e0 d\u00e9couvrir maintenant.\",\"breadcrumb\":{\"@id\":\"https:\\\/\\\/www.treatwell.fr/identite\\\/pourquoi-vous-devriez-commencer-exposer-au-soleil-des-maintenant\\\/#breadcrumb\"},\"inLanguage\":\"fr-FR\",\"potentialAction\":[{\"@type\":\"ReadAction\",\"target\":[\"https:\\\/\\\/www.treatwell.fr/identite\\\/pourquoi-vous-devriez-commencer-exposer-au-soleil-des-maintenant\\\/\"]}]},{\"@type\":\"ImageObject\",\"inLanguage\":\"fr-FR\",\"@id\":\"https:\\\/\\\/www.treatwell.fr/identite\\\/pourquoi-vous-devriez-commencer-exposer-au-soleil-des-maintenant\\\/#primaryimage\",\"url\":\"https:\\\/\\\/www.treatwell.fr/identite\\\/wp-content\\\/uploads\\\/sites\\\/6\\\/2022\\\/03\\\/ezgif-4-4bacafe0570f.jpg\",\"contentUrl\":\"https:\\\/\\\/www.treatwell.fr/identite\\\/wp-content\\\/uploads\\\/sites\\\/6\\\/2022\\\/03\\\/ezgif-4-4bacafe0570f.jpg\",\"width\":500,\"height\":600},{\"@type\":\"BreadcrumbList\",\"@id\":\"https:\\\/\\\/www.treatwell.fr/identite\\\/pourquoi-vous-devriez-commencer-exposer-au-soleil-des-maintenant\\\/#breadcrumb\",\"itemListElement\":[{\"@type\":\"ListItem\",\"position\":1,\"name\":\"Home\",\"item\":\"https:\\\/\\\/www.treatwell.fr/identite\\\/\"},{\"@type\":\"ListItem\",\"position\":2,\"name\":\"Beaut\u00e9\",\"item\":\"https:\\\/\\\/www.treatwell.fr/identite\\\/beaute\\\/\"},{\"@type\":\"ListItem\",\"position\":3,\"name\":\"Pourquoi vous devriez commencer \u00e0 vous exposer au soleil d\u00e8s maintenant\"}]},{\"@type\":\"WebSite\",\"@id\":\"https:\\\/\\\/www.treatwell.fr/identite\\\/#website\",\"url\":\"https:\\\/\\\/www.treatwell.fr/identite\\\/\",\"name\":\"Identit\u00e9\",\"description\":\"Beaut\u00e9, Cheveux, Quotidien\",\"publisher\":{\"@id\":\"https:\\\/\\\/www.treatwell.fr/identite\\\/#organization\"},\"potentialAction\":[{\"@type\":\"SearchAction\",\"target\":{\"@type\":\"EntryPoint\",\"urlTemplate\":\"https:\\\/\\\/www.treatwell.fr/identite\\\/?s={search_term_string}\"},\"query-input\":{\"@type\":\"PropertyValueSpecification\",\"valueRequired\":true,\"valueName\":\"search_term_string\"}}],\"inLanguage\":\"fr-FR\"},{\"@type\":\"Organization\",\"@id\":\"https:\\\/\\\/www.treatwell.fr/identite\\\/#organization\",\"name\":\"Treatwell\",\"url\":\"https:\\\/\\\/www.treatwell.fr/identite\\\/\",\"logo\":{\"@type\":\"ImageObject\",\"inLanguage\":\"fr-FR\",\"@id\":\"https:\\\/\\\/www.treatwell.fr/identite\\\/#\\\/schema\\\/logo\\\/image\\\/\",\"url\":\"https:\\\/\\\/www.treatwell.fr/identite\\\/wp-content\\\/uploads\\\/sites\\\/6\\\/2022\\\/03\\\/logo_treatwell.png\",\"contentUrl\":\"https:\\\/\\\/www.treatwell.fr/identite\\\/wp-content\\\/uploads\\\/sites\\\/6\\\/2022\\\/03\\\/logo_treatwell.png\",\"width\":889,\"height\":164,\"caption\":\"Treatwell\"},\"image\":{\"@id\":\"https:\\\/\\\/www.treatwell.fr/identite\\\/#\\\/schema\\\/logo\\\/image\\\/\"}},{\"@type\":\"Person\",\"@id\":\"https:\\\/\\\/www.treatwell.fr/identite\\\/#\\\/schema\\\/person\\\/45be8f7781947e6c6d31f4b658271bf6\",\"name\":\"Beth Ryan\",\"image\":{\"@type\":\"ImageObject\",\"inLanguage\":\"fr-FR\",\"@id\":\"https:\\\/\\\/secure.gravatar.com\\\/avatar\\\/93502c3b0591e62d75cc697ff3b5b8f47fef521e9dd0d61feb5570ae6d459200?s=96&d=mm&r=g\",\"url\":\"https:\\\/\\\/secure.gravatar.com\\\/avatar\\\/93502c3b0591e62d75cc697ff3b5b8f47fef521e9dd0d61feb5570ae6d459200?s=96&d=mm&r=g\",\"contentUrl\":\"https:\\\/\\\/secure.gravatar.com\\\/avatar\\\/93502c3b0591e62d75cc697ff3b5b8f47fef521e9dd0d61feb5570ae6d459200?s=96&d=mm&r=g\",\"caption\":\"Beth Ryan\"},\"url\":\"https:\\\/\\\/www.treatwell.fr/identite\\\/author\\\/bethanyryan\\\/\"}]}<\/script>\n<!-- \/ Yoast SEO plugin. -->","yoast_head_json":{"title":"Profiter du soleil: bienfaits sant\u00e9 printemps | Treatwell","description":"Soleil printanier: booste moral, sommeil, vitamine D, cheveux et peau. Conseils d\u2019exposition, bienfaits sant\u00e9, protection solaire et rituels bien-\u00eatre \u00e0 d\u00e9couvrir maintenant.","robots":{"index":"index","follow":"follow","max-snippet":"max-snippet:-1","max-image-preview":"max-image-preview:large","max-video-preview":"max-video-preview:-1"},"canonical":"https:\/\/www.treatwell.fr/identite\/pourquoi-vous-devriez-commencer-exposer-au-soleil-des-maintenant\/","og_locale":"fr_FR","og_type":"article","og_title":"Profiter du soleil: bienfaits sant\u00e9 printemps | Treatwell","og_description":"Soleil printanier: booste moral, sommeil, vitamine D, cheveux et peau. Conseils d\u2019exposition, bienfaits sant\u00e9, protection solaire et rituels bien-\u00eatre \u00e0 d\u00e9couvrir maintenant.","og_url":"https:\/\/www.treatwell.fr/identite\/pourquoi-vous-devriez-commencer-exposer-au-soleil-des-maintenant\/","og_site_name":"Identit\u00e9","article_published_time":"2019-04-06T14:50:41+00:00","article_modified_time":"2025-12-15T21:48:29+00:00","og_image":[{"width":500,"height":600,"url":"https:\/\/www.treatwell.fr/identite\/wp-content\/uploads\/sites\/6\/2022\/03\/ezgif-4-4bacafe0570f.jpg","type":"image\/jpeg"}],"author":"Beth Ryan","twitter_card":"summary_large_image","twitter_misc":{"\u00c9crit par":"Beth Ryan","Dur\u00e9e de lecture estim\u00e9e":"2 minutes"},"schema":{"@context":"https:\/\/schema.org","@graph":[{"@type":"Article","@id":"https:\/\/www.treatwell.fr/identite\/pourquoi-vous-devriez-commencer-exposer-au-soleil-des-maintenant\/#article","isPartOf":{"@id":"https:\/\/www.treatwell.fr/identite\/pourquoi-vous-devriez-commencer-exposer-au-soleil-des-maintenant\/"},"author":{"name":"Beth Ryan","@id":"https:\/\/www.treatwell.fr/identite\/#\/schema\/person\/45be8f7781947e6c6d31f4b658271bf6"},"headline":"Pourquoi vous devriez commencer \u00e0 vous exposer au soleil d\u00e8s maintenant","datePublished":"2019-04-06T14:50:41+00:00","dateModified":"2025-12-15T21:48:29+00:00","mainEntityOfPage":{"@id":"https:\/\/www.treatwell.fr/identite\/pourquoi-vous-devriez-commencer-exposer-au-soleil-des-maintenant\/"},"wordCount":404,"publisher":{"@id":"https:\/\/www.treatwell.fr/identite\/#organization"},"image":{"@id":"https:\/\/www.treatwell.fr/identite\/pourquoi-vous-devriez-commencer-exposer-au-soleil-des-maintenant\/#primaryimage"},"thumbnailUrl":"https:\/\/www.treatwell.fr/identite\/wp-content\/uploads\/sites\/6\/2022\/03\/ezgif-4-4bacafe0570f.jpg","keywords":["Face","Facials","Hair"],"articleSection":["Beaut\u00e9"],"inLanguage":"fr-FR"},{"@type":"WebPage","@id":"https:\/\/www.treatwell.fr/identite\/pourquoi-vous-devriez-commencer-exposer-au-soleil-des-maintenant\/","url":"https:\/\/www.treatwell.fr/identite\/pourquoi-vous-devriez-commencer-exposer-au-soleil-des-maintenant\/","name":"Profiter du soleil: bienfaits sant\u00e9 printemps | Treatwell","isPartOf":{"@id":"https:\/\/www.treatwell.fr/identite\/#website"},"primaryImageOfPage":{"@id":"https:\/\/www.treatwell.fr/identite\/pourquoi-vous-devriez-commencer-exposer-au-soleil-des-maintenant\/#primaryimage"},"image":{"@id":"https:\/\/www.treatwell.fr/identite\/pourquoi-vous-devriez-commencer-exposer-au-soleil-des-maintenant\/#primaryimage"},"thumbnailUrl":"https:\/\/www.treatwell.fr/identite\/wp-content\/uploads\/sites\/6\/2022\/03\/ezgif-4-4bacafe0570f.jpg","datePublished":"2019-04-06T14:50:41+00:00","dateModified":"2025-12-15T21:48:29+00:00","description":"Soleil printanier: booste moral, sommeil, vitamine D, cheveux et peau. Conseils d\u2019exposition, bienfaits sant\u00e9, protection solaire et rituels bien-\u00eatre \u00e0 d\u00e9couvrir maintenant.","breadcrumb":{"@id":"https:\/\/www.treatwell.fr/identite\/pourquoi-vous-devriez-commencer-exposer-au-soleil-des-maintenant\/#breadcrumb"},"inLanguage":"fr-FR","potentialAction":[{"@type":"ReadAction","target":["https:\/\/www.treatwell.fr/identite\/pourquoi-vous-devriez-commencer-exposer-au-soleil-des-maintenant\/"]}]},{"@type":"ImageObject","inLanguage":"fr-FR","@id":"https:\/\/www.treatwell.fr/identite\/pourquoi-vous-devriez-commencer-exposer-au-soleil-des-maintenant\/#primaryimage","url":"https:\/\/www.treatwell.fr/identite\/wp-content\/uploads\/sites\/6\/2022\/03\/ezgif-4-4bacafe0570f.jpg","contentUrl":"https:\/\/www.treatwell.fr/identite\/wp-content\/uploads\/sites\/6\/2022\/03\/ezgif-4-4bacafe0570f.jpg","width":500,"height":600},{"@type":"BreadcrumbList","@id":"https:\/\/www.treatwell.fr/identite\/pourquoi-vous-devriez-commencer-exposer-au-soleil-des-maintenant\/#breadcrumb","itemListElement":[{"@type":"ListItem","position":1,"name":"Home","item":"https:\/\/www.treatwell.fr/identite\/"},{"@type":"ListItem","position":2,"name":"Beaut\u00e9","item":"https:\/\/www.treatwell.fr/identite\/beaute\/"},{"@type":"ListItem","position":3,"name":"Pourquoi vous devriez commencer \u00e0 vous exposer au soleil d\u00e8s maintenant"}]},{"@type":"WebSite","@id":"https:\/\/www.treatwell.fr/identite\/#website","url":"https:\/\/www.treatwell.fr/identite\/","name":"Identit\u00e9","description":"Beaut\u00e9, Cheveux, Quotidien","publisher":{"@id":"https:\/\/www.treatwell.fr/identite\/#organization"},"potentialAction":[{"@type":"SearchAction","target":{"@type":"EntryPoint","urlTemplate":"https:\/\/www.treatwell.fr/identite\/?s={search_term_string}"},"query-input":{"@type":"PropertyValueSpecification","valueRequired":true,"valueName":"search_term_string"}}],"inLanguage":"fr-FR"},{"@type":"Organization","@id":"https:\/\/www.treatwell.fr/identite\/#organization","name":"Treatwell","url":"https:\/\/www.treatwell.fr/identite\/","logo":{"@type":"ImageObject","inLanguage":"fr-FR","@id":"https:\/\/www.treatwell.fr/identite\/#\/schema\/logo\/image\/","url":"https:\/\/www.treatwell.fr/identite\/wp-content\/uploads\/sites\/6\/2022\/03\/logo_treatwell.png","contentUrl":"https:\/\/www.treatwell.fr/identite\/wp-content\/uploads\/sites\/6\/2022\/03\/logo_treatwell.png","width":889,"height":164,"caption":"Treatwell"},"image":{"@id":"https:\/\/www.treatwell.fr/identite\/#\/schema\/logo\/image\/"}},{"@type":"Person","@id":"https:\/\/www.treatwell.fr/identite\/#\/schema\/person\/45be8f7781947e6c6d31f4b658271bf6","name":"Beth Ryan","image":{"@type":"ImageObject","inLanguage":"fr-FR","@id":"https:\/\/secure.gravatar.com\/avatar\/93502c3b0591e62d75cc697ff3b5b8f47fef521e9dd0d61feb5570ae6d459200?s=96&d=mm&r=g","url":"https:\/\/secure.gravatar.com\/avatar\/93502c3b0591e62d75cc697ff3b5b8f47fef521e9dd0d61feb5570ae6d459200?s=96&d=mm&r=g","contentUrl":"https:\/\/secure.gravatar.com\/avatar\/93502c3b0591e62d75cc697ff3b5b8f47fef521e9dd0d61feb5570ae6d459200?s=96&d=mm&r=g","caption":"Beth Ryan"},"url":"https:\/\/www.treatwell.fr/identite\/author\/bethanyryan\/"}]}},"featured_image_src":"https:\/\/www.treatwell.fr/identite\/wp-content\/uploads\/sites\/6\/2022\/03\/ezgif-4-4bacafe0570f-500x400.jpg","featured_image_src_square":"https:\/\/www.treatwell.fr/identite\/wp-content\/uploads\/sites\/6\/2022\/03\/ezgif-4-4bacafe0570f.jpg","author_info":{"display_name":"Beth Ryan","author_link":"https:\/\/www.treatwell.fr/identite\/author\/bethanyryan\/"},"_links":{"self":[{"href":"https:\/\/www.treatwell.fr\/identite\/wp-json\/wp\/v2\/posts\/40676","targetHints":{"allow":["GET"]}}],"collection":[{"href":"https:\/\/www.treatwell.fr\/identite\/wp-json\/wp\/v2\/posts"}],"about":[{"href":"https:\/\/www.treatwell.fr\/identite\/wp-json\/wp\/v2\/types\/post"}],"author":[{"embeddable":true,"href":"https:\/\/www.treatwell.fr\/identite\/wp-json\/wp\/v2\/users\/3366"}],"replies":[{"embeddable":true,"href":"https:\/\/www.treatwell.fr\/identite\/wp-json\/wp\/v2\/comments?post=40676"}],"version-history":[{"count":0,"href":"https:\/\/www.treatwell.fr\/identite\/wp-json\/wp\/v2\/posts\/40676\/revisions"}],"wp:featuredmedia":[{"embeddable":true,"href":"https:\/\/www.treatwell.fr\/identite\/wp-json\/wp\/v2\/media\/40684"}],"wp:attachment":[{"href":"https:\/\/www.treatwell.fr\/identite\/wp-json\/wp\/v2\/media?parent=40676"}],"wp:term":[{"taxonomy":"category","embeddable":true,"href":"https:\/\/www.treatwell.fr\/identite\/wp-json\/wp\/v2\/categories?post=40676"},{"taxonomy":"post_tag","embeddable":true,"href":"https:\/\/www.treatwell.fr\/identite\/wp-json\/wp\/v2\/tags?post=40676"}],"curies":[{"name":"wp","href":"https:\/\/api.w.org\/{rel}","templated":true}]}}