{"id":40922,"date":"2019-05-31T14:45:47","date_gmt":"2019-05-31T12:45:47","guid":{"rendered":"https:\/\/www.treatwell.fr\/identite\/?p=12200"},"modified":"2025-12-15T22:48:33","modified_gmt":"2025-12-15T21:48:33","slug":"vacances-vue-voici-compte-a-rebours-beaute","status":"publish","type":"post","link":"https:\/\/www.treatwell.fr/identite\/vacances-vue-voici-compte-a-rebours-beaute\/","title":{"rendered":"Vacances en vue ? Voici votre compte \u00e0 rebours beaut\u00e9 pour vous y pr\u00e9parer"},"content":{"rendered":"<p class=\"p1\">Vacances en vue ! Oui on a un peu tendance \u00e0 se vanter&#8230; (\u201couais je pars \u00e0 Ibiza tu sais\u201d)\u00a0mais on est tellement excit\u00e9es qu\u2019on a d\u00e9j\u00e0 pr\u00e9par\u00e9 notre liste de beauty goals bien \u00e0 l\u2019avance. On vous laisse la partie ou vous jubilez en vous frottant les mains \u00e0 l\u2019id\u00e9e de vous pr\u00e9lasser sous les palmiers (cocktail \u00e0 la main oblig\u00e9) et on s\u2019occupe de l\u2019organisation : votre calendrier beaut\u00e9.<\/p>\n<p class=\"p1\">Si vous avez h\u00e2te de vous atteler \u00e0 vos <a href=\"https:\/\/www.treatwell.fr\/identite\/beaute-ete-8-choses-pas-vraies\/\">soins beaut\u00e9 de vacances<\/a>, c\u2019est toujours bon de savoir quand. Pourquoi ? Parce-que nous tenons \u00e0 prendre soin de notre peau et \u00e0 garder nos cheveux en bonne sant\u00e9. Alors avant de vous envoler en terre inconnue, voici un compte \u00e0 rebours sp\u00e9cial soins beaut\u00e9 pr\u00e9-vacances. Go !<\/p>\n<div class=\"schema-faq wp-block-yoast-faq-block\">\n<div class=\"schema-faq-section\" id=\"faq-question-1765834696079\">\n<h3 class=\"schema-faq-question\">Quand faut-il r\u00e9server la couleur avant des vacances au soleil ?<\/h3>\n<p class=\"schema-faq-answer\">Il est conseill\u00e9 de r\u00e9server ta couleur au moins un mois avant le d\u00e9part. Ainsi, tu prot\u00e8ges tes cheveux des rayons UV qui peuvent alt\u00e9rer ou \u00e9claircir une couleur fra\u00eeche. Une tonalit\u00e9 plus fonc\u00e9e est id\u00e9ale, car elle s\u2019\u00e9claircira naturelllement et restera lumineuse plus longtemps.<\/div>\n<div class=\"schema-faq-section\" id=\"faq-question-1765834696080\">\n<h3 class=\"schema-faq-question\">Quelle est la meilleure p\u00e9riode pour une \u00e9pilation \u00e0 la cire avant de partir ?<\/h3>\n<p class=\"schema-faq-answer\">L\u2019id\u00e9al est de programmer ton \u00e9pilation une semaine avant le d\u00e9part. La chaleur et la cr\u00e8me solaire peuvent irriter une peau fra\u00eechement \u00e9pil\u00e9e, donc ce d\u00e9lai permet \u00e0 ta peau de gu\u00e9rir et d\u2019\u00e9viter toute g\u00eane en vacances.<\/div>\n<div class=\"schema-faq-section\" id=\"faq-question-1765834696081\">\n<h3 class=\"schema-faq-question\">Comment bien pr\u00e9parer un bronzage sans UV pour qu&#8217;il tienne ?<\/h3>\n<p class=\"schema-faq-answer\">Pour un bronzage sans UV longue dur\u00e9e, une hydratation r\u00e9guli\u00e8re d\u00e8s deux semaines avant et un bon gommage sont essentiels. Pense \u00e0 effectuer ton \u00e9pilation avant le bronzage pour pr\u00e9venir les irritations, et ajoute une goutte d\u2019autobronzant dans ta cr\u00e8me apr\u00e8s soleil pour un \u00e9clat prolong\u00e9.<\/div>\n<div class=\"schema-faq-section\" id=\"faq-question-1765834696082\">\n<h3 class=\"schema-faq-question\">Quel soin beaut\u00e9 privil\u00e9gier le matin du d\u00e9part ?<\/h3>\n<p class=\"schema-faq-answer\">Le matin m\u00eame, offre-toi un soin hydratant pour les cheveux afin de prot\u00e9ger ta fibre capillaire. Ce geste simple pr\u00e9pare tes cheveux \u00e0 r\u00e9sister au soleil, au sel et au chlore, tout en t\u2019accordant une pause bien-\u00eatre avant ton s\u00e9jour.<\/div>\n<div class=\"schema-faq-section\" id=\"faq-question-1765834696083\">\n<h3 class=\"schema-faq-question\">Quelle manucure privil\u00e9gier pour des vacances sans vernis \u00e9caill\u00e9 ?<\/h3>\n<p class=\"schema-faq-answer\">Pour des vacances sans vernis \u00e9caill\u00e9, choisis une manucure semi-permanente qui peut durer jusqu\u2019\u00e0 4 semaines. Le rendu ultra glossy et la r\u00e9sistance du vernis s\u00e9ch\u00e9 \u00e0 la lampe UV te permettent d\u2019arborer une belle finition, sans souci pendant ton s\u00e9jour.<\/div>\n<\/p><\/div>\n","protected":false},"excerpt":{"rendered":"<p>Vacances en vue ! Oui on a un peu tendance \u00e0 se vanter&#8230; (\u201couais je pars \u00e0 Ibiza tu sais\u201d)\u00a0mais on est tellement excit\u00e9es qu\u2019on a d\u00e9j\u00e0 pr\u00e9par\u00e9 notre liste de beauty goals bien \u00e0 l\u2019avance. On vous laisse la partie ou vous jubilez en vous frottant les mains \u00e0 l\u2019id\u00e9e de vous pr\u00e9lasser sous [&hellip;]<\/p>\n","protected":false},"author":3366,"featured_media":40931,"comment_status":"closed","ping_status":"closed","sticky":false,"template":"","format":"standard","meta":{"_acf_changed":false,"_yoast_wpseo_title":"Soins beaut\u00e9 vacances : calendrier pr\u00e9-d\u00e9part | Treatwell","_yoast_wpseo_metadesc":"Pr\u00e9pare ta peau et tes cheveux avant tes vacances gr\u00e2ce \u00e0 notre calendrier beaut\u00e9. \u00c9pilation, coloration, bronzage, manucure : conseils et astuces pour un \u00e9t\u00e9 sans stress.","_genesis_hide_title":false,"_genesis_hide_breadcrumbs":false,"_genesis_hide_singular_image":false,"_genesis_hide_footer_widgets":false,"_genesis_custom_body_class":"","_genesis_custom_post_class":"","_genesis_layout":"","saswp_custom_schema_field":"{\"@context\":\"https:\/\/schema.org\",\"@type\":\"FAQPage\",\"mainEntity\":[{\"@type\":\"Question\",\"name\":\"Quand faut-il r\u00e9server la couleur avant des vacances au soleil ?\",\"acceptedAnswer\":{\"@type\":\"Answer\",\"text\":\"Il est conseill\u00e9 de r\u00e9server ta couleur au moins un mois avant le d\u00e9part. Ainsi, tu prot\u00e8ges tes cheveux des rayons UV qui peuvent alt\u00e9rer ou \u00e9claircir une couleur fra\u00eeche. Une tonalit\u00e9 plus fonc\u00e9e est id\u00e9ale, car elle s\u2019\u00e9claircira naturelllement et restera lumineuse plus longtemps.\"}},{\"@type\":\"Question\",\"name\":\"Quelle est la meilleure p\u00e9riode pour une \u00e9pilation \u00e0 la cire avant de partir ?\",\"acceptedAnswer\":{\"@type\":\"Answer\",\"text\":\"L\u2019id\u00e9al est de programmer ton \u00e9pilation une semaine avant le d\u00e9part. La chaleur et la cr\u00e8me solaire peuvent irriter une peau fra\u00eechement \u00e9pil\u00e9e, donc ce d\u00e9lai permet \u00e0 ta peau de gu\u00e9rir et d\u2019\u00e9viter toute g\u00eane en vacances.\"}},{\"@type\":\"Question\",\"name\":\"Comment bien pr\u00e9parer un bronzage sans UV pour qu'il tienne ?\",\"acceptedAnswer\":{\"@type\":\"Answer\",\"text\":\"Pour un bronzage sans UV longue dur\u00e9e, une hydratation r\u00e9guli\u00e8re d\u00e8s deux semaines avant et un bon gommage sont essentiels. Pense \u00e0 effectuer ton \u00e9pilation avant le bronzage pour pr\u00e9venir les irritations, et ajoute une goutte d\u2019autobronzant dans ta cr\u00e8me apr\u00e8s soleil pour un \u00e9clat prolong\u00e9.\"}},{\"@type\":\"Question\",\"name\":\"Quel soin beaut\u00e9 privil\u00e9gier le matin du d\u00e9part ?\",\"acceptedAnswer\":{\"@type\":\"Answer\",\"text\":\"Le matin m\u00eame, offre-toi un soin hydratant pour les cheveux afin de prot\u00e9ger ta fibre capillaire. Ce geste simple pr\u00e9pare tes cheveux \u00e0 r\u00e9sister au soleil, au sel et au chlore, tout en t\u2019accordant une pause bien-\u00eatre avant ton s\u00e9jour.\"}},{\"@type\":\"Question\",\"name\":\"Quelle manucure privil\u00e9gier pour des vacances sans vernis \u00e9caill\u00e9 ?\",\"acceptedAnswer\":{\"@type\":\"Answer\",\"text\":\"Pour des vacances sans vernis \u00e9caill\u00e9, choisis une manucure semi-permanente qui peut durer jusqu\u2019\u00e0 4 semaines. Le rendu ultra glossy et la r\u00e9sistance du vernis s\u00e9ch\u00e9 \u00e0 la lampe UV te permettent d\u2019arborer une belle finition, sans souci pendant ton s\u00e9jour.\"}}]}","footnotes":""},"categories":[4],"tags":[74,64,39],"class_list":{"0":"post-40922","1":"post","2":"type-post","3":"status-publish","4":"format-standard","5":"has-post-thumbnail","7":"category-beaute","8":"tag-tr744","9":"tag-tr709","10":"tag-tt6","11":"entry"},"acf":{"post_credits":"Images: Shutterstock, Instagram: @nathalieniina, @aleagre, @beatricedatmo, @fionaicecream, @niupacific, @shagal_waxing,@the_house_of_lashes","beauty_blog_post_button_title":"","beauty_blog_post_button":"","landscape_picture":40930,"blocks":[{"block_title":"Un mois avant : la couleur","block_content":"<p>Si vous avez opt&eacute; pour une destination au soleil, les rayons UV risquent d&rsquo;endommager vos cheveux s&rsquo;ils ont r&eacute;cemment &eacute;t&eacute; color&eacute;s. Alors assurez-vous de prendre rendez-vous au moins un mois &agrave; l&rsquo;avance. Les UV peuvent alt&eacute;rer la couleur, la rendre fade et l&rsquo;&eacute;claircir&nbsp;- et personne ne veut voir sa <a href=\"https:\/\/www.treatwell.fr\/identite\/10-meilleures-colorations-a-paris\/\">belle crini&egrave;re fra&icirc;chement color&eacute;e<\/a> &ecirc;tre victime des rayons de soleil. Optez pour une tonalit&eacute; de couleur plus fonc&eacute;e que d&rsquo;habitude, vous serez s&ucirc;re qu&rsquo;elle s&rsquo;&eacute;claircira&nbsp;naturellement. Et assurez-vous de bien nourrir vos longueurs avec des produits cibl&eacute;s anti-UV.<\/p>\n","video_content":"","block_picture":40923},{"block_title":"Une semaine avant : l'\u00e9pilation","block_content":"<p><a href=\"https:\/\/www.treatwell.fr\/identite\/avez-toujours-voulu-savoir-epilation\/\">L&rsquo;&eacute;pilation<\/a>&nbsp;&agrave; la cire&nbsp;doit &ecirc;tre pr&eacute;vue avec pas mal d&rsquo;avance&nbsp;car vos poils devront &ecirc;tre assez longs pour pouvoir &ecirc;tre arrach&eacute;s. Les temp&eacute;ratures chaudes peuvent irriter une peau tout juste &eacute;pil&eacute;e, tandis que les piscines et la cr&egrave;me solaire ne sont pas un bon mix pour le follicule pileux. R&eacute;servez votre s&eacute;ance environ une semaine avant de partir, pour permettre &agrave; votre peau de gu&eacute;rir et &hellip; de bronzer !<\/p>\n","video_content":"","block_picture":40924},{"block_title":"3 jours avant : la coupe de cheveux","block_content":"<p>Une bonne coupe trois &agrave; quatre jours avant votre d&eacute;part va permettre de garder vos cheveux dans de bonnes conditions. Le temps d&rsquo;exposition au soleil et toutes ces baignades dans de l&rsquo;eau chlor&eacute;e vont d&eacute;terminer si vos cheveux ont besoin une nouvelle coupe &agrave; votre retour. Souvenez-vous d&rsquo;emporter avec vous un soin hydratant : le soleil et le sel de la mer vont ass&eacute;cher la fibre capillaire.<\/p>\n\n<p>&nbsp;<\/p>\n","video_content":"","block_picture":40925},{"block_title":"2 jours avant : la teinture des cils","block_content":"<p>Qui a peur des yeux panda ? Adieu mascara qui coule : on opte pour la <a href=\"https:\/\/www.treatwell.fr\/identite\/beaute-sourcils-teindre-ne-teindre\/\">teinture des cils<\/a> &agrave; la place. Offrez-vous une session 1 &agrave; 2 jours avant de partir (avec un patch test 24h avant le rendez-vous) pour profiter pleinement de vos beaux cils d&eacute;finis. Si vous d&eacute;cidez d&rsquo;y aller &agrave; fond et de passer par la&nbsp;teinture des sourcils aussi, la couleur aura aussi le temps de bien se fixer.&nbsp;Vous pouvez r&eacute;server les deux traitements en m&ecirc;me temps - un peu de pr&eacute;paration avec le grand &eacute;v&egrave;nement, en somme.<\/p>\n","video_content":"","block_picture":40926},{"block_title":"Un jour avant : le bronzage sans UV","block_content":"<p>On vous l&rsquo;accorde :&nbsp;ce n&rsquo;est pas pour tout le monde.&nbsp;Mais si vous souffrez cruellement d&rsquo;un manque de couleur et que vous voulez prot&eacute;ger votre peau, embarquez votre cr&egrave;me solaire &agrave; indice 50 avec vous et bookez&nbsp;une s&eacute;ance de <a href=\"https:\/\/www.treatwell.fr\/identite\/8-choses-savoir-cabine-douche-autobronzante\/\">bronzage sans UV<\/a>. Avec la bonne pr&eacute;paration - c&rsquo;est &agrave; dire un bon gommage et une hydratation r&eacute;guli&egrave;re &agrave; partir de deux semaines avant le rendez-vous -&nbsp;votre bronzage pourra tenir plus d&rsquo;une semaine.&nbsp;N&rsquo;oubliez pas de passer par la cas&eacute; &eacute;pilation avant votre s&eacute;ance de bronzage sans UV, pour &eacute;viter les &eacute;ventuelles irritations. Oh et, astuce de pro, ajoutez une gouttez d&rsquo;autobronzant dans votre cr&egrave;me apr&egrave;s soleil pour maintenir cet &eacute;clat de vacances longtemps&hellip;<\/p>\n","video_content":"","block_picture":40927},{"block_title":"J-1 : la manucure","block_content":"<p>On aimerait encore <a href=\"https:\/\/www.treatwell.fr\/identite\/faire-eviter-vernis-ne-secaille\/\">&eacute;viter le vernis &eacute;caill&eacute;<\/a> en pleines vacances. Pour une mani qui va tenir longtemps, tournez-vous vers la mani semi-permanente. C&rsquo;est coriace, &agrave; l&rsquo;&eacute;preuve des vacances et peut durer jusqu&rsquo;&agrave; 4 semaines. L&rsquo;&eacute;ventail de couleurs est tr&egrave;s large et le vernis s&eacute;ch&eacute; &agrave; la lampe UV est ultra glossy. Si vous pr&eacute;f&eacute;rez un vernis qui va pouvoir s&rsquo;enlever plus facilement (m&ecirc;me si enlever le vernis en gel est relativement simple), optez pour une mani classique.<\/p>\n","video_content":"","block_picture":40928},{"block_title":"Le jour m\u00eame : le masque capillaire hydratant","block_content":"<p>Un soin pour les cheveux hydratant est une bonne id&eacute;e le matin m&ecirc;me de votre d&eacute;part (entre le magazine et les snacks de voyage). Soigner son cuir chevelu et garder ses longueurs hydrat&eacute;es va aider &agrave; prot&eacute;ger les cheveux des d&eacute;g&acirc;ts du soleil. C&rsquo;est aussi sympa de s&rsquo;accorder une pause de d&eacute;tente avant de devoir endurer 2 semaines de farniente sur la plage et mangeant tout ce qui nous passe sous le nez dans un d&eacute;cor de r&ecirc;ve.&nbsp;Essayez un masque &agrave; la maison, ou rendez-vous au salon !<\/p>\n\n<p>Avec <a href=\"https:\/\/www.treatwell.fr\/\">Treatwell<\/a>, vous pouvez r&eacute;server vos soins beaut&eacute; en ligne et dans vos &eacute;tablissements pr&eacute;f&eacute;r&eacute;s - simple, rapide et tout &ccedil;a en un rien de temps. <a href=\"https:\/\/www.treatwell.fr\/salons\/soin-soin-capillaire\/offre-type-local\/dans-paris-france\/\">D&eacute;couvrez des adresses canon pr&egrave;s de chez vous<\/a>.<\/p>\n","video_content":"","block_picture":40929}]},"yoast_head":"<!-- This site is optimized with the Yoast SEO plugin v27.5 - https:\/\/yoast.com\/product\/yoast-seo-wordpress\/ -->\n<title>Soins beaut\u00e9 vacances : calendrier pr\u00e9-d\u00e9part | Treatwell<\/title>\n<meta name=\"description\" content=\"Pr\u00e9pare ta peau et tes cheveux avant tes vacances gr\u00e2ce \u00e0 notre calendrier beaut\u00e9. \u00c9pilation, coloration, bronzage, manucure : conseils et astuces pour un \u00e9t\u00e9 sans stress.\" \/>\n<meta name=\"robots\" content=\"index, follow, max-snippet:-1, max-image-preview:large, max-video-preview:-1\" \/>\n<link rel=\"canonical\" href=\"https:\/\/www.treatwell.fr/identite\/vacances-vue-voici-compte-a-rebours-beaute\/\" \/>\n<meta property=\"og:locale\" content=\"fr_FR\" \/>\n<meta property=\"og:type\" content=\"article\" \/>\n<meta property=\"og:title\" content=\"Soins beaut\u00e9 vacances : calendrier pr\u00e9-d\u00e9part | Treatwell\" \/>\n<meta property=\"og:description\" content=\"Pr\u00e9pare ta peau et tes cheveux avant tes vacances gr\u00e2ce \u00e0 notre calendrier beaut\u00e9. \u00c9pilation, coloration, bronzage, manucure : conseils et astuces pour un \u00e9t\u00e9 sans stress.\" \/>\n<meta property=\"og:url\" content=\"https:\/\/www.treatwell.fr/identite\/vacances-vue-voici-compte-a-rebours-beaute\/\" \/>\n<meta property=\"og:site_name\" content=\"Identit\u00e9\" \/>\n<meta property=\"article:published_time\" content=\"2019-05-31T12:45:47+00:00\" \/>\n<meta property=\"article:modified_time\" content=\"2025-12-15T21:48:33+00:00\" \/>\n<meta property=\"og:image\" content=\"https:\/\/www.treatwell.fr/identite\/wp-content\/uploads\/sites\/6\/2022\/03\/@aleagre.jpg\" \/>\n\t<meta property=\"og:image:width\" content=\"500\" \/>\n\t<meta property=\"og:image:height\" content=\"500\" \/>\n\t<meta property=\"og:image:type\" content=\"image\/jpeg\" \/>\n<meta name=\"author\" content=\"Beth Ryan\" \/>\n<meta name=\"twitter:card\" content=\"summary_large_image\" \/>\n<meta name=\"twitter:label1\" content=\"\u00c9crit par\" \/>\n\t<meta name=\"twitter:data1\" content=\"Beth Ryan\" \/>\n\t<meta name=\"twitter:label2\" content=\"Dur\u00e9e de lecture estim\u00e9e\" \/>\n\t<meta name=\"twitter:data2\" content=\"2 minutes\" \/>\n<script type=\"application\/ld+json\" class=\"yoast-schema-graph\">{\"@context\":\"https:\\\/\\\/schema.org\",\"@graph\":[{\"@type\":\"Article\",\"@id\":\"https:\\\/\\\/www.treatwell.fr/identite\\\/vacances-vue-voici-compte-a-rebours-beaute\\\/#article\",\"isPartOf\":{\"@id\":\"https:\\\/\\\/www.treatwell.fr/identite\\\/vacances-vue-voici-compte-a-rebours-beaute\\\/\"},\"author\":{\"name\":\"Beth Ryan\",\"@id\":\"https:\\\/\\\/www.treatwell.fr/identite\\\/#\\\/schema\\\/person\\\/45be8f7781947e6c6d31f4b658271bf6\"},\"headline\":\"Vacances en vue ? Voici votre compte \u00e0 rebours beaut\u00e9 pour vous y pr\u00e9parer\",\"datePublished\":\"2019-05-31T12:45:47+00:00\",\"dateModified\":\"2025-12-15T21:48:33+00:00\",\"mainEntityOfPage\":{\"@id\":\"https:\\\/\\\/www.treatwell.fr/identite\\\/vacances-vue-voici-compte-a-rebours-beaute\\\/\"},\"wordCount\":442,\"publisher\":{\"@id\":\"https:\\\/\\\/www.treatwell.fr/identite\\\/#organization\"},\"image\":{\"@id\":\"https:\\\/\\\/www.treatwell.fr/identite\\\/vacances-vue-voici-compte-a-rebours-beaute\\\/#primaryimage\"},\"thumbnailUrl\":\"https:\\\/\\\/www.treatwell.fr/identite\\\/wp-content\\\/uploads\\\/sites\\\/6\\\/2022\\\/03\\\/@aleagre.jpg\",\"keywords\":[\"Bikini Waxing\",\"Eyebrow and Eyelash Tinting\",\"Hair\"],\"articleSection\":[\"Beaut\u00e9\"],\"inLanguage\":\"fr-FR\"},{\"@type\":\"WebPage\",\"@id\":\"https:\\\/\\\/www.treatwell.fr/identite\\\/vacances-vue-voici-compte-a-rebours-beaute\\\/\",\"url\":\"https:\\\/\\\/www.treatwell.fr/identite\\\/vacances-vue-voici-compte-a-rebours-beaute\\\/\",\"name\":\"Soins beaut\u00e9 vacances : calendrier pr\u00e9-d\u00e9part | Treatwell\",\"isPartOf\":{\"@id\":\"https:\\\/\\\/www.treatwell.fr/identite\\\/#website\"},\"primaryImageOfPage\":{\"@id\":\"https:\\\/\\\/www.treatwell.fr/identite\\\/vacances-vue-voici-compte-a-rebours-beaute\\\/#primaryimage\"},\"image\":{\"@id\":\"https:\\\/\\\/www.treatwell.fr/identite\\\/vacances-vue-voici-compte-a-rebours-beaute\\\/#primaryimage\"},\"thumbnailUrl\":\"https:\\\/\\\/www.treatwell.fr/identite\\\/wp-content\\\/uploads\\\/sites\\\/6\\\/2022\\\/03\\\/@aleagre.jpg\",\"datePublished\":\"2019-05-31T12:45:47+00:00\",\"dateModified\":\"2025-12-15T21:48:33+00:00\",\"description\":\"Pr\u00e9pare ta peau et tes cheveux avant tes vacances gr\u00e2ce \u00e0 notre calendrier beaut\u00e9. \u00c9pilation, coloration, bronzage, manucure : conseils et astuces pour un \u00e9t\u00e9 sans stress.\",\"breadcrumb\":{\"@id\":\"https:\\\/\\\/www.treatwell.fr/identite\\\/vacances-vue-voici-compte-a-rebours-beaute\\\/#breadcrumb\"},\"inLanguage\":\"fr-FR\",\"potentialAction\":[{\"@type\":\"ReadAction\",\"target\":[\"https:\\\/\\\/www.treatwell.fr/identite\\\/vacances-vue-voici-compte-a-rebours-beaute\\\/\"]}]},{\"@type\":\"ImageObject\",\"inLanguage\":\"fr-FR\",\"@id\":\"https:\\\/\\\/www.treatwell.fr/identite\\\/vacances-vue-voici-compte-a-rebours-beaute\\\/#primaryimage\",\"url\":\"https:\\\/\\\/www.treatwell.fr/identite\\\/wp-content\\\/uploads\\\/sites\\\/6\\\/2022\\\/03\\\/@aleagre.jpg\",\"contentUrl\":\"https:\\\/\\\/www.treatwell.fr/identite\\\/wp-content\\\/uploads\\\/sites\\\/6\\\/2022\\\/03\\\/@aleagre.jpg\",\"width\":500,\"height\":500},{\"@type\":\"BreadcrumbList\",\"@id\":\"https:\\\/\\\/www.treatwell.fr/identite\\\/vacances-vue-voici-compte-a-rebours-beaute\\\/#breadcrumb\",\"itemListElement\":[{\"@type\":\"ListItem\",\"position\":1,\"name\":\"Home\",\"item\":\"https:\\\/\\\/www.treatwell.fr/identite\\\/\"},{\"@type\":\"ListItem\",\"position\":2,\"name\":\"Beaut\u00e9\",\"item\":\"https:\\\/\\\/www.treatwell.fr/identite\\\/beaute\\\/\"},{\"@type\":\"ListItem\",\"position\":3,\"name\":\"Vacances en vue ? Voici votre compte \u00e0 rebours beaut\u00e9 pour vous y pr\u00e9parer\"}]},{\"@type\":\"WebSite\",\"@id\":\"https:\\\/\\\/www.treatwell.fr/identite\\\/#website\",\"url\":\"https:\\\/\\\/www.treatwell.fr/identite\\\/\",\"name\":\"Identit\u00e9\",\"description\":\"Beaut\u00e9, Cheveux, Quotidien\",\"publisher\":{\"@id\":\"https:\\\/\\\/www.treatwell.fr/identite\\\/#organization\"},\"potentialAction\":[{\"@type\":\"SearchAction\",\"target\":{\"@type\":\"EntryPoint\",\"urlTemplate\":\"https:\\\/\\\/www.treatwell.fr/identite\\\/?s={search_term_string}\"},\"query-input\":{\"@type\":\"PropertyValueSpecification\",\"valueRequired\":true,\"valueName\":\"search_term_string\"}}],\"inLanguage\":\"fr-FR\"},{\"@type\":\"Organization\",\"@id\":\"https:\\\/\\\/www.treatwell.fr/identite\\\/#organization\",\"name\":\"Treatwell\",\"url\":\"https:\\\/\\\/www.treatwell.fr/identite\\\/\",\"logo\":{\"@type\":\"ImageObject\",\"inLanguage\":\"fr-FR\",\"@id\":\"https:\\\/\\\/www.treatwell.fr/identite\\\/#\\\/schema\\\/logo\\\/image\\\/\",\"url\":\"https:\\\/\\\/www.treatwell.fr/identite\\\/wp-content\\\/uploads\\\/sites\\\/6\\\/2022\\\/03\\\/logo_treatwell.png\",\"contentUrl\":\"https:\\\/\\\/www.treatwell.fr/identite\\\/wp-content\\\/uploads\\\/sites\\\/6\\\/2022\\\/03\\\/logo_treatwell.png\",\"width\":889,\"height\":164,\"caption\":\"Treatwell\"},\"image\":{\"@id\":\"https:\\\/\\\/www.treatwell.fr/identite\\\/#\\\/schema\\\/logo\\\/image\\\/\"}},{\"@type\":\"Person\",\"@id\":\"https:\\\/\\\/www.treatwell.fr/identite\\\/#\\\/schema\\\/person\\\/45be8f7781947e6c6d31f4b658271bf6\",\"name\":\"Beth Ryan\",\"image\":{\"@type\":\"ImageObject\",\"inLanguage\":\"fr-FR\",\"@id\":\"https:\\\/\\\/secure.gravatar.com\\\/avatar\\\/93502c3b0591e62d75cc697ff3b5b8f47fef521e9dd0d61feb5570ae6d459200?s=96&d=mm&r=g\",\"url\":\"https:\\\/\\\/secure.gravatar.com\\\/avatar\\\/93502c3b0591e62d75cc697ff3b5b8f47fef521e9dd0d61feb5570ae6d459200?s=96&d=mm&r=g\",\"contentUrl\":\"https:\\\/\\\/secure.gravatar.com\\\/avatar\\\/93502c3b0591e62d75cc697ff3b5b8f47fef521e9dd0d61feb5570ae6d459200?s=96&d=mm&r=g\",\"caption\":\"Beth Ryan\"},\"url\":\"https:\\\/\\\/www.treatwell.fr/identite\\\/author\\\/bethanyryan\\\/\"}]}<\/script>\n<!-- \/ Yoast SEO plugin. -->","yoast_head_json":{"title":"Soins beaut\u00e9 vacances : calendrier pr\u00e9-d\u00e9part | Treatwell","description":"Pr\u00e9pare ta peau et tes cheveux avant tes vacances gr\u00e2ce \u00e0 notre calendrier beaut\u00e9. \u00c9pilation, coloration, bronzage, manucure : conseils et astuces pour un \u00e9t\u00e9 sans stress.","robots":{"index":"index","follow":"follow","max-snippet":"max-snippet:-1","max-image-preview":"max-image-preview:large","max-video-preview":"max-video-preview:-1"},"canonical":"https:\/\/www.treatwell.fr/identite\/vacances-vue-voici-compte-a-rebours-beaute\/","og_locale":"fr_FR","og_type":"article","og_title":"Soins beaut\u00e9 vacances : calendrier pr\u00e9-d\u00e9part | Treatwell","og_description":"Pr\u00e9pare ta peau et tes cheveux avant tes vacances gr\u00e2ce \u00e0 notre calendrier beaut\u00e9. \u00c9pilation, coloration, bronzage, manucure : conseils et astuces pour un \u00e9t\u00e9 sans stress.","og_url":"https:\/\/www.treatwell.fr/identite\/vacances-vue-voici-compte-a-rebours-beaute\/","og_site_name":"Identit\u00e9","article_published_time":"2019-05-31T12:45:47+00:00","article_modified_time":"2025-12-15T21:48:33+00:00","og_image":[{"width":500,"height":500,"url":"https:\/\/www.treatwell.fr/identite\/wp-content\/uploads\/sites\/6\/2022\/03\/@aleagre.jpg","type":"image\/jpeg"}],"author":"Beth Ryan","twitter_card":"summary_large_image","twitter_misc":{"\u00c9crit par":"Beth Ryan","Dur\u00e9e de lecture estim\u00e9e":"2 minutes"},"schema":{"@context":"https:\/\/schema.org","@graph":[{"@type":"Article","@id":"https:\/\/www.treatwell.fr/identite\/vacances-vue-voici-compte-a-rebours-beaute\/#article","isPartOf":{"@id":"https:\/\/www.treatwell.fr/identite\/vacances-vue-voici-compte-a-rebours-beaute\/"},"author":{"name":"Beth Ryan","@id":"https:\/\/www.treatwell.fr/identite\/#\/schema\/person\/45be8f7781947e6c6d31f4b658271bf6"},"headline":"Vacances en vue ? Voici votre compte \u00e0 rebours beaut\u00e9 pour vous y pr\u00e9parer","datePublished":"2019-05-31T12:45:47+00:00","dateModified":"2025-12-15T21:48:33+00:00","mainEntityOfPage":{"@id":"https:\/\/www.treatwell.fr/identite\/vacances-vue-voici-compte-a-rebours-beaute\/"},"wordCount":442,"publisher":{"@id":"https:\/\/www.treatwell.fr/identite\/#organization"},"image":{"@id":"https:\/\/www.treatwell.fr/identite\/vacances-vue-voici-compte-a-rebours-beaute\/#primaryimage"},"thumbnailUrl":"https:\/\/www.treatwell.fr/identite\/wp-content\/uploads\/sites\/6\/2022\/03\/@aleagre.jpg","keywords":["Bikini Waxing","Eyebrow and Eyelash Tinting","Hair"],"articleSection":["Beaut\u00e9"],"inLanguage":"fr-FR"},{"@type":"WebPage","@id":"https:\/\/www.treatwell.fr/identite\/vacances-vue-voici-compte-a-rebours-beaute\/","url":"https:\/\/www.treatwell.fr/identite\/vacances-vue-voici-compte-a-rebours-beaute\/","name":"Soins beaut\u00e9 vacances : calendrier pr\u00e9-d\u00e9part | Treatwell","isPartOf":{"@id":"https:\/\/www.treatwell.fr/identite\/#website"},"primaryImageOfPage":{"@id":"https:\/\/www.treatwell.fr/identite\/vacances-vue-voici-compte-a-rebours-beaute\/#primaryimage"},"image":{"@id":"https:\/\/www.treatwell.fr/identite\/vacances-vue-voici-compte-a-rebours-beaute\/#primaryimage"},"thumbnailUrl":"https:\/\/www.treatwell.fr/identite\/wp-content\/uploads\/sites\/6\/2022\/03\/@aleagre.jpg","datePublished":"2019-05-31T12:45:47+00:00","dateModified":"2025-12-15T21:48:33+00:00","description":"Pr\u00e9pare ta peau et tes cheveux avant tes vacances gr\u00e2ce \u00e0 notre calendrier beaut\u00e9. \u00c9pilation, coloration, bronzage, manucure : conseils et astuces pour un \u00e9t\u00e9 sans stress.","breadcrumb":{"@id":"https:\/\/www.treatwell.fr/identite\/vacances-vue-voici-compte-a-rebours-beaute\/#breadcrumb"},"inLanguage":"fr-FR","potentialAction":[{"@type":"ReadAction","target":["https:\/\/www.treatwell.fr/identite\/vacances-vue-voici-compte-a-rebours-beaute\/"]}]},{"@type":"ImageObject","inLanguage":"fr-FR","@id":"https:\/\/www.treatwell.fr/identite\/vacances-vue-voici-compte-a-rebours-beaute\/#primaryimage","url":"https:\/\/www.treatwell.fr/identite\/wp-content\/uploads\/sites\/6\/2022\/03\/@aleagre.jpg","contentUrl":"https:\/\/www.treatwell.fr/identite\/wp-content\/uploads\/sites\/6\/2022\/03\/@aleagre.jpg","width":500,"height":500},{"@type":"BreadcrumbList","@id":"https:\/\/www.treatwell.fr/identite\/vacances-vue-voici-compte-a-rebours-beaute\/#breadcrumb","itemListElement":[{"@type":"ListItem","position":1,"name":"Home","item":"https:\/\/www.treatwell.fr/identite\/"},{"@type":"ListItem","position":2,"name":"Beaut\u00e9","item":"https:\/\/www.treatwell.fr/identite\/beaute\/"},{"@type":"ListItem","position":3,"name":"Vacances en vue ? Voici votre compte \u00e0 rebours beaut\u00e9 pour vous y pr\u00e9parer"}]},{"@type":"WebSite","@id":"https:\/\/www.treatwell.fr/identite\/#website","url":"https:\/\/www.treatwell.fr/identite\/","name":"Identit\u00e9","description":"Beaut\u00e9, Cheveux, Quotidien","publisher":{"@id":"https:\/\/www.treatwell.fr/identite\/#organization"},"potentialAction":[{"@type":"SearchAction","target":{"@type":"EntryPoint","urlTemplate":"https:\/\/www.treatwell.fr/identite\/?s={search_term_string}"},"query-input":{"@type":"PropertyValueSpecification","valueRequired":true,"valueName":"search_term_string"}}],"inLanguage":"fr-FR"},{"@type":"Organization","@id":"https:\/\/www.treatwell.fr/identite\/#organization","name":"Treatwell","url":"https:\/\/www.treatwell.fr/identite\/","logo":{"@type":"ImageObject","inLanguage":"fr-FR","@id":"https:\/\/www.treatwell.fr/identite\/#\/schema\/logo\/image\/","url":"https:\/\/www.treatwell.fr/identite\/wp-content\/uploads\/sites\/6\/2022\/03\/logo_treatwell.png","contentUrl":"https:\/\/www.treatwell.fr/identite\/wp-content\/uploads\/sites\/6\/2022\/03\/logo_treatwell.png","width":889,"height":164,"caption":"Treatwell"},"image":{"@id":"https:\/\/www.treatwell.fr/identite\/#\/schema\/logo\/image\/"}},{"@type":"Person","@id":"https:\/\/www.treatwell.fr/identite\/#\/schema\/person\/45be8f7781947e6c6d31f4b658271bf6","name":"Beth Ryan","image":{"@type":"ImageObject","inLanguage":"fr-FR","@id":"https:\/\/secure.gravatar.com\/avatar\/93502c3b0591e62d75cc697ff3b5b8f47fef521e9dd0d61feb5570ae6d459200?s=96&d=mm&r=g","url":"https:\/\/secure.gravatar.com\/avatar\/93502c3b0591e62d75cc697ff3b5b8f47fef521e9dd0d61feb5570ae6d459200?s=96&d=mm&r=g","contentUrl":"https:\/\/secure.gravatar.com\/avatar\/93502c3b0591e62d75cc697ff3b5b8f47fef521e9dd0d61feb5570ae6d459200?s=96&d=mm&r=g","caption":"Beth Ryan"},"url":"https:\/\/www.treatwell.fr/identite\/author\/bethanyryan\/"}]}},"featured_image_src":"https:\/\/www.treatwell.fr/identite\/wp-content\/uploads\/sites\/6\/2022\/03\/@aleagre-500x400.jpg","featured_image_src_square":"https:\/\/www.treatwell.fr/identite\/wp-content\/uploads\/sites\/6\/2022\/03\/@aleagre.jpg","author_info":{"display_name":"Beth Ryan","author_link":"https:\/\/www.treatwell.fr/identite\/author\/bethanyryan\/"},"_links":{"self":[{"href":"https:\/\/www.treatwell.fr\/identite\/wp-json\/wp\/v2\/posts\/40922","targetHints":{"allow":["GET"]}}],"collection":[{"href":"https:\/\/www.treatwell.fr\/identite\/wp-json\/wp\/v2\/posts"}],"about":[{"href":"https:\/\/www.treatwell.fr\/identite\/wp-json\/wp\/v2\/types\/post"}],"author":[{"embeddable":true,"href":"https:\/\/www.treatwell.fr\/identite\/wp-json\/wp\/v2\/users\/3366"}],"replies":[{"embeddable":true,"href":"https:\/\/www.treatwell.fr\/identite\/wp-json\/wp\/v2\/comments?post=40922"}],"version-history":[{"count":0,"href":"https:\/\/www.treatwell.fr\/identite\/wp-json\/wp\/v2\/posts\/40922\/revisions"}],"wp:featuredmedia":[{"embeddable":true,"href":"https:\/\/www.treatwell.fr\/identite\/wp-json\/wp\/v2\/media\/40931"}],"wp:attachment":[{"href":"https:\/\/www.treatwell.fr\/identite\/wp-json\/wp\/v2\/media?parent=40922"}],"wp:term":[{"taxonomy":"category","embeddable":true,"href":"https:\/\/www.treatwell.fr\/identite\/wp-json\/wp\/v2\/categories?post=40922"},{"taxonomy":"post_tag","embeddable":true,"href":"https:\/\/www.treatwell.fr\/identite\/wp-json\/wp\/v2\/tags?post=40922"}],"curies":[{"name":"wp","href":"https:\/\/api.w.org\/{rel}","templated":true}]}}