{"id":40955,"date":"2019-07-01T16:17:10","date_gmt":"2019-07-01T14:17:10","guid":{"rendered":"https:\/\/www.treatwell.fr\/identite\/?p=20866"},"modified":"2025-12-15T22:48:34","modified_gmt":"2025-12-15T21:48:34","slug":"comment-avoir-une-criniere-canon-durant-tout-lete-un-expert-nous-dit-tout","status":"publish","type":"post","link":"https:\/\/www.treatwell.fr/identite\/comment-avoir-une-criniere-canon-durant-tout-lete-un-expert-nous-dit-tout\/","title":{"rendered":"Comment avoir une crini\u00e8re canon durant tout l\u2019\u00e9t\u00e9 : un expert nous dit tout"},"content":{"rendered":"<p>L&#8217;\u00e9t\u00e9 est arriv\u00e9 &#8211; on a d\u00e9j\u00e0 commenc\u00e9 \u00e0 profiter des terrasses et des quais de Seine depuis un moment, mais on a tout de m\u00eame h\u00e2te de s&#8217;\u00e9chapper pour partir en vacances direction&#8230; la plage ! Lisbonne, Biarritz, Cannes ou Bali &#8211; quelle que soit la destination, il existe quelques petites choses \u00e0 ne pas d\u00e9laisser, l&#8217;une d&#8217;entre elles \u00e9tant <strong>la sant\u00e9 des cheveux<\/strong>.<\/p>\n<p>Par chance, nous avons d\u00e9busqu\u00e9 <strong>une adresse super styl\u00e9e nich\u00e9e au d\u00e9tour d&#8217;une rue du quartier parisien de Belleville<\/strong>. Au regard du savoir-faire de ses coiffeurs, de leurs sourires contagieux et de <strong>la vibe vraiment trop cool<\/strong> du salon, on s&#8217;est dit qu&#8217;on allait sauter sur l&#8217;occasion et leur poser plein de questions sur comment soigner nos cheveux en \u00e9t\u00e9. Par ici !<\/p>\n<div class=\"schema-faq wp-block-yoast-faq-block\">\n<div class=\"schema-faq-section\" id=\"faq-question-1765834688321\">\n<h3 class=\"schema-faq-question\">Pourquoi faut-il hydrater ses cheveux en \u00e9t\u00e9 ?<\/h3>\n<p class=\"schema-faq-answer\">L\u2019hydratation est essentielle car l\u2019\u00e9t\u00e9, tes cheveux s\u2019ass\u00e8chent et se d\u00e9colorent \u00e0 cause du soleil. Profiter d&#8217;une hydratation en profondeur limite l\u2019oxydation et garde la fibre capillaire \u00e9clatante, surtout si tes cheveux sont color\u00e9s.<\/div>\n<div class=\"schema-faq-section\" id=\"faq-question-1765834688322\">\n<h3 class=\"schema-faq-question\">Quels gestes adopter avant la plage pour prot\u00e9ger sa chevelure ?<\/h3>\n<p class=\"schema-faq-answer\">Avant la plage, commence des soins capillaires cibl\u00e9s et privil\u00e9gie des huiles capillaires protectrices et anti-UV. Tu peux aussi opter pour une teinte un ton plus fonc\u00e9e lors de ta coloration et r\u00e9server une coupe pour partir sur une base saine sans fourches.<\/div>\n<div class=\"schema-faq-section\" id=\"faq-question-1765834688323\">\n<h3 class=\"schema-faq-question\">Comment pr\u00e9server l\u2019\u00e9clat des cheveux color\u00e9s pendant les vacances ?<\/h3>\n<p class=\"schema-faq-answer\">Pour pr\u00e9server l\u2019\u00e9clat, choisis une coloration un ton plus fonc\u00e9e car le soleil va naturellement l\u2019\u00e9claircir. Utilise des soins riches et prot\u00e8ge tes cheveux de l\u2019exposition directe pour \u00e9viter le dess\u00e8chement et ternissement de la couleur.<\/div>\n<div class=\"schema-faq-section\" id=\"faq-question-1765834688324\">\n<h3 class=\"schema-faq-question\">Quels produits utiliser pour pr\u00e9parer sa chevelure avant l\u2019\u00e9t\u00e9 ?<\/h3>\n<p class=\"schema-faq-answer\">Opte pour des produits sans ingr\u00e9dients chimiques ou nocifs comme le silicone et mise sur l\u2019hydratation. Les produits by Davines ou la gamme Oi offrent shampoings, soins et s\u00e9rums, et tu peux tester un soin au botox pour des cheveux doux et \u00e9clatants pendant 3 mois.<\/div>\n<div class=\"schema-faq-section\" id=\"faq-question-1765834688325\">\n<h3 class=\"schema-faq-question\">Quelles sont les erreurs \u00e0 \u00e9viter apr\u00e8s la plage ?<\/h3>\n<p class=\"schema-faq-answer\">\u00c9vite d\u2019utiliser des huiles cosm\u00e9tiques pour la peau, comme le mono\u00ef, avant l\u2019exposition au soleil. Apr\u00e8s la plage, rince bien ta t\u00eate pour enlever le sel et applique un masque hydratant, le temps de pause \u00e9tant plus important que la fr\u00e9quence.<\/div>\n<div class=\"schema-faq-section\" id=\"faq-question-1765834688326\">\n<h3 class=\"schema-faq-question\">Pourquoi faut-il \u00e9viter de d\u00e9m\u00ealer les cheveux sous la douche ?<\/h3>\n<p class=\"schema-faq-answer\">Il vaut mieux d\u00e9m\u00ealer tes cheveux \u00e0 sec avant le shampoing pour \u00e9viter la casse. Sous la douche, les longueurs sont plus fragiles et cassantes, tu pr\u00e9serves ainsi la sant\u00e9 et la douceur de ta chevelure.<\/div>\n<\/p><\/div>\n","protected":false},"excerpt":{"rendered":"<p>L&#8217;\u00e9t\u00e9 est arriv\u00e9 &#8211; on a d\u00e9j\u00e0 commenc\u00e9 \u00e0 profiter des terrasses et des quais de Seine depuis un moment, mais on a tout de m\u00eame h\u00e2te de s&#8217;\u00e9chapper pour partir en vacances direction&#8230; la plage ! Lisbonne, Biarritz, Cannes ou Bali &#8211; quelle que soit la destination, il existe quelques petites choses \u00e0 ne [&hellip;]<\/p>\n","protected":false},"author":3366,"featured_media":40957,"comment_status":"closed","ping_status":"closed","sticky":false,"template":"","format":"standard","meta":{"_acf_changed":false,"_yoast_wpseo_title":"Sant\u00e9 des cheveux \u00e9t\u00e9 : soins et conseils experts | Treatwell","_yoast_wpseo_metadesc":"Cheveux sains en \u00e9t\u00e9 : conseils coiffure, hydratation, routines capillaires et astuces coloration pour des vacances sans fausse note. Pr\u00e9parez et r\u00e9parez vos cheveux.","_genesis_hide_title":false,"_genesis_hide_breadcrumbs":false,"_genesis_hide_singular_image":false,"_genesis_hide_footer_widgets":false,"_genesis_custom_body_class":"","_genesis_custom_post_class":"","_genesis_layout":"","saswp_custom_schema_field":"{\"@context\":\"https:\/\/schema.org\",\"@type\":\"FAQPage\",\"mainEntity\":[{\"@type\":\"Question\",\"name\":\"Pourquoi faut-il hydrater ses cheveux en \u00e9t\u00e9 ?\",\"acceptedAnswer\":{\"@type\":\"Answer\",\"text\":\"L\u2019hydratation est essentielle car l\u2019\u00e9t\u00e9, tes cheveux s\u2019ass\u00e8chent et se d\u00e9colorent \u00e0 cause du soleil. Profiter d'une hydratation en profondeur limite l\u2019oxydation et garde la fibre capillaire \u00e9clatante, surtout si tes cheveux sont color\u00e9s.\"}},{\"@type\":\"Question\",\"name\":\"Quels gestes adopter avant la plage pour prot\u00e9ger sa chevelure ?\",\"acceptedAnswer\":{\"@type\":\"Answer\",\"text\":\"Avant la plage, commence des soins capillaires cibl\u00e9s et privil\u00e9gie des huiles capillaires protectrices et anti-UV. Tu peux aussi opter pour une teinte un ton plus fonc\u00e9e lors de ta coloration et r\u00e9server une coupe pour partir sur une base saine sans fourches.\"}},{\"@type\":\"Question\",\"name\":\"Comment pr\u00e9server l\u2019\u00e9clat des cheveux color\u00e9s pendant les vacances ?\",\"acceptedAnswer\":{\"@type\":\"Answer\",\"text\":\"Pour pr\u00e9server l\u2019\u00e9clat, choisis une coloration un ton plus fonc\u00e9e car le soleil va naturellement l\u2019\u00e9claircir. Utilise des soins riches et prot\u00e8ge tes cheveux de l\u2019exposition directe pour \u00e9viter le dess\u00e8chement et ternissement de la couleur.\"}},{\"@type\":\"Question\",\"name\":\"Quels produits utiliser pour pr\u00e9parer sa chevelure avant l\u2019\u00e9t\u00e9 ?\",\"acceptedAnswer\":{\"@type\":\"Answer\",\"text\":\"Opte pour des produits sans ingr\u00e9dients chimiques ou nocifs comme le silicone et mise sur l\u2019hydratation. Les produits by Davines ou la gamme Oi offrent shampoings, soins et s\u00e9rums, et tu peux tester un soin au botox pour des cheveux doux et \u00e9clatants pendant 3 mois.\"}},{\"@type\":\"Question\",\"name\":\"Quelles sont les erreurs \u00e0 \u00e9viter apr\u00e8s la plage ?\",\"acceptedAnswer\":{\"@type\":\"Answer\",\"text\":\"\u00c9vite d\u2019utiliser des huiles cosm\u00e9tiques pour la peau, comme le mono\u00ef, avant l\u2019exposition au soleil. Apr\u00e8s la plage, rince bien ta t\u00eate pour enlever le sel et applique un masque hydratant, le temps de pause \u00e9tant plus important que la fr\u00e9quence.\"}},{\"@type\":\"Question\",\"name\":\"Pourquoi faut-il \u00e9viter de d\u00e9m\u00ealer les cheveux sous la douche ?\",\"acceptedAnswer\":{\"@type\":\"Answer\",\"text\":\"Il vaut mieux d\u00e9m\u00ealer tes cheveux \u00e0 sec avant le shampoing pour \u00e9viter la casse. Sous la douche, les longueurs sont plus fragiles et cassantes, tu pr\u00e9serves ainsi la sant\u00e9 et la douceur de ta chevelure.\"}}]}","footnotes":""},"categories":[4],"tags":[39,40,44],"class_list":{"0":"post-40955","1":"post","2":"type-post","3":"status-publish","4":"format-standard","5":"has-post-thumbnail","7":"category-beaute","8":"tag-tt6","9":"tag-tr273","10":"tag-tr166","11":"entry"},"acf":{"post_credits":"","beauty_blog_post_button_title":"","beauty_blog_post_button":"","landscape_picture":40956,"blocks":[{"block_title":"Les Affranchiz, c\u2019est quoi ?","block_content":"Plus qu&#039;un simple salon de coiffure : les Affranchiz est <strong>un cocon \u00e0 l'identit\u00e9 atypique<\/strong>\u00a0qui se veut ouvert \u00e0 tous. Anouck, ancienne \u00e9l\u00e8ve d&#039;\u00e9cole d&#039;art reconvertie dans la coiffure depuis 5 ans, nous explique : \"nous voulons\u00a0\u00eatre les plus inclusifs possible, ici tout le monde est le bienvenu. Quant \u00e0 moi, j&#039;ai\u00a0voulu\u00a0changer de parcours tout en restant dans un m\u00e9tier manuel et en exp\u00e9rimentant <strong>plusieurs m\u00e9diums, plusieurs textures<\/strong>\". Comme les cheveux donc. Int\u00e9ressant !","video_content":"","block_picture":null},{"block_title":"Les cheveux ont-ils besoin de plus de soin l'\u00e9t\u00e9 ?","block_content":"\"L&#039;\u00e9t\u00e9, les cheveux sont forc\u00e9ment plus confront\u00e9s \u00e0 l'oxydation, \u00e0 cause du soleil\" nous dit Anouck. \"Les cheveux s&#039;ass\u00e8chent et se d\u00e9colorent - c&#039;est pour cette raison qu&#039;<strong>il est imp\u00e9ratif de les hydrater en profondeur<\/strong> - et\u00a0encore plus s&#039;ils sont color\u00e9s.\"","video_content":"","block_picture":null},{"block_title":"C\u00f4t\u00e9 coloration, quels sont les gestes \u00e0 respecter ?","block_content":"\"Avant de partir en vacances, il vaut mieux\u00a0commencer\u00a0\u00e0 faire des soins capillaires cibl\u00e9s. Il faut faire tr\u00e8s attention \u00e0 l'exposition, exactement\u00a0comme on le ferait pour notre peau, en\u00a0privil\u00e9giant\u00a0les huiles capillaires protectrices et anti-UV.\" L&#039;astuce incontournable d&#039;Anouck ? \"Lors de votre rendez-vous coloration, <strong>optez pour une teinte un ton plus fonc\u00e9e que d&#039;habitude<\/strong> : le soleil \u00e9claircira naturellement votre\u00a0couleur ! \"","video_content":"","block_picture":null},{"block_title":"L\u2019\u00e9t\u00e9 : c\u2019est le moment de couper ?","block_content":"Pour \u00e9viter l'effet \"incoiffable\" et garder ses cheveux en bonne sant\u00e9, il vaut mieux\u00a0<strong>prendre rendez-vous chez le coiffeur avant l'\u00e9t\u00e9<\/strong>. \"De cette fa\u00e7on, on peut profiter des vacances en partant sur une base\u00a0saine, avec des pointes\u00a0sans fourches.\" L&#039;id\u00e9al serait de r\u00e9server une coupe avant l'\u00e9t\u00e9, puis une autre \u00e0 la rentr\u00e9e.\u00a0\"Nos coupes les plus populaires ?\u00a0<strong>Il s&#039;agit d&#039;hairstyles tr\u00e8s inspir\u00e9s des ann\u00e9es 80<\/strong>, comme la frange \u00e0 la Flash Dance sur cheveux longs. Pour les cheveux courts, c&#039;est le mullet qui revient en trombe ! On le d\u00e9cline en plein de fa\u00e7ons : graphique, avec frange, avec un d\u00e9but de coupe au bol, \u00e9clat\u00e9, boucl\u00e9...<strong>\u00a0\"<\/strong>. Nostalgie quand tu nous tiens...","video_content":"","block_picture":null},{"block_title":"Un conseil pour pr\u00e9parer les cheveux avant l\u2019\u00e9t\u00e9 ?","block_content":"\"<strong>L&#039;hydratation est le secret<\/strong> !\" poursuit Anouck. \"Mes\u00a0produits pr\u00e9f\u00e9r\u00e9s ? Les produits by Davines, une super marque italienne qui fait gaffe \u00e0 l\u2019empreinte \u00e9cologique et qui ne contient pas d&#039;ingr\u00e9dients chimiques ou nocifs comme le\u00a0silicone. Au salon, nous utilisons aussi\u00a0les produits\u00a0Oi, une gamme compl\u00e8te de shampoings, soins, s\u00e9rums... Pour les cheveux\u00a0sensibilis\u00e9s, nous proposons un\u00a0soin au botox\u00a0qui consiste \u00e0 <strong>lisser la fibre capillaire et \u00e0 r\u00e9parer les longueurs<\/strong>\". Le must?\u00a0Les cheveux sont doux et \u00e9clatants pendant 3 mois.\u00a0","video_content":"","block_picture":null},{"block_title":"\u00c0 la plage, quels sont les bons gestes \u00e0 adopter ?","block_content":"Expos\u00e9s au soleil, les cheveux sont sensibilis\u00e9s. \"Ce qu&#039;il faut \u00e9viter avant tout, ce sont les\u00a0huiles cosm\u00e9tiques pour la peau de type mono\u00ef, qui risquent d&#039;ass\u00e9cher la fibre capillaire expos\u00e9e aux rayons UV\" nous dit Anouck. \"Apr\u00e8s chaque shampoing, laissez toujours poser un masque hydratant pendant quelques minutes. Souvenez-vous :\u00a0<strong>le temps de pause pr\u00e9vaut sur la fr\u00e9quence<\/strong> ! Enfin, apr\u00e8s la\u00a0plage, il est important de <strong>d\u00e9barrasser le cuir chevelu\u00a0du sel<\/strong> en se rin\u00e7ant bien la t\u00eate. On peut aussi porter chapeaux, foulards... Sans non plus s\u2019emp\u00eacher\u00a0de kiffer ses vacances.\" C&#039;est not\u00e9 !","video_content":"","block_picture":null},{"block_title":"Au retour des vacances, que faire ?","block_content":"De retour \u00e0 la r\u00e9alit\u00e9, c&#039;est le moment de rebooster les soins haircare. \"C&#039;est le moment de <strong>reprendre une routine de soin intensive<\/strong> et de s&#039;offrir une petite\u00a0coupe pour remettre en forme tout \u00e7a. Mon conseil num\u00e9ro 1 ? <strong>Ne jamais d\u00e9m\u00ealer ses cheveux sous la douche<\/strong>, c&#039;est l\u00e0 o\u00f9 les longueurs sont plus fragiles et cassantes. D\u00eamelez bien vos cheveux \u00e0 sec \u00e0 l'aide d&#039;une brosse avant votre shampoing et le tour est jou\u00e9\". Merci Anouck, rendez-vous aux Affranchiz !","video_content":"","block_picture":null},{"block_title":"","block_content":"<blockquote>\n<h1>\"<strong>Optez pour une teinte un ton plus fonc\u00e9e que d&#039;habitude<\/strong> : le soleil \u00e9claircira naturellement votre\u00a0couleur ! \"<\/h1>\n<\/blockquote>","video_content":"","block_picture":null},{"block_title":"","block_content":"<blockquote>\n<h1>\"<strong>L&#039;hydratation est le secret<\/strong> !\"<\/h1>\n<\/blockquote>","video_content":"","block_picture":null},{"block_title":"","block_content":"<blockquote>\n<h1>Mon conseil num\u00e9ro 1 ? Ne jamais d\u00e9m\u00ealer ses cheveux sous la douche.<\/h1>\n<\/blockquote>","video_content":"","block_picture":null}]},"yoast_head":"<!-- This site is optimized with the Yoast SEO plugin v27.4 - https:\/\/yoast.com\/product\/yoast-seo-wordpress\/ -->\n<title>Sant\u00e9 des cheveux \u00e9t\u00e9 : soins et conseils experts | Treatwell<\/title>\n<meta name=\"description\" content=\"Cheveux sains en \u00e9t\u00e9 : conseils coiffure, hydratation, routines capillaires et astuces coloration pour des vacances sans fausse note. Pr\u00e9parez et r\u00e9parez vos cheveux.\" \/>\n<meta name=\"robots\" content=\"index, follow, max-snippet:-1, max-image-preview:large, max-video-preview:-1\" \/>\n<link rel=\"canonical\" href=\"https:\/\/www.treatwell.fr/identite\/comment-avoir-une-criniere-canon-durant-tout-lete-un-expert-nous-dit-tout\/\" \/>\n<meta property=\"og:locale\" content=\"fr_FR\" \/>\n<meta property=\"og:type\" content=\"article\" \/>\n<meta property=\"og:title\" content=\"Sant\u00e9 des cheveux \u00e9t\u00e9 : soins et conseils experts | Treatwell\" \/>\n<meta property=\"og:description\" content=\"Cheveux sains en \u00e9t\u00e9 : conseils coiffure, hydratation, routines capillaires et astuces coloration pour des vacances sans fausse note. Pr\u00e9parez et r\u00e9parez vos cheveux.\" \/>\n<meta property=\"og:url\" content=\"https:\/\/www.treatwell.fr/identite\/comment-avoir-une-criniere-canon-durant-tout-lete-un-expert-nous-dit-tout\/\" \/>\n<meta property=\"og:site_name\" content=\"Identit\u00e9\" \/>\n<meta property=\"article:published_time\" content=\"2019-07-01T14:17:10+00:00\" \/>\n<meta property=\"article:modified_time\" content=\"2025-12-15T21:48:34+00:00\" \/>\n<meta property=\"og:image\" content=\"https:\/\/www.treatwell.fr/identite\/wp-content\/uploads\/sites\/6\/2022\/03\/ezgif-4-10b0c1ceeb54.jpg\" \/>\n\t<meta property=\"og:image:width\" content=\"500\" \/>\n\t<meta property=\"og:image:height\" content=\"600\" \/>\n\t<meta property=\"og:image:type\" content=\"image\/jpeg\" \/>\n<meta name=\"author\" content=\"Beth Ryan\" \/>\n<meta name=\"twitter:card\" content=\"summary_large_image\" \/>\n<meta name=\"twitter:label1\" content=\"\u00c9crit par\" \/>\n\t<meta name=\"twitter:data1\" content=\"Beth Ryan\" \/>\n\t<meta name=\"twitter:label2\" content=\"Dur\u00e9e de lecture estim\u00e9e\" \/>\n\t<meta name=\"twitter:data2\" content=\"2 minutes\" \/>\n<script type=\"application\/ld+json\" class=\"yoast-schema-graph\">{\"@context\":\"https:\\\/\\\/schema.org\",\"@graph\":[{\"@type\":\"Article\",\"@id\":\"https:\\\/\\\/www.treatwell.fr/identite\\\/comment-avoir-une-criniere-canon-durant-tout-lete-un-expert-nous-dit-tout\\\/#article\",\"isPartOf\":{\"@id\":\"https:\\\/\\\/www.treatwell.fr/identite\\\/comment-avoir-une-criniere-canon-durant-tout-lete-un-expert-nous-dit-tout\\\/\"},\"author\":{\"name\":\"Beth Ryan\",\"@id\":\"https:\\\/\\\/www.treatwell.fr/identite\\\/#\\\/schema\\\/person\\\/45be8f7781947e6c6d31f4b658271bf6\"},\"headline\":\"Comment avoir une crini\u00e8re canon durant tout l\u2019\u00e9t\u00e9 : un expert nous dit tout\",\"datePublished\":\"2019-07-01T14:17:10+00:00\",\"dateModified\":\"2025-12-15T21:48:34+00:00\",\"mainEntityOfPage\":{\"@id\":\"https:\\\/\\\/www.treatwell.fr/identite\\\/comment-avoir-une-criniere-canon-durant-tout-lete-un-expert-nous-dit-tout\\\/\"},\"wordCount\":479,\"publisher\":{\"@id\":\"https:\\\/\\\/www.treatwell.fr/identite\\\/#organization\"},\"image\":{\"@id\":\"https:\\\/\\\/www.treatwell.fr/identite\\\/comment-avoir-une-criniere-canon-durant-tout-lete-un-expert-nous-dit-tout\\\/#primaryimage\"},\"thumbnailUrl\":\"https:\\\/\\\/www.treatwell.fr/identite\\\/wp-content\\\/uploads\\\/sites\\\/6\\\/2022\\\/03\\\/ezgif-4-10b0c1ceeb54.jpg\",\"keywords\":[\"Hair\",\"Hair Colouring and Highlights\",\"Haircuts and Hairdressing\"],\"articleSection\":[\"Beaut\u00e9\"],\"inLanguage\":\"fr-FR\"},{\"@type\":\"WebPage\",\"@id\":\"https:\\\/\\\/www.treatwell.fr/identite\\\/comment-avoir-une-criniere-canon-durant-tout-lete-un-expert-nous-dit-tout\\\/\",\"url\":\"https:\\\/\\\/www.treatwell.fr/identite\\\/comment-avoir-une-criniere-canon-durant-tout-lete-un-expert-nous-dit-tout\\\/\",\"name\":\"Sant\u00e9 des cheveux \u00e9t\u00e9 : soins et conseils experts | Treatwell\",\"isPartOf\":{\"@id\":\"https:\\\/\\\/www.treatwell.fr/identite\\\/#website\"},\"primaryImageOfPage\":{\"@id\":\"https:\\\/\\\/www.treatwell.fr/identite\\\/comment-avoir-une-criniere-canon-durant-tout-lete-un-expert-nous-dit-tout\\\/#primaryimage\"},\"image\":{\"@id\":\"https:\\\/\\\/www.treatwell.fr/identite\\\/comment-avoir-une-criniere-canon-durant-tout-lete-un-expert-nous-dit-tout\\\/#primaryimage\"},\"thumbnailUrl\":\"https:\\\/\\\/www.treatwell.fr/identite\\\/wp-content\\\/uploads\\\/sites\\\/6\\\/2022\\\/03\\\/ezgif-4-10b0c1ceeb54.jpg\",\"datePublished\":\"2019-07-01T14:17:10+00:00\",\"dateModified\":\"2025-12-15T21:48:34+00:00\",\"description\":\"Cheveux sains en \u00e9t\u00e9 : conseils coiffure, hydratation, routines capillaires et astuces coloration pour des vacances sans fausse note. Pr\u00e9parez et r\u00e9parez vos cheveux.\",\"breadcrumb\":{\"@id\":\"https:\\\/\\\/www.treatwell.fr/identite\\\/comment-avoir-une-criniere-canon-durant-tout-lete-un-expert-nous-dit-tout\\\/#breadcrumb\"},\"inLanguage\":\"fr-FR\",\"potentialAction\":[{\"@type\":\"ReadAction\",\"target\":[\"https:\\\/\\\/www.treatwell.fr/identite\\\/comment-avoir-une-criniere-canon-durant-tout-lete-un-expert-nous-dit-tout\\\/\"]}]},{\"@type\":\"ImageObject\",\"inLanguage\":\"fr-FR\",\"@id\":\"https:\\\/\\\/www.treatwell.fr/identite\\\/comment-avoir-une-criniere-canon-durant-tout-lete-un-expert-nous-dit-tout\\\/#primaryimage\",\"url\":\"https:\\\/\\\/www.treatwell.fr/identite\\\/wp-content\\\/uploads\\\/sites\\\/6\\\/2022\\\/03\\\/ezgif-4-10b0c1ceeb54.jpg\",\"contentUrl\":\"https:\\\/\\\/www.treatwell.fr/identite\\\/wp-content\\\/uploads\\\/sites\\\/6\\\/2022\\\/03\\\/ezgif-4-10b0c1ceeb54.jpg\",\"width\":500,\"height\":600},{\"@type\":\"BreadcrumbList\",\"@id\":\"https:\\\/\\\/www.treatwell.fr/identite\\\/comment-avoir-une-criniere-canon-durant-tout-lete-un-expert-nous-dit-tout\\\/#breadcrumb\",\"itemListElement\":[{\"@type\":\"ListItem\",\"position\":1,\"name\":\"Home\",\"item\":\"https:\\\/\\\/www.treatwell.fr/identite\\\/\"},{\"@type\":\"ListItem\",\"position\":2,\"name\":\"Beaut\u00e9\",\"item\":\"https:\\\/\\\/www.treatwell.fr/identite\\\/beaute\\\/\"},{\"@type\":\"ListItem\",\"position\":3,\"name\":\"Comment avoir une crini\u00e8re canon durant tout l\u2019\u00e9t\u00e9 : un expert nous dit tout\"}]},{\"@type\":\"WebSite\",\"@id\":\"https:\\\/\\\/www.treatwell.fr/identite\\\/#website\",\"url\":\"https:\\\/\\\/www.treatwell.fr/identite\\\/\",\"name\":\"Identit\u00e9\",\"description\":\"Beaut\u00e9, Cheveux, Quotidien\",\"publisher\":{\"@id\":\"https:\\\/\\\/www.treatwell.fr/identite\\\/#organization\"},\"potentialAction\":[{\"@type\":\"SearchAction\",\"target\":{\"@type\":\"EntryPoint\",\"urlTemplate\":\"https:\\\/\\\/www.treatwell.fr/identite\\\/?s={search_term_string}\"},\"query-input\":{\"@type\":\"PropertyValueSpecification\",\"valueRequired\":true,\"valueName\":\"search_term_string\"}}],\"inLanguage\":\"fr-FR\"},{\"@type\":\"Organization\",\"@id\":\"https:\\\/\\\/www.treatwell.fr/identite\\\/#organization\",\"name\":\"Treatwell\",\"url\":\"https:\\\/\\\/www.treatwell.fr/identite\\\/\",\"logo\":{\"@type\":\"ImageObject\",\"inLanguage\":\"fr-FR\",\"@id\":\"https:\\\/\\\/www.treatwell.fr/identite\\\/#\\\/schema\\\/logo\\\/image\\\/\",\"url\":\"https:\\\/\\\/www.treatwell.fr/identite\\\/wp-content\\\/uploads\\\/sites\\\/6\\\/2022\\\/03\\\/logo_treatwell.png\",\"contentUrl\":\"https:\\\/\\\/www.treatwell.fr/identite\\\/wp-content\\\/uploads\\\/sites\\\/6\\\/2022\\\/03\\\/logo_treatwell.png\",\"width\":889,\"height\":164,\"caption\":\"Treatwell\"},\"image\":{\"@id\":\"https:\\\/\\\/www.treatwell.fr/identite\\\/#\\\/schema\\\/logo\\\/image\\\/\"}},{\"@type\":\"Person\",\"@id\":\"https:\\\/\\\/www.treatwell.fr/identite\\\/#\\\/schema\\\/person\\\/45be8f7781947e6c6d31f4b658271bf6\",\"name\":\"Beth Ryan\",\"image\":{\"@type\":\"ImageObject\",\"inLanguage\":\"fr-FR\",\"@id\":\"https:\\\/\\\/secure.gravatar.com\\\/avatar\\\/93502c3b0591e62d75cc697ff3b5b8f47fef521e9dd0d61feb5570ae6d459200?s=96&d=mm&r=g\",\"url\":\"https:\\\/\\\/secure.gravatar.com\\\/avatar\\\/93502c3b0591e62d75cc697ff3b5b8f47fef521e9dd0d61feb5570ae6d459200?s=96&d=mm&r=g\",\"contentUrl\":\"https:\\\/\\\/secure.gravatar.com\\\/avatar\\\/93502c3b0591e62d75cc697ff3b5b8f47fef521e9dd0d61feb5570ae6d459200?s=96&d=mm&r=g\",\"caption\":\"Beth Ryan\"},\"url\":\"https:\\\/\\\/www.treatwell.fr/identite\\\/author\\\/bethanyryan\\\/\"}]}<\/script>\n<!-- \/ Yoast SEO plugin. -->","yoast_head_json":{"title":"Sant\u00e9 des cheveux \u00e9t\u00e9 : soins et conseils experts | Treatwell","description":"Cheveux sains en \u00e9t\u00e9 : conseils coiffure, hydratation, routines capillaires et astuces coloration pour des vacances sans fausse note. Pr\u00e9parez et r\u00e9parez vos cheveux.","robots":{"index":"index","follow":"follow","max-snippet":"max-snippet:-1","max-image-preview":"max-image-preview:large","max-video-preview":"max-video-preview:-1"},"canonical":"https:\/\/www.treatwell.fr/identite\/comment-avoir-une-criniere-canon-durant-tout-lete-un-expert-nous-dit-tout\/","og_locale":"fr_FR","og_type":"article","og_title":"Sant\u00e9 des cheveux \u00e9t\u00e9 : soins et conseils experts | Treatwell","og_description":"Cheveux sains en \u00e9t\u00e9 : conseils coiffure, hydratation, routines capillaires et astuces coloration pour des vacances sans fausse note. Pr\u00e9parez et r\u00e9parez vos cheveux.","og_url":"https:\/\/www.treatwell.fr/identite\/comment-avoir-une-criniere-canon-durant-tout-lete-un-expert-nous-dit-tout\/","og_site_name":"Identit\u00e9","article_published_time":"2019-07-01T14:17:10+00:00","article_modified_time":"2025-12-15T21:48:34+00:00","og_image":[{"width":500,"height":600,"url":"https:\/\/www.treatwell.fr/identite\/wp-content\/uploads\/sites\/6\/2022\/03\/ezgif-4-10b0c1ceeb54.jpg","type":"image\/jpeg"}],"author":"Beth Ryan","twitter_card":"summary_large_image","twitter_misc":{"\u00c9crit par":"Beth Ryan","Dur\u00e9e de lecture estim\u00e9e":"2 minutes"},"schema":{"@context":"https:\/\/schema.org","@graph":[{"@type":"Article","@id":"https:\/\/www.treatwell.fr/identite\/comment-avoir-une-criniere-canon-durant-tout-lete-un-expert-nous-dit-tout\/#article","isPartOf":{"@id":"https:\/\/www.treatwell.fr/identite\/comment-avoir-une-criniere-canon-durant-tout-lete-un-expert-nous-dit-tout\/"},"author":{"name":"Beth Ryan","@id":"https:\/\/www.treatwell.fr/identite\/#\/schema\/person\/45be8f7781947e6c6d31f4b658271bf6"},"headline":"Comment avoir une crini\u00e8re canon durant tout l\u2019\u00e9t\u00e9 : un expert nous dit tout","datePublished":"2019-07-01T14:17:10+00:00","dateModified":"2025-12-15T21:48:34+00:00","mainEntityOfPage":{"@id":"https:\/\/www.treatwell.fr/identite\/comment-avoir-une-criniere-canon-durant-tout-lete-un-expert-nous-dit-tout\/"},"wordCount":479,"publisher":{"@id":"https:\/\/www.treatwell.fr/identite\/#organization"},"image":{"@id":"https:\/\/www.treatwell.fr/identite\/comment-avoir-une-criniere-canon-durant-tout-lete-un-expert-nous-dit-tout\/#primaryimage"},"thumbnailUrl":"https:\/\/www.treatwell.fr/identite\/wp-content\/uploads\/sites\/6\/2022\/03\/ezgif-4-10b0c1ceeb54.jpg","keywords":["Hair","Hair Colouring and Highlights","Haircuts and Hairdressing"],"articleSection":["Beaut\u00e9"],"inLanguage":"fr-FR"},{"@type":"WebPage","@id":"https:\/\/www.treatwell.fr/identite\/comment-avoir-une-criniere-canon-durant-tout-lete-un-expert-nous-dit-tout\/","url":"https:\/\/www.treatwell.fr/identite\/comment-avoir-une-criniere-canon-durant-tout-lete-un-expert-nous-dit-tout\/","name":"Sant\u00e9 des cheveux \u00e9t\u00e9 : soins et conseils experts | Treatwell","isPartOf":{"@id":"https:\/\/www.treatwell.fr/identite\/#website"},"primaryImageOfPage":{"@id":"https:\/\/www.treatwell.fr/identite\/comment-avoir-une-criniere-canon-durant-tout-lete-un-expert-nous-dit-tout\/#primaryimage"},"image":{"@id":"https:\/\/www.treatwell.fr/identite\/comment-avoir-une-criniere-canon-durant-tout-lete-un-expert-nous-dit-tout\/#primaryimage"},"thumbnailUrl":"https:\/\/www.treatwell.fr/identite\/wp-content\/uploads\/sites\/6\/2022\/03\/ezgif-4-10b0c1ceeb54.jpg","datePublished":"2019-07-01T14:17:10+00:00","dateModified":"2025-12-15T21:48:34+00:00","description":"Cheveux sains en \u00e9t\u00e9 : conseils coiffure, hydratation, routines capillaires et astuces coloration pour des vacances sans fausse note. Pr\u00e9parez et r\u00e9parez vos cheveux.","breadcrumb":{"@id":"https:\/\/www.treatwell.fr/identite\/comment-avoir-une-criniere-canon-durant-tout-lete-un-expert-nous-dit-tout\/#breadcrumb"},"inLanguage":"fr-FR","potentialAction":[{"@type":"ReadAction","target":["https:\/\/www.treatwell.fr/identite\/comment-avoir-une-criniere-canon-durant-tout-lete-un-expert-nous-dit-tout\/"]}]},{"@type":"ImageObject","inLanguage":"fr-FR","@id":"https:\/\/www.treatwell.fr/identite\/comment-avoir-une-criniere-canon-durant-tout-lete-un-expert-nous-dit-tout\/#primaryimage","url":"https:\/\/www.treatwell.fr/identite\/wp-content\/uploads\/sites\/6\/2022\/03\/ezgif-4-10b0c1ceeb54.jpg","contentUrl":"https:\/\/www.treatwell.fr/identite\/wp-content\/uploads\/sites\/6\/2022\/03\/ezgif-4-10b0c1ceeb54.jpg","width":500,"height":600},{"@type":"BreadcrumbList","@id":"https:\/\/www.treatwell.fr/identite\/comment-avoir-une-criniere-canon-durant-tout-lete-un-expert-nous-dit-tout\/#breadcrumb","itemListElement":[{"@type":"ListItem","position":1,"name":"Home","item":"https:\/\/www.treatwell.fr/identite\/"},{"@type":"ListItem","position":2,"name":"Beaut\u00e9","item":"https:\/\/www.treatwell.fr/identite\/beaute\/"},{"@type":"ListItem","position":3,"name":"Comment avoir une crini\u00e8re canon durant tout l\u2019\u00e9t\u00e9 : un expert nous dit tout"}]},{"@type":"WebSite","@id":"https:\/\/www.treatwell.fr/identite\/#website","url":"https:\/\/www.treatwell.fr/identite\/","name":"Identit\u00e9","description":"Beaut\u00e9, Cheveux, Quotidien","publisher":{"@id":"https:\/\/www.treatwell.fr/identite\/#organization"},"potentialAction":[{"@type":"SearchAction","target":{"@type":"EntryPoint","urlTemplate":"https:\/\/www.treatwell.fr/identite\/?s={search_term_string}"},"query-input":{"@type":"PropertyValueSpecification","valueRequired":true,"valueName":"search_term_string"}}],"inLanguage":"fr-FR"},{"@type":"Organization","@id":"https:\/\/www.treatwell.fr/identite\/#organization","name":"Treatwell","url":"https:\/\/www.treatwell.fr/identite\/","logo":{"@type":"ImageObject","inLanguage":"fr-FR","@id":"https:\/\/www.treatwell.fr/identite\/#\/schema\/logo\/image\/","url":"https:\/\/www.treatwell.fr/identite\/wp-content\/uploads\/sites\/6\/2022\/03\/logo_treatwell.png","contentUrl":"https:\/\/www.treatwell.fr/identite\/wp-content\/uploads\/sites\/6\/2022\/03\/logo_treatwell.png","width":889,"height":164,"caption":"Treatwell"},"image":{"@id":"https:\/\/www.treatwell.fr/identite\/#\/schema\/logo\/image\/"}},{"@type":"Person","@id":"https:\/\/www.treatwell.fr/identite\/#\/schema\/person\/45be8f7781947e6c6d31f4b658271bf6","name":"Beth Ryan","image":{"@type":"ImageObject","inLanguage":"fr-FR","@id":"https:\/\/secure.gravatar.com\/avatar\/93502c3b0591e62d75cc697ff3b5b8f47fef521e9dd0d61feb5570ae6d459200?s=96&d=mm&r=g","url":"https:\/\/secure.gravatar.com\/avatar\/93502c3b0591e62d75cc697ff3b5b8f47fef521e9dd0d61feb5570ae6d459200?s=96&d=mm&r=g","contentUrl":"https:\/\/secure.gravatar.com\/avatar\/93502c3b0591e62d75cc697ff3b5b8f47fef521e9dd0d61feb5570ae6d459200?s=96&d=mm&r=g","caption":"Beth Ryan"},"url":"https:\/\/www.treatwell.fr/identite\/author\/bethanyryan\/"}]}},"featured_image_src":"https:\/\/www.treatwell.fr/identite\/wp-content\/uploads\/sites\/6\/2022\/03\/ezgif-4-10b0c1ceeb54-500x400.jpg","featured_image_src_square":"https:\/\/www.treatwell.fr/identite\/wp-content\/uploads\/sites\/6\/2022\/03\/ezgif-4-10b0c1ceeb54.jpg","author_info":{"display_name":"Beth Ryan","author_link":"https:\/\/www.treatwell.fr/identite\/author\/bethanyryan\/"},"_links":{"self":[{"href":"https:\/\/www.treatwell.fr\/identite\/wp-json\/wp\/v2\/posts\/40955","targetHints":{"allow":["GET"]}}],"collection":[{"href":"https:\/\/www.treatwell.fr\/identite\/wp-json\/wp\/v2\/posts"}],"about":[{"href":"https:\/\/www.treatwell.fr\/identite\/wp-json\/wp\/v2\/types\/post"}],"author":[{"embeddable":true,"href":"https:\/\/www.treatwell.fr\/identite\/wp-json\/wp\/v2\/users\/3366"}],"replies":[{"embeddable":true,"href":"https:\/\/www.treatwell.fr\/identite\/wp-json\/wp\/v2\/comments?post=40955"}],"version-history":[{"count":0,"href":"https:\/\/www.treatwell.fr\/identite\/wp-json\/wp\/v2\/posts\/40955\/revisions"}],"wp:featuredmedia":[{"embeddable":true,"href":"https:\/\/www.treatwell.fr\/identite\/wp-json\/wp\/v2\/media\/40957"}],"wp:attachment":[{"href":"https:\/\/www.treatwell.fr\/identite\/wp-json\/wp\/v2\/media?parent=40955"}],"wp:term":[{"taxonomy":"category","embeddable":true,"href":"https:\/\/www.treatwell.fr\/identite\/wp-json\/wp\/v2\/categories?post=40955"},{"taxonomy":"post_tag","embeddable":true,"href":"https:\/\/www.treatwell.fr\/identite\/wp-json\/wp\/v2\/tags?post=40955"}],"curies":[{"name":"wp","href":"https:\/\/api.w.org\/{rel}","templated":true}]}}