{"id":41359,"date":"2019-11-01T10:52:58","date_gmt":"2019-11-01T09:52:58","guid":{"rendered":"https:\/\/www.treatwell.fr\/identite\/?p=21871"},"modified":"2025-12-16T10:02:23","modified_gmt":"2025-12-16T09:02:23","slug":"4-coupes-de-cheveux-pour-les-hommes-au-visage-rond","status":"publish","type":"post","link":"https:\/\/www.treatwell.fr/identite\/4-coupes-de-cheveux-pour-les-hommes-au-visage-rond\/","title":{"rendered":"4 coupes de cheveux pour les hommes au visage rond"},"content":{"rendered":"<p class=\"p1\">Ce qui d\u00e9finit une bonne coupe de cheveux ? Les go\u00fbts de chacun, le style et : la morphologie du visage. Pour chaque forme de visage il existe un hairstyle adapt\u00e9. Alors si vous pr\u00e9voyez bient\u00f4t de faire un tour chez le barbier, il vaudrait le coup de venir jeter un coup d\u2019oeil par ici avant.<\/p>\n<div class=\"schema-faq wp-block-yoast-faq-block\">\n<div class=\"schema-faq-section\" id=\"faq-question-1765874473116\">\n<h3 class=\"schema-faq-question\">Quelle coupe de cheveux choisir pour att\u00e9nuer un visage rond ?<\/h3>\n<p class=\"schema-faq-answer\">Tu peux opter pour une frange ou un d\u00e9grad\u00e9 sur les c\u00f4t\u00e9s afin d\u2019att\u00e9nuer la douceur d\u2019un visage rond. Ces styles structurent le visage et mettent en valeur la m\u00e2choire, tout en apportant du volume sur le dessus.<\/div>\n<div class=\"schema-faq-section\" id=\"faq-question-1765874473117\">\n<h3 class=\"schema-faq-question\">En quoi la frange est-elle adapt\u00e9e aux visages ronds ?<\/h3>\n<p class=\"schema-faq-answer\">La frange permet d&#8217;adoucir et de structurer un visage rond, notamment lorsqu\u2019elle est coiff\u00e9e sur le c\u00f4t\u00e9. Tu peux choisir la longueur qui te pla\u00eet avec un petit effet d\u00e9coiff\u00e9 pour sublimer ton look en toute simplicit\u00e9.<\/div>\n<div class=\"schema-faq-section\" id=\"faq-question-1765874473118\">\n<h3 class=\"schema-faq-question\">Comment apporter du volume \u00e0 ta coupe pour sublimer ton visage ?<\/h3>\n<p class=\"schema-faq-answer\">Il suffit de garder plus de longueur sur le dessus et de raccourcir les cheveux sur la nuque et les tempes. Cette technique de volume sur le dessus accentue les traits et affine naturellement l\u2019apparence du visage.<\/div>\n<div class=\"schema-faq-section\" id=\"faq-question-1765874473119\">\n<h3 class=\"schema-faq-question\">Quelle alternative existe si tu pr\u00e9f\u00e8res \u00e9viter des rendez-vous fr\u00e9quents chez le barbier ?<\/h3>\n<p class=\"schema-faq-answer\">Laisse pousser tes cheveux \u00e0 une longueur mi-longue et peigne-les l\u00e9g\u00e8rement en arri\u00e8re pour donner du volume. Ce style t\u2019offre la libert\u00e9 de les attacher quand tu veux, tout en gardant un look sophistiqu\u00e9.<\/div>\n<div class=\"schema-faq-section\" id=\"faq-question-1765874473120\">\n<h3 class=\"schema-faq-question\">Comment structurer naturellement la coiffure de ton visage ?<\/h3>\n<p class=\"schema-faq-answer\">Coiffe tes cheveux en arri\u00e8re pour obtenir plus de volume sur le dessus et affiner tes traits. Avec un effet pompadour et un bouc, tu peux affiner davantage l\u2019apparence de ton visage, tout en misant sur une finition \u00e9l\u00e9gante.<\/div>\n<\/p><\/div>\n","protected":false},"excerpt":{"rendered":"<p>Ce qui d\u00e9finit une bonne coupe de cheveux ? Les go\u00fbts de chacun, le style et : la morphologie du visage. Pour chaque forme de visage il existe un hairstyle adapt\u00e9. Alors si vous pr\u00e9voyez bient\u00f4t de faire un tour chez le barbier, il vaudrait le coup de venir jeter un coup d\u2019oeil par ici [&hellip;]<\/p>\n","protected":false},"author":3366,"featured_media":41365,"comment_status":"closed","ping_status":"closed","sticky":false,"template":"","format":"standard","meta":{"_acf_changed":false,"_yoast_wpseo_title":"Coupe de cheveux homme : conseils par forme de visage | Treatwell","_yoast_wpseo_metadesc":"Coupes id\u00e9ales selon votre visage : frange, d\u00e9grad\u00e9, mi-long ou coiffure en arri\u00e8re. B\u00e9n\u00e9ficiez de conseils adapt\u00e9s et trouvez votre style avant votre visite chez le barbier.","_genesis_hide_title":false,"_genesis_hide_breadcrumbs":false,"_genesis_hide_singular_image":false,"_genesis_hide_footer_widgets":false,"_genesis_custom_body_class":"","_genesis_custom_post_class":"","_genesis_layout":"","saswp_custom_schema_field":"{\"@context\":\"https:\/\/schema.org\",\"@type\":\"FAQPage\",\"mainEntity\":[{\"@type\":\"Question\",\"name\":\"Quelle coupe de cheveux choisir pour att\u00e9nuer un visage rond ?\",\"acceptedAnswer\":{\"@type\":\"Answer\",\"text\":\"Tu peux opter pour une frange ou un d\u00e9grad\u00e9 sur les c\u00f4t\u00e9s afin d\u2019att\u00e9nuer la douceur d\u2019un visage rond. Ces styles structurent le visage et mettent en valeur la m\u00e2choire, tout en apportant du volume sur le dessus.\"}},{\"@type\":\"Question\",\"name\":\"En quoi la frange est-elle adapt\u00e9e aux visages ronds ?\",\"acceptedAnswer\":{\"@type\":\"Answer\",\"text\":\"La frange permet d'adoucir et de structurer un visage rond, notamment lorsqu\u2019elle est coiff\u00e9e sur le c\u00f4t\u00e9. Tu peux choisir la longueur qui te pla\u00eet avec un petit effet d\u00e9coiff\u00e9 pour sublimer ton look en toute simplicit\u00e9.\"}},{\"@type\":\"Question\",\"name\":\"Comment apporter du volume \u00e0 ta coupe pour sublimer ton visage ?\",\"acceptedAnswer\":{\"@type\":\"Answer\",\"text\":\"Il suffit de garder plus de longueur sur le dessus et de raccourcir les cheveux sur la nuque et les tempes. Cette technique de volume sur le dessus accentue les traits et affine naturellement l\u2019apparence du visage.\"}},{\"@type\":\"Question\",\"name\":\"Quelle alternative existe si tu pr\u00e9f\u00e8res \u00e9viter des rendez-vous fr\u00e9quents chez le barbier ?\",\"acceptedAnswer\":{\"@type\":\"Answer\",\"text\":\"Laisse pousser tes cheveux \u00e0 une longueur mi-longue et peigne-les l\u00e9g\u00e8rement en arri\u00e8re pour donner du volume. Ce style t\u2019offre la libert\u00e9 de les attacher quand tu veux, tout en gardant un look sophistiqu\u00e9.\"}},{\"@type\":\"Question\",\"name\":\"Comment structurer naturellement la coiffure de ton visage ?\",\"acceptedAnswer\":{\"@type\":\"Answer\",\"text\":\"Coiffe tes cheveux en arri\u00e8re pour obtenir plus de volume sur le dessus et affiner tes traits. Avec un effet pompadour et un bouc, tu peux affiner davantage l\u2019apparence de ton visage, tout en misant sur une finition \u00e9l\u00e9gante.\"}}]}","footnotes":""},"categories":[4,165],"tags":[97,87,99,33,45],"class_list":{"0":"post-41359","1":"post","2":"type-post","3":"status-publish","4":"format-standard","5":"has-post-thumbnail","7":"category-beaute","8":"category-homme","9":"tag-tr235","10":"tag-tr537","11":"tag-tr731","12":"tag-tr716","13":"tag-tr164","14":"entry"},"acf":{"post_credits":"Images : Shutterstock, Instagram : @zac.efron_.my_.life, @gerardbutler, @kitharingtonig, @leonardo_dicaprio","beauty_blog_post_button_title":"","beauty_blog_post_button":"","landscape_picture":41364,"blocks":[{"block_title":"La frange","block_content":"<p>C&rsquo;est une coupe de cheveux tr&egrave;s recommand&eacute;e pour les visages ronds car elle permet d&#039;att&eacute;nuer la douceur du visage en&nbsp;fonction de la fa&ccedil;on dont elle est port&eacute;e. Coiff&eacute;e sur le c&ocirc;t&eacute;, elle va structurer le visage et le mettre en valeur. La longueur ? Celle qui vous pla&icirc;t le plus, avec un petit air d&eacute;coiff&eacute;, sil-vous pla&icirc;t.<\/p>\n","video_content":"","block_picture":41360},{"block_title":"Le d\u00e9grad\u00e9 sur les c\u00f4t\u00e9s","block_content":"<p>Une des astuces pour att&eacute;nuer l&rsquo;effet rond d&rsquo;un visage est de jouer sur les longueurs des c&ocirc;t&eacute;s. En raccourcissant les cheveux au niveau de la nuque et des tempes, et en gardant plus de longueur sur le dessus, le volume mettra en valeur votre m&acirc;choire et fera para&icirc;tre votre visage plus carr&eacute;.<\/p>\n","video_content":"","block_picture":41361},{"block_title":"Le mi-long","block_content":"<p>Si vous n&rsquo;&ecirc;tes pas tr&egrave;s fan des rendez-vous chez le barbier, celle-ci est pour vous. Laissez pousser vos cheveux &agrave; mi-longueur et peignez-les l&eacute;g&egrave;rement en arri&egrave;re pour leur donner du volume sur le dessus. Bonus : vous pourrez les attacher quand bon vous semble.<\/p>\n","video_content":"","block_picture":41362},{"block_title":"En arri\u00e8re","block_content":"<p>C&rsquo;est en apportant plus de volume sur le dessus que le hairstyle va structurer le visage et en appuyer les traits. C&rsquo;est pourquoi une coiffure en arri&egrave;re, style pompadour, est une excellente id&eacute;e. Un peigne, un peu de cire coiffante et le tour est jou&eacute;. Accompagn&eacute; d&rsquo;un bouc, le visage semblera davantage affin&eacute;.<\/p>\n\n<p>Avec <a href=\"https:\/\/www.treatwell.fr\/\">Treatwell<\/a>, vous pouvez r&eacute;server vos soins beaut&eacute; en ligne et dans vos &eacute;tablissements pr&eacute;f&eacute;r&eacute;s - simple, rapide et tout &ccedil;a en un rien de temps.<a href=\"https:\/\/www.treatwell.fr\/salons\/soin-coupe-homme\/offre-type-local\/dans-ile-de-france\/\"> D&eacute;couvrez des adresses canon pr&egrave;s de chez vous.<\/a><\/p>\n","video_content":"","block_picture":41363}]},"yoast_head":"<!-- This site is optimized with the Yoast SEO plugin v27.5 - https:\/\/yoast.com\/product\/yoast-seo-wordpress\/ -->\n<title>Coupe de cheveux homme : conseils par forme de visage | Treatwell<\/title>\n<meta name=\"description\" content=\"Coupes id\u00e9ales selon votre visage : frange, d\u00e9grad\u00e9, mi-long ou coiffure en arri\u00e8re. B\u00e9n\u00e9ficiez de conseils adapt\u00e9s et trouvez votre style avant votre visite chez le barbier.\" \/>\n<meta name=\"robots\" content=\"index, follow, max-snippet:-1, max-image-preview:large, max-video-preview:-1\" \/>\n<link rel=\"canonical\" href=\"https:\/\/www.treatwell.fr/identite\/4-coupes-de-cheveux-pour-les-hommes-au-visage-rond\/\" \/>\n<meta property=\"og:locale\" content=\"fr_FR\" \/>\n<meta property=\"og:type\" content=\"article\" \/>\n<meta property=\"og:title\" content=\"Coupe de cheveux homme : conseils par forme de visage | Treatwell\" \/>\n<meta property=\"og:description\" content=\"Coupes id\u00e9ales selon votre visage : frange, d\u00e9grad\u00e9, mi-long ou coiffure en arri\u00e8re. B\u00e9n\u00e9ficiez de conseils adapt\u00e9s et trouvez votre style avant votre visite chez le barbier.\" \/>\n<meta property=\"og:url\" content=\"https:\/\/www.treatwell.fr/identite\/4-coupes-de-cheveux-pour-les-hommes-au-visage-rond\/\" \/>\n<meta property=\"og:site_name\" content=\"Identit\u00e9\" \/>\n<meta property=\"article:published_time\" content=\"2019-11-01T09:52:58+00:00\" \/>\n<meta property=\"article:modified_time\" content=\"2025-12-16T09:02:23+00:00\" \/>\n<meta property=\"og:image\" content=\"https:\/\/www.treatwell.fr/identite\/wp-content\/uploads\/sites\/6\/2022\/03\/Hombres-cara-redonda-Treat.png\" \/>\n\t<meta property=\"og:image:width\" content=\"500\" \/>\n\t<meta property=\"og:image:height\" content=\"628\" \/>\n\t<meta property=\"og:image:type\" content=\"image\/png\" \/>\n<meta name=\"author\" content=\"Beth Ryan\" \/>\n<meta name=\"twitter:card\" content=\"summary_large_image\" \/>\n<meta name=\"twitter:label1\" content=\"\u00c9crit par\" \/>\n\t<meta name=\"twitter:data1\" content=\"Beth Ryan\" \/>\n\t<meta name=\"twitter:label2\" content=\"Dur\u00e9e de lecture estim\u00e9e\" \/>\n\t<meta name=\"twitter:data2\" content=\"2 minutes\" \/>\n<script type=\"application\/ld+json\" class=\"yoast-schema-graph\">{\"@context\":\"https:\\\/\\\/schema.org\",\"@graph\":[{\"@type\":\"Article\",\"@id\":\"https:\\\/\\\/www.treatwell.fr/identite\\\/4-coupes-de-cheveux-pour-les-hommes-au-visage-rond\\\/#article\",\"isPartOf\":{\"@id\":\"https:\\\/\\\/www.treatwell.fr/identite\\\/4-coupes-de-cheveux-pour-les-hommes-au-visage-rond\\\/\"},\"author\":{\"name\":\"Beth Ryan\",\"@id\":\"https:\\\/\\\/www.treatwell.fr/identite\\\/#\\\/schema\\\/person\\\/45be8f7781947e6c6d31f4b658271bf6\"},\"headline\":\"4 coupes de cheveux pour les hommes au visage rond\",\"datePublished\":\"2019-11-01T09:52:58+00:00\",\"dateModified\":\"2025-12-16T09:02:23+00:00\",\"mainEntityOfPage\":{\"@id\":\"https:\\\/\\\/www.treatwell.fr/identite\\\/4-coupes-de-cheveux-pour-les-hommes-au-visage-rond\\\/\"},\"wordCount\":328,\"publisher\":{\"@id\":\"https:\\\/\\\/www.treatwell.fr/identite\\\/#organization\"},\"image\":{\"@id\":\"https:\\\/\\\/www.treatwell.fr/identite\\\/4-coupes-de-cheveux-pour-les-hommes-au-visage-rond\\\/#primaryimage\"},\"thumbnailUrl\":\"https:\\\/\\\/www.treatwell.fr/identite\\\/wp-content\\\/uploads\\\/sites\\\/6\\\/2022\\\/03\\\/Hombres-cara-redonda-Treat.png\",\"keywords\":[\"Breast Reduction - Male\",\"Facials - Men's\",\"Men's Hair Colouring and Greys Coverage\",\"Men's Haircuts and Hairdressing\",\"Men's Shaving\"],\"articleSection\":[\"Beaut\u00e9\",\"Homme\"],\"inLanguage\":\"fr-FR\"},{\"@type\":\"WebPage\",\"@id\":\"https:\\\/\\\/www.treatwell.fr/identite\\\/4-coupes-de-cheveux-pour-les-hommes-au-visage-rond\\\/\",\"url\":\"https:\\\/\\\/www.treatwell.fr/identite\\\/4-coupes-de-cheveux-pour-les-hommes-au-visage-rond\\\/\",\"name\":\"Coupe de cheveux homme : conseils par forme de visage | Treatwell\",\"isPartOf\":{\"@id\":\"https:\\\/\\\/www.treatwell.fr/identite\\\/#website\"},\"primaryImageOfPage\":{\"@id\":\"https:\\\/\\\/www.treatwell.fr/identite\\\/4-coupes-de-cheveux-pour-les-hommes-au-visage-rond\\\/#primaryimage\"},\"image\":{\"@id\":\"https:\\\/\\\/www.treatwell.fr/identite\\\/4-coupes-de-cheveux-pour-les-hommes-au-visage-rond\\\/#primaryimage\"},\"thumbnailUrl\":\"https:\\\/\\\/www.treatwell.fr/identite\\\/wp-content\\\/uploads\\\/sites\\\/6\\\/2022\\\/03\\\/Hombres-cara-redonda-Treat.png\",\"datePublished\":\"2019-11-01T09:52:58+00:00\",\"dateModified\":\"2025-12-16T09:02:23+00:00\",\"description\":\"Coupes id\u00e9ales selon votre visage : frange, d\u00e9grad\u00e9, mi-long ou coiffure en arri\u00e8re. B\u00e9n\u00e9ficiez de conseils adapt\u00e9s et trouvez votre style avant votre visite chez le barbier.\",\"breadcrumb\":{\"@id\":\"https:\\\/\\\/www.treatwell.fr/identite\\\/4-coupes-de-cheveux-pour-les-hommes-au-visage-rond\\\/#breadcrumb\"},\"inLanguage\":\"fr-FR\",\"potentialAction\":[{\"@type\":\"ReadAction\",\"target\":[\"https:\\\/\\\/www.treatwell.fr/identite\\\/4-coupes-de-cheveux-pour-les-hommes-au-visage-rond\\\/\"]}]},{\"@type\":\"ImageObject\",\"inLanguage\":\"fr-FR\",\"@id\":\"https:\\\/\\\/www.treatwell.fr/identite\\\/4-coupes-de-cheveux-pour-les-hommes-au-visage-rond\\\/#primaryimage\",\"url\":\"https:\\\/\\\/www.treatwell.fr/identite\\\/wp-content\\\/uploads\\\/sites\\\/6\\\/2022\\\/03\\\/Hombres-cara-redonda-Treat.png\",\"contentUrl\":\"https:\\\/\\\/www.treatwell.fr/identite\\\/wp-content\\\/uploads\\\/sites\\\/6\\\/2022\\\/03\\\/Hombres-cara-redonda-Treat.png\",\"width\":500,\"height\":628},{\"@type\":\"BreadcrumbList\",\"@id\":\"https:\\\/\\\/www.treatwell.fr/identite\\\/4-coupes-de-cheveux-pour-les-hommes-au-visage-rond\\\/#breadcrumb\",\"itemListElement\":[{\"@type\":\"ListItem\",\"position\":1,\"name\":\"Home\",\"item\":\"https:\\\/\\\/www.treatwell.fr/identite\\\/\"},{\"@type\":\"ListItem\",\"position\":2,\"name\":\"Beaut\u00e9\",\"item\":\"https:\\\/\\\/www.treatwell.fr/identite\\\/beaute\\\/\"},{\"@type\":\"ListItem\",\"position\":3,\"name\":\"4 coupes de cheveux pour les hommes au visage rond\"}]},{\"@type\":\"WebSite\",\"@id\":\"https:\\\/\\\/www.treatwell.fr/identite\\\/#website\",\"url\":\"https:\\\/\\\/www.treatwell.fr/identite\\\/\",\"name\":\"Identit\u00e9\",\"description\":\"Beaut\u00e9, Cheveux, Quotidien\",\"publisher\":{\"@id\":\"https:\\\/\\\/www.treatwell.fr/identite\\\/#organization\"},\"potentialAction\":[{\"@type\":\"SearchAction\",\"target\":{\"@type\":\"EntryPoint\",\"urlTemplate\":\"https:\\\/\\\/www.treatwell.fr/identite\\\/?s={search_term_string}\"},\"query-input\":{\"@type\":\"PropertyValueSpecification\",\"valueRequired\":true,\"valueName\":\"search_term_string\"}}],\"inLanguage\":\"fr-FR\"},{\"@type\":\"Organization\",\"@id\":\"https:\\\/\\\/www.treatwell.fr/identite\\\/#organization\",\"name\":\"Treatwell\",\"url\":\"https:\\\/\\\/www.treatwell.fr/identite\\\/\",\"logo\":{\"@type\":\"ImageObject\",\"inLanguage\":\"fr-FR\",\"@id\":\"https:\\\/\\\/www.treatwell.fr/identite\\\/#\\\/schema\\\/logo\\\/image\\\/\",\"url\":\"https:\\\/\\\/www.treatwell.fr/identite\\\/wp-content\\\/uploads\\\/sites\\\/6\\\/2022\\\/03\\\/logo_treatwell.png\",\"contentUrl\":\"https:\\\/\\\/www.treatwell.fr/identite\\\/wp-content\\\/uploads\\\/sites\\\/6\\\/2022\\\/03\\\/logo_treatwell.png\",\"width\":889,\"height\":164,\"caption\":\"Treatwell\"},\"image\":{\"@id\":\"https:\\\/\\\/www.treatwell.fr/identite\\\/#\\\/schema\\\/logo\\\/image\\\/\"}},{\"@type\":\"Person\",\"@id\":\"https:\\\/\\\/www.treatwell.fr/identite\\\/#\\\/schema\\\/person\\\/45be8f7781947e6c6d31f4b658271bf6\",\"name\":\"Beth Ryan\",\"image\":{\"@type\":\"ImageObject\",\"inLanguage\":\"fr-FR\",\"@id\":\"https:\\\/\\\/secure.gravatar.com\\\/avatar\\\/93502c3b0591e62d75cc697ff3b5b8f47fef521e9dd0d61feb5570ae6d459200?s=96&d=mm&r=g\",\"url\":\"https:\\\/\\\/secure.gravatar.com\\\/avatar\\\/93502c3b0591e62d75cc697ff3b5b8f47fef521e9dd0d61feb5570ae6d459200?s=96&d=mm&r=g\",\"contentUrl\":\"https:\\\/\\\/secure.gravatar.com\\\/avatar\\\/93502c3b0591e62d75cc697ff3b5b8f47fef521e9dd0d61feb5570ae6d459200?s=96&d=mm&r=g\",\"caption\":\"Beth Ryan\"},\"url\":\"https:\\\/\\\/www.treatwell.fr/identite\\\/author\\\/bethanyryan\\\/\"}]}<\/script>\n<!-- \/ Yoast SEO plugin. -->","yoast_head_json":{"title":"Coupe de cheveux homme : conseils par forme de visage | Treatwell","description":"Coupes id\u00e9ales selon votre visage : frange, d\u00e9grad\u00e9, mi-long ou coiffure en arri\u00e8re. B\u00e9n\u00e9ficiez de conseils adapt\u00e9s et trouvez votre style avant votre visite chez le barbier.","robots":{"index":"index","follow":"follow","max-snippet":"max-snippet:-1","max-image-preview":"max-image-preview:large","max-video-preview":"max-video-preview:-1"},"canonical":"https:\/\/www.treatwell.fr/identite\/4-coupes-de-cheveux-pour-les-hommes-au-visage-rond\/","og_locale":"fr_FR","og_type":"article","og_title":"Coupe de cheveux homme : conseils par forme de visage | Treatwell","og_description":"Coupes id\u00e9ales selon votre visage : frange, d\u00e9grad\u00e9, mi-long ou coiffure en arri\u00e8re. B\u00e9n\u00e9ficiez de conseils adapt\u00e9s et trouvez votre style avant votre visite chez le barbier.","og_url":"https:\/\/www.treatwell.fr/identite\/4-coupes-de-cheveux-pour-les-hommes-au-visage-rond\/","og_site_name":"Identit\u00e9","article_published_time":"2019-11-01T09:52:58+00:00","article_modified_time":"2025-12-16T09:02:23+00:00","og_image":[{"width":500,"height":628,"url":"https:\/\/www.treatwell.fr/identite\/wp-content\/uploads\/sites\/6\/2022\/03\/Hombres-cara-redonda-Treat.png","type":"image\/png"}],"author":"Beth Ryan","twitter_card":"summary_large_image","twitter_misc":{"\u00c9crit par":"Beth Ryan","Dur\u00e9e de lecture estim\u00e9e":"2 minutes"},"schema":{"@context":"https:\/\/schema.org","@graph":[{"@type":"Article","@id":"https:\/\/www.treatwell.fr/identite\/4-coupes-de-cheveux-pour-les-hommes-au-visage-rond\/#article","isPartOf":{"@id":"https:\/\/www.treatwell.fr/identite\/4-coupes-de-cheveux-pour-les-hommes-au-visage-rond\/"},"author":{"name":"Beth Ryan","@id":"https:\/\/www.treatwell.fr/identite\/#\/schema\/person\/45be8f7781947e6c6d31f4b658271bf6"},"headline":"4 coupes de cheveux pour les hommes au visage rond","datePublished":"2019-11-01T09:52:58+00:00","dateModified":"2025-12-16T09:02:23+00:00","mainEntityOfPage":{"@id":"https:\/\/www.treatwell.fr/identite\/4-coupes-de-cheveux-pour-les-hommes-au-visage-rond\/"},"wordCount":328,"publisher":{"@id":"https:\/\/www.treatwell.fr/identite\/#organization"},"image":{"@id":"https:\/\/www.treatwell.fr/identite\/4-coupes-de-cheveux-pour-les-hommes-au-visage-rond\/#primaryimage"},"thumbnailUrl":"https:\/\/www.treatwell.fr/identite\/wp-content\/uploads\/sites\/6\/2022\/03\/Hombres-cara-redonda-Treat.png","keywords":["Breast Reduction - Male","Facials - Men's","Men's Hair Colouring and Greys Coverage","Men's Haircuts and Hairdressing","Men's Shaving"],"articleSection":["Beaut\u00e9","Homme"],"inLanguage":"fr-FR"},{"@type":"WebPage","@id":"https:\/\/www.treatwell.fr/identite\/4-coupes-de-cheveux-pour-les-hommes-au-visage-rond\/","url":"https:\/\/www.treatwell.fr/identite\/4-coupes-de-cheveux-pour-les-hommes-au-visage-rond\/","name":"Coupe de cheveux homme : conseils par forme de visage | Treatwell","isPartOf":{"@id":"https:\/\/www.treatwell.fr/identite\/#website"},"primaryImageOfPage":{"@id":"https:\/\/www.treatwell.fr/identite\/4-coupes-de-cheveux-pour-les-hommes-au-visage-rond\/#primaryimage"},"image":{"@id":"https:\/\/www.treatwell.fr/identite\/4-coupes-de-cheveux-pour-les-hommes-au-visage-rond\/#primaryimage"},"thumbnailUrl":"https:\/\/www.treatwell.fr/identite\/wp-content\/uploads\/sites\/6\/2022\/03\/Hombres-cara-redonda-Treat.png","datePublished":"2019-11-01T09:52:58+00:00","dateModified":"2025-12-16T09:02:23+00:00","description":"Coupes id\u00e9ales selon votre visage : frange, d\u00e9grad\u00e9, mi-long ou coiffure en arri\u00e8re. B\u00e9n\u00e9ficiez de conseils adapt\u00e9s et trouvez votre style avant votre visite chez le barbier.","breadcrumb":{"@id":"https:\/\/www.treatwell.fr/identite\/4-coupes-de-cheveux-pour-les-hommes-au-visage-rond\/#breadcrumb"},"inLanguage":"fr-FR","potentialAction":[{"@type":"ReadAction","target":["https:\/\/www.treatwell.fr/identite\/4-coupes-de-cheveux-pour-les-hommes-au-visage-rond\/"]}]},{"@type":"ImageObject","inLanguage":"fr-FR","@id":"https:\/\/www.treatwell.fr/identite\/4-coupes-de-cheveux-pour-les-hommes-au-visage-rond\/#primaryimage","url":"https:\/\/www.treatwell.fr/identite\/wp-content\/uploads\/sites\/6\/2022\/03\/Hombres-cara-redonda-Treat.png","contentUrl":"https:\/\/www.treatwell.fr/identite\/wp-content\/uploads\/sites\/6\/2022\/03\/Hombres-cara-redonda-Treat.png","width":500,"height":628},{"@type":"BreadcrumbList","@id":"https:\/\/www.treatwell.fr/identite\/4-coupes-de-cheveux-pour-les-hommes-au-visage-rond\/#breadcrumb","itemListElement":[{"@type":"ListItem","position":1,"name":"Home","item":"https:\/\/www.treatwell.fr/identite\/"},{"@type":"ListItem","position":2,"name":"Beaut\u00e9","item":"https:\/\/www.treatwell.fr/identite\/beaute\/"},{"@type":"ListItem","position":3,"name":"4 coupes de cheveux pour les hommes au visage rond"}]},{"@type":"WebSite","@id":"https:\/\/www.treatwell.fr/identite\/#website","url":"https:\/\/www.treatwell.fr/identite\/","name":"Identit\u00e9","description":"Beaut\u00e9, Cheveux, Quotidien","publisher":{"@id":"https:\/\/www.treatwell.fr/identite\/#organization"},"potentialAction":[{"@type":"SearchAction","target":{"@type":"EntryPoint","urlTemplate":"https:\/\/www.treatwell.fr/identite\/?s={search_term_string}"},"query-input":{"@type":"PropertyValueSpecification","valueRequired":true,"valueName":"search_term_string"}}],"inLanguage":"fr-FR"},{"@type":"Organization","@id":"https:\/\/www.treatwell.fr/identite\/#organization","name":"Treatwell","url":"https:\/\/www.treatwell.fr/identite\/","logo":{"@type":"ImageObject","inLanguage":"fr-FR","@id":"https:\/\/www.treatwell.fr/identite\/#\/schema\/logo\/image\/","url":"https:\/\/www.treatwell.fr/identite\/wp-content\/uploads\/sites\/6\/2022\/03\/logo_treatwell.png","contentUrl":"https:\/\/www.treatwell.fr/identite\/wp-content\/uploads\/sites\/6\/2022\/03\/logo_treatwell.png","width":889,"height":164,"caption":"Treatwell"},"image":{"@id":"https:\/\/www.treatwell.fr/identite\/#\/schema\/logo\/image\/"}},{"@type":"Person","@id":"https:\/\/www.treatwell.fr/identite\/#\/schema\/person\/45be8f7781947e6c6d31f4b658271bf6","name":"Beth Ryan","image":{"@type":"ImageObject","inLanguage":"fr-FR","@id":"https:\/\/secure.gravatar.com\/avatar\/93502c3b0591e62d75cc697ff3b5b8f47fef521e9dd0d61feb5570ae6d459200?s=96&d=mm&r=g","url":"https:\/\/secure.gravatar.com\/avatar\/93502c3b0591e62d75cc697ff3b5b8f47fef521e9dd0d61feb5570ae6d459200?s=96&d=mm&r=g","contentUrl":"https:\/\/secure.gravatar.com\/avatar\/93502c3b0591e62d75cc697ff3b5b8f47fef521e9dd0d61feb5570ae6d459200?s=96&d=mm&r=g","caption":"Beth Ryan"},"url":"https:\/\/www.treatwell.fr/identite\/author\/bethanyryan\/"}]}},"featured_image_src":"https:\/\/www.treatwell.fr/identite\/wp-content\/uploads\/sites\/6\/2022\/03\/Hombres-cara-redonda-Treat-500x400.png","featured_image_src_square":"https:\/\/www.treatwell.fr/identite\/wp-content\/uploads\/sites\/6\/2022\/03\/Hombres-cara-redonda-Treat-500x600.png","author_info":{"display_name":"Beth Ryan","author_link":"https:\/\/www.treatwell.fr/identite\/author\/bethanyryan\/"},"_links":{"self":[{"href":"https:\/\/www.treatwell.fr\/identite\/wp-json\/wp\/v2\/posts\/41359","targetHints":{"allow":["GET"]}}],"collection":[{"href":"https:\/\/www.treatwell.fr\/identite\/wp-json\/wp\/v2\/posts"}],"about":[{"href":"https:\/\/www.treatwell.fr\/identite\/wp-json\/wp\/v2\/types\/post"}],"author":[{"embeddable":true,"href":"https:\/\/www.treatwell.fr\/identite\/wp-json\/wp\/v2\/users\/3366"}],"replies":[{"embeddable":true,"href":"https:\/\/www.treatwell.fr\/identite\/wp-json\/wp\/v2\/comments?post=41359"}],"version-history":[{"count":0,"href":"https:\/\/www.treatwell.fr\/identite\/wp-json\/wp\/v2\/posts\/41359\/revisions"}],"wp:featuredmedia":[{"embeddable":true,"href":"https:\/\/www.treatwell.fr\/identite\/wp-json\/wp\/v2\/media\/41365"}],"wp:attachment":[{"href":"https:\/\/www.treatwell.fr\/identite\/wp-json\/wp\/v2\/media?parent=41359"}],"wp:term":[{"taxonomy":"category","embeddable":true,"href":"https:\/\/www.treatwell.fr\/identite\/wp-json\/wp\/v2\/categories?post=41359"},{"taxonomy":"post_tag","embeddable":true,"href":"https:\/\/www.treatwell.fr\/identite\/wp-json\/wp\/v2\/tags?post=41359"}],"curies":[{"name":"wp","href":"https:\/\/api.w.org\/{rel}","templated":true}]}}