{"id":41962,"date":"2020-03-02T12:59:52","date_gmt":"2020-03-02T11:59:52","guid":{"rendered":"https:\/\/www.treatwell.fr\/identite\/?p=23444"},"modified":"2025-12-16T10:01:53","modified_gmt":"2025-12-16T09:01:53","slug":"la-couleur-uniforme-est-out-voici-les-5-colorations-les-plus-stylees-du-moment","status":"publish","type":"post","link":"https:\/\/www.treatwell.fr/identite\/la-couleur-uniforme-est-out-voici-les-5-colorations-les-plus-stylees-du-moment\/","title":{"rendered":"La couleur uniforme est out &#8211; voici les 5 colorations les plus style\u00e9s du moment"},"content":{"rendered":"<p class=\"p1\"><strong>Flash news : la colo homog\u00e8ne a disparu &#8211; voici les 5 looks suspect\u00e9s.<\/strong><\/p>\n<p class=\"p1\">P\u00eache,<a href=\"https:\/\/www.treatwell.fr\/identite\/la-couleur-pantone-de-lannee-2020-commence-deja-a-se-porter-sur-nos-cheveux\/\"> bleu<\/a>, rose &#8211; c\u00f4t\u00e9 coloration, nous avons plus ou moins fait le tour de tout le spectre de l\u2019arc-en-ciel. C&#8217;est au tour du <em>pop hair<\/em>\u00a0de prendre les devants de la sc\u00e8ne. Attention les yeux : voici les 5 colos de cheveux les plus styl\u00e9es d\u2019Instagram.<\/p>\n<div class=\"schema-faq wp-block-yoast-faq-block\">\n<div class=\"schema-faq-section\" id=\"faq-question-1765874939453\">\n<h3 class=\"schema-faq-question\">Quels sont les 5 looks de coloration les plus styl\u00e9s du moment ?<\/h3>\n<p class=\"schema-faq-answer\">Tu peux retrouver 50 shades, la version cach\u00e9e, la frange d\u00e9color\u00e9e, le balayage invers\u00e9 et le n\u00e9on hair parmi les looks les plus en vue. Chacun apporte son style unique et permet de jouer avec la couleur selon tes envies du moment.<\/div>\n<div class=\"schema-faq-section\" id=\"faq-question-1765874939454\">\n<h3 class=\"schema-faq-question\">Comment cr\u00e9er de la dimension avec ta couleur de cheveux ?<\/h3>\n<p class=\"schema-faq-answer\">Pour donner plus de dimension \u00e0 ta chevelure, d\u00e9cline ta couleur pr\u00e9f\u00e9r\u00e9e en diff\u00e9rentes teintes plus claires et plus sombres. Ce m\u00e9lange de nuances offre de la texture et un rendu tr\u00e8s moderne tout en restant fun \u00e0 porter au quotidien.<\/div>\n<div class=\"schema-faq-section\" id=\"faq-question-1765874939455\">\n<h3 class=\"schema-faq-question\">En quoi consiste la version cach\u00e9e de coloration ?<\/h3>\n<p class=\"schema-faq-answer\">La version cach\u00e9e consiste \u00e0 colorer une ou plusieurs m\u00e8ches sous la couche sup\u00e9rieure de tes cheveux. Tu peux laisser appara\u00eetre la couleur en rabattant simplement tes cheveux derri\u00e8re les oreilles ou en variant les coiffures pour d\u00e9voiler le contraste subtil.<\/div>\n<div class=\"schema-faq-section\" id=\"faq-question-1765874939456\">\n<h3 class=\"schema-faq-question\">Quelles pr\u00e9cautions prendre avant d\u2019adopter le n\u00e9on hair ?<\/h3>\n<p class=\"schema-faq-answer\">Le n\u00e9on hair demande souvent plusieurs \u00e9tapes de d\u00e9coloration pour sublimer la couleur et lui permettre son effet flashy. Il faut avoir les cheveux tr\u00e8s clairs au d\u00e9part et pr\u00e9voir un entretien adapt\u00e9 pour pr\u00e9server l\u2019intensit\u00e9 du r\u00e9sultat.<\/div>\n<div class=\"schema-faq-section\" id=\"faq-question-1765874939457\">\n<h3 class=\"schema-faq-question\">Qu\u2019est-ce que le balayage invers\u00e9 et pour qui est-il adapt\u00e9 ?<\/h3>\n<p class=\"schema-faq-answer\">Le balayage invers\u00e9 met en lumi\u00e8re les racines en les colorant tout en laissant les pointes naturelles. C\u2019est l\u2019option id\u00e9ale si tu veux jouer avec l\u2019audace d\u2019un contraste visible, inspir\u00e9 des looks rep\u00e9r\u00e9s pendant la Paris Fashion Week.<\/div>\n<\/p><\/div>\n","protected":false},"excerpt":{"rendered":"<p>Flash news : la colo homog\u00e8ne a disparu &#8211; voici les 5 looks suspect\u00e9s. P\u00eache, bleu, rose &#8211; c\u00f4t\u00e9 coloration, nous avons plus ou moins fait le tour de tout le spectre de l\u2019arc-en-ciel. C&#8217;est au tour du pop hair\u00a0de prendre les devants de la sc\u00e8ne. Attention les yeux : voici les 5 colos de [&hellip;]<\/p>\n","protected":false},"author":3366,"featured_media":41969,"comment_status":"closed","ping_status":"closed","sticky":false,"template":"","format":"standard","meta":{"_acf_changed":false,"_yoast_wpseo_title":"Coloration cheveux : 5 tendances styl\u00e9es \u00e0 adopter | Treatwell","_yoast_wpseo_metadesc":"Pop hair, balayage invers\u00e9, n\u00e9on hair... D\u00e9couvre 5 colorations cheveux ultra tendance rep\u00e9r\u00e9es sur Instagram. Conseils, id\u00e9es et astuces pour un look unique !","_genesis_hide_title":false,"_genesis_hide_breadcrumbs":false,"_genesis_hide_singular_image":false,"_genesis_hide_footer_widgets":false,"_genesis_custom_body_class":"","_genesis_custom_post_class":"","_genesis_layout":"","saswp_custom_schema_field":"{\"@context\":\"https:\/\/schema.org\",\"@type\":\"FAQPage\",\"mainEntity\":[{\"@type\":\"Question\",\"name\":\"Quels sont les 5 looks de coloration les plus styl\u00e9s du moment ?\",\"acceptedAnswer\":{\"@type\":\"Answer\",\"text\":\"Tu peux retrouver 50 shades, la version cach\u00e9e, la frange d\u00e9color\u00e9e, le balayage invers\u00e9 et le n\u00e9on hair parmi les looks les plus en vue. Chacun apporte son style unique et permet de jouer avec la couleur selon tes envies du moment.\"}},{\"@type\":\"Question\",\"name\":\"Comment cr\u00e9er de la dimension avec ta couleur de cheveux ?\",\"acceptedAnswer\":{\"@type\":\"Answer\",\"text\":\"Pour donner plus de dimension \u00e0 ta chevelure, d\u00e9cline ta couleur pr\u00e9f\u00e9r\u00e9e en diff\u00e9rentes teintes plus claires et plus sombres. Ce m\u00e9lange de nuances offre de la texture et un rendu tr\u00e8s moderne tout en restant fun \u00e0 porter au quotidien.\"}},{\"@type\":\"Question\",\"name\":\"En quoi consiste la version cach\u00e9e de coloration ?\",\"acceptedAnswer\":{\"@type\":\"Answer\",\"text\":\"La version cach\u00e9e consiste \u00e0 colorer une ou plusieurs m\u00e8ches sous la couche sup\u00e9rieure de tes cheveux. Tu peux laisser appara\u00eetre la couleur en rabattant simplement tes cheveux derri\u00e8re les oreilles ou en variant les coiffures pour d\u00e9voiler le contraste subtil.\"}},{\"@type\":\"Question\",\"name\":\"Quelles pr\u00e9cautions prendre avant d\u2019adopter le n\u00e9on hair ?\",\"acceptedAnswer\":{\"@type\":\"Answer\",\"text\":\"Le n\u00e9on hair demande souvent plusieurs \u00e9tapes de d\u00e9coloration pour sublimer la couleur et lui permettre son effet flashy. Il faut avoir les cheveux tr\u00e8s clairs au d\u00e9part et pr\u00e9voir un entretien adapt\u00e9 pour pr\u00e9server l\u2019intensit\u00e9 du r\u00e9sultat.\"}},{\"@type\":\"Question\",\"name\":\"Qu\u2019est-ce que le balayage invers\u00e9 et pour qui est-il adapt\u00e9 ?\",\"acceptedAnswer\":{\"@type\":\"Answer\",\"text\":\"Le balayage invers\u00e9 met en lumi\u00e8re les racines en les colorant tout en laissant les pointes naturelles. C\u2019est l\u2019option id\u00e9ale si tu veux jouer avec l\u2019audace d\u2019un contraste visible, inspir\u00e9 des looks rep\u00e9r\u00e9s pendant la Paris Fashion Week.\"}}]}","footnotes":""},"categories":[4],"tags":[39,40,44],"class_list":{"0":"post-41962","1":"post","2":"type-post","3":"status-publish","4":"format-standard","5":"has-post-thumbnail","7":"category-beaute","8":"tag-tt6","9":"tag-tr273","10":"tag-tr166","11":"entry"},"acf":{"post_credits":"Images: Shutterstock, @bleachlondon, @glitchbristol, @anaellepostollec, @los_pastel","beauty_blog_post_button_title":"","beauty_blog_post_button":"","landscape_picture":41968,"blocks":[{"block_title":"50 shades","block_content":"<p>Si vous &ecirc;tes naturellement blondes ou brunes, vos cheveux sont probablement un melting pot de diff&eacute;rentes nuances. Choisissez votre couleur pr&eacute;f&eacute;r&eacute;e et d&eacute;clinez-la en diff&eacute;rentes teintes plus claires et plus sombres qui auront l&#039;avantage de cr&eacute;er de la dimensions et de la texture &agrave; l&#039;ensemble. En plus d&#039;&ecirc;tre incroyablement fun.&nbsp;<\/p>\n","video_content":"","block_picture":41963},{"block_title":"La version cach\u00e9e","block_content":"<p>Celle-ci est parfaite pour celles qui veulent apporter un peu de peps &agrave; leur hairstyle&nbsp;en toute (fausse) discr&eacute;tion. Choisissez une ou plusieurs m&egrave;ches situ&eacute;es sous la couche sup&eacute;rieure de vos&nbsp;cheveux. Il vous suffira de rabattre celle-ci derri&egrave;re les oreilles ou de s&#039;amuser un peu &agrave; travers plein de coiffures qui d&eacute;voileront la couleur juste en dessous. Notre version pr&eacute;f&eacute;r&eacute;e ? Une m&egrave;che&nbsp;juste au dessus des oreilles. Damn cool !<\/p>\n","video_content":"","block_picture":41964},{"block_title":"La frange d\u00e9color\u00e9e","block_content":"<p>La frange 2.0 fait son entr&eacute;e en sc&egrave;ne !&nbsp;Il s&#039;agit simplement de d&eacute;colorer cette jolie frange qui vous tombe sur les yeux avec option coloration pop par dessus. Si la frange, c&rsquo;est pas votre truc, d&eacute;gagez simplement les deux m&egrave;ches de devant qui encadrent votre visage. Yeah !<\/p>\n","video_content":"","block_picture":41965},{"block_title":"Le balayage invers\u00e9","block_content":"<p>Ou le <a href=\"https:\/\/r.srvtrck.com\/v2\/go?ai=62c0f327608e4225a23971890b466e29&amp;eu=%2Ftepw%3An%2Fiws.frsarwpla.-rdimeitot-%2Faeqbul-yvgr-anheisi--eiblil-edeelrsv-ireiaeajas-uluepidnud-%2Fefll-eatie-tawhwo%2F-setkh&amp;t=5tep4%3A7%2Fbd3a7m0tcd4c8m6g9v303h08358b1e0e4b30v0d8b4s5%2F404%3F3ubi9%3Da0f0206020l5c6af76l6%2F8%2F3o4.4a9i7d5.9ab%2F1s2t1h&amp;sct=0&amp;ct=1583149474956&amp;cu=60f363698638444c9077539bb7142e15&amp;w=4&amp;e=1&amp;cs=115dc8d3e9a55af2f646f6690b703d41\">Billie Eilish style<\/a>, comme on aime l&rsquo;appeler. Tout comme un balayage - mais en version invers&eacute;e. Au lieu de d&eacute;colorer les pointes, on concentre&nbsp;la couleur sur les racines. On a aussi pu l&#039;observer sur le podium de la Paris Fashion Week. : &agrave; vous d&#039;essayer&nbsp;!<\/p>\n","video_content":"","block_picture":41966},{"block_title":"N\u00e9on hair","block_content":"<p>En voil&agrave; une chose qu&#039;on ne peut pas simplement &quot;essayer&quot; :&nbsp;les cheveux n&eacute;on sont un vrai et propre parti pris. &Agrave; moins d&#039;avoir les cheveux tr&egrave;s clairs de nature, il faudra passer par plusieurs &eacute;tapes de d&eacute;coloration pour que la couleur n&eacute;on puisse ensuite &ecirc;tre appliqu&eacute;e et pour qu&#039;elle puisse d&eacute;voiler son bel aspect flashy. Un peu d&#039;entretien &agrave; la cl&eacute; !<\/p>\n\n<p>Avec <a href=\"https:\/\/www.treatwell.fr\/\">Treatwell<\/a>, vous pouvez r&eacute;server vos soins beaut&eacute; en ligne et dans vos &eacute;tablissements pr&eacute;f&eacute;r&eacute;s - simple, rapide et tout &ccedil;a en un rien de temps. <a href=\"https:\/\/www.treatwell.fr\/salons\/soin-balayage\/offre-type-local\/dans-paris-france\/\">D&eacute;couvrez des adresses canon pr&egrave;s de chez vous.<\/a><\/p>\n","video_content":"","block_picture":41967}]},"yoast_head":"<!-- This site is optimized with the Yoast SEO plugin v27.4 - https:\/\/yoast.com\/product\/yoast-seo-wordpress\/ -->\n<title>Coloration cheveux : 5 tendances styl\u00e9es \u00e0 adopter | Treatwell<\/title>\n<meta name=\"description\" content=\"Pop hair, balayage invers\u00e9, n\u00e9on hair... D\u00e9couvre 5 colorations cheveux ultra tendance rep\u00e9r\u00e9es sur Instagram. Conseils, id\u00e9es et astuces pour un look unique !\" \/>\n<meta name=\"robots\" content=\"index, follow, max-snippet:-1, max-image-preview:large, max-video-preview:-1\" \/>\n<link rel=\"canonical\" href=\"https:\/\/www.treatwell.fr/identite\/la-couleur-uniforme-est-out-voici-les-5-colorations-les-plus-stylees-du-moment\/\" \/>\n<meta property=\"og:locale\" content=\"fr_FR\" \/>\n<meta property=\"og:type\" content=\"article\" \/>\n<meta property=\"og:title\" content=\"Coloration cheveux : 5 tendances styl\u00e9es \u00e0 adopter | Treatwell\" \/>\n<meta property=\"og:description\" content=\"Pop hair, balayage invers\u00e9, n\u00e9on hair... D\u00e9couvre 5 colorations cheveux ultra tendance rep\u00e9r\u00e9es sur Instagram. Conseils, id\u00e9es et astuces pour un look unique !\" \/>\n<meta property=\"og:url\" content=\"https:\/\/www.treatwell.fr/identite\/la-couleur-uniforme-est-out-voici-les-5-colorations-les-plus-stylees-du-moment\/\" \/>\n<meta property=\"og:site_name\" content=\"Identit\u00e9\" \/>\n<meta property=\"article:published_time\" content=\"2020-03-02T11:59:52+00:00\" \/>\n<meta property=\"article:modified_time\" content=\"2025-12-16T09:01:53+00:00\" \/>\n<meta property=\"og:image\" content=\"https:\/\/www.treatwell.fr/identite\/wp-content\/uploads\/sites\/6\/2022\/03\/anaellepostollec_73385841_168529704223235_2713633648652488278_n.jpg\" \/>\n\t<meta property=\"og:image:width\" content=\"500\" \/>\n\t<meta property=\"og:image:height\" content=\"600\" \/>\n\t<meta property=\"og:image:type\" content=\"image\/jpeg\" \/>\n<meta name=\"author\" content=\"Beth Ryan\" \/>\n<meta name=\"twitter:card\" content=\"summary_large_image\" \/>\n<meta name=\"twitter:label1\" content=\"\u00c9crit par\" \/>\n\t<meta name=\"twitter:data1\" content=\"Beth Ryan\" \/>\n\t<meta name=\"twitter:label2\" content=\"Dur\u00e9e de lecture estim\u00e9e\" \/>\n\t<meta name=\"twitter:data2\" content=\"2 minutes\" \/>\n<script type=\"application\/ld+json\" class=\"yoast-schema-graph\">{\"@context\":\"https:\\\/\\\/schema.org\",\"@graph\":[{\"@type\":\"Article\",\"@id\":\"https:\\\/\\\/www.treatwell.fr/identite\\\/la-couleur-uniforme-est-out-voici-les-5-colorations-les-plus-stylees-du-moment\\\/#article\",\"isPartOf\":{\"@id\":\"https:\\\/\\\/www.treatwell.fr/identite\\\/la-couleur-uniforme-est-out-voici-les-5-colorations-les-plus-stylees-du-moment\\\/\"},\"author\":{\"name\":\"Beth Ryan\",\"@id\":\"https:\\\/\\\/www.treatwell.fr/identite\\\/#\\\/schema\\\/person\\\/45be8f7781947e6c6d31f4b658271bf6\"},\"headline\":\"La couleur uniforme est out &#8211; voici les 5 colorations les plus style\u00e9s du moment\",\"datePublished\":\"2020-03-02T11:59:52+00:00\",\"dateModified\":\"2025-12-16T09:01:53+00:00\",\"mainEntityOfPage\":{\"@id\":\"https:\\\/\\\/www.treatwell.fr/identite\\\/la-couleur-uniforme-est-out-voici-les-5-colorations-les-plus-stylees-du-moment\\\/\"},\"wordCount\":362,\"publisher\":{\"@id\":\"https:\\\/\\\/www.treatwell.fr/identite\\\/#organization\"},\"image\":{\"@id\":\"https:\\\/\\\/www.treatwell.fr/identite\\\/la-couleur-uniforme-est-out-voici-les-5-colorations-les-plus-stylees-du-moment\\\/#primaryimage\"},\"thumbnailUrl\":\"https:\\\/\\\/www.treatwell.fr/identite\\\/wp-content\\\/uploads\\\/sites\\\/6\\\/2022\\\/03\\\/anaellepostollec_73385841_168529704223235_2713633648652488278_n.jpg\",\"keywords\":[\"Hair\",\"Hair Colouring and Highlights\",\"Haircuts and Hairdressing\"],\"articleSection\":[\"Beaut\u00e9\"],\"inLanguage\":\"fr-FR\"},{\"@type\":\"WebPage\",\"@id\":\"https:\\\/\\\/www.treatwell.fr/identite\\\/la-couleur-uniforme-est-out-voici-les-5-colorations-les-plus-stylees-du-moment\\\/\",\"url\":\"https:\\\/\\\/www.treatwell.fr/identite\\\/la-couleur-uniforme-est-out-voici-les-5-colorations-les-plus-stylees-du-moment\\\/\",\"name\":\"Coloration cheveux : 5 tendances styl\u00e9es \u00e0 adopter | Treatwell\",\"isPartOf\":{\"@id\":\"https:\\\/\\\/www.treatwell.fr/identite\\\/#website\"},\"primaryImageOfPage\":{\"@id\":\"https:\\\/\\\/www.treatwell.fr/identite\\\/la-couleur-uniforme-est-out-voici-les-5-colorations-les-plus-stylees-du-moment\\\/#primaryimage\"},\"image\":{\"@id\":\"https:\\\/\\\/www.treatwell.fr/identite\\\/la-couleur-uniforme-est-out-voici-les-5-colorations-les-plus-stylees-du-moment\\\/#primaryimage\"},\"thumbnailUrl\":\"https:\\\/\\\/www.treatwell.fr/identite\\\/wp-content\\\/uploads\\\/sites\\\/6\\\/2022\\\/03\\\/anaellepostollec_73385841_168529704223235_2713633648652488278_n.jpg\",\"datePublished\":\"2020-03-02T11:59:52+00:00\",\"dateModified\":\"2025-12-16T09:01:53+00:00\",\"description\":\"Pop hair, balayage invers\u00e9, n\u00e9on hair... D\u00e9couvre 5 colorations cheveux ultra tendance rep\u00e9r\u00e9es sur Instagram. Conseils, id\u00e9es et astuces pour un look unique !\",\"breadcrumb\":{\"@id\":\"https:\\\/\\\/www.treatwell.fr/identite\\\/la-couleur-uniforme-est-out-voici-les-5-colorations-les-plus-stylees-du-moment\\\/#breadcrumb\"},\"inLanguage\":\"fr-FR\",\"potentialAction\":[{\"@type\":\"ReadAction\",\"target\":[\"https:\\\/\\\/www.treatwell.fr/identite\\\/la-couleur-uniforme-est-out-voici-les-5-colorations-les-plus-stylees-du-moment\\\/\"]}]},{\"@type\":\"ImageObject\",\"inLanguage\":\"fr-FR\",\"@id\":\"https:\\\/\\\/www.treatwell.fr/identite\\\/la-couleur-uniforme-est-out-voici-les-5-colorations-les-plus-stylees-du-moment\\\/#primaryimage\",\"url\":\"https:\\\/\\\/www.treatwell.fr/identite\\\/wp-content\\\/uploads\\\/sites\\\/6\\\/2022\\\/03\\\/anaellepostollec_73385841_168529704223235_2713633648652488278_n.jpg\",\"contentUrl\":\"https:\\\/\\\/www.treatwell.fr/identite\\\/wp-content\\\/uploads\\\/sites\\\/6\\\/2022\\\/03\\\/anaellepostollec_73385841_168529704223235_2713633648652488278_n.jpg\",\"width\":500,\"height\":600},{\"@type\":\"BreadcrumbList\",\"@id\":\"https:\\\/\\\/www.treatwell.fr/identite\\\/la-couleur-uniforme-est-out-voici-les-5-colorations-les-plus-stylees-du-moment\\\/#breadcrumb\",\"itemListElement\":[{\"@type\":\"ListItem\",\"position\":1,\"name\":\"Home\",\"item\":\"https:\\\/\\\/www.treatwell.fr/identite\\\/\"},{\"@type\":\"ListItem\",\"position\":2,\"name\":\"Beaut\u00e9\",\"item\":\"https:\\\/\\\/www.treatwell.fr/identite\\\/beaute\\\/\"},{\"@type\":\"ListItem\",\"position\":3,\"name\":\"La couleur uniforme est out &#8211; voici les 5 colorations les plus style\u00e9s du moment\"}]},{\"@type\":\"WebSite\",\"@id\":\"https:\\\/\\\/www.treatwell.fr/identite\\\/#website\",\"url\":\"https:\\\/\\\/www.treatwell.fr/identite\\\/\",\"name\":\"Identit\u00e9\",\"description\":\"Beaut\u00e9, Cheveux, Quotidien\",\"publisher\":{\"@id\":\"https:\\\/\\\/www.treatwell.fr/identite\\\/#organization\"},\"potentialAction\":[{\"@type\":\"SearchAction\",\"target\":{\"@type\":\"EntryPoint\",\"urlTemplate\":\"https:\\\/\\\/www.treatwell.fr/identite\\\/?s={search_term_string}\"},\"query-input\":{\"@type\":\"PropertyValueSpecification\",\"valueRequired\":true,\"valueName\":\"search_term_string\"}}],\"inLanguage\":\"fr-FR\"},{\"@type\":\"Organization\",\"@id\":\"https:\\\/\\\/www.treatwell.fr/identite\\\/#organization\",\"name\":\"Treatwell\",\"url\":\"https:\\\/\\\/www.treatwell.fr/identite\\\/\",\"logo\":{\"@type\":\"ImageObject\",\"inLanguage\":\"fr-FR\",\"@id\":\"https:\\\/\\\/www.treatwell.fr/identite\\\/#\\\/schema\\\/logo\\\/image\\\/\",\"url\":\"https:\\\/\\\/www.treatwell.fr/identite\\\/wp-content\\\/uploads\\\/sites\\\/6\\\/2022\\\/03\\\/logo_treatwell.png\",\"contentUrl\":\"https:\\\/\\\/www.treatwell.fr/identite\\\/wp-content\\\/uploads\\\/sites\\\/6\\\/2022\\\/03\\\/logo_treatwell.png\",\"width\":889,\"height\":164,\"caption\":\"Treatwell\"},\"image\":{\"@id\":\"https:\\\/\\\/www.treatwell.fr/identite\\\/#\\\/schema\\\/logo\\\/image\\\/\"}},{\"@type\":\"Person\",\"@id\":\"https:\\\/\\\/www.treatwell.fr/identite\\\/#\\\/schema\\\/person\\\/45be8f7781947e6c6d31f4b658271bf6\",\"name\":\"Beth Ryan\",\"image\":{\"@type\":\"ImageObject\",\"inLanguage\":\"fr-FR\",\"@id\":\"https:\\\/\\\/secure.gravatar.com\\\/avatar\\\/93502c3b0591e62d75cc697ff3b5b8f47fef521e9dd0d61feb5570ae6d459200?s=96&d=mm&r=g\",\"url\":\"https:\\\/\\\/secure.gravatar.com\\\/avatar\\\/93502c3b0591e62d75cc697ff3b5b8f47fef521e9dd0d61feb5570ae6d459200?s=96&d=mm&r=g\",\"contentUrl\":\"https:\\\/\\\/secure.gravatar.com\\\/avatar\\\/93502c3b0591e62d75cc697ff3b5b8f47fef521e9dd0d61feb5570ae6d459200?s=96&d=mm&r=g\",\"caption\":\"Beth Ryan\"},\"url\":\"https:\\\/\\\/www.treatwell.fr/identite\\\/author\\\/bethanyryan\\\/\"}]}<\/script>\n<!-- \/ Yoast SEO plugin. -->","yoast_head_json":{"title":"Coloration cheveux : 5 tendances styl\u00e9es \u00e0 adopter | Treatwell","description":"Pop hair, balayage invers\u00e9, n\u00e9on hair... D\u00e9couvre 5 colorations cheveux ultra tendance rep\u00e9r\u00e9es sur Instagram. Conseils, id\u00e9es et astuces pour un look unique !","robots":{"index":"index","follow":"follow","max-snippet":"max-snippet:-1","max-image-preview":"max-image-preview:large","max-video-preview":"max-video-preview:-1"},"canonical":"https:\/\/www.treatwell.fr/identite\/la-couleur-uniforme-est-out-voici-les-5-colorations-les-plus-stylees-du-moment\/","og_locale":"fr_FR","og_type":"article","og_title":"Coloration cheveux : 5 tendances styl\u00e9es \u00e0 adopter | Treatwell","og_description":"Pop hair, balayage invers\u00e9, n\u00e9on hair... D\u00e9couvre 5 colorations cheveux ultra tendance rep\u00e9r\u00e9es sur Instagram. Conseils, id\u00e9es et astuces pour un look unique !","og_url":"https:\/\/www.treatwell.fr/identite\/la-couleur-uniforme-est-out-voici-les-5-colorations-les-plus-stylees-du-moment\/","og_site_name":"Identit\u00e9","article_published_time":"2020-03-02T11:59:52+00:00","article_modified_time":"2025-12-16T09:01:53+00:00","og_image":[{"width":500,"height":600,"url":"https:\/\/www.treatwell.fr/identite\/wp-content\/uploads\/sites\/6\/2022\/03\/anaellepostollec_73385841_168529704223235_2713633648652488278_n.jpg","type":"image\/jpeg"}],"author":"Beth Ryan","twitter_card":"summary_large_image","twitter_misc":{"\u00c9crit par":"Beth Ryan","Dur\u00e9e de lecture estim\u00e9e":"2 minutes"},"schema":{"@context":"https:\/\/schema.org","@graph":[{"@type":"Article","@id":"https:\/\/www.treatwell.fr/identite\/la-couleur-uniforme-est-out-voici-les-5-colorations-les-plus-stylees-du-moment\/#article","isPartOf":{"@id":"https:\/\/www.treatwell.fr/identite\/la-couleur-uniforme-est-out-voici-les-5-colorations-les-plus-stylees-du-moment\/"},"author":{"name":"Beth Ryan","@id":"https:\/\/www.treatwell.fr/identite\/#\/schema\/person\/45be8f7781947e6c6d31f4b658271bf6"},"headline":"La couleur uniforme est out &#8211; voici les 5 colorations les plus style\u00e9s du moment","datePublished":"2020-03-02T11:59:52+00:00","dateModified":"2025-12-16T09:01:53+00:00","mainEntityOfPage":{"@id":"https:\/\/www.treatwell.fr/identite\/la-couleur-uniforme-est-out-voici-les-5-colorations-les-plus-stylees-du-moment\/"},"wordCount":362,"publisher":{"@id":"https:\/\/www.treatwell.fr/identite\/#organization"},"image":{"@id":"https:\/\/www.treatwell.fr/identite\/la-couleur-uniforme-est-out-voici-les-5-colorations-les-plus-stylees-du-moment\/#primaryimage"},"thumbnailUrl":"https:\/\/www.treatwell.fr/identite\/wp-content\/uploads\/sites\/6\/2022\/03\/anaellepostollec_73385841_168529704223235_2713633648652488278_n.jpg","keywords":["Hair","Hair Colouring and Highlights","Haircuts and Hairdressing"],"articleSection":["Beaut\u00e9"],"inLanguage":"fr-FR"},{"@type":"WebPage","@id":"https:\/\/www.treatwell.fr/identite\/la-couleur-uniforme-est-out-voici-les-5-colorations-les-plus-stylees-du-moment\/","url":"https:\/\/www.treatwell.fr/identite\/la-couleur-uniforme-est-out-voici-les-5-colorations-les-plus-stylees-du-moment\/","name":"Coloration cheveux : 5 tendances styl\u00e9es \u00e0 adopter | Treatwell","isPartOf":{"@id":"https:\/\/www.treatwell.fr/identite\/#website"},"primaryImageOfPage":{"@id":"https:\/\/www.treatwell.fr/identite\/la-couleur-uniforme-est-out-voici-les-5-colorations-les-plus-stylees-du-moment\/#primaryimage"},"image":{"@id":"https:\/\/www.treatwell.fr/identite\/la-couleur-uniforme-est-out-voici-les-5-colorations-les-plus-stylees-du-moment\/#primaryimage"},"thumbnailUrl":"https:\/\/www.treatwell.fr/identite\/wp-content\/uploads\/sites\/6\/2022\/03\/anaellepostollec_73385841_168529704223235_2713633648652488278_n.jpg","datePublished":"2020-03-02T11:59:52+00:00","dateModified":"2025-12-16T09:01:53+00:00","description":"Pop hair, balayage invers\u00e9, n\u00e9on hair... D\u00e9couvre 5 colorations cheveux ultra tendance rep\u00e9r\u00e9es sur Instagram. Conseils, id\u00e9es et astuces pour un look unique !","breadcrumb":{"@id":"https:\/\/www.treatwell.fr/identite\/la-couleur-uniforme-est-out-voici-les-5-colorations-les-plus-stylees-du-moment\/#breadcrumb"},"inLanguage":"fr-FR","potentialAction":[{"@type":"ReadAction","target":["https:\/\/www.treatwell.fr/identite\/la-couleur-uniforme-est-out-voici-les-5-colorations-les-plus-stylees-du-moment\/"]}]},{"@type":"ImageObject","inLanguage":"fr-FR","@id":"https:\/\/www.treatwell.fr/identite\/la-couleur-uniforme-est-out-voici-les-5-colorations-les-plus-stylees-du-moment\/#primaryimage","url":"https:\/\/www.treatwell.fr/identite\/wp-content\/uploads\/sites\/6\/2022\/03\/anaellepostollec_73385841_168529704223235_2713633648652488278_n.jpg","contentUrl":"https:\/\/www.treatwell.fr/identite\/wp-content\/uploads\/sites\/6\/2022\/03\/anaellepostollec_73385841_168529704223235_2713633648652488278_n.jpg","width":500,"height":600},{"@type":"BreadcrumbList","@id":"https:\/\/www.treatwell.fr/identite\/la-couleur-uniforme-est-out-voici-les-5-colorations-les-plus-stylees-du-moment\/#breadcrumb","itemListElement":[{"@type":"ListItem","position":1,"name":"Home","item":"https:\/\/www.treatwell.fr/identite\/"},{"@type":"ListItem","position":2,"name":"Beaut\u00e9","item":"https:\/\/www.treatwell.fr/identite\/beaute\/"},{"@type":"ListItem","position":3,"name":"La couleur uniforme est out &#8211; voici les 5 colorations les plus style\u00e9s du moment"}]},{"@type":"WebSite","@id":"https:\/\/www.treatwell.fr/identite\/#website","url":"https:\/\/www.treatwell.fr/identite\/","name":"Identit\u00e9","description":"Beaut\u00e9, Cheveux, Quotidien","publisher":{"@id":"https:\/\/www.treatwell.fr/identite\/#organization"},"potentialAction":[{"@type":"SearchAction","target":{"@type":"EntryPoint","urlTemplate":"https:\/\/www.treatwell.fr/identite\/?s={search_term_string}"},"query-input":{"@type":"PropertyValueSpecification","valueRequired":true,"valueName":"search_term_string"}}],"inLanguage":"fr-FR"},{"@type":"Organization","@id":"https:\/\/www.treatwell.fr/identite\/#organization","name":"Treatwell","url":"https:\/\/www.treatwell.fr/identite\/","logo":{"@type":"ImageObject","inLanguage":"fr-FR","@id":"https:\/\/www.treatwell.fr/identite\/#\/schema\/logo\/image\/","url":"https:\/\/www.treatwell.fr/identite\/wp-content\/uploads\/sites\/6\/2022\/03\/logo_treatwell.png","contentUrl":"https:\/\/www.treatwell.fr/identite\/wp-content\/uploads\/sites\/6\/2022\/03\/logo_treatwell.png","width":889,"height":164,"caption":"Treatwell"},"image":{"@id":"https:\/\/www.treatwell.fr/identite\/#\/schema\/logo\/image\/"}},{"@type":"Person","@id":"https:\/\/www.treatwell.fr/identite\/#\/schema\/person\/45be8f7781947e6c6d31f4b658271bf6","name":"Beth Ryan","image":{"@type":"ImageObject","inLanguage":"fr-FR","@id":"https:\/\/secure.gravatar.com\/avatar\/93502c3b0591e62d75cc697ff3b5b8f47fef521e9dd0d61feb5570ae6d459200?s=96&d=mm&r=g","url":"https:\/\/secure.gravatar.com\/avatar\/93502c3b0591e62d75cc697ff3b5b8f47fef521e9dd0d61feb5570ae6d459200?s=96&d=mm&r=g","contentUrl":"https:\/\/secure.gravatar.com\/avatar\/93502c3b0591e62d75cc697ff3b5b8f47fef521e9dd0d61feb5570ae6d459200?s=96&d=mm&r=g","caption":"Beth Ryan"},"url":"https:\/\/www.treatwell.fr/identite\/author\/bethanyryan\/"}]}},"featured_image_src":"https:\/\/www.treatwell.fr/identite\/wp-content\/uploads\/sites\/6\/2022\/03\/anaellepostollec_73385841_168529704223235_2713633648652488278_n-500x400.jpg","featured_image_src_square":"https:\/\/www.treatwell.fr/identite\/wp-content\/uploads\/sites\/6\/2022\/03\/anaellepostollec_73385841_168529704223235_2713633648652488278_n.jpg","author_info":{"display_name":"Beth Ryan","author_link":"https:\/\/www.treatwell.fr/identite\/author\/bethanyryan\/"},"_links":{"self":[{"href":"https:\/\/www.treatwell.fr\/identite\/wp-json\/wp\/v2\/posts\/41962","targetHints":{"allow":["GET"]}}],"collection":[{"href":"https:\/\/www.treatwell.fr\/identite\/wp-json\/wp\/v2\/posts"}],"about":[{"href":"https:\/\/www.treatwell.fr\/identite\/wp-json\/wp\/v2\/types\/post"}],"author":[{"embeddable":true,"href":"https:\/\/www.treatwell.fr\/identite\/wp-json\/wp\/v2\/users\/3366"}],"replies":[{"embeddable":true,"href":"https:\/\/www.treatwell.fr\/identite\/wp-json\/wp\/v2\/comments?post=41962"}],"version-history":[{"count":0,"href":"https:\/\/www.treatwell.fr\/identite\/wp-json\/wp\/v2\/posts\/41962\/revisions"}],"wp:featuredmedia":[{"embeddable":true,"href":"https:\/\/www.treatwell.fr\/identite\/wp-json\/wp\/v2\/media\/41969"}],"wp:attachment":[{"href":"https:\/\/www.treatwell.fr\/identite\/wp-json\/wp\/v2\/media?parent=41962"}],"wp:term":[{"taxonomy":"category","embeddable":true,"href":"https:\/\/www.treatwell.fr\/identite\/wp-json\/wp\/v2\/categories?post=41962"},{"taxonomy":"post_tag","embeddable":true,"href":"https:\/\/www.treatwell.fr\/identite\/wp-json\/wp\/v2\/tags?post=41962"}],"curies":[{"name":"wp","href":"https:\/\/api.w.org\/{rel}","templated":true}]}}