{"id":42978,"date":"2021-04-26T15:00:58","date_gmt":"2021-04-26T13:00:58","guid":{"rendered":"https:\/\/www.treatwell.fr\/identite\/?p=26281"},"modified":"2025-12-15T22:49:10","modified_gmt":"2025-12-15T21:49:10","slug":"oscars-looks-beaute-saison","status":"publish","type":"post","link":"https:\/\/www.treatwell.fr/identite\/oscars-looks-beaute-saison\/","title":{"rendered":"Oscars 2021 : d\u00e9couvrez les 9 looks beaut\u00e9 dont on va s&#8217;inspirer cette saison"},"content":{"rendered":"<p class=\"p1\">Chaque ann\u00e9e \u00e0 l\u2019occasion de la remise des Oscars, <a href=\"https:\/\/www.treatwell.fr\/identite\/raie-cheveux-coiffure-golden-globes-2021\/\">les stars les plus talentueuses du moment<\/a> se succ\u00e8dent pour d\u00e9voiler des looks beaut\u00e9 plus sublimes les uns que les autres. Pourquoi on adore \u00e7a ? Parce qu&#8217;en plus de nous inspirer, nombreux d\u2019entre eux introduisent les grandes tendances de la saison.<\/p>\n<p class=\"p1\">Des l\u00e8vres rouges baie d\u2019Amanda Seyfried \u00e0 la coiffure afro sym\u00e9trique de Celeste Waite &#8211; voici nos coiffures et mises en beaut\u00e9 pr\u00e9f\u00e9r\u00e9es lors des Oscars.<\/p>\n<div class=\"schema-faq wp-block-yoast-faq-block\">\n<div class=\"schema-faq-section\" id=\"faq-question-1765834235060\">\n<h3 class=\"schema-faq-question\">Quelles tendances coiffure et beaut\u00e9 ressortent lors des Oscars ?<\/h3>\n<p class=\"schema-faq-answer\">Tu d\u00e9couvres chaque ann\u00e9e des looks incontournables comme le chignon bas plaqu\u00e9, les tresses sym\u00e9triques ou le carr\u00e9 court. Les stars d\u00e9voilent des coiffures et des mises en beaut\u00e9 qui inspirent et lancent les grandes tendances de la saison.<\/div>\n<div class=\"schema-faq-section\" id=\"faq-question-1765834235061\">\n<h3 class=\"schema-faq-question\">Comment adopter un look glamour pour un mariage ?<\/h3>\n<p class=\"schema-faq-answer\">Tu peux t&#8217;inspirer du chignon bas plaqu\u00e9 d\u2019Amanda Seyfried, marqu\u00e9 par une raie sur le c\u00f4t\u00e9. Ce style offre une touche hollywoodienne id\u00e9ale pour sublimer une c\u00e9r\u00e9monie estivale et ajouter de l&#8217;\u00e9l\u00e9gance \u00e0 ta tenue.<\/div>\n<div class=\"schema-faq-section\" id=\"faq-question-1765834235062\">\n<h3 class=\"schema-faq-question\">Quelle coiffure convient pour sublimer les cheveux afro ?<\/h3>\n<p class=\"schema-faq-answer\">Le carr\u00e9 court sym\u00e9trique avec une raie au milieu de Celeste Waite est parfait pour mettre en valeur les cheveux cr\u00e9pus et les boucles naturelles. Tu obtiens ainsi une finition harmonieuse qui r\u00e9v\u00e8le ta texture naturelle.<\/div>\n<div class=\"schema-faq-section\" id=\"faq-question-1765834235063\">\n<h3 class=\"schema-faq-question\">Comment apporter une touche moderne \u00e0 une coupe courte ?<\/h3>\n<p class=\"schema-faq-answer\">Le micro bob plongeant avec une mini frange d\u00e9grad\u00e9e, choisi par Halle Berry, donne du caract\u00e8re \u00e0 une coupe courte et s&#8217;adapte \u00e0 un style quotidien moderne. Ce look pr\u00e9cis et audacieux renouvelle l\u2019allure classique des coupes courtes.<\/div>\n<div class=\"schema-faq-section\" id=\"faq-question-1765834235064\">\n<h3 class=\"schema-faq-question\">Comment cr\u00e9er un look boh\u00e8me pour un moment entre amis ?<\/h3>\n<p class=\"schema-faq-answer\">Des cheveux longs XXL avec des ondulations l\u00e9g\u00e8res fa\u00e7on Zendaya te permettent d&#8217;adopter un style boh\u00e8me et chic. Ce look naturel convient parfaitement pour un pique-nique ou une sortie d\u00e9contract\u00e9e.<\/div>\n<\/p><\/div>\n","protected":false},"excerpt":{"rendered":"<p>Chaque ann\u00e9e \u00e0 l\u2019occasion de la remise des Oscars, les stars les plus talentueuses du moment se succ\u00e8dent pour d\u00e9voiler des looks beaut\u00e9 plus sublimes les uns que les autres. Pourquoi on adore \u00e7a ? Parce qu&#8217;en plus de nous inspirer, nombreux d\u2019entre eux introduisent les grandes tendances de la saison. Des l\u00e8vres rouges baie [&hellip;]<\/p>\n","protected":false},"author":3366,"featured_media":42989,"comment_status":"closed","ping_status":"closed","sticky":false,"template":"","format":"standard","meta":{"_acf_changed":false,"_yoast_wpseo_title":"Coiffures Oscars : inspirations stars et id\u00e9es beaut\u00e9 | Treatwell","_yoast_wpseo_metadesc":"Looks de stars rep\u00e9r\u00e9s aux Oscars : chignons glamour, coiffures afro sym\u00e9triques, tresses, franges et conseils beaut\u00e9. Inspire-toi et r\u00e9serve un soin beaut\u00e9 sur Treatwell.","_genesis_hide_title":false,"_genesis_hide_breadcrumbs":false,"_genesis_hide_singular_image":false,"_genesis_hide_footer_widgets":false,"_genesis_custom_body_class":"","_genesis_custom_post_class":"","_genesis_layout":"","saswp_custom_schema_field":"{\"@context\":\"https:\/\/schema.org\",\"@type\":\"FAQPage\",\"mainEntity\":[{\"@type\":\"Question\",\"name\":\"Quelles tendances coiffure et beaut\u00e9 ressortent lors des Oscars ?\",\"acceptedAnswer\":{\"@type\":\"Answer\",\"text\":\"Tu d\u00e9couvres chaque ann\u00e9e des looks incontournables comme le chignon bas plaqu\u00e9, les tresses sym\u00e9triques ou le carr\u00e9 court. Les stars d\u00e9voilent des coiffures et des mises en beaut\u00e9 qui inspirent et lancent les grandes tendances de la saison.\"}},{\"@type\":\"Question\",\"name\":\"Comment adopter un look glamour pour un mariage ?\",\"acceptedAnswer\":{\"@type\":\"Answer\",\"text\":\"Tu peux t'inspirer du chignon bas plaqu\u00e9 d\u2019Amanda Seyfried, marqu\u00e9 par une raie sur le c\u00f4t\u00e9. Ce style offre une touche hollywoodienne id\u00e9ale pour sublimer une c\u00e9r\u00e9monie estivale et ajouter de l'\u00e9l\u00e9gance \u00e0 ta tenue.\"}},{\"@type\":\"Question\",\"name\":\"Quelle coiffure convient pour sublimer les cheveux afro ?\",\"acceptedAnswer\":{\"@type\":\"Answer\",\"text\":\"Le carr\u00e9 court sym\u00e9trique avec une raie au milieu de Celeste Waite est parfait pour mettre en valeur les cheveux cr\u00e9pus et les boucles naturelles. Tu obtiens ainsi une finition harmonieuse qui r\u00e9v\u00e8le ta texture naturelle.\"}},{\"@type\":\"Question\",\"name\":\"Comment apporter une touche moderne \u00e0 une coupe courte ?\",\"acceptedAnswer\":{\"@type\":\"Answer\",\"text\":\"Le micro bob plongeant avec une mini frange d\u00e9grad\u00e9e, choisi par Halle Berry, donne du caract\u00e8re \u00e0 une coupe courte et s'adapte \u00e0 un style quotidien moderne. Ce look pr\u00e9cis et audacieux renouvelle l\u2019allure classique des coupes courtes.\"}},{\"@type\":\"Question\",\"name\":\"Comment cr\u00e9er un look boh\u00e8me pour un moment entre amis ?\",\"acceptedAnswer\":{\"@type\":\"Answer\",\"text\":\"Des cheveux longs XXL avec des ondulations l\u00e9g\u00e8res fa\u00e7on Zendaya te permettent d'adopter un style boh\u00e8me et chic. Ce look naturel convient parfaitement pour un pique-nique ou une sortie d\u00e9contract\u00e9e.\"}}]}","footnotes":""},"categories":[4],"tags":[54,39,42],"class_list":{"0":"post-42978","1":"post","2":"type-post","3":"status-publish","4":"format-standard","5":"has-post-thumbnail","7":"category-beaute","8":"tag-tt4","9":"tag-tt6","10":"tag-tr212","11":"entry"},"acf":{"post_credits":"Images: @dundasworld, @nlvogue, @reesewitherspoon, @margotrobbie, @britishvogue","beauty_blog_post_button_title":"","beauty_blog_post_button":"","landscape_picture":42988,"blocks":[{"block_title":"Amanda Seyfried","block_content":"<p>On adore la vibe glamour typiquement hollywoodienne d&#039;Amanda Seyfried avec son chignon bas plaqu&eacute; marqu&eacute; par&nbsp;une&nbsp;raie sur le c&ocirc;t&eacute;.<\/p>\n\n<p><strong>On s&#039;en inspire pour :<\/strong> un mariage en &eacute;t&eacute;.<\/p>\n","video_content":"","block_picture":42979},{"block_title":"Celeste Waite","block_content":"<p>Un carr&eacute; court et sym&eacute;trique marqu&eacute; par&nbsp;une raie au milieu, voici un look capillaire super cool qui s&#039;adapte parfaitement aux&nbsp;cheveux afro.<\/p>\n\n<p><strong>On s&#039;en inspire pour :<\/strong> mettre en valeur les cheveux&nbsp;cr&eacute;pus et les boucles naturelles.<\/p>\n","video_content":"","block_picture":42980},{"block_title":"Reese Witherspoon","block_content":"<p>Le smokey eye associ&eacute; &agrave; un rouge &agrave; l&egrave;vres nude est le combo gagnant pour un look simple, subtil mais tellement glamour.<\/p>\n\n<p><strong>On s&#039;en inspire pour :<\/strong> notre premi&egrave;re soir&eacute;e au restaurant pour f&ecirc;ter la r&eacute;ouverture (et on s&#039;entra&icirc;ne en attendant).<\/p>\n","video_content":"","block_picture":42981},{"block_title":"Zendaya","block_content":"<p>Zendaya a opt&eacute; pour un look boh&egrave;me et hippie chic avec des&nbsp;cheveux longs XXL mis en valeur par&nbsp;des ondulations l&eacute;g&egrave;res et ultra naturelles.<\/p>\n\n<p><strong>On s&#039;en inspire pour :<\/strong> un picnic au parc entre amis.<\/p>\n","video_content":"","block_picture":42982},{"block_title":"Chlo\u00e9 Zhao","block_content":"<p>La r&eacute;alisatrice de Nomadland a foul&eacute; le tapis rouge avec des tresses sym&eacute;triques qui rappellent incontestablement l&#039;esprit de son film. Leur particularit&eacute; ? Elles encadrent le visage en commen&ccedil;ant sur le haut du front.&nbsp;<\/p>\n\n<p><strong>On s&#039;en inspire pour :<\/strong> une journ&eacute;e shopping&nbsp;entre amies.<\/p>\n","video_content":"","block_picture":42983},{"block_title":"Margot Robbie","block_content":"<p>La grande surprise capillaire dont on ne s&#039;attendait pas : Margot Robbie a d&eacute;voil&eacute; un look tr&egrave;s romantique avec sa toute nouvelle frange droite en d&eacute;grad&eacute; long sur les c&ocirc;t&eacute;s. Associ&eacute; &agrave; un&nbsp;balayage naturel, c&#039;est un style parfait pour mettre en valeur le regard et adoucir les traits du visage.<\/p>\n\n<p><strong>On s&#039;en inspire pour :<\/strong> un date romantique.<\/p>\n","video_content":"","block_picture":42984},{"block_title":"HER","block_content":"<p>L&egrave;vres couleur rouge-violet, m&egrave;che ondul&eacute;e sur le c&ocirc;t&eacute; et des baby hair plaqu&eacute;s sur le front pour un twist original et moderne :&nbsp;le look beaut&eacute; de HER a rendu&nbsp;hommage au chanteur Prince lors des&nbsp;Oscars de 1985.<\/p>\n\n<p><strong>On s&#039;en inspire pour :<\/strong> la premi&egrave;re sortie &agrave; la r&eacute;ouverture des bars.<\/p>\n","video_content":"","block_picture":42985},{"block_title":"Vanessa Kirby","block_content":"<p><a href=\"https:\/\/www.treatwell.fr\/identite\/sourcils-effet-soap-brows\/\">Soap brows lift&eacute;s<\/a>&nbsp;pour relever les pommettes naturellement, chignon plaqu&eacute;, make-up aux teintes rose et pastel, le tout sublim&eacute;&nbsp;par&nbsp;une bouche tr&egrave;s marqu&eacute;e pour apporter du caract&egrave;re &agrave; une&nbsp;mise en beaut&eacute; d&eacute;licate et &eacute;l&eacute;gante.<\/p>\n\n<p><strong>On s&#039;en inspire pour :<\/strong> un coucher&nbsp;de soleil sur un rooftop &agrave;&nbsp;la r&eacute;ouverture.<\/p>\n","video_content":"","block_picture":42986},{"block_title":"Halle Berry","block_content":"<p>Bien loin du style tr&egrave;s naturel qui marque l&#039;ann&eacute;e 2021, Halle Berry a choisi un&nbsp;beauty look qui va contre courant en d&eacute;voilant&nbsp;une coupe de cheveux pr&eacute;cise et millim&eacute;tr&eacute;e avec un micro bob plongeant et une mini&nbsp;frange d&eacute;grad&eacute;e.<\/p>\n\n<p><strong>On s&#039;en inspire pour :<\/strong>&nbsp;celles qui sont &agrave; la recherche d&#039;une coupe courte et moderne de tous les jours.<\/p>\n\n<p>Avec&nbsp;<a href=\"https:\/\/www.treatwell.fr\/\">Treatwell<\/a>, vous pouvez r&eacute;server vos soins beaut&eacute; en ligne et dans vos &eacute;tablissements pr&eacute;f&eacute;r&eacute;s &ndash; simple, rapide et tout &ccedil;a en un rien de temps.&nbsp;<a href=\"https:\/\/www.treatwell.fr\/salons\/soin-balayage\/offre-type-local\/dans-france\/\">D&eacute;couvrez des adresses canon pr&egrave;s de chez vous.<\/a><\/p>\n","video_content":"","block_picture":42987}]},"yoast_head":"<!-- This site is optimized with the Yoast SEO plugin v27.4 - https:\/\/yoast.com\/product\/yoast-seo-wordpress\/ -->\n<title>Coiffures Oscars : inspirations stars et id\u00e9es beaut\u00e9 | Treatwell<\/title>\n<meta name=\"description\" content=\"Looks de stars rep\u00e9r\u00e9s aux Oscars : chignons glamour, coiffures afro sym\u00e9triques, tresses, franges et conseils beaut\u00e9. Inspire-toi et r\u00e9serve un soin beaut\u00e9 sur Treatwell.\" \/>\n<meta name=\"robots\" content=\"index, follow, max-snippet:-1, max-image-preview:large, max-video-preview:-1\" \/>\n<link rel=\"canonical\" href=\"https:\/\/www.treatwell.fr/identite\/oscars-looks-beaute-saison\/\" \/>\n<meta property=\"og:locale\" content=\"fr_FR\" \/>\n<meta property=\"og:type\" content=\"article\" \/>\n<meta property=\"og:title\" content=\"Coiffures Oscars : inspirations stars et id\u00e9es beaut\u00e9 | Treatwell\" \/>\n<meta property=\"og:description\" content=\"Looks de stars rep\u00e9r\u00e9s aux Oscars : chignons glamour, coiffures afro sym\u00e9triques, tresses, franges et conseils beaut\u00e9. Inspire-toi et r\u00e9serve un soin beaut\u00e9 sur Treatwell.\" \/>\n<meta property=\"og:url\" content=\"https:\/\/www.treatwell.fr/identite\/oscars-looks-beaute-saison\/\" \/>\n<meta property=\"og:site_name\" content=\"Identit\u00e9\" \/>\n<meta property=\"article:published_time\" content=\"2021-04-26T13:00:58+00:00\" \/>\n<meta property=\"article:modified_time\" content=\"2025-12-15T21:49:10+00:00\" \/>\n<meta property=\"og:image\" content=\"https:\/\/www.treatwell.fr/identite\/wp-content\/uploads\/sites\/6\/2022\/03\/Schermafbeelding-2021-04-26-om-10.31.33-500x628.png\" \/>\n\t<meta property=\"og:image:width\" content=\"500\" \/>\n\t<meta property=\"og:image:height\" content=\"628\" \/>\n\t<meta property=\"og:image:type\" content=\"image\/png\" \/>\n<meta name=\"author\" content=\"Beth Ryan\" \/>\n<meta name=\"twitter:card\" content=\"summary_large_image\" \/>\n<meta name=\"twitter:label1\" content=\"\u00c9crit par\" \/>\n\t<meta name=\"twitter:data1\" content=\"Beth Ryan\" \/>\n\t<meta name=\"twitter:label2\" content=\"Dur\u00e9e de lecture estim\u00e9e\" \/>\n\t<meta name=\"twitter:data2\" content=\"2 minutes\" \/>\n<script type=\"application\/ld+json\" class=\"yoast-schema-graph\">{\"@context\":\"https:\\\/\\\/schema.org\",\"@graph\":[{\"@type\":\"Article\",\"@id\":\"https:\\\/\\\/www.treatwell.fr/identite\\\/oscars-looks-beaute-saison\\\/#article\",\"isPartOf\":{\"@id\":\"https:\\\/\\\/www.treatwell.fr/identite\\\/oscars-looks-beaute-saison\\\/\"},\"author\":{\"name\":\"Beth Ryan\",\"@id\":\"https:\\\/\\\/www.treatwell.fr/identite\\\/#\\\/schema\\\/person\\\/45be8f7781947e6c6d31f4b658271bf6\"},\"headline\":\"Oscars 2021 : d\u00e9couvrez les 9 looks beaut\u00e9 dont on va s&#8217;inspirer cette saison\",\"datePublished\":\"2021-04-26T13:00:58+00:00\",\"dateModified\":\"2025-12-15T21:49:10+00:00\",\"mainEntityOfPage\":{\"@id\":\"https:\\\/\\\/www.treatwell.fr/identite\\\/oscars-looks-beaute-saison\\\/\"},\"wordCount\":347,\"publisher\":{\"@id\":\"https:\\\/\\\/www.treatwell.fr/identite\\\/#organization\"},\"image\":{\"@id\":\"https:\\\/\\\/www.treatwell.fr/identite\\\/oscars-looks-beaute-saison\\\/#primaryimage\"},\"thumbnailUrl\":\"https:\\\/\\\/www.treatwell.fr/identite\\\/wp-content\\\/uploads\\\/sites\\\/6\\\/2022\\\/03\\\/Schermafbeelding-2021-04-26-om-10.31.33-500x628.png\",\"keywords\":[\"Face\",\"Hair\",\"Makeup\"],\"articleSection\":[\"Beaut\u00e9\"],\"inLanguage\":\"fr-FR\"},{\"@type\":\"WebPage\",\"@id\":\"https:\\\/\\\/www.treatwell.fr/identite\\\/oscars-looks-beaute-saison\\\/\",\"url\":\"https:\\\/\\\/www.treatwell.fr/identite\\\/oscars-looks-beaute-saison\\\/\",\"name\":\"Coiffures Oscars : inspirations stars et id\u00e9es beaut\u00e9 | Treatwell\",\"isPartOf\":{\"@id\":\"https:\\\/\\\/www.treatwell.fr/identite\\\/#website\"},\"primaryImageOfPage\":{\"@id\":\"https:\\\/\\\/www.treatwell.fr/identite\\\/oscars-looks-beaute-saison\\\/#primaryimage\"},\"image\":{\"@id\":\"https:\\\/\\\/www.treatwell.fr/identite\\\/oscars-looks-beaute-saison\\\/#primaryimage\"},\"thumbnailUrl\":\"https:\\\/\\\/www.treatwell.fr/identite\\\/wp-content\\\/uploads\\\/sites\\\/6\\\/2022\\\/03\\\/Schermafbeelding-2021-04-26-om-10.31.33-500x628.png\",\"datePublished\":\"2021-04-26T13:00:58+00:00\",\"dateModified\":\"2025-12-15T21:49:10+00:00\",\"description\":\"Looks de stars rep\u00e9r\u00e9s aux Oscars : chignons glamour, coiffures afro sym\u00e9triques, tresses, franges et conseils beaut\u00e9. Inspire-toi et r\u00e9serve un soin beaut\u00e9 sur Treatwell.\",\"breadcrumb\":{\"@id\":\"https:\\\/\\\/www.treatwell.fr/identite\\\/oscars-looks-beaute-saison\\\/#breadcrumb\"},\"inLanguage\":\"fr-FR\",\"potentialAction\":[{\"@type\":\"ReadAction\",\"target\":[\"https:\\\/\\\/www.treatwell.fr/identite\\\/oscars-looks-beaute-saison\\\/\"]}]},{\"@type\":\"ImageObject\",\"inLanguage\":\"fr-FR\",\"@id\":\"https:\\\/\\\/www.treatwell.fr/identite\\\/oscars-looks-beaute-saison\\\/#primaryimage\",\"url\":\"https:\\\/\\\/www.treatwell.fr/identite\\\/wp-content\\\/uploads\\\/sites\\\/6\\\/2022\\\/03\\\/Schermafbeelding-2021-04-26-om-10.31.33-500x628.png\",\"contentUrl\":\"https:\\\/\\\/www.treatwell.fr/identite\\\/wp-content\\\/uploads\\\/sites\\\/6\\\/2022\\\/03\\\/Schermafbeelding-2021-04-26-om-10.31.33-500x628.png\",\"width\":500,\"height\":628},{\"@type\":\"BreadcrumbList\",\"@id\":\"https:\\\/\\\/www.treatwell.fr/identite\\\/oscars-looks-beaute-saison\\\/#breadcrumb\",\"itemListElement\":[{\"@type\":\"ListItem\",\"position\":1,\"name\":\"Home\",\"item\":\"https:\\\/\\\/www.treatwell.fr/identite\\\/\"},{\"@type\":\"ListItem\",\"position\":2,\"name\":\"Beaut\u00e9\",\"item\":\"https:\\\/\\\/www.treatwell.fr/identite\\\/beaute\\\/\"},{\"@type\":\"ListItem\",\"position\":3,\"name\":\"Oscars 2021 : d\u00e9couvrez les 9 looks beaut\u00e9 dont on va s&#8217;inspirer cette saison\"}]},{\"@type\":\"WebSite\",\"@id\":\"https:\\\/\\\/www.treatwell.fr/identite\\\/#website\",\"url\":\"https:\\\/\\\/www.treatwell.fr/identite\\\/\",\"name\":\"Identit\u00e9\",\"description\":\"Beaut\u00e9, Cheveux, Quotidien\",\"publisher\":{\"@id\":\"https:\\\/\\\/www.treatwell.fr/identite\\\/#organization\"},\"potentialAction\":[{\"@type\":\"SearchAction\",\"target\":{\"@type\":\"EntryPoint\",\"urlTemplate\":\"https:\\\/\\\/www.treatwell.fr/identite\\\/?s={search_term_string}\"},\"query-input\":{\"@type\":\"PropertyValueSpecification\",\"valueRequired\":true,\"valueName\":\"search_term_string\"}}],\"inLanguage\":\"fr-FR\"},{\"@type\":\"Organization\",\"@id\":\"https:\\\/\\\/www.treatwell.fr/identite\\\/#organization\",\"name\":\"Treatwell\",\"url\":\"https:\\\/\\\/www.treatwell.fr/identite\\\/\",\"logo\":{\"@type\":\"ImageObject\",\"inLanguage\":\"fr-FR\",\"@id\":\"https:\\\/\\\/www.treatwell.fr/identite\\\/#\\\/schema\\\/logo\\\/image\\\/\",\"url\":\"https:\\\/\\\/www.treatwell.fr/identite\\\/wp-content\\\/uploads\\\/sites\\\/6\\\/2022\\\/03\\\/logo_treatwell.png\",\"contentUrl\":\"https:\\\/\\\/www.treatwell.fr/identite\\\/wp-content\\\/uploads\\\/sites\\\/6\\\/2022\\\/03\\\/logo_treatwell.png\",\"width\":889,\"height\":164,\"caption\":\"Treatwell\"},\"image\":{\"@id\":\"https:\\\/\\\/www.treatwell.fr/identite\\\/#\\\/schema\\\/logo\\\/image\\\/\"}},{\"@type\":\"Person\",\"@id\":\"https:\\\/\\\/www.treatwell.fr/identite\\\/#\\\/schema\\\/person\\\/45be8f7781947e6c6d31f4b658271bf6\",\"name\":\"Beth Ryan\",\"image\":{\"@type\":\"ImageObject\",\"inLanguage\":\"fr-FR\",\"@id\":\"https:\\\/\\\/secure.gravatar.com\\\/avatar\\\/93502c3b0591e62d75cc697ff3b5b8f47fef521e9dd0d61feb5570ae6d459200?s=96&d=mm&r=g\",\"url\":\"https:\\\/\\\/secure.gravatar.com\\\/avatar\\\/93502c3b0591e62d75cc697ff3b5b8f47fef521e9dd0d61feb5570ae6d459200?s=96&d=mm&r=g\",\"contentUrl\":\"https:\\\/\\\/secure.gravatar.com\\\/avatar\\\/93502c3b0591e62d75cc697ff3b5b8f47fef521e9dd0d61feb5570ae6d459200?s=96&d=mm&r=g\",\"caption\":\"Beth Ryan\"},\"url\":\"https:\\\/\\\/www.treatwell.fr/identite\\\/author\\\/bethanyryan\\\/\"}]}<\/script>\n<!-- \/ Yoast SEO plugin. -->","yoast_head_json":{"title":"Coiffures Oscars : inspirations stars et id\u00e9es beaut\u00e9 | Treatwell","description":"Looks de stars rep\u00e9r\u00e9s aux Oscars : chignons glamour, coiffures afro sym\u00e9triques, tresses, franges et conseils beaut\u00e9. Inspire-toi et r\u00e9serve un soin beaut\u00e9 sur Treatwell.","robots":{"index":"index","follow":"follow","max-snippet":"max-snippet:-1","max-image-preview":"max-image-preview:large","max-video-preview":"max-video-preview:-1"},"canonical":"https:\/\/www.treatwell.fr/identite\/oscars-looks-beaute-saison\/","og_locale":"fr_FR","og_type":"article","og_title":"Coiffures Oscars : inspirations stars et id\u00e9es beaut\u00e9 | Treatwell","og_description":"Looks de stars rep\u00e9r\u00e9s aux Oscars : chignons glamour, coiffures afro sym\u00e9triques, tresses, franges et conseils beaut\u00e9. Inspire-toi et r\u00e9serve un soin beaut\u00e9 sur Treatwell.","og_url":"https:\/\/www.treatwell.fr/identite\/oscars-looks-beaute-saison\/","og_site_name":"Identit\u00e9","article_published_time":"2021-04-26T13:00:58+00:00","article_modified_time":"2025-12-15T21:49:10+00:00","og_image":[{"width":500,"height":628,"url":"https:\/\/www.treatwell.fr/identite\/wp-content\/uploads\/sites\/6\/2022\/03\/Schermafbeelding-2021-04-26-om-10.31.33-500x628.png","type":"image\/png"}],"author":"Beth Ryan","twitter_card":"summary_large_image","twitter_misc":{"\u00c9crit par":"Beth Ryan","Dur\u00e9e de lecture estim\u00e9e":"2 minutes"},"schema":{"@context":"https:\/\/schema.org","@graph":[{"@type":"Article","@id":"https:\/\/www.treatwell.fr/identite\/oscars-looks-beaute-saison\/#article","isPartOf":{"@id":"https:\/\/www.treatwell.fr/identite\/oscars-looks-beaute-saison\/"},"author":{"name":"Beth Ryan","@id":"https:\/\/www.treatwell.fr/identite\/#\/schema\/person\/45be8f7781947e6c6d31f4b658271bf6"},"headline":"Oscars 2021 : d\u00e9couvrez les 9 looks beaut\u00e9 dont on va s&#8217;inspirer cette saison","datePublished":"2021-04-26T13:00:58+00:00","dateModified":"2025-12-15T21:49:10+00:00","mainEntityOfPage":{"@id":"https:\/\/www.treatwell.fr/identite\/oscars-looks-beaute-saison\/"},"wordCount":347,"publisher":{"@id":"https:\/\/www.treatwell.fr/identite\/#organization"},"image":{"@id":"https:\/\/www.treatwell.fr/identite\/oscars-looks-beaute-saison\/#primaryimage"},"thumbnailUrl":"https:\/\/www.treatwell.fr/identite\/wp-content\/uploads\/sites\/6\/2022\/03\/Schermafbeelding-2021-04-26-om-10.31.33-500x628.png","keywords":["Face","Hair","Makeup"],"articleSection":["Beaut\u00e9"],"inLanguage":"fr-FR"},{"@type":"WebPage","@id":"https:\/\/www.treatwell.fr/identite\/oscars-looks-beaute-saison\/","url":"https:\/\/www.treatwell.fr/identite\/oscars-looks-beaute-saison\/","name":"Coiffures Oscars : inspirations stars et id\u00e9es beaut\u00e9 | Treatwell","isPartOf":{"@id":"https:\/\/www.treatwell.fr/identite\/#website"},"primaryImageOfPage":{"@id":"https:\/\/www.treatwell.fr/identite\/oscars-looks-beaute-saison\/#primaryimage"},"image":{"@id":"https:\/\/www.treatwell.fr/identite\/oscars-looks-beaute-saison\/#primaryimage"},"thumbnailUrl":"https:\/\/www.treatwell.fr/identite\/wp-content\/uploads\/sites\/6\/2022\/03\/Schermafbeelding-2021-04-26-om-10.31.33-500x628.png","datePublished":"2021-04-26T13:00:58+00:00","dateModified":"2025-12-15T21:49:10+00:00","description":"Looks de stars rep\u00e9r\u00e9s aux Oscars : chignons glamour, coiffures afro sym\u00e9triques, tresses, franges et conseils beaut\u00e9. Inspire-toi et r\u00e9serve un soin beaut\u00e9 sur Treatwell.","breadcrumb":{"@id":"https:\/\/www.treatwell.fr/identite\/oscars-looks-beaute-saison\/#breadcrumb"},"inLanguage":"fr-FR","potentialAction":[{"@type":"ReadAction","target":["https:\/\/www.treatwell.fr/identite\/oscars-looks-beaute-saison\/"]}]},{"@type":"ImageObject","inLanguage":"fr-FR","@id":"https:\/\/www.treatwell.fr/identite\/oscars-looks-beaute-saison\/#primaryimage","url":"https:\/\/www.treatwell.fr/identite\/wp-content\/uploads\/sites\/6\/2022\/03\/Schermafbeelding-2021-04-26-om-10.31.33-500x628.png","contentUrl":"https:\/\/www.treatwell.fr/identite\/wp-content\/uploads\/sites\/6\/2022\/03\/Schermafbeelding-2021-04-26-om-10.31.33-500x628.png","width":500,"height":628},{"@type":"BreadcrumbList","@id":"https:\/\/www.treatwell.fr/identite\/oscars-looks-beaute-saison\/#breadcrumb","itemListElement":[{"@type":"ListItem","position":1,"name":"Home","item":"https:\/\/www.treatwell.fr/identite\/"},{"@type":"ListItem","position":2,"name":"Beaut\u00e9","item":"https:\/\/www.treatwell.fr/identite\/beaute\/"},{"@type":"ListItem","position":3,"name":"Oscars 2021 : d\u00e9couvrez les 9 looks beaut\u00e9 dont on va s&#8217;inspirer cette saison"}]},{"@type":"WebSite","@id":"https:\/\/www.treatwell.fr/identite\/#website","url":"https:\/\/www.treatwell.fr/identite\/","name":"Identit\u00e9","description":"Beaut\u00e9, Cheveux, Quotidien","publisher":{"@id":"https:\/\/www.treatwell.fr/identite\/#organization"},"potentialAction":[{"@type":"SearchAction","target":{"@type":"EntryPoint","urlTemplate":"https:\/\/www.treatwell.fr/identite\/?s={search_term_string}"},"query-input":{"@type":"PropertyValueSpecification","valueRequired":true,"valueName":"search_term_string"}}],"inLanguage":"fr-FR"},{"@type":"Organization","@id":"https:\/\/www.treatwell.fr/identite\/#organization","name":"Treatwell","url":"https:\/\/www.treatwell.fr/identite\/","logo":{"@type":"ImageObject","inLanguage":"fr-FR","@id":"https:\/\/www.treatwell.fr/identite\/#\/schema\/logo\/image\/","url":"https:\/\/www.treatwell.fr/identite\/wp-content\/uploads\/sites\/6\/2022\/03\/logo_treatwell.png","contentUrl":"https:\/\/www.treatwell.fr/identite\/wp-content\/uploads\/sites\/6\/2022\/03\/logo_treatwell.png","width":889,"height":164,"caption":"Treatwell"},"image":{"@id":"https:\/\/www.treatwell.fr/identite\/#\/schema\/logo\/image\/"}},{"@type":"Person","@id":"https:\/\/www.treatwell.fr/identite\/#\/schema\/person\/45be8f7781947e6c6d31f4b658271bf6","name":"Beth Ryan","image":{"@type":"ImageObject","inLanguage":"fr-FR","@id":"https:\/\/secure.gravatar.com\/avatar\/93502c3b0591e62d75cc697ff3b5b8f47fef521e9dd0d61feb5570ae6d459200?s=96&d=mm&r=g","url":"https:\/\/secure.gravatar.com\/avatar\/93502c3b0591e62d75cc697ff3b5b8f47fef521e9dd0d61feb5570ae6d459200?s=96&d=mm&r=g","contentUrl":"https:\/\/secure.gravatar.com\/avatar\/93502c3b0591e62d75cc697ff3b5b8f47fef521e9dd0d61feb5570ae6d459200?s=96&d=mm&r=g","caption":"Beth Ryan"},"url":"https:\/\/www.treatwell.fr/identite\/author\/bethanyryan\/"}]}},"featured_image_src":"https:\/\/www.treatwell.fr/identite\/wp-content\/uploads\/sites\/6\/2022\/03\/Schermafbeelding-2021-04-26-om-10.31.33-500x628-500x400.png","featured_image_src_square":"https:\/\/www.treatwell.fr/identite\/wp-content\/uploads\/sites\/6\/2022\/03\/Schermafbeelding-2021-04-26-om-10.31.33-500x628-500x600.png","author_info":{"display_name":"Beth Ryan","author_link":"https:\/\/www.treatwell.fr/identite\/author\/bethanyryan\/"},"_links":{"self":[{"href":"https:\/\/www.treatwell.fr\/identite\/wp-json\/wp\/v2\/posts\/42978","targetHints":{"allow":["GET"]}}],"collection":[{"href":"https:\/\/www.treatwell.fr\/identite\/wp-json\/wp\/v2\/posts"}],"about":[{"href":"https:\/\/www.treatwell.fr\/identite\/wp-json\/wp\/v2\/types\/post"}],"author":[{"embeddable":true,"href":"https:\/\/www.treatwell.fr\/identite\/wp-json\/wp\/v2\/users\/3366"}],"replies":[{"embeddable":true,"href":"https:\/\/www.treatwell.fr\/identite\/wp-json\/wp\/v2\/comments?post=42978"}],"version-history":[{"count":0,"href":"https:\/\/www.treatwell.fr\/identite\/wp-json\/wp\/v2\/posts\/42978\/revisions"}],"wp:featuredmedia":[{"embeddable":true,"href":"https:\/\/www.treatwell.fr\/identite\/wp-json\/wp\/v2\/media\/42989"}],"wp:attachment":[{"href":"https:\/\/www.treatwell.fr\/identite\/wp-json\/wp\/v2\/media?parent=42978"}],"wp:term":[{"taxonomy":"category","embeddable":true,"href":"https:\/\/www.treatwell.fr\/identite\/wp-json\/wp\/v2\/categories?post=42978"},{"taxonomy":"post_tag","embeddable":true,"href":"https:\/\/www.treatwell.fr\/identite\/wp-json\/wp\/v2\/tags?post=42978"}],"curies":[{"name":"wp","href":"https:\/\/api.w.org\/{rel}","templated":true}]}}