{"id":43495,"date":"2021-09-06T14:53:51","date_gmt":"2021-09-06T12:53:51","guid":{"rendered":"https:\/\/www.treatwell.fr\/identite\/?p=27510"},"modified":"2025-12-16T10:01:36","modified_gmt":"2025-12-16T09:01:36","slug":"radiofrequence-boost-peau-apres-ete","status":"publish","type":"post","link":"https:\/\/www.treatwell.fr/identite\/radiofrequence-boost-peau-apres-ete\/","title":{"rendered":"J\u2019ai test\u00e9 la radiofr\u00e9quence pour donner un coup de boost \u00e0 ma peau apr\u00e8s l\u2019\u00e9t\u00e9"},"content":{"rendered":"<p class=\"p1\">En tant que fervente adepte des soins skincare, j\u2019ai test\u00e9 tout un tas de soins du visage dans ma vie. Un peu par curiosit\u00e9, mais surtout dans le but de trouver le truc parfait pour sublimer ma peau et mon teint. Maintenant que l\u2019\u00e9t\u00e9 est *presque* fini (sniff) ma mission \u00e9tait celle d\u2019apaiser la d\u00e9shydratation due aux s\u00e9ances de bronzette au soleil et d\u2019offrir un bon coup de boost \u00e0 ma peau pour la rentr\u00e9e.<\/p>\n<p class=\"p1\">J\u2019ai donc craqu\u00e9 pour la radiofr\u00e9quence \u2013 un traitement sp\u00e9cifique qui permet de raffermir le visage tout en restituant l\u2019\u00e9clat de la peau. Voici pourquoi j\u2019ai enfin trouv\u00e9 le soin du visage qu\u2019il me fallait.<\/p>\n<div class=\"schema-faq wp-block-yoast-faq-block\">\n<div class=\"schema-faq-section\" id=\"faq-question-1765875192643\">\n<h3 class=\"schema-faq-question\">Comment se d\u00e9roule une s\u00e9ance de radiofr\u00e9quence pour le visage ?<\/h3>\n<p class=\"schema-faq-answer\">Une s\u00e9ance de radiofr\u00e9quence commence par l\u2019application d\u2019un gel conducteur pour permettre aux ondes de p\u00e9n\u00e9trer les couches profondes de l\u2019\u00e9piderme. Tu ressens une chaleur sur tout le visage, sans aucune douleur, et une l\u00e9g\u00e8re pression au niveau des tempes, des yeux et de la bouche pour un effet liftant imm\u00e9diat.<\/div>\n<div class=\"schema-faq-section\" id=\"faq-question-1765875192644\">\n<h3 class=\"schema-faq-question\">Quels effets la radiofr\u00e9quence a-t-elle sur l\u2019\u00e9clat de la peau ?<\/h3>\n<p class=\"schema-faq-answer\">La radiofr\u00e9quence offre un vrai coup d\u2019\u00e9clat \u00e0 ton teint d\u00e8s la premi\u00e8re s\u00e9ance. Sa chaleur stimule la peau, qui para\u00eet plus lumineuse, repos\u00e9e et rajeunie, notamment au niveau des pommettes, de la m\u00e2choire, des yeux et de la bouche.<\/div>\n<div class=\"schema-faq-section\" id=\"faq-question-1765875192645\">\n<h3 class=\"schema-faq-question\">Faut-il s\u2019attendre \u00e0 une sensation d\u00e9sagr\u00e9able pendant la radiofr\u00e9quence ?<\/h3>\n<p class=\"schema-faq-answer\">Tu ne ressens aucune douleur, uniquement une chaleur douce et une pression localis\u00e9e. La temp\u00e9rature est r\u00e9gl\u00e9e \u00e0 l\u2019avance pour garantir ton confort et il est tout \u00e0 fait possible de se d\u00e9tendre tout au long de la s\u00e9ance.<\/div>\n<div class=\"schema-faq-section\" id=\"faq-question-1765875192646\">\n<h3 class=\"schema-faq-question\">Quand peut-on observer les r\u00e9sultats de la radiofr\u00e9quence sur le visage ?<\/h3>\n<p class=\"schema-faq-answer\">Les effets sont visibles d\u00e8s la fin de la premi\u00e8re s\u00e9ance et continuent \u00e0 s\u2019intensifier dans les semaines suivantes. Avec un protocole de 6 s\u00e9ances espac\u00e9es d\u2019une semaine, tu peux constater une peau visiblement plus ferme et un teint \u00e9clatant \u00e0 l\u2019approche de la rentr\u00e9e.<\/div>\n<div class=\"schema-faq-section\" id=\"faq-question-1765875192647\">\n<h3 class=\"schema-faq-question\">Combien de s\u00e9ances de radiofr\u00e9quence sont recommand\u00e9es pour optimiser les r\u00e9sultats ?<\/h3>\n<p class=\"schema-faq-answer\">Pour un r\u00e9sultat optimal, il est conseill\u00e9 d\u2019opter pour 6 s\u00e9ances espac\u00e9es chacune de 1 semaine. Cette r\u00e9gularit\u00e9 aide \u00e0 raffermir durablement la peau et \u00e0 sublimer ton visage sur la dur\u00e9e.<\/div>\n<\/p><\/div>\n","protected":false},"excerpt":{"rendered":"<p>En tant que fervente adepte des soins skincare, j\u2019ai test\u00e9 tout un tas de soins du visage dans ma vie. Un peu par curiosit\u00e9, mais surtout dans le but de trouver le truc parfait pour sublimer ma peau et mon teint. Maintenant que l\u2019\u00e9t\u00e9 est *presque* fini (sniff) ma mission \u00e9tait celle d\u2019apaiser la d\u00e9shydratation [&hellip;]<\/p>\n","protected":false},"author":3366,"featured_media":43497,"comment_status":"closed","ping_status":"closed","sticky":false,"template":"","format":"standard","meta":{"_acf_changed":false,"_yoast_wpseo_title":"Radiofr\u00e9quence visage : soin raffermissant | Treatwell","_yoast_wpseo_metadesc":"D\u00e9couvre la radiofr\u00e9quence visage : un soin raffermissant et \u00e9clat coup de boost apr\u00e8s l'\u00e9t\u00e9. R\u00e9sultats visibles, peau ferme et lumineuse, r\u00e9servation rapide en ligne.","_genesis_hide_title":false,"_genesis_hide_breadcrumbs":false,"_genesis_hide_singular_image":false,"_genesis_hide_footer_widgets":false,"_genesis_custom_body_class":"","_genesis_custom_post_class":"","_genesis_layout":"","saswp_custom_schema_field":"{\"@context\":\"https:\/\/schema.org\",\"@type\":\"FAQPage\",\"mainEntity\":[{\"@type\":\"Question\",\"name\":\"Comment se d\u00e9roule une s\u00e9ance de radiofr\u00e9quence pour le visage ?\",\"acceptedAnswer\":{\"@type\":\"Answer\",\"text\":\"Une s\u00e9ance de radiofr\u00e9quence commence par l\u2019application d\u2019un gel conducteur pour permettre aux ondes de p\u00e9n\u00e9trer les couches profondes de l\u2019\u00e9piderme. Tu ressens une chaleur sur tout le visage, sans aucune douleur, et une l\u00e9g\u00e8re pression au niveau des tempes, des yeux et de la bouche pour un effet liftant imm\u00e9diat.\"}},{\"@type\":\"Question\",\"name\":\"Quels effets la radiofr\u00e9quence a-t-elle sur l\u2019\u00e9clat de la peau ?\",\"acceptedAnswer\":{\"@type\":\"Answer\",\"text\":\"La radiofr\u00e9quence offre un vrai coup d\u2019\u00e9clat \u00e0 ton teint d\u00e8s la premi\u00e8re s\u00e9ance. Sa chaleur stimule la peau, qui para\u00eet plus lumineuse, repos\u00e9e et rajeunie, notamment au niveau des pommettes, de la m\u00e2choire, des yeux et de la bouche.\"}},{\"@type\":\"Question\",\"name\":\"Faut-il s\u2019attendre \u00e0 une sensation d\u00e9sagr\u00e9able pendant la radiofr\u00e9quence ?\",\"acceptedAnswer\":{\"@type\":\"Answer\",\"text\":\"Tu ne ressens aucune douleur, uniquement une chaleur douce et une pression localis\u00e9e. La temp\u00e9rature est r\u00e9gl\u00e9e \u00e0 l\u2019avance pour garantir ton confort et il est tout \u00e0 fait possible de se d\u00e9tendre tout au long de la s\u00e9ance.\"}},{\"@type\":\"Question\",\"name\":\"Quand peut-on observer les r\u00e9sultats de la radiofr\u00e9quence sur le visage ?\",\"acceptedAnswer\":{\"@type\":\"Answer\",\"text\":\"Les effets sont visibles d\u00e8s la fin de la premi\u00e8re s\u00e9ance et continuent \u00e0 s\u2019intensifier dans les semaines suivantes. Avec un protocole de 6 s\u00e9ances espac\u00e9es d\u2019une semaine, tu peux constater une peau visiblement plus ferme et un teint \u00e9clatant \u00e0 l\u2019approche de la rentr\u00e9e.\"}},{\"@type\":\"Question\",\"name\":\"Combien de s\u00e9ances de radiofr\u00e9quence sont recommand\u00e9es pour optimiser les r\u00e9sultats ?\",\"acceptedAnswer\":{\"@type\":\"Answer\",\"text\":\"Pour un r\u00e9sultat optimal, il est conseill\u00e9 d\u2019opter pour 6 s\u00e9ances espac\u00e9es chacune de 1 semaine. Cette r\u00e9gularit\u00e9 aide \u00e0 raffermir durablement la peau et \u00e0 sublimer ton visage sur la dur\u00e9e.\"}}]}","footnotes":""},"categories":[4],"tags":[54,161,63],"class_list":{"0":"post-43495","1":"post","2":"type-post","3":"status-publish","4":"format-standard","5":"has-post-thumbnail","7":"category-beaute","8":"tag-tt4","9":"tag-tr201","10":"tag-tr50","11":"entry"},"acf":{"post_credits":"","beauty_blog_post_button_title":"","beauty_blog_post_button":"","landscape_picture":43496,"blocks":[{"block_title":"Un soin *presque* m\u00e9dical","block_content":"La radiofr\u00e9quence est un soin clinique, d&#039;o\u00f9 ses r\u00e9sultats rapides et extr\u00eamement efficaces.\u00a0La s\u00e9ance d\u00e9bute par l\u2019application d\u2019un gel conducteur qui va permettre aux ondes de la radiofr\u00e9quence de p\u00e9n\u00e9trer dans les couches profondes de l\u2019\u00e9piderme. Cela n\u2019a rien de d\u00e9plaisant mais on est bien loin d\u2019un massage du visage aux huiles essentielles. On se croirait presque chez le dentiste (mais en moins stressant).","video_content":"","block_picture":null},{"block_title":"De la chaleur mais aucune douleur","block_content":"Le rayonnement de\u00a0la machine \u00e0 radiofr\u00e9quence \u00e9mane une chaleur qu&#039;onressent sur tout le visage\u00a0mais la temp\u00e9rature est r\u00e9gl\u00e9e en amont et la sensation n\u2019est pas d\u00e9sagr\u00e9able :\u00a0j\u2019ai r\u00e9ussi \u00e0 me d\u00e9tendre pendant toute la s\u00e9ance. La radiofr\u00e9quence n\u2019est pas du tout douloureuse, au contraire. On peut ressentir\u00a0une l\u00e9g\u00e8re pression \u00e0 certains endroits comme au niveau du\u00a0contour\u00a0des yeux, des tempes et de la bouche : ce sont ces pressions qui permettent de lifter,\u00a0sculpter et raffermir le visage tandis que les ondes travaillent l'\u00e9clat du teint.","video_content":"","block_picture":null},{"block_title":"Apr\u00e8s la s\u00e9ance","block_content":"J\u2019ai tout de suite remarqu\u00e9 une grande diff\u00e9rence d\u00e8s la fin de ma 1\u00e8re s\u00e9ance. J\u2019ai remarqu\u00e9 que j&#039;avais\u00a0l\u2019air plus repos\u00e9\u00a0et ma peau semblait comme rajeunie et plus ferme au niveau des pommettes, de la m\u00e2choire, des yeux et de la bouche. Encore mieux : mon teint n\u2019a jamais \u00e9t\u00e9 aussi \u00e9clatant qu\u2019avec les autres soins du visage et cela, gr\u00e2ce \u00e0 la chaleur de la radiofr\u00e9quence. C\u2019est l\u00e0 que j\u2019ai compris que j\u2019avais enfin trouv\u00e9 le soin du visage parfait pour moi. De retour au bureau, les compliments ont fus\u00e9.","video_content":"","block_picture":null},{"block_title":"Les r\u00e9sultats sur la dur\u00e9e","block_content":"Ce qu\u2019il y a de merveilleux \u00e0 propos de la radiofr\u00e9quence, c\u2019est que les r\u00e9sultats se remarquent d\u2019embl\u00e9e et continuent \u00e0 d\u00e9voiler\u00a0leur effet dans les semaines qui suivent. J\u2019ai opt\u00e9 pour 6 s\u00e9ances espac\u00e9es de 1 semaine et j\u2019ai l\u2019impression que ma peau a rajeuni de quelques ann\u00e9es. Effac\u00e9es les marques des ap\u00e9ros arros\u00e9s de l\u2019\u00e9t\u00e9, ma peau a subi un coup de boost impressionnant juste \u00e0 temps pour mon retour au bureau.\n\nAvec Treatwell, vous pouvez r\u00e9server\u00a0<a href=\"https:\/\/www.treatwell.fr\/\">vos soins beaut\u00e9 en ligne<\/a>\u00a0et dans vos \u00e9tablissements pr\u00e9f\u00e9r\u00e9s \u2013 simple, rapide et tout \u00e7a en un rien de temps.<a href=\"https:\/\/www.treatwell.fr\/salons\/soin-radiofrequence-visage\/offre-type-local\/dans-ile-de-france\/\">\u00a0<\/a><a href=\"https:\/\/www.treatwell.fr\/salons\/soin-peeling-du-visage\/offre-type-local\/dans-ile-de-france\/\">D\u00e9couvrez des adresses canon pr\u00e8s de chez vous.<\/a>","video_content":"","block_picture":null}]},"yoast_head":"<!-- This site is optimized with the Yoast SEO plugin v27.4 - https:\/\/yoast.com\/product\/yoast-seo-wordpress\/ -->\n<title>Radiofr\u00e9quence visage : soin raffermissant | Treatwell<\/title>\n<meta name=\"description\" content=\"D\u00e9couvre la radiofr\u00e9quence visage : un soin raffermissant et \u00e9clat coup de boost apr\u00e8s l&#039;\u00e9t\u00e9. R\u00e9sultats visibles, peau ferme et lumineuse, r\u00e9servation rapide en ligne.\" \/>\n<meta name=\"robots\" content=\"index, follow, max-snippet:-1, max-image-preview:large, max-video-preview:-1\" \/>\n<link rel=\"canonical\" href=\"https:\/\/www.treatwell.fr/identite\/radiofrequence-boost-peau-apres-ete\/\" \/>\n<meta property=\"og:locale\" content=\"fr_FR\" \/>\n<meta property=\"og:type\" content=\"article\" \/>\n<meta property=\"og:title\" content=\"Radiofr\u00e9quence visage : soin raffermissant | Treatwell\" \/>\n<meta property=\"og:description\" content=\"D\u00e9couvre la radiofr\u00e9quence visage : un soin raffermissant et \u00e9clat coup de boost apr\u00e8s l&#039;\u00e9t\u00e9. R\u00e9sultats visibles, peau ferme et lumineuse, r\u00e9servation rapide en ligne.\" \/>\n<meta property=\"og:url\" content=\"https:\/\/www.treatwell.fr/identite\/radiofrequence-boost-peau-apres-ete\/\" \/>\n<meta property=\"og:site_name\" content=\"Identit\u00e9\" \/>\n<meta property=\"article:published_time\" content=\"2021-09-06T12:53:51+00:00\" \/>\n<meta property=\"article:modified_time\" content=\"2025-12-16T09:01:36+00:00\" \/>\n<meta property=\"og:image\" content=\"https:\/\/www.treatwell.fr/identite\/wp-content\/uploads\/sites\/6\/2022\/03\/ezgif-2-b98faa036625.jpeg\" \/>\n\t<meta property=\"og:image:width\" content=\"500\" \/>\n\t<meta property=\"og:image:height\" content=\"600\" \/>\n\t<meta property=\"og:image:type\" content=\"image\/jpeg\" \/>\n<meta name=\"author\" content=\"Beth Ryan\" \/>\n<meta name=\"twitter:card\" content=\"summary_large_image\" \/>\n<meta name=\"twitter:label1\" content=\"\u00c9crit par\" \/>\n\t<meta name=\"twitter:data1\" content=\"Beth Ryan\" \/>\n\t<meta name=\"twitter:label2\" content=\"Dur\u00e9e de lecture estim\u00e9e\" \/>\n\t<meta name=\"twitter:data2\" content=\"2 minutes\" \/>\n<script type=\"application\/ld+json\" class=\"yoast-schema-graph\">{\"@context\":\"https:\\\/\\\/schema.org\",\"@graph\":[{\"@type\":\"Article\",\"@id\":\"https:\\\/\\\/www.treatwell.fr/identite\\\/radiofrequence-boost-peau-apres-ete\\\/#article\",\"isPartOf\":{\"@id\":\"https:\\\/\\\/www.treatwell.fr/identite\\\/radiofrequence-boost-peau-apres-ete\\\/\"},\"author\":{\"name\":\"Beth Ryan\",\"@id\":\"https:\\\/\\\/www.treatwell.fr/identite\\\/#\\\/schema\\\/person\\\/45be8f7781947e6c6d31f4b658271bf6\"},\"headline\":\"J\u2019ai test\u00e9 la radiofr\u00e9quence pour donner un coup de boost \u00e0 ma peau apr\u00e8s l\u2019\u00e9t\u00e9\",\"datePublished\":\"2021-09-06T12:53:51+00:00\",\"dateModified\":\"2025-12-16T09:01:36+00:00\",\"mainEntityOfPage\":{\"@id\":\"https:\\\/\\\/www.treatwell.fr/identite\\\/radiofrequence-boost-peau-apres-ete\\\/\"},\"wordCount\":441,\"publisher\":{\"@id\":\"https:\\\/\\\/www.treatwell.fr/identite\\\/#organization\"},\"image\":{\"@id\":\"https:\\\/\\\/www.treatwell.fr/identite\\\/radiofrequence-boost-peau-apres-ete\\\/#primaryimage\"},\"thumbnailUrl\":\"https:\\\/\\\/www.treatwell.fr/identite\\\/wp-content\\\/uploads\\\/sites\\\/6\\\/2022\\\/03\\\/ezgif-2-b98faa036625.jpeg\",\"keywords\":[\"Face\",\"Face Lift\",\"Facials\"],\"articleSection\":[\"Beaut\u00e9\"],\"inLanguage\":\"fr-FR\"},{\"@type\":\"WebPage\",\"@id\":\"https:\\\/\\\/www.treatwell.fr/identite\\\/radiofrequence-boost-peau-apres-ete\\\/\",\"url\":\"https:\\\/\\\/www.treatwell.fr/identite\\\/radiofrequence-boost-peau-apres-ete\\\/\",\"name\":\"Radiofr\u00e9quence visage : soin raffermissant | Treatwell\",\"isPartOf\":{\"@id\":\"https:\\\/\\\/www.treatwell.fr/identite\\\/#website\"},\"primaryImageOfPage\":{\"@id\":\"https:\\\/\\\/www.treatwell.fr/identite\\\/radiofrequence-boost-peau-apres-ete\\\/#primaryimage\"},\"image\":{\"@id\":\"https:\\\/\\\/www.treatwell.fr/identite\\\/radiofrequence-boost-peau-apres-ete\\\/#primaryimage\"},\"thumbnailUrl\":\"https:\\\/\\\/www.treatwell.fr/identite\\\/wp-content\\\/uploads\\\/sites\\\/6\\\/2022\\\/03\\\/ezgif-2-b98faa036625.jpeg\",\"datePublished\":\"2021-09-06T12:53:51+00:00\",\"dateModified\":\"2025-12-16T09:01:36+00:00\",\"description\":\"D\u00e9couvre la radiofr\u00e9quence visage : un soin raffermissant et \u00e9clat coup de boost apr\u00e8s l'\u00e9t\u00e9. R\u00e9sultats visibles, peau ferme et lumineuse, r\u00e9servation rapide en ligne.\",\"breadcrumb\":{\"@id\":\"https:\\\/\\\/www.treatwell.fr/identite\\\/radiofrequence-boost-peau-apres-ete\\\/#breadcrumb\"},\"inLanguage\":\"fr-FR\",\"potentialAction\":[{\"@type\":\"ReadAction\",\"target\":[\"https:\\\/\\\/www.treatwell.fr/identite\\\/radiofrequence-boost-peau-apres-ete\\\/\"]}]},{\"@type\":\"ImageObject\",\"inLanguage\":\"fr-FR\",\"@id\":\"https:\\\/\\\/www.treatwell.fr/identite\\\/radiofrequence-boost-peau-apres-ete\\\/#primaryimage\",\"url\":\"https:\\\/\\\/www.treatwell.fr/identite\\\/wp-content\\\/uploads\\\/sites\\\/6\\\/2022\\\/03\\\/ezgif-2-b98faa036625.jpeg\",\"contentUrl\":\"https:\\\/\\\/www.treatwell.fr/identite\\\/wp-content\\\/uploads\\\/sites\\\/6\\\/2022\\\/03\\\/ezgif-2-b98faa036625.jpeg\",\"width\":500,\"height\":600},{\"@type\":\"BreadcrumbList\",\"@id\":\"https:\\\/\\\/www.treatwell.fr/identite\\\/radiofrequence-boost-peau-apres-ete\\\/#breadcrumb\",\"itemListElement\":[{\"@type\":\"ListItem\",\"position\":1,\"name\":\"Home\",\"item\":\"https:\\\/\\\/www.treatwell.fr/identite\\\/\"},{\"@type\":\"ListItem\",\"position\":2,\"name\":\"Beaut\u00e9\",\"item\":\"https:\\\/\\\/www.treatwell.fr/identite\\\/beaute\\\/\"},{\"@type\":\"ListItem\",\"position\":3,\"name\":\"J\u2019ai test\u00e9 la radiofr\u00e9quence pour donner un coup de boost \u00e0 ma peau apr\u00e8s l\u2019\u00e9t\u00e9\"}]},{\"@type\":\"WebSite\",\"@id\":\"https:\\\/\\\/www.treatwell.fr/identite\\\/#website\",\"url\":\"https:\\\/\\\/www.treatwell.fr/identite\\\/\",\"name\":\"Identit\u00e9\",\"description\":\"Beaut\u00e9, Cheveux, Quotidien\",\"publisher\":{\"@id\":\"https:\\\/\\\/www.treatwell.fr/identite\\\/#organization\"},\"potentialAction\":[{\"@type\":\"SearchAction\",\"target\":{\"@type\":\"EntryPoint\",\"urlTemplate\":\"https:\\\/\\\/www.treatwell.fr/identite\\\/?s={search_term_string}\"},\"query-input\":{\"@type\":\"PropertyValueSpecification\",\"valueRequired\":true,\"valueName\":\"search_term_string\"}}],\"inLanguage\":\"fr-FR\"},{\"@type\":\"Organization\",\"@id\":\"https:\\\/\\\/www.treatwell.fr/identite\\\/#organization\",\"name\":\"Treatwell\",\"url\":\"https:\\\/\\\/www.treatwell.fr/identite\\\/\",\"logo\":{\"@type\":\"ImageObject\",\"inLanguage\":\"fr-FR\",\"@id\":\"https:\\\/\\\/www.treatwell.fr/identite\\\/#\\\/schema\\\/logo\\\/image\\\/\",\"url\":\"https:\\\/\\\/www.treatwell.fr/identite\\\/wp-content\\\/uploads\\\/sites\\\/6\\\/2022\\\/03\\\/logo_treatwell.png\",\"contentUrl\":\"https:\\\/\\\/www.treatwell.fr/identite\\\/wp-content\\\/uploads\\\/sites\\\/6\\\/2022\\\/03\\\/logo_treatwell.png\",\"width\":889,\"height\":164,\"caption\":\"Treatwell\"},\"image\":{\"@id\":\"https:\\\/\\\/www.treatwell.fr/identite\\\/#\\\/schema\\\/logo\\\/image\\\/\"}},{\"@type\":\"Person\",\"@id\":\"https:\\\/\\\/www.treatwell.fr/identite\\\/#\\\/schema\\\/person\\\/45be8f7781947e6c6d31f4b658271bf6\",\"name\":\"Beth Ryan\",\"image\":{\"@type\":\"ImageObject\",\"inLanguage\":\"fr-FR\",\"@id\":\"https:\\\/\\\/secure.gravatar.com\\\/avatar\\\/93502c3b0591e62d75cc697ff3b5b8f47fef521e9dd0d61feb5570ae6d459200?s=96&d=mm&r=g\",\"url\":\"https:\\\/\\\/secure.gravatar.com\\\/avatar\\\/93502c3b0591e62d75cc697ff3b5b8f47fef521e9dd0d61feb5570ae6d459200?s=96&d=mm&r=g\",\"contentUrl\":\"https:\\\/\\\/secure.gravatar.com\\\/avatar\\\/93502c3b0591e62d75cc697ff3b5b8f47fef521e9dd0d61feb5570ae6d459200?s=96&d=mm&r=g\",\"caption\":\"Beth Ryan\"},\"url\":\"https:\\\/\\\/www.treatwell.fr/identite\\\/author\\\/bethanyryan\\\/\"}]}<\/script>\n<!-- \/ Yoast SEO plugin. -->","yoast_head_json":{"title":"Radiofr\u00e9quence visage : soin raffermissant | Treatwell","description":"D\u00e9couvre la radiofr\u00e9quence visage : un soin raffermissant et \u00e9clat coup de boost apr\u00e8s l'\u00e9t\u00e9. R\u00e9sultats visibles, peau ferme et lumineuse, r\u00e9servation rapide en ligne.","robots":{"index":"index","follow":"follow","max-snippet":"max-snippet:-1","max-image-preview":"max-image-preview:large","max-video-preview":"max-video-preview:-1"},"canonical":"https:\/\/www.treatwell.fr/identite\/radiofrequence-boost-peau-apres-ete\/","og_locale":"fr_FR","og_type":"article","og_title":"Radiofr\u00e9quence visage : soin raffermissant | Treatwell","og_description":"D\u00e9couvre la radiofr\u00e9quence visage : un soin raffermissant et \u00e9clat coup de boost apr\u00e8s l'\u00e9t\u00e9. R\u00e9sultats visibles, peau ferme et lumineuse, r\u00e9servation rapide en ligne.","og_url":"https:\/\/www.treatwell.fr/identite\/radiofrequence-boost-peau-apres-ete\/","og_site_name":"Identit\u00e9","article_published_time":"2021-09-06T12:53:51+00:00","article_modified_time":"2025-12-16T09:01:36+00:00","og_image":[{"width":500,"height":600,"url":"https:\/\/www.treatwell.fr/identite\/wp-content\/uploads\/sites\/6\/2022\/03\/ezgif-2-b98faa036625.jpeg","type":"image\/jpeg"}],"author":"Beth Ryan","twitter_card":"summary_large_image","twitter_misc":{"\u00c9crit par":"Beth Ryan","Dur\u00e9e de lecture estim\u00e9e":"2 minutes"},"schema":{"@context":"https:\/\/schema.org","@graph":[{"@type":"Article","@id":"https:\/\/www.treatwell.fr/identite\/radiofrequence-boost-peau-apres-ete\/#article","isPartOf":{"@id":"https:\/\/www.treatwell.fr/identite\/radiofrequence-boost-peau-apres-ete\/"},"author":{"name":"Beth Ryan","@id":"https:\/\/www.treatwell.fr/identite\/#\/schema\/person\/45be8f7781947e6c6d31f4b658271bf6"},"headline":"J\u2019ai test\u00e9 la radiofr\u00e9quence pour donner un coup de boost \u00e0 ma peau apr\u00e8s l\u2019\u00e9t\u00e9","datePublished":"2021-09-06T12:53:51+00:00","dateModified":"2025-12-16T09:01:36+00:00","mainEntityOfPage":{"@id":"https:\/\/www.treatwell.fr/identite\/radiofrequence-boost-peau-apres-ete\/"},"wordCount":441,"publisher":{"@id":"https:\/\/www.treatwell.fr/identite\/#organization"},"image":{"@id":"https:\/\/www.treatwell.fr/identite\/radiofrequence-boost-peau-apres-ete\/#primaryimage"},"thumbnailUrl":"https:\/\/www.treatwell.fr/identite\/wp-content\/uploads\/sites\/6\/2022\/03\/ezgif-2-b98faa036625.jpeg","keywords":["Face","Face Lift","Facials"],"articleSection":["Beaut\u00e9"],"inLanguage":"fr-FR"},{"@type":"WebPage","@id":"https:\/\/www.treatwell.fr/identite\/radiofrequence-boost-peau-apres-ete\/","url":"https:\/\/www.treatwell.fr/identite\/radiofrequence-boost-peau-apres-ete\/","name":"Radiofr\u00e9quence visage : soin raffermissant | Treatwell","isPartOf":{"@id":"https:\/\/www.treatwell.fr/identite\/#website"},"primaryImageOfPage":{"@id":"https:\/\/www.treatwell.fr/identite\/radiofrequence-boost-peau-apres-ete\/#primaryimage"},"image":{"@id":"https:\/\/www.treatwell.fr/identite\/radiofrequence-boost-peau-apres-ete\/#primaryimage"},"thumbnailUrl":"https:\/\/www.treatwell.fr/identite\/wp-content\/uploads\/sites\/6\/2022\/03\/ezgif-2-b98faa036625.jpeg","datePublished":"2021-09-06T12:53:51+00:00","dateModified":"2025-12-16T09:01:36+00:00","description":"D\u00e9couvre la radiofr\u00e9quence visage : un soin raffermissant et \u00e9clat coup de boost apr\u00e8s l'\u00e9t\u00e9. R\u00e9sultats visibles, peau ferme et lumineuse, r\u00e9servation rapide en ligne.","breadcrumb":{"@id":"https:\/\/www.treatwell.fr/identite\/radiofrequence-boost-peau-apres-ete\/#breadcrumb"},"inLanguage":"fr-FR","potentialAction":[{"@type":"ReadAction","target":["https:\/\/www.treatwell.fr/identite\/radiofrequence-boost-peau-apres-ete\/"]}]},{"@type":"ImageObject","inLanguage":"fr-FR","@id":"https:\/\/www.treatwell.fr/identite\/radiofrequence-boost-peau-apres-ete\/#primaryimage","url":"https:\/\/www.treatwell.fr/identite\/wp-content\/uploads\/sites\/6\/2022\/03\/ezgif-2-b98faa036625.jpeg","contentUrl":"https:\/\/www.treatwell.fr/identite\/wp-content\/uploads\/sites\/6\/2022\/03\/ezgif-2-b98faa036625.jpeg","width":500,"height":600},{"@type":"BreadcrumbList","@id":"https:\/\/www.treatwell.fr/identite\/radiofrequence-boost-peau-apres-ete\/#breadcrumb","itemListElement":[{"@type":"ListItem","position":1,"name":"Home","item":"https:\/\/www.treatwell.fr/identite\/"},{"@type":"ListItem","position":2,"name":"Beaut\u00e9","item":"https:\/\/www.treatwell.fr/identite\/beaute\/"},{"@type":"ListItem","position":3,"name":"J\u2019ai test\u00e9 la radiofr\u00e9quence pour donner un coup de boost \u00e0 ma peau apr\u00e8s l\u2019\u00e9t\u00e9"}]},{"@type":"WebSite","@id":"https:\/\/www.treatwell.fr/identite\/#website","url":"https:\/\/www.treatwell.fr/identite\/","name":"Identit\u00e9","description":"Beaut\u00e9, Cheveux, Quotidien","publisher":{"@id":"https:\/\/www.treatwell.fr/identite\/#organization"},"potentialAction":[{"@type":"SearchAction","target":{"@type":"EntryPoint","urlTemplate":"https:\/\/www.treatwell.fr/identite\/?s={search_term_string}"},"query-input":{"@type":"PropertyValueSpecification","valueRequired":true,"valueName":"search_term_string"}}],"inLanguage":"fr-FR"},{"@type":"Organization","@id":"https:\/\/www.treatwell.fr/identite\/#organization","name":"Treatwell","url":"https:\/\/www.treatwell.fr/identite\/","logo":{"@type":"ImageObject","inLanguage":"fr-FR","@id":"https:\/\/www.treatwell.fr/identite\/#\/schema\/logo\/image\/","url":"https:\/\/www.treatwell.fr/identite\/wp-content\/uploads\/sites\/6\/2022\/03\/logo_treatwell.png","contentUrl":"https:\/\/www.treatwell.fr/identite\/wp-content\/uploads\/sites\/6\/2022\/03\/logo_treatwell.png","width":889,"height":164,"caption":"Treatwell"},"image":{"@id":"https:\/\/www.treatwell.fr/identite\/#\/schema\/logo\/image\/"}},{"@type":"Person","@id":"https:\/\/www.treatwell.fr/identite\/#\/schema\/person\/45be8f7781947e6c6d31f4b658271bf6","name":"Beth Ryan","image":{"@type":"ImageObject","inLanguage":"fr-FR","@id":"https:\/\/secure.gravatar.com\/avatar\/93502c3b0591e62d75cc697ff3b5b8f47fef521e9dd0d61feb5570ae6d459200?s=96&d=mm&r=g","url":"https:\/\/secure.gravatar.com\/avatar\/93502c3b0591e62d75cc697ff3b5b8f47fef521e9dd0d61feb5570ae6d459200?s=96&d=mm&r=g","contentUrl":"https:\/\/secure.gravatar.com\/avatar\/93502c3b0591e62d75cc697ff3b5b8f47fef521e9dd0d61feb5570ae6d459200?s=96&d=mm&r=g","caption":"Beth Ryan"},"url":"https:\/\/www.treatwell.fr/identite\/author\/bethanyryan\/"}]}},"featured_image_src":"https:\/\/www.treatwell.fr/identite\/wp-content\/uploads\/sites\/6\/2022\/03\/ezgif-2-b98faa036625-500x400.jpeg","featured_image_src_square":"https:\/\/www.treatwell.fr/identite\/wp-content\/uploads\/sites\/6\/2022\/03\/ezgif-2-b98faa036625.jpeg","author_info":{"display_name":"Beth Ryan","author_link":"https:\/\/www.treatwell.fr/identite\/author\/bethanyryan\/"},"_links":{"self":[{"href":"https:\/\/www.treatwell.fr\/identite\/wp-json\/wp\/v2\/posts\/43495","targetHints":{"allow":["GET"]}}],"collection":[{"href":"https:\/\/www.treatwell.fr\/identite\/wp-json\/wp\/v2\/posts"}],"about":[{"href":"https:\/\/www.treatwell.fr\/identite\/wp-json\/wp\/v2\/types\/post"}],"author":[{"embeddable":true,"href":"https:\/\/www.treatwell.fr\/identite\/wp-json\/wp\/v2\/users\/3366"}],"replies":[{"embeddable":true,"href":"https:\/\/www.treatwell.fr\/identite\/wp-json\/wp\/v2\/comments?post=43495"}],"version-history":[{"count":0,"href":"https:\/\/www.treatwell.fr\/identite\/wp-json\/wp\/v2\/posts\/43495\/revisions"}],"wp:featuredmedia":[{"embeddable":true,"href":"https:\/\/www.treatwell.fr\/identite\/wp-json\/wp\/v2\/media\/43497"}],"wp:attachment":[{"href":"https:\/\/www.treatwell.fr\/identite\/wp-json\/wp\/v2\/media?parent=43495"}],"wp:term":[{"taxonomy":"category","embeddable":true,"href":"https:\/\/www.treatwell.fr\/identite\/wp-json\/wp\/v2\/categories?post=43495"},{"taxonomy":"post_tag","embeddable":true,"href":"https:\/\/www.treatwell.fr\/identite\/wp-json\/wp\/v2\/tags?post=43495"}],"curies":[{"name":"wp","href":"https:\/\/api.w.org\/{rel}","templated":true}]}}