{"id":43524,"date":"2021-09-07T15:12:12","date_gmt":"2021-09-07T13:12:12","guid":{"rendered":"https:\/\/www.treatwell.fr\/identite\/?p=27577"},"modified":"2025-12-15T22:24:31","modified_gmt":"2025-12-15T21:24:31","slug":"acne-ete-peau-nette-automne","status":"publish","type":"post","link":"https:\/\/www.treatwell.fr/identite\/acne-ete-peau-nette-automne\/","title":{"rendered":"Acn\u00e9 de fin d\u2019\u00e9t\u00e9 : voici comment retrouver une belle peau avant l&#8217;automne"},"content":{"rendered":"<p class=\"p1\">On a bien profit\u00e9 du soleil, de la plage et des s\u00e9ances de bronzette avec les amis cet \u00e9t\u00e9, n\u2019est-ce pas ? C&#8217;est super, mais la chaleur et le changement de saison peuvent avoir quelques effets ind\u00e9sirables sur la peau : les boutons post-vacances. Quand l&#8217;automne approche \u00e0 grands pas, c&#8217;est le moment id\u00e9al <a href=\"https:\/\/www.treatwell.fr\/identite\/radiofrequence-boost-peau-apres-ete\/\">pour booster la sant\u00e9 de la peau<\/a> et faire place nette : voici comment soigner l&#8217;acn\u00e9 de fin d&#8217;\u00e9t\u00e9.<\/p>\n<p>&nbsp;<\/p>\n<div class=\"schema-faq wp-block-yoast-faq-block\">\n<div class=\"schema-faq-section\" id=\"faq-question-1765833823577\">\n<h3 class=\"schema-faq-question\">Comment apparaissent les boutons de fin d\u2019\u00e9t\u00e9 ?<\/h3>\n<p class=\"schema-faq-answer\">Les boutons de fin d\u2019\u00e9t\u00e9 surgissent quand la peau compense l\u2019effet dess\u00e9chant du soleil en produisant davantage de s\u00e9bum. Ce surplus remonte \u00e0 la surface de l\u2019\u00e9piderme, provoquant des pouss\u00e9es d\u2019acn\u00e9 post-bronzage et lors du changement de saison.<\/div>\n<div class=\"schema-faq-section\" id=\"faq-question-1765833823578\">\n<h3 class=\"schema-faq-question\">Faut-il utiliser une protection solaire sp\u00e9cifique pour \u00e9viter l\u2019acn\u00e9 de fin d\u2019\u00e9t\u00e9 ?<\/h3>\n<p class=\"schema-faq-answer\">Oui, il est essentiel de choisir une protection solaire adapt\u00e9e \u00e0 ton type de peau. Si ta peau est sujette \u00e0 l\u2019acn\u00e9, privil\u00e9gie des formules non com\u00e9dog\u00e8nes \u00e0 base d\u2019eau et n\u2019oublie jamais d\u2019appliquer une protection, quel que soit ton type de peau.<\/div>\n<div class=\"schema-faq-section\" id=\"faq-question-1765833823579\">\n<h3 class=\"schema-faq-question\">Comment prendre soin de ta peau \u00e0 la rentr\u00e9e pour limiter les imperfections ?<\/h3>\n<p class=\"schema-faq-answer\">Accorde-toi des gommages doux une fois par semaine et adopte un nettoyant doux matin et soir. Poursuis avec une cr\u00e8me de jour et une cr\u00e8me de nuit adapt\u00e9es, car m\u00eame les peaux \u00e0 tendance acn\u00e9ique n\u00e9cessitent une bonne hydratation.<\/div>\n<div class=\"schema-faq-section\" id=\"faq-question-1765833823580\">\n<h3 class=\"schema-faq-question\">Quelle solution pour att\u00e9nuer l\u2019acn\u00e9 saisonni\u00e8re apr\u00e8s l\u2019\u00e9t\u00e9 ?<\/h3>\n<p class=\"schema-faq-answer\">Offre-toi un peeling en institut pour retrouver une peau neuve et att\u00e9nuer les imperfections li\u00e9es \u00e0 la saison. Il est important de pr\u00e9voir une consultation en amont aupr\u00e8s de sp\u00e9cialistes pour personnaliser ton soin et sublimer ton teint au retour de vacances.<\/div>\n<div class=\"schema-faq-section\" id=\"faq-question-1765833823581\">\n<h3 class=\"schema-faq-question\">Pourquoi l\u2019automne est-il le moment id\u00e9al pour booster la sant\u00e9 de ta peau ?<\/h3>\n<p class=\"schema-faq-answer\">L\u2019automne marque le temps fort du renouvellement cellulaire de l\u2019\u00e9piderme. C\u2019est donc la meilleure p\u00e9riode pour stimuler ce processus naturel gr\u00e2ce \u00e0 des soins cibl\u00e9s, et ainsi r\u00e9v\u00e9ler un teint lumineux apr\u00e8s l\u2019exc\u00e8s de soleil.<\/div>\n<\/p><\/div>\n","protected":false},"excerpt":{"rendered":"<p>On a bien profit\u00e9 du soleil, de la plage et des s\u00e9ances de bronzette avec les amis cet \u00e9t\u00e9, n\u2019est-ce pas ? C&#8217;est super, mais la chaleur et le changement de saison peuvent avoir quelques effets ind\u00e9sirables sur la peau : les boutons post-vacances. Quand l&#8217;automne approche \u00e0 grands pas, c&#8217;est le moment id\u00e9al pour [&hellip;]<\/p>\n","protected":false},"author":3366,"featured_media":43529,"comment_status":"closed","ping_status":"closed","sticky":false,"template":"","format":"standard","meta":{"_acf_changed":false,"_yoast_wpseo_title":"Acn\u00e9 de fin d'\u00e9t\u00e9 : causes, soins et pr\u00e9vention | Treatwell","_yoast_wpseo_metadesc":"Boutons apr\u00e8s l'\u00e9t\u00e9 ? D\u00e9couvre comment pr\u00e9venir et soigner l'acn\u00e9 saisonni\u00e8re : protection solaire, nettoyage, exfoliation et traitements visage en institut.","_genesis_hide_title":false,"_genesis_hide_breadcrumbs":false,"_genesis_hide_singular_image":false,"_genesis_hide_footer_widgets":false,"_genesis_custom_body_class":"","_genesis_custom_post_class":"","_genesis_layout":"","saswp_custom_schema_field":"{\"@context\":\"https:\/\/schema.org\",\"@type\":\"FAQPage\",\"mainEntity\":[{\"@type\":\"Question\",\"name\":\"Comment apparaissent les boutons de fin d\u2019\u00e9t\u00e9 ?\",\"acceptedAnswer\":{\"@type\":\"Answer\",\"text\":\"Les boutons de fin d\u2019\u00e9t\u00e9 surgissent quand la peau compense l\u2019effet dess\u00e9chant du soleil en produisant davantage de s\u00e9bum. Ce surplus remonte \u00e0 la surface de l\u2019\u00e9piderme, provoquant des pouss\u00e9es d\u2019acn\u00e9 post-bronzage et lors du changement de saison.\"}},{\"@type\":\"Question\",\"name\":\"Faut-il utiliser une protection solaire sp\u00e9cifique pour \u00e9viter l\u2019acn\u00e9 de fin d\u2019\u00e9t\u00e9 ?\",\"acceptedAnswer\":{\"@type\":\"Answer\",\"text\":\"Oui, il est essentiel de choisir une protection solaire adapt\u00e9e \u00e0 ton type de peau. Si ta peau est sujette \u00e0 l\u2019acn\u00e9, privil\u00e9gie des formules non com\u00e9dog\u00e8nes \u00e0 base d\u2019eau et n\u2019oublie jamais d\u2019appliquer une protection, quel que soit ton type de peau.\"}},{\"@type\":\"Question\",\"name\":\"Comment prendre soin de ta peau \u00e0 la rentr\u00e9e pour limiter les imperfections ?\",\"acceptedAnswer\":{\"@type\":\"Answer\",\"text\":\"Accorde-toi des gommages doux une fois par semaine et adopte un nettoyant doux matin et soir. Poursuis avec une cr\u00e8me de jour et une cr\u00e8me de nuit adapt\u00e9es, car m\u00eame les peaux \u00e0 tendance acn\u00e9ique n\u00e9cessitent une bonne hydratation.\"}},{\"@type\":\"Question\",\"name\":\"Quelle solution pour att\u00e9nuer l\u2019acn\u00e9 saisonni\u00e8re apr\u00e8s l\u2019\u00e9t\u00e9 ?\",\"acceptedAnswer\":{\"@type\":\"Answer\",\"text\":\"Offre-toi un peeling en institut pour retrouver une peau neuve et att\u00e9nuer les imperfections li\u00e9es \u00e0 la saison. Il est important de pr\u00e9voir une consultation en amont aupr\u00e8s de sp\u00e9cialistes pour personnaliser ton soin et sublimer ton teint au retour de vacances.\"}},{\"@type\":\"Question\",\"name\":\"Pourquoi l\u2019automne est-il le moment id\u00e9al pour booster la sant\u00e9 de ta peau ?\",\"acceptedAnswer\":{\"@type\":\"Answer\",\"text\":\"L\u2019automne marque le temps fort du renouvellement cellulaire de l\u2019\u00e9piderme. C\u2019est donc la meilleure p\u00e9riode pour stimuler ce processus naturel gr\u00e2ce \u00e0 des soins cibl\u00e9s, et ainsi r\u00e9v\u00e9ler un teint lumineux apr\u00e8s l\u2019exc\u00e8s de soleil.\"}}]}","footnotes":""},"categories":[4],"tags":[54,63,114],"class_list":{"0":"post-43524","1":"post","2":"type-post","3":"status-publish","4":"format-standard","5":"has-post-thumbnail","7":"category-beaute","8":"tag-tt4","9":"tag-tr50","10":"tag-tr517","11":"entry"},"acf":{"post_credits":"","beauty_blog_post_button_title":"","beauty_blog_post_button":"","landscape_picture":43528,"blocks":[{"block_title":"L'acn\u00e9 de fin d'\u00e9t\u00e9","block_content":"<p>Il s&rsquo;agit d&rsquo;une acn&eacute; provoqu&eacute;e pr&eacute;cis&eacute;ment par ce soleil dont on a tant profit&eacute; cet &eacute;t&eacute;. Notre bronzage ador&eacute; peut engendrer un petit effet secondaire lors du changement de saison : l&#039;apparition des boutons. Le soleil ass&egrave;che la peau tout en &eacute;paississant les couches de l&rsquo;&eacute;piderme et&nbsp;la peau va essayer de compenser en produisant plus de s&eacute;bum. C&rsquo;est cette surproduction de s&eacute;bum qui va remonter &agrave; la surface de l&rsquo;&eacute;piderme et provoquer des pouss&eacute;es d&#039;acn&eacute;.<\/p>\n","video_content":"","block_picture":43525},{"block_title":"Comment l\u2019\u00e9viter","block_content":"<p>La r&egrave;gle num&eacute;ro 1 est celle de toujours utiliser une bonne protection solaire adapt&eacute;e &agrave; son type de peau. Si votre peau est &agrave; tendance acn&eacute;ique, utilisez des cr&egrave;mes non com&eacute;dog&egrave;nes formul&eacute;es &agrave; base d&rsquo;eau et non &agrave; base d&rsquo;huile. Ne vous exposez jamais sans protection et ce peu importe votre type de peau :&nbsp;les rayons UV provoquent un vieillissement cutan&eacute; pr&eacute;matur&eacute; et favorisent l&rsquo;apparition de t&acirc;ches d&rsquo;hyperpigmentation.<\/p>\n","video_content":"","block_picture":43526},{"block_title":"Comment la soigner","block_content":"<p>Le changement de saison entre l&rsquo;&eacute;t&eacute; et l&rsquo;automne a du bon : c&rsquo;est le que&nbsp;les cellules de l&#039;&eacute;piderme se renouvellent le plus. C&#039;est donc aussi le moment parfait pour booster ce proc&eacute;d&eacute; naturel en s&#039;adonnant &agrave; des gommages doux du visage &agrave; raison d&#039;une fois par semaine. Au quotidien, utilisez un nettoyant doux matin et soir associ&eacute; &agrave; une cr&egrave;me de jour et une cr&egrave;me de nuit (oui, les peaux acn&eacute;qiues aussi doivent toujours &ecirc;tre hydrat&eacute;es).<\/p>\n\n<p>Enfin, c&#039;est aussi le moment parfait pour r&eacute;aliser un&nbsp;peeling en institut : ce traitement du visage permet de refaire peau neuve et d&rsquo;att&eacute;nuer cette acn&eacute; saisonale. Attention :&nbsp;il est essentiel d&rsquo;effectuer une consultation en institut ou chez un dermatologue en amont.&nbsp;<\/p>\n\n<p>Avec&nbsp;<a href=\"https:\/\/www.treatwell.fr\/\">Treatwell<\/a>, vous pouvez r&eacute;server vos soins beaut&eacute; en ligne et dans vos &eacute;tablissements pr&eacute;f&eacute;r&eacute;s &ndash; simple, rapide et tout &ccedil;a en un rien de temps.&nbsp;<a href=\"https:\/\/www.treatwell.fr\/salons\/soin-peeling-du-visage\/offre-type-local\/dans-ile-de-france\/\">D&eacute;couvrez des adresses canon pr&egrave;s de chez vous.<\/a><\/p>\n","video_content":"","block_picture":43527}]},"yoast_head":"<!-- This site is optimized with the Yoast SEO plugin v27.4 - https:\/\/yoast.com\/product\/yoast-seo-wordpress\/ -->\n<title>Acn\u00e9 de fin d&#039;\u00e9t\u00e9 : causes, soins et pr\u00e9vention | Treatwell<\/title>\n<meta name=\"description\" content=\"Boutons apr\u00e8s l&#039;\u00e9t\u00e9 ? D\u00e9couvre comment pr\u00e9venir et soigner l&#039;acn\u00e9 saisonni\u00e8re : protection solaire, nettoyage, exfoliation et traitements visage en institut.\" \/>\n<meta name=\"robots\" content=\"index, follow, max-snippet:-1, max-image-preview:large, max-video-preview:-1\" \/>\n<link rel=\"canonical\" href=\"https:\/\/www.treatwell.fr/identite\/acne-ete-peau-nette-automne\/\" \/>\n<meta property=\"og:locale\" content=\"fr_FR\" \/>\n<meta property=\"og:type\" content=\"article\" \/>\n<meta property=\"og:title\" content=\"Acn\u00e9 de fin d&#039;\u00e9t\u00e9 : causes, soins et pr\u00e9vention | Treatwell\" \/>\n<meta property=\"og:description\" content=\"Boutons apr\u00e8s l&#039;\u00e9t\u00e9 ? D\u00e9couvre comment pr\u00e9venir et soigner l&#039;acn\u00e9 saisonni\u00e8re : protection solaire, nettoyage, exfoliation et traitements visage en institut.\" \/>\n<meta property=\"og:url\" content=\"https:\/\/www.treatwell.fr/identite\/acne-ete-peau-nette-automne\/\" \/>\n<meta property=\"og:site_name\" content=\"Identit\u00e9\" \/>\n<meta property=\"article:published_time\" content=\"2021-09-07T13:12:12+00:00\" \/>\n<meta property=\"article:modified_time\" content=\"2025-12-15T21:24:31+00:00\" \/>\n<meta property=\"og:image\" content=\"https:\/\/www.treatwell.fr/identite\/wp-content\/uploads\/sites\/6\/2022\/03\/ezgif-2-ab05a8f36c6a.jpeg\" \/>\n\t<meta property=\"og:image:width\" content=\"500\" \/>\n\t<meta property=\"og:image:height\" content=\"600\" \/>\n\t<meta property=\"og:image:type\" content=\"image\/jpeg\" \/>\n<meta name=\"author\" content=\"Beth Ryan\" \/>\n<meta name=\"twitter:card\" content=\"summary_large_image\" \/>\n<meta name=\"twitter:label1\" content=\"\u00c9crit par\" \/>\n\t<meta name=\"twitter:data1\" content=\"Beth Ryan\" \/>\n\t<meta name=\"twitter:label2\" content=\"Dur\u00e9e de lecture estim\u00e9e\" \/>\n\t<meta name=\"twitter:data2\" content=\"2 minutes\" \/>\n<script type=\"application\/ld+json\" class=\"yoast-schema-graph\">{\"@context\":\"https:\\\/\\\/schema.org\",\"@graph\":[{\"@type\":\"Article\",\"@id\":\"https:\\\/\\\/www.treatwell.fr/identite\\\/acne-ete-peau-nette-automne\\\/#article\",\"isPartOf\":{\"@id\":\"https:\\\/\\\/www.treatwell.fr/identite\\\/acne-ete-peau-nette-automne\\\/\"},\"author\":{\"name\":\"Beth Ryan\",\"@id\":\"https:\\\/\\\/www.treatwell.fr/identite\\\/#\\\/schema\\\/person\\\/45be8f7781947e6c6d31f4b658271bf6\"},\"headline\":\"Acn\u00e9 de fin d\u2019\u00e9t\u00e9 : voici comment retrouver une belle peau avant l&#8217;automne\",\"datePublished\":\"2021-09-07T13:12:12+00:00\",\"dateModified\":\"2025-12-15T21:24:31+00:00\",\"mainEntityOfPage\":{\"@id\":\"https:\\\/\\\/www.treatwell.fr/identite\\\/acne-ete-peau-nette-automne\\\/\"},\"wordCount\":384,\"publisher\":{\"@id\":\"https:\\\/\\\/www.treatwell.fr/identite\\\/#organization\"},\"image\":{\"@id\":\"https:\\\/\\\/www.treatwell.fr/identite\\\/acne-ete-peau-nette-automne\\\/#primaryimage\"},\"thumbnailUrl\":\"https:\\\/\\\/www.treatwell.fr/identite\\\/wp-content\\\/uploads\\\/sites\\\/6\\\/2022\\\/03\\\/ezgif-2-ab05a8f36c6a.jpeg\",\"keywords\":[\"Face\",\"Facials\",\"Facials - Micro Needling\"],\"articleSection\":[\"Beaut\u00e9\"],\"inLanguage\":\"fr-FR\"},{\"@type\":\"WebPage\",\"@id\":\"https:\\\/\\\/www.treatwell.fr/identite\\\/acne-ete-peau-nette-automne\\\/\",\"url\":\"https:\\\/\\\/www.treatwell.fr/identite\\\/acne-ete-peau-nette-automne\\\/\",\"name\":\"Acn\u00e9 de fin d'\u00e9t\u00e9 : causes, soins et pr\u00e9vention | Treatwell\",\"isPartOf\":{\"@id\":\"https:\\\/\\\/www.treatwell.fr/identite\\\/#website\"},\"primaryImageOfPage\":{\"@id\":\"https:\\\/\\\/www.treatwell.fr/identite\\\/acne-ete-peau-nette-automne\\\/#primaryimage\"},\"image\":{\"@id\":\"https:\\\/\\\/www.treatwell.fr/identite\\\/acne-ete-peau-nette-automne\\\/#primaryimage\"},\"thumbnailUrl\":\"https:\\\/\\\/www.treatwell.fr/identite\\\/wp-content\\\/uploads\\\/sites\\\/6\\\/2022\\\/03\\\/ezgif-2-ab05a8f36c6a.jpeg\",\"datePublished\":\"2021-09-07T13:12:12+00:00\",\"dateModified\":\"2025-12-15T21:24:31+00:00\",\"description\":\"Boutons apr\u00e8s l'\u00e9t\u00e9 ? D\u00e9couvre comment pr\u00e9venir et soigner l'acn\u00e9 saisonni\u00e8re : protection solaire, nettoyage, exfoliation et traitements visage en institut.\",\"breadcrumb\":{\"@id\":\"https:\\\/\\\/www.treatwell.fr/identite\\\/acne-ete-peau-nette-automne\\\/#breadcrumb\"},\"inLanguage\":\"fr-FR\",\"potentialAction\":[{\"@type\":\"ReadAction\",\"target\":[\"https:\\\/\\\/www.treatwell.fr/identite\\\/acne-ete-peau-nette-automne\\\/\"]}]},{\"@type\":\"ImageObject\",\"inLanguage\":\"fr-FR\",\"@id\":\"https:\\\/\\\/www.treatwell.fr/identite\\\/acne-ete-peau-nette-automne\\\/#primaryimage\",\"url\":\"https:\\\/\\\/www.treatwell.fr/identite\\\/wp-content\\\/uploads\\\/sites\\\/6\\\/2022\\\/03\\\/ezgif-2-ab05a8f36c6a.jpeg\",\"contentUrl\":\"https:\\\/\\\/www.treatwell.fr/identite\\\/wp-content\\\/uploads\\\/sites\\\/6\\\/2022\\\/03\\\/ezgif-2-ab05a8f36c6a.jpeg\",\"width\":500,\"height\":600},{\"@type\":\"BreadcrumbList\",\"@id\":\"https:\\\/\\\/www.treatwell.fr/identite\\\/acne-ete-peau-nette-automne\\\/#breadcrumb\",\"itemListElement\":[{\"@type\":\"ListItem\",\"position\":1,\"name\":\"Home\",\"item\":\"https:\\\/\\\/www.treatwell.fr/identite\\\/\"},{\"@type\":\"ListItem\",\"position\":2,\"name\":\"Beaut\u00e9\",\"item\":\"https:\\\/\\\/www.treatwell.fr/identite\\\/beaute\\\/\"},{\"@type\":\"ListItem\",\"position\":3,\"name\":\"Acn\u00e9 de fin d\u2019\u00e9t\u00e9 : voici comment retrouver une belle peau avant l&#8217;automne\"}]},{\"@type\":\"WebSite\",\"@id\":\"https:\\\/\\\/www.treatwell.fr/identite\\\/#website\",\"url\":\"https:\\\/\\\/www.treatwell.fr/identite\\\/\",\"name\":\"Identit\u00e9\",\"description\":\"Beaut\u00e9, Cheveux, Quotidien\",\"publisher\":{\"@id\":\"https:\\\/\\\/www.treatwell.fr/identite\\\/#organization\"},\"potentialAction\":[{\"@type\":\"SearchAction\",\"target\":{\"@type\":\"EntryPoint\",\"urlTemplate\":\"https:\\\/\\\/www.treatwell.fr/identite\\\/?s={search_term_string}\"},\"query-input\":{\"@type\":\"PropertyValueSpecification\",\"valueRequired\":true,\"valueName\":\"search_term_string\"}}],\"inLanguage\":\"fr-FR\"},{\"@type\":\"Organization\",\"@id\":\"https:\\\/\\\/www.treatwell.fr/identite\\\/#organization\",\"name\":\"Treatwell\",\"url\":\"https:\\\/\\\/www.treatwell.fr/identite\\\/\",\"logo\":{\"@type\":\"ImageObject\",\"inLanguage\":\"fr-FR\",\"@id\":\"https:\\\/\\\/www.treatwell.fr/identite\\\/#\\\/schema\\\/logo\\\/image\\\/\",\"url\":\"https:\\\/\\\/www.treatwell.fr/identite\\\/wp-content\\\/uploads\\\/sites\\\/6\\\/2022\\\/03\\\/logo_treatwell.png\",\"contentUrl\":\"https:\\\/\\\/www.treatwell.fr/identite\\\/wp-content\\\/uploads\\\/sites\\\/6\\\/2022\\\/03\\\/logo_treatwell.png\",\"width\":889,\"height\":164,\"caption\":\"Treatwell\"},\"image\":{\"@id\":\"https:\\\/\\\/www.treatwell.fr/identite\\\/#\\\/schema\\\/logo\\\/image\\\/\"}},{\"@type\":\"Person\",\"@id\":\"https:\\\/\\\/www.treatwell.fr/identite\\\/#\\\/schema\\\/person\\\/45be8f7781947e6c6d31f4b658271bf6\",\"name\":\"Beth Ryan\",\"image\":{\"@type\":\"ImageObject\",\"inLanguage\":\"fr-FR\",\"@id\":\"https:\\\/\\\/secure.gravatar.com\\\/avatar\\\/93502c3b0591e62d75cc697ff3b5b8f47fef521e9dd0d61feb5570ae6d459200?s=96&d=mm&r=g\",\"url\":\"https:\\\/\\\/secure.gravatar.com\\\/avatar\\\/93502c3b0591e62d75cc697ff3b5b8f47fef521e9dd0d61feb5570ae6d459200?s=96&d=mm&r=g\",\"contentUrl\":\"https:\\\/\\\/secure.gravatar.com\\\/avatar\\\/93502c3b0591e62d75cc697ff3b5b8f47fef521e9dd0d61feb5570ae6d459200?s=96&d=mm&r=g\",\"caption\":\"Beth Ryan\"},\"url\":\"https:\\\/\\\/www.treatwell.fr/identite\\\/author\\\/bethanyryan\\\/\"}]}<\/script>\n<!-- \/ Yoast SEO plugin. -->","yoast_head_json":{"title":"Acn\u00e9 de fin d'\u00e9t\u00e9 : causes, soins et pr\u00e9vention | Treatwell","description":"Boutons apr\u00e8s l'\u00e9t\u00e9 ? D\u00e9couvre comment pr\u00e9venir et soigner l'acn\u00e9 saisonni\u00e8re : protection solaire, nettoyage, exfoliation et traitements visage en institut.","robots":{"index":"index","follow":"follow","max-snippet":"max-snippet:-1","max-image-preview":"max-image-preview:large","max-video-preview":"max-video-preview:-1"},"canonical":"https:\/\/www.treatwell.fr/identite\/acne-ete-peau-nette-automne\/","og_locale":"fr_FR","og_type":"article","og_title":"Acn\u00e9 de fin d'\u00e9t\u00e9 : causes, soins et pr\u00e9vention | Treatwell","og_description":"Boutons apr\u00e8s l'\u00e9t\u00e9 ? D\u00e9couvre comment pr\u00e9venir et soigner l'acn\u00e9 saisonni\u00e8re : protection solaire, nettoyage, exfoliation et traitements visage en institut.","og_url":"https:\/\/www.treatwell.fr/identite\/acne-ete-peau-nette-automne\/","og_site_name":"Identit\u00e9","article_published_time":"2021-09-07T13:12:12+00:00","article_modified_time":"2025-12-15T21:24:31+00:00","og_image":[{"width":500,"height":600,"url":"https:\/\/www.treatwell.fr/identite\/wp-content\/uploads\/sites\/6\/2022\/03\/ezgif-2-ab05a8f36c6a.jpeg","type":"image\/jpeg"}],"author":"Beth Ryan","twitter_card":"summary_large_image","twitter_misc":{"\u00c9crit par":"Beth Ryan","Dur\u00e9e de lecture estim\u00e9e":"2 minutes"},"schema":{"@context":"https:\/\/schema.org","@graph":[{"@type":"Article","@id":"https:\/\/www.treatwell.fr/identite\/acne-ete-peau-nette-automne\/#article","isPartOf":{"@id":"https:\/\/www.treatwell.fr/identite\/acne-ete-peau-nette-automne\/"},"author":{"name":"Beth Ryan","@id":"https:\/\/www.treatwell.fr/identite\/#\/schema\/person\/45be8f7781947e6c6d31f4b658271bf6"},"headline":"Acn\u00e9 de fin d\u2019\u00e9t\u00e9 : voici comment retrouver une belle peau avant l&#8217;automne","datePublished":"2021-09-07T13:12:12+00:00","dateModified":"2025-12-15T21:24:31+00:00","mainEntityOfPage":{"@id":"https:\/\/www.treatwell.fr/identite\/acne-ete-peau-nette-automne\/"},"wordCount":384,"publisher":{"@id":"https:\/\/www.treatwell.fr/identite\/#organization"},"image":{"@id":"https:\/\/www.treatwell.fr/identite\/acne-ete-peau-nette-automne\/#primaryimage"},"thumbnailUrl":"https:\/\/www.treatwell.fr/identite\/wp-content\/uploads\/sites\/6\/2022\/03\/ezgif-2-ab05a8f36c6a.jpeg","keywords":["Face","Facials","Facials - Micro Needling"],"articleSection":["Beaut\u00e9"],"inLanguage":"fr-FR"},{"@type":"WebPage","@id":"https:\/\/www.treatwell.fr/identite\/acne-ete-peau-nette-automne\/","url":"https:\/\/www.treatwell.fr/identite\/acne-ete-peau-nette-automne\/","name":"Acn\u00e9 de fin d'\u00e9t\u00e9 : causes, soins et pr\u00e9vention | Treatwell","isPartOf":{"@id":"https:\/\/www.treatwell.fr/identite\/#website"},"primaryImageOfPage":{"@id":"https:\/\/www.treatwell.fr/identite\/acne-ete-peau-nette-automne\/#primaryimage"},"image":{"@id":"https:\/\/www.treatwell.fr/identite\/acne-ete-peau-nette-automne\/#primaryimage"},"thumbnailUrl":"https:\/\/www.treatwell.fr/identite\/wp-content\/uploads\/sites\/6\/2022\/03\/ezgif-2-ab05a8f36c6a.jpeg","datePublished":"2021-09-07T13:12:12+00:00","dateModified":"2025-12-15T21:24:31+00:00","description":"Boutons apr\u00e8s l'\u00e9t\u00e9 ? D\u00e9couvre comment pr\u00e9venir et soigner l'acn\u00e9 saisonni\u00e8re : protection solaire, nettoyage, exfoliation et traitements visage en institut.","breadcrumb":{"@id":"https:\/\/www.treatwell.fr/identite\/acne-ete-peau-nette-automne\/#breadcrumb"},"inLanguage":"fr-FR","potentialAction":[{"@type":"ReadAction","target":["https:\/\/www.treatwell.fr/identite\/acne-ete-peau-nette-automne\/"]}]},{"@type":"ImageObject","inLanguage":"fr-FR","@id":"https:\/\/www.treatwell.fr/identite\/acne-ete-peau-nette-automne\/#primaryimage","url":"https:\/\/www.treatwell.fr/identite\/wp-content\/uploads\/sites\/6\/2022\/03\/ezgif-2-ab05a8f36c6a.jpeg","contentUrl":"https:\/\/www.treatwell.fr/identite\/wp-content\/uploads\/sites\/6\/2022\/03\/ezgif-2-ab05a8f36c6a.jpeg","width":500,"height":600},{"@type":"BreadcrumbList","@id":"https:\/\/www.treatwell.fr/identite\/acne-ete-peau-nette-automne\/#breadcrumb","itemListElement":[{"@type":"ListItem","position":1,"name":"Home","item":"https:\/\/www.treatwell.fr/identite\/"},{"@type":"ListItem","position":2,"name":"Beaut\u00e9","item":"https:\/\/www.treatwell.fr/identite\/beaute\/"},{"@type":"ListItem","position":3,"name":"Acn\u00e9 de fin d\u2019\u00e9t\u00e9 : voici comment retrouver une belle peau avant l&#8217;automne"}]},{"@type":"WebSite","@id":"https:\/\/www.treatwell.fr/identite\/#website","url":"https:\/\/www.treatwell.fr/identite\/","name":"Identit\u00e9","description":"Beaut\u00e9, Cheveux, Quotidien","publisher":{"@id":"https:\/\/www.treatwell.fr/identite\/#organization"},"potentialAction":[{"@type":"SearchAction","target":{"@type":"EntryPoint","urlTemplate":"https:\/\/www.treatwell.fr/identite\/?s={search_term_string}"},"query-input":{"@type":"PropertyValueSpecification","valueRequired":true,"valueName":"search_term_string"}}],"inLanguage":"fr-FR"},{"@type":"Organization","@id":"https:\/\/www.treatwell.fr/identite\/#organization","name":"Treatwell","url":"https:\/\/www.treatwell.fr/identite\/","logo":{"@type":"ImageObject","inLanguage":"fr-FR","@id":"https:\/\/www.treatwell.fr/identite\/#\/schema\/logo\/image\/","url":"https:\/\/www.treatwell.fr/identite\/wp-content\/uploads\/sites\/6\/2022\/03\/logo_treatwell.png","contentUrl":"https:\/\/www.treatwell.fr/identite\/wp-content\/uploads\/sites\/6\/2022\/03\/logo_treatwell.png","width":889,"height":164,"caption":"Treatwell"},"image":{"@id":"https:\/\/www.treatwell.fr/identite\/#\/schema\/logo\/image\/"}},{"@type":"Person","@id":"https:\/\/www.treatwell.fr/identite\/#\/schema\/person\/45be8f7781947e6c6d31f4b658271bf6","name":"Beth Ryan","image":{"@type":"ImageObject","inLanguage":"fr-FR","@id":"https:\/\/secure.gravatar.com\/avatar\/93502c3b0591e62d75cc697ff3b5b8f47fef521e9dd0d61feb5570ae6d459200?s=96&d=mm&r=g","url":"https:\/\/secure.gravatar.com\/avatar\/93502c3b0591e62d75cc697ff3b5b8f47fef521e9dd0d61feb5570ae6d459200?s=96&d=mm&r=g","contentUrl":"https:\/\/secure.gravatar.com\/avatar\/93502c3b0591e62d75cc697ff3b5b8f47fef521e9dd0d61feb5570ae6d459200?s=96&d=mm&r=g","caption":"Beth Ryan"},"url":"https:\/\/www.treatwell.fr/identite\/author\/bethanyryan\/"}]}},"featured_image_src":"https:\/\/www.treatwell.fr/identite\/wp-content\/uploads\/sites\/6\/2022\/03\/ezgif-2-ab05a8f36c6a-500x400.jpeg","featured_image_src_square":"https:\/\/www.treatwell.fr/identite\/wp-content\/uploads\/sites\/6\/2022\/03\/ezgif-2-ab05a8f36c6a.jpeg","author_info":{"display_name":"Beth Ryan","author_link":"https:\/\/www.treatwell.fr/identite\/author\/bethanyryan\/"},"_links":{"self":[{"href":"https:\/\/www.treatwell.fr\/identite\/wp-json\/wp\/v2\/posts\/43524","targetHints":{"allow":["GET"]}}],"collection":[{"href":"https:\/\/www.treatwell.fr\/identite\/wp-json\/wp\/v2\/posts"}],"about":[{"href":"https:\/\/www.treatwell.fr\/identite\/wp-json\/wp\/v2\/types\/post"}],"author":[{"embeddable":true,"href":"https:\/\/www.treatwell.fr\/identite\/wp-json\/wp\/v2\/users\/3366"}],"replies":[{"embeddable":true,"href":"https:\/\/www.treatwell.fr\/identite\/wp-json\/wp\/v2\/comments?post=43524"}],"version-history":[{"count":0,"href":"https:\/\/www.treatwell.fr\/identite\/wp-json\/wp\/v2\/posts\/43524\/revisions"}],"wp:featuredmedia":[{"embeddable":true,"href":"https:\/\/www.treatwell.fr\/identite\/wp-json\/wp\/v2\/media\/43529"}],"wp:attachment":[{"href":"https:\/\/www.treatwell.fr\/identite\/wp-json\/wp\/v2\/media?parent=43524"}],"wp:term":[{"taxonomy":"category","embeddable":true,"href":"https:\/\/www.treatwell.fr\/identite\/wp-json\/wp\/v2\/categories?post=43524"},{"taxonomy":"post_tag","embeddable":true,"href":"https:\/\/www.treatwell.fr\/identite\/wp-json\/wp\/v2\/tags?post=43524"}],"curies":[{"name":"wp","href":"https:\/\/api.w.org\/{rel}","templated":true}]}}