{"id":43569,"date":"2021-09-22T14:12:42","date_gmt":"2021-09-22T12:12:42","guid":{"rendered":"https:\/\/www.treatwell.fr\/identite\/?p=27686"},"modified":"2025-12-15T22:24:32","modified_gmt":"2025-12-15T21:24:32","slug":"6-tendances-beaute-automne-hiver-2021","status":"publish","type":"post","link":"https:\/\/www.treatwell.fr/identite\/6-tendances-beaute-automne-hiver-2021\/","title":{"rendered":"Voici les 6 grandes tendances beaut\u00e9 de la saison automne-hiver 2021"},"content":{"rendered":"<p class=\"p1\">Rien de tel que de bonnes news beaut\u00e9 pour aborder la rentr\u00e9e et l&#8217;arriv\u00e9e de la nouvelle saison. L\u2019automne est d\u00e9j\u00e0 l\u00e0 et tandis que les feuilles commencent \u00e0 tomber; la sph\u00e8re beaut\u00e9 nous pr\u00e9sente des nouveaut\u00e9s bien cool qu\u2019on a h\u00e2te d\u2019essayer &#8211; et d\u2019adopter.<\/p>\n<p class=\"p1\">Nous avons pass\u00e9 en revue <a href=\"https:\/\/www.treatwell.fr\/identite\/6-looks-beaute-met-gala-2021-copier\/\">le look des c\u00e9l\u00e9brit\u00e9s sur le tapis rouge<\/a> et\u00a0les d\u00e9fil\u00e9s de la Fashion Week tout en observant aussi les <em>street styles<\/em> des capitales de la mode et voici ce qu&#8217;on en a retenu : d\u00e9couvrez les 6 plus grandes tendances beaut\u00e9 de l\u2019automne-hiver.<\/p>\n<div class=\"schema-faq wp-block-yoast-faq-block\">\n<div class=\"schema-faq-section\" id=\"faq-question-1765833810313\">\n<h3 class=\"schema-faq-question\">Quelles sont les tendances maquillage de l\u2019automne-hiver ?<\/h3>\n<p class=\"schema-faq-answer\">Les tendances maquillage misent sur le lipstick chocolat, les ongles m\u00e9talliques et l\u2019eyeliner indiscret. Les l\u00e8vres adoptent des tonalit\u00e9s chocolat intenses, les ongles brillent avec des vernis m\u00e9talliques, et l\u2019eyeliner se d\u00e9cline en couleurs vives ou \u00e0 paillettes parfois port\u00e9 sous l\u2019\u0153il pour un effet cat eye invers\u00e9.<\/div>\n<div class=\"schema-faq-section\" id=\"faq-question-1765833810314\">\n<h3 class=\"schema-faq-question\">Comment adopter les Blunt Bangs cet automne ?<\/h3>\n<p class=\"schema-faq-answer\">Tu peux adopter les Blunt Bangs en coupant net les deux m\u00e8ches de devant au niveau des pommettes pour structurer ton visage. Cette frange graphique, minimaliste et chic, s\u2019inspire des coupes faites maison et promet de remplacer la frange rideau cette saison.<\/div>\n<div class=\"schema-faq-section\" id=\"faq-question-1765833810315\">\n<h3 class=\"schema-faq-question\">Quelle forme d\u2019ongles privil\u00e9gier pour un look tendance ?<\/h3>\n<p class=\"schema-faq-answer\">Pour un look tendance, privil\u00e9gie les ongles longs en amande \u00e0 la place des ongles carr\u00e9s. Leur forme ovale et allong\u00e9e affine les mains et offre une allure chic et f\u00e9line. Tu peux prolonger la tenue gr\u00e2ce \u00e0 un vernis semi-permanent ou choisir des capsules pour des ongles sublimes en un rien de temps.<\/div>\n<div class=\"schema-faq-section\" id=\"faq-question-1765833810316\">\n<h3 class=\"schema-faq-question\">Pourquoi choisir un roux cuivr\u00e9 pour changer de couleur capillaire ?<\/h3>\n<p class=\"schema-faq-answer\">Le roux cuivr\u00e9 illumine instantan\u00e9ment ton teint et apporte une touche chaleureuse et romantique \u00e0 ta chevelure. Les nuances chaudes comme le rouge feu, le blond cuivr\u00e9 ou le roux naturel remplacent les couleurs froides, id\u00e9ales pour r\u00e9chauffer ton look en hiver.<\/div>\n<div class=\"schema-faq-section\" id=\"faq-question-1765833810317\">\n<h3 class=\"schema-faq-question\">Comment r\u00e9server facilement un soin beaut\u00e9 tendance ?<\/h3>\n<p class=\"schema-faq-answer\">Tu peux r\u00e9server ton soin beaut\u00e9 en quelques clics gr\u00e2ce \u00e0 une plateforme sp\u00e9cialis\u00e9e qui propose de nombreuses adresses pr\u00e8s de chez toi. Profite d\u2019une r\u00e9servation simple, rapide et sans effort pour t\u2019offrir un moment de bien-\u00eatre et tester les derni\u00e8res tendances beaut\u00e9.<\/div>\n<\/p><\/div>\n","protected":false},"excerpt":{"rendered":"<p>Rien de tel que de bonnes news beaut\u00e9 pour aborder la rentr\u00e9e et l&#8217;arriv\u00e9e de la nouvelle saison. L\u2019automne est d\u00e9j\u00e0 l\u00e0 et tandis que les feuilles commencent \u00e0 tomber; la sph\u00e8re beaut\u00e9 nous pr\u00e9sente des nouveaut\u00e9s bien cool qu\u2019on a h\u00e2te d\u2019essayer &#8211; et d\u2019adopter. Nous avons pass\u00e9 en revue le look des c\u00e9l\u00e9brit\u00e9s [&hellip;]<\/p>\n","protected":false},"author":3366,"featured_media":43577,"comment_status":"closed","ping_status":"closed","sticky":false,"template":"","format":"standard","meta":{"_acf_changed":false,"_yoast_wpseo_title":"Tendances beaut\u00e9 automne-hiver : 6 looks \u00e0 adopter | Treatwell","_yoast_wpseo_metadesc":"D\u00e9couvrez les 6 tendances beaut\u00e9 incontournables de l'automne-hiver : lipstick chocolat, ongles m\u00e9talliques, eyeliner, Blunt Bangs, ongles amande, roux cuivr\u00e9.","_genesis_hide_title":false,"_genesis_hide_breadcrumbs":false,"_genesis_hide_singular_image":false,"_genesis_hide_footer_widgets":false,"_genesis_custom_body_class":"","_genesis_custom_post_class":"","_genesis_layout":"","saswp_custom_schema_field":"{\"@context\":\"https:\/\/schema.org\",\"@type\":\"FAQPage\",\"mainEntity\":[{\"@type\":\"Question\",\"name\":\"Quelles sont les tendances maquillage de l\u2019automne-hiver ?\",\"acceptedAnswer\":{\"@type\":\"Answer\",\"text\":\"Les tendances maquillage misent sur le lipstick chocolat, les ongles m\u00e9talliques et l\u2019eyeliner indiscret. Les l\u00e8vres adoptent des tonalit\u00e9s chocolat intenses, les ongles brillent avec des vernis m\u00e9talliques, et l\u2019eyeliner se d\u00e9cline en couleurs vives ou \u00e0 paillettes parfois port\u00e9 sous l\u2019\u0153il pour un effet cat eye invers\u00e9.\"}},{\"@type\":\"Question\",\"name\":\"Comment adopter les Blunt Bangs cet automne ?\",\"acceptedAnswer\":{\"@type\":\"Answer\",\"text\":\"Tu peux adopter les Blunt Bangs en coupant net les deux m\u00e8ches de devant au niveau des pommettes pour structurer ton visage. Cette frange graphique, minimaliste et chic, s\u2019inspire des coupes faites maison et promet de remplacer la frange rideau cette saison.\"}},{\"@type\":\"Question\",\"name\":\"Quelle forme d\u2019ongles privil\u00e9gier pour un look tendance ?\",\"acceptedAnswer\":{\"@type\":\"Answer\",\"text\":\"Pour un look tendance, privil\u00e9gie les ongles longs en amande \u00e0 la place des ongles carr\u00e9s. Leur forme ovale et allong\u00e9e affine les mains et offre une allure chic et f\u00e9line. Tu peux prolonger la tenue gr\u00e2ce \u00e0 un vernis semi-permanent ou choisir des capsules pour des ongles sublimes en un rien de temps.\"}},{\"@type\":\"Question\",\"name\":\"Pourquoi choisir un roux cuivr\u00e9 pour changer de couleur capillaire ?\",\"acceptedAnswer\":{\"@type\":\"Answer\",\"text\":\"Le roux cuivr\u00e9 illumine instantan\u00e9ment ton teint et apporte une touche chaleureuse et romantique \u00e0 ta chevelure. Les nuances chaudes comme le rouge feu, le blond cuivr\u00e9 ou le roux naturel remplacent les couleurs froides, id\u00e9ales pour r\u00e9chauffer ton look en hiver.\"}},{\"@type\":\"Question\",\"name\":\"Comment r\u00e9server facilement un soin beaut\u00e9 tendance ?\",\"acceptedAnswer\":{\"@type\":\"Answer\",\"text\":\"Tu peux r\u00e9server ton soin beaut\u00e9 en quelques clics gr\u00e2ce \u00e0 une plateforme sp\u00e9cialis\u00e9e qui propose de nombreuses adresses pr\u00e8s de chez toi. Profite d\u2019une r\u00e9servation simple, rapide et sans effort pour t\u2019offrir un moment de bien-\u00eatre et tester les derni\u00e8res tendances beaut\u00e9.\"}}]}","footnotes":""},"categories":[4],"tags":[40,44,34],"class_list":{"0":"post-43569","1":"post","2":"type-post","3":"status-publish","4":"format-standard","5":"has-post-thumbnail","7":"category-beaute","8":"tag-tr273","9":"tag-tr166","10":"tag-tr81","11":"entry"},"acf":{"post_credits":"Images : Shutterstock, @itsparischanel, @vanessahong, @gigihadid, @sundancegirl, @beautybymilaaa, @jenny.jennys","beauty_blog_post_button_title":"","beauty_blog_post_button":"","landscape_picture":43576,"blocks":[{"block_title":"Le lipstick chocolat","block_content":"<p>Cette saison, le&nbsp;lipstick nude gagne&nbsp;en intensit&eacute; et&nbsp;surfe&nbsp;sur la vibe des ann&eacute;es 90 en s&#039;inspirant des&nbsp;tonalit&eacute;s chocolat. Eh oui, le rouge &agrave; l&egrave;vres marron fait son grand retour. En version matte ou au fini extra glossy, le maquillage des l&egrave;vres s&#039;inspire des chocolats chauds qu&#039;on a h&acirc;te de siroter cet hiver. Miam.&nbsp;<\/p>\n","video_content":"","block_picture":43570},{"block_title":"Les ongles m\u00e9talliques","block_content":"<p>On dit non aux manucures discr&egrave;tes cet automne : il faut que &ccedil;a brille&nbsp;! Et c&#039;est le vernis m&eacute;tallique qui sera sous les feux des projecteurs cette saison, rien de tel pour completer les looks les plus sobres ou les plus extravagants en apportant cette touche d&rsquo;originalit&eacute; qui ne passe pas inaper&ccedil;ue. Argent&eacute;, dor&eacute;, rose gold, bleu m&eacute;tallis&eacute; ou rouge glam, les possibilit&eacute;s sont infinies.&nbsp;<\/p>\n","video_content":"","block_picture":43571},{"block_title":"L\u2019eyeliner indiscret","block_content":"<p>Tant que les masques seront&nbsp;l&agrave;, les yeux continueront &agrave; &ecirc;tre au centre de l&#039;attention c&ocirc;t&eacute; make-up. Et c&#039;est l&rsquo;eyeliner qui sera la star de la saison, mais attention,&nbsp;oubliez le traditionnel trait noir :&nbsp;l&#039;eyeliner devient exp&eacute;rimental. Rouge, violet, vert, bleu, &agrave; paillettes ou m&eacute;tallique seront les couleurs de la saison. Petite update : d&eacute;sormais l&#039;eyeliner&nbsp;ne se porte plus seulement sur la paupi&egrave;re sup&eacute;rieure, mais sur la partie inf&eacute;rieure ! <a href=\"https:\/\/www.treatwell.fr\/identite\/cat-eye-tendance-tiktok\/\">&Ccedil;a s&rsquo;appelle le cat eye invers&eacute;.<\/a><\/p>\n","video_content":"","block_picture":43572},{"block_title":"Les Blunt Bangs","block_content":"<p>Autrement dit :&nbsp;les m&egrave;ches coup&eacute;es. C&#039;est la grande nouveaut&eacute; c&ocirc;t&eacute; coiffure -&nbsp;la frange prend une toute nouvelle tournure in&eacute;dite, inspir&eacute;e des coupes de cheveux <em>do it yourself<\/em>&nbsp;du&nbsp;confinement. En plus graphique, minimaliste et chic - cela va sans dire. Les deux m&egrave;ches de devant sont coup&eacute;es nettes &agrave; hauteur des pommettes de fa&ccedil;on &agrave; apporter plus de structure&nbsp;au visage. Le bruit court que les Blunt Bangs vont d&eacute;tr&ocirc;ner la frange rideau cette saison.<\/p>\n","video_content":"","block_picture":43573},{"block_title":"Les ongles en amande","block_content":"<p>Bye bye les ongles carr&eacute;s :&nbsp;cette saison mise tout sur <a href=\"https:\/\/www.treatwell.fr\/identite\/nude-amande-manucure-reouverture-bars-ongles\/\">les ongles longs en amande.<\/a> Leur forme ovale et allong&eacute;e est&nbsp;parfaite&nbsp;pour allonger et affiner les mains dans une vibe tr&egrave;s chic et f&eacute;line. Vous avez du mal &agrave; laisser pousser vos ongles ? Optez pour une manucure longue dur&eacute;e r&eacute;alis&eacute;e avec un vernis semi-permanent pour les renforcer ou optez pour des capsules pour de beaux ongles longs en un claquement de doigts (litt&eacute;ralement).<\/p>\n","video_content":"","block_picture":43574},{"block_title":"Le roux cuivr\u00e9","block_content":"<p>Gigi Hadid et Kristen Stewart nous l&rsquo;ont prouv&eacute; : le roux est la couleur capillaire de l&rsquo;ann&eacute;e. Rouge feu, blond cuivr&eacute; ou roux naturel, cette saison on laisse de c&ocirc;t&eacute; les nuances froides comme le blond polaire ou le brun indigo et on craque des nuances chaudes et romantiques, comme un soir d&#039;hiver au coin du feu.<\/p>\n\n<p>Avec&nbsp;<a href=\"https:\/\/www.treatwell.fr\/\">Treatwell<\/a>, vous pouvez r&eacute;server vos soins beaut&eacute; en ligne et dans vos &eacute;tablissements pr&eacute;f&eacute;r&eacute;s &ndash; simple, rapide et tout &ccedil;a en un rien de temps.&nbsp;<a href=\"https:\/\/www.treatwell.fr\/salons\/soin-coloration-cheveux-femme\/offre-type-local\/dans-ile-de-france\/\">D&eacute;couvrez des adresses canon pr&egrave;s de chez vous.<\/a><\/p>\n","video_content":"","block_picture":43575}]},"yoast_head":"<!-- This site is optimized with the Yoast SEO plugin v27.4 - https:\/\/yoast.com\/product\/yoast-seo-wordpress\/ -->\n<title>Tendances beaut\u00e9 automne-hiver : 6 looks \u00e0 adopter | Treatwell<\/title>\n<meta name=\"description\" content=\"D\u00e9couvrez les 6 tendances beaut\u00e9 incontournables de l&#039;automne-hiver : lipstick chocolat, ongles m\u00e9talliques, eyeliner, Blunt Bangs, ongles amande, roux cuivr\u00e9.\" \/>\n<meta name=\"robots\" content=\"index, follow, max-snippet:-1, max-image-preview:large, max-video-preview:-1\" \/>\n<link rel=\"canonical\" href=\"https:\/\/www.treatwell.fr/identite\/6-tendances-beaute-automne-hiver-2021\/\" \/>\n<meta property=\"og:locale\" content=\"fr_FR\" \/>\n<meta property=\"og:type\" content=\"article\" \/>\n<meta property=\"og:title\" content=\"Tendances beaut\u00e9 automne-hiver : 6 looks \u00e0 adopter | Treatwell\" \/>\n<meta property=\"og:description\" content=\"D\u00e9couvrez les 6 tendances beaut\u00e9 incontournables de l&#039;automne-hiver : lipstick chocolat, ongles m\u00e9talliques, eyeliner, Blunt Bangs, ongles amande, roux cuivr\u00e9.\" \/>\n<meta property=\"og:url\" content=\"https:\/\/www.treatwell.fr/identite\/6-tendances-beaute-automne-hiver-2021\/\" \/>\n<meta property=\"og:site_name\" content=\"Identit\u00e9\" \/>\n<meta property=\"article:published_time\" content=\"2021-09-22T12:12:42+00:00\" \/>\n<meta property=\"article:modified_time\" content=\"2025-12-15T21:24:32+00:00\" \/>\n<meta property=\"og:image\" content=\"https:\/\/www.treatwell.fr/identite\/wp-content\/uploads\/sites\/6\/2022\/03\/Schermafbeelding-2021-08-10-om-11.04.14-500x628.png\" \/>\n\t<meta property=\"og:image:width\" content=\"500\" \/>\n\t<meta property=\"og:image:height\" content=\"628\" \/>\n\t<meta property=\"og:image:type\" content=\"image\/png\" \/>\n<meta name=\"author\" content=\"Beth Ryan\" \/>\n<meta name=\"twitter:card\" content=\"summary_large_image\" \/>\n<meta name=\"twitter:label1\" content=\"\u00c9crit par\" \/>\n\t<meta name=\"twitter:data1\" content=\"Beth Ryan\" \/>\n\t<meta name=\"twitter:label2\" content=\"Dur\u00e9e de lecture estim\u00e9e\" \/>\n\t<meta name=\"twitter:data2\" content=\"2 minutes\" \/>\n<script type=\"application\/ld+json\" class=\"yoast-schema-graph\">{\"@context\":\"https:\\\/\\\/schema.org\",\"@graph\":[{\"@type\":\"Article\",\"@id\":\"https:\\\/\\\/www.treatwell.fr/identite\\\/6-tendances-beaute-automne-hiver-2021\\\/#article\",\"isPartOf\":{\"@id\":\"https:\\\/\\\/www.treatwell.fr/identite\\\/6-tendances-beaute-automne-hiver-2021\\\/\"},\"author\":{\"name\":\"Beth Ryan\",\"@id\":\"https:\\\/\\\/www.treatwell.fr/identite\\\/#\\\/schema\\\/person\\\/45be8f7781947e6c6d31f4b658271bf6\"},\"headline\":\"Voici les 6 grandes tendances beaut\u00e9 de la saison automne-hiver 2021\",\"datePublished\":\"2021-09-22T12:12:42+00:00\",\"dateModified\":\"2025-12-15T21:24:32+00:00\",\"mainEntityOfPage\":{\"@id\":\"https:\\\/\\\/www.treatwell.fr/identite\\\/6-tendances-beaute-automne-hiver-2021\\\/\"},\"wordCount\":415,\"publisher\":{\"@id\":\"https:\\\/\\\/www.treatwell.fr/identite\\\/#organization\"},\"image\":{\"@id\":\"https:\\\/\\\/www.treatwell.fr/identite\\\/6-tendances-beaute-automne-hiver-2021\\\/#primaryimage\"},\"thumbnailUrl\":\"https:\\\/\\\/www.treatwell.fr/identite\\\/wp-content\\\/uploads\\\/sites\\\/6\\\/2022\\\/03\\\/Schermafbeelding-2021-08-10-om-11.04.14-500x628.png\",\"keywords\":[\"Hair Colouring and Highlights\",\"Haircuts and Hairdressing\",\"Manicure\"],\"articleSection\":[\"Beaut\u00e9\"],\"inLanguage\":\"fr-FR\"},{\"@type\":\"WebPage\",\"@id\":\"https:\\\/\\\/www.treatwell.fr/identite\\\/6-tendances-beaute-automne-hiver-2021\\\/\",\"url\":\"https:\\\/\\\/www.treatwell.fr/identite\\\/6-tendances-beaute-automne-hiver-2021\\\/\",\"name\":\"Tendances beaut\u00e9 automne-hiver : 6 looks \u00e0 adopter | Treatwell\",\"isPartOf\":{\"@id\":\"https:\\\/\\\/www.treatwell.fr/identite\\\/#website\"},\"primaryImageOfPage\":{\"@id\":\"https:\\\/\\\/www.treatwell.fr/identite\\\/6-tendances-beaute-automne-hiver-2021\\\/#primaryimage\"},\"image\":{\"@id\":\"https:\\\/\\\/www.treatwell.fr/identite\\\/6-tendances-beaute-automne-hiver-2021\\\/#primaryimage\"},\"thumbnailUrl\":\"https:\\\/\\\/www.treatwell.fr/identite\\\/wp-content\\\/uploads\\\/sites\\\/6\\\/2022\\\/03\\\/Schermafbeelding-2021-08-10-om-11.04.14-500x628.png\",\"datePublished\":\"2021-09-22T12:12:42+00:00\",\"dateModified\":\"2025-12-15T21:24:32+00:00\",\"description\":\"D\u00e9couvrez les 6 tendances beaut\u00e9 incontournables de l'automne-hiver : lipstick chocolat, ongles m\u00e9talliques, eyeliner, Blunt Bangs, ongles amande, roux cuivr\u00e9.\",\"breadcrumb\":{\"@id\":\"https:\\\/\\\/www.treatwell.fr/identite\\\/6-tendances-beaute-automne-hiver-2021\\\/#breadcrumb\"},\"inLanguage\":\"fr-FR\",\"potentialAction\":[{\"@type\":\"ReadAction\",\"target\":[\"https:\\\/\\\/www.treatwell.fr/identite\\\/6-tendances-beaute-automne-hiver-2021\\\/\"]}]},{\"@type\":\"ImageObject\",\"inLanguage\":\"fr-FR\",\"@id\":\"https:\\\/\\\/www.treatwell.fr/identite\\\/6-tendances-beaute-automne-hiver-2021\\\/#primaryimage\",\"url\":\"https:\\\/\\\/www.treatwell.fr/identite\\\/wp-content\\\/uploads\\\/sites\\\/6\\\/2022\\\/03\\\/Schermafbeelding-2021-08-10-om-11.04.14-500x628.png\",\"contentUrl\":\"https:\\\/\\\/www.treatwell.fr/identite\\\/wp-content\\\/uploads\\\/sites\\\/6\\\/2022\\\/03\\\/Schermafbeelding-2021-08-10-om-11.04.14-500x628.png\",\"width\":500,\"height\":628},{\"@type\":\"BreadcrumbList\",\"@id\":\"https:\\\/\\\/www.treatwell.fr/identite\\\/6-tendances-beaute-automne-hiver-2021\\\/#breadcrumb\",\"itemListElement\":[{\"@type\":\"ListItem\",\"position\":1,\"name\":\"Home\",\"item\":\"https:\\\/\\\/www.treatwell.fr/identite\\\/\"},{\"@type\":\"ListItem\",\"position\":2,\"name\":\"Beaut\u00e9\",\"item\":\"https:\\\/\\\/www.treatwell.fr/identite\\\/beaute\\\/\"},{\"@type\":\"ListItem\",\"position\":3,\"name\":\"Voici les 6 grandes tendances beaut\u00e9 de la saison automne-hiver 2021\"}]},{\"@type\":\"WebSite\",\"@id\":\"https:\\\/\\\/www.treatwell.fr/identite\\\/#website\",\"url\":\"https:\\\/\\\/www.treatwell.fr/identite\\\/\",\"name\":\"Identit\u00e9\",\"description\":\"Beaut\u00e9, Cheveux, Quotidien\",\"publisher\":{\"@id\":\"https:\\\/\\\/www.treatwell.fr/identite\\\/#organization\"},\"potentialAction\":[{\"@type\":\"SearchAction\",\"target\":{\"@type\":\"EntryPoint\",\"urlTemplate\":\"https:\\\/\\\/www.treatwell.fr/identite\\\/?s={search_term_string}\"},\"query-input\":{\"@type\":\"PropertyValueSpecification\",\"valueRequired\":true,\"valueName\":\"search_term_string\"}}],\"inLanguage\":\"fr-FR\"},{\"@type\":\"Organization\",\"@id\":\"https:\\\/\\\/www.treatwell.fr/identite\\\/#organization\",\"name\":\"Treatwell\",\"url\":\"https:\\\/\\\/www.treatwell.fr/identite\\\/\",\"logo\":{\"@type\":\"ImageObject\",\"inLanguage\":\"fr-FR\",\"@id\":\"https:\\\/\\\/www.treatwell.fr/identite\\\/#\\\/schema\\\/logo\\\/image\\\/\",\"url\":\"https:\\\/\\\/www.treatwell.fr/identite\\\/wp-content\\\/uploads\\\/sites\\\/6\\\/2022\\\/03\\\/logo_treatwell.png\",\"contentUrl\":\"https:\\\/\\\/www.treatwell.fr/identite\\\/wp-content\\\/uploads\\\/sites\\\/6\\\/2022\\\/03\\\/logo_treatwell.png\",\"width\":889,\"height\":164,\"caption\":\"Treatwell\"},\"image\":{\"@id\":\"https:\\\/\\\/www.treatwell.fr/identite\\\/#\\\/schema\\\/logo\\\/image\\\/\"}},{\"@type\":\"Person\",\"@id\":\"https:\\\/\\\/www.treatwell.fr/identite\\\/#\\\/schema\\\/person\\\/45be8f7781947e6c6d31f4b658271bf6\",\"name\":\"Beth Ryan\",\"image\":{\"@type\":\"ImageObject\",\"inLanguage\":\"fr-FR\",\"@id\":\"https:\\\/\\\/secure.gravatar.com\\\/avatar\\\/93502c3b0591e62d75cc697ff3b5b8f47fef521e9dd0d61feb5570ae6d459200?s=96&d=mm&r=g\",\"url\":\"https:\\\/\\\/secure.gravatar.com\\\/avatar\\\/93502c3b0591e62d75cc697ff3b5b8f47fef521e9dd0d61feb5570ae6d459200?s=96&d=mm&r=g\",\"contentUrl\":\"https:\\\/\\\/secure.gravatar.com\\\/avatar\\\/93502c3b0591e62d75cc697ff3b5b8f47fef521e9dd0d61feb5570ae6d459200?s=96&d=mm&r=g\",\"caption\":\"Beth Ryan\"},\"url\":\"https:\\\/\\\/www.treatwell.fr/identite\\\/author\\\/bethanyryan\\\/\"}]}<\/script>\n<!-- \/ Yoast SEO plugin. -->","yoast_head_json":{"title":"Tendances beaut\u00e9 automne-hiver : 6 looks \u00e0 adopter | Treatwell","description":"D\u00e9couvrez les 6 tendances beaut\u00e9 incontournables de l'automne-hiver : lipstick chocolat, ongles m\u00e9talliques, eyeliner, Blunt Bangs, ongles amande, roux cuivr\u00e9.","robots":{"index":"index","follow":"follow","max-snippet":"max-snippet:-1","max-image-preview":"max-image-preview:large","max-video-preview":"max-video-preview:-1"},"canonical":"https:\/\/www.treatwell.fr/identite\/6-tendances-beaute-automne-hiver-2021\/","og_locale":"fr_FR","og_type":"article","og_title":"Tendances beaut\u00e9 automne-hiver : 6 looks \u00e0 adopter | Treatwell","og_description":"D\u00e9couvrez les 6 tendances beaut\u00e9 incontournables de l'automne-hiver : lipstick chocolat, ongles m\u00e9talliques, eyeliner, Blunt Bangs, ongles amande, roux cuivr\u00e9.","og_url":"https:\/\/www.treatwell.fr/identite\/6-tendances-beaute-automne-hiver-2021\/","og_site_name":"Identit\u00e9","article_published_time":"2021-09-22T12:12:42+00:00","article_modified_time":"2025-12-15T21:24:32+00:00","og_image":[{"width":500,"height":628,"url":"https:\/\/www.treatwell.fr/identite\/wp-content\/uploads\/sites\/6\/2022\/03\/Schermafbeelding-2021-08-10-om-11.04.14-500x628.png","type":"image\/png"}],"author":"Beth Ryan","twitter_card":"summary_large_image","twitter_misc":{"\u00c9crit par":"Beth Ryan","Dur\u00e9e de lecture estim\u00e9e":"2 minutes"},"schema":{"@context":"https:\/\/schema.org","@graph":[{"@type":"Article","@id":"https:\/\/www.treatwell.fr/identite\/6-tendances-beaute-automne-hiver-2021\/#article","isPartOf":{"@id":"https:\/\/www.treatwell.fr/identite\/6-tendances-beaute-automne-hiver-2021\/"},"author":{"name":"Beth Ryan","@id":"https:\/\/www.treatwell.fr/identite\/#\/schema\/person\/45be8f7781947e6c6d31f4b658271bf6"},"headline":"Voici les 6 grandes tendances beaut\u00e9 de la saison automne-hiver 2021","datePublished":"2021-09-22T12:12:42+00:00","dateModified":"2025-12-15T21:24:32+00:00","mainEntityOfPage":{"@id":"https:\/\/www.treatwell.fr/identite\/6-tendances-beaute-automne-hiver-2021\/"},"wordCount":415,"publisher":{"@id":"https:\/\/www.treatwell.fr/identite\/#organization"},"image":{"@id":"https:\/\/www.treatwell.fr/identite\/6-tendances-beaute-automne-hiver-2021\/#primaryimage"},"thumbnailUrl":"https:\/\/www.treatwell.fr/identite\/wp-content\/uploads\/sites\/6\/2022\/03\/Schermafbeelding-2021-08-10-om-11.04.14-500x628.png","keywords":["Hair Colouring and Highlights","Haircuts and Hairdressing","Manicure"],"articleSection":["Beaut\u00e9"],"inLanguage":"fr-FR"},{"@type":"WebPage","@id":"https:\/\/www.treatwell.fr/identite\/6-tendances-beaute-automne-hiver-2021\/","url":"https:\/\/www.treatwell.fr/identite\/6-tendances-beaute-automne-hiver-2021\/","name":"Tendances beaut\u00e9 automne-hiver : 6 looks \u00e0 adopter | Treatwell","isPartOf":{"@id":"https:\/\/www.treatwell.fr/identite\/#website"},"primaryImageOfPage":{"@id":"https:\/\/www.treatwell.fr/identite\/6-tendances-beaute-automne-hiver-2021\/#primaryimage"},"image":{"@id":"https:\/\/www.treatwell.fr/identite\/6-tendances-beaute-automne-hiver-2021\/#primaryimage"},"thumbnailUrl":"https:\/\/www.treatwell.fr/identite\/wp-content\/uploads\/sites\/6\/2022\/03\/Schermafbeelding-2021-08-10-om-11.04.14-500x628.png","datePublished":"2021-09-22T12:12:42+00:00","dateModified":"2025-12-15T21:24:32+00:00","description":"D\u00e9couvrez les 6 tendances beaut\u00e9 incontournables de l'automne-hiver : lipstick chocolat, ongles m\u00e9talliques, eyeliner, Blunt Bangs, ongles amande, roux cuivr\u00e9.","breadcrumb":{"@id":"https:\/\/www.treatwell.fr/identite\/6-tendances-beaute-automne-hiver-2021\/#breadcrumb"},"inLanguage":"fr-FR","potentialAction":[{"@type":"ReadAction","target":["https:\/\/www.treatwell.fr/identite\/6-tendances-beaute-automne-hiver-2021\/"]}]},{"@type":"ImageObject","inLanguage":"fr-FR","@id":"https:\/\/www.treatwell.fr/identite\/6-tendances-beaute-automne-hiver-2021\/#primaryimage","url":"https:\/\/www.treatwell.fr/identite\/wp-content\/uploads\/sites\/6\/2022\/03\/Schermafbeelding-2021-08-10-om-11.04.14-500x628.png","contentUrl":"https:\/\/www.treatwell.fr/identite\/wp-content\/uploads\/sites\/6\/2022\/03\/Schermafbeelding-2021-08-10-om-11.04.14-500x628.png","width":500,"height":628},{"@type":"BreadcrumbList","@id":"https:\/\/www.treatwell.fr/identite\/6-tendances-beaute-automne-hiver-2021\/#breadcrumb","itemListElement":[{"@type":"ListItem","position":1,"name":"Home","item":"https:\/\/www.treatwell.fr/identite\/"},{"@type":"ListItem","position":2,"name":"Beaut\u00e9","item":"https:\/\/www.treatwell.fr/identite\/beaute\/"},{"@type":"ListItem","position":3,"name":"Voici les 6 grandes tendances beaut\u00e9 de la saison automne-hiver 2021"}]},{"@type":"WebSite","@id":"https:\/\/www.treatwell.fr/identite\/#website","url":"https:\/\/www.treatwell.fr/identite\/","name":"Identit\u00e9","description":"Beaut\u00e9, Cheveux, Quotidien","publisher":{"@id":"https:\/\/www.treatwell.fr/identite\/#organization"},"potentialAction":[{"@type":"SearchAction","target":{"@type":"EntryPoint","urlTemplate":"https:\/\/www.treatwell.fr/identite\/?s={search_term_string}"},"query-input":{"@type":"PropertyValueSpecification","valueRequired":true,"valueName":"search_term_string"}}],"inLanguage":"fr-FR"},{"@type":"Organization","@id":"https:\/\/www.treatwell.fr/identite\/#organization","name":"Treatwell","url":"https:\/\/www.treatwell.fr/identite\/","logo":{"@type":"ImageObject","inLanguage":"fr-FR","@id":"https:\/\/www.treatwell.fr/identite\/#\/schema\/logo\/image\/","url":"https:\/\/www.treatwell.fr/identite\/wp-content\/uploads\/sites\/6\/2022\/03\/logo_treatwell.png","contentUrl":"https:\/\/www.treatwell.fr/identite\/wp-content\/uploads\/sites\/6\/2022\/03\/logo_treatwell.png","width":889,"height":164,"caption":"Treatwell"},"image":{"@id":"https:\/\/www.treatwell.fr/identite\/#\/schema\/logo\/image\/"}},{"@type":"Person","@id":"https:\/\/www.treatwell.fr/identite\/#\/schema\/person\/45be8f7781947e6c6d31f4b658271bf6","name":"Beth Ryan","image":{"@type":"ImageObject","inLanguage":"fr-FR","@id":"https:\/\/secure.gravatar.com\/avatar\/93502c3b0591e62d75cc697ff3b5b8f47fef521e9dd0d61feb5570ae6d459200?s=96&d=mm&r=g","url":"https:\/\/secure.gravatar.com\/avatar\/93502c3b0591e62d75cc697ff3b5b8f47fef521e9dd0d61feb5570ae6d459200?s=96&d=mm&r=g","contentUrl":"https:\/\/secure.gravatar.com\/avatar\/93502c3b0591e62d75cc697ff3b5b8f47fef521e9dd0d61feb5570ae6d459200?s=96&d=mm&r=g","caption":"Beth Ryan"},"url":"https:\/\/www.treatwell.fr/identite\/author\/bethanyryan\/"}]}},"featured_image_src":"https:\/\/www.treatwell.fr/identite\/wp-content\/uploads\/sites\/6\/2022\/03\/Schermafbeelding-2021-08-10-om-11.04.14-500x628-500x400.png","featured_image_src_square":"https:\/\/www.treatwell.fr/identite\/wp-content\/uploads\/sites\/6\/2022\/03\/Schermafbeelding-2021-08-10-om-11.04.14-500x628-500x600.png","author_info":{"display_name":"Beth Ryan","author_link":"https:\/\/www.treatwell.fr/identite\/author\/bethanyryan\/"},"_links":{"self":[{"href":"https:\/\/www.treatwell.fr\/identite\/wp-json\/wp\/v2\/posts\/43569","targetHints":{"allow":["GET"]}}],"collection":[{"href":"https:\/\/www.treatwell.fr\/identite\/wp-json\/wp\/v2\/posts"}],"about":[{"href":"https:\/\/www.treatwell.fr\/identite\/wp-json\/wp\/v2\/types\/post"}],"author":[{"embeddable":true,"href":"https:\/\/www.treatwell.fr\/identite\/wp-json\/wp\/v2\/users\/3366"}],"replies":[{"embeddable":true,"href":"https:\/\/www.treatwell.fr\/identite\/wp-json\/wp\/v2\/comments?post=43569"}],"version-history":[{"count":0,"href":"https:\/\/www.treatwell.fr\/identite\/wp-json\/wp\/v2\/posts\/43569\/revisions"}],"wp:featuredmedia":[{"embeddable":true,"href":"https:\/\/www.treatwell.fr\/identite\/wp-json\/wp\/v2\/media\/43577"}],"wp:attachment":[{"href":"https:\/\/www.treatwell.fr\/identite\/wp-json\/wp\/v2\/media?parent=43569"}],"wp:term":[{"taxonomy":"category","embeddable":true,"href":"https:\/\/www.treatwell.fr\/identite\/wp-json\/wp\/v2\/categories?post=43569"},{"taxonomy":"post_tag","embeddable":true,"href":"https:\/\/www.treatwell.fr\/identite\/wp-json\/wp\/v2\/tags?post=43569"}],"curies":[{"name":"wp","href":"https:\/\/api.w.org\/{rel}","templated":true}]}}