{"id":43778,"date":"2021-10-22T17:19:24","date_gmt":"2021-10-22T15:19:24","guid":{"rendered":"https:\/\/www.treatwell.fr\/identite\/?p=28108"},"modified":"2025-12-15T22:24:37","modified_gmt":"2025-12-15T21:24:37","slug":"velvet-nails-manucure-tendance-saison","status":"publish","type":"post","link":"https:\/\/www.treatwell.fr/identite\/velvet-nails-manucure-tendance-saison\/","title":{"rendered":"Laissez-vous hypnotiser par les Velvet Nails : la nouvelle manucure tendance de la saison"},"content":{"rendered":"<p class=\"p1\">Existe-t-il une plus belle fa\u00e7on pour siroter son pumpkin spice latte sur la route du bureau qu\u2019avec une nouvelle manucure de saison ? Non, la r\u00e9ponse est non. Comme l\u2019automne est d\u00e9j\u00e0 bien install\u00e9, le froid nous fait donne envie de craquer pour <a href=\"https:\/\/www.treatwell.fr\/identite\/les-10-couleurs-de-vernis-les-plus-tendance-de-lautomne-hiver-2021\/\">des ongles aux couleurs et textures chaudes et cosy<\/a>. D\u2019o\u00f9 l\u2019entr\u00e9e en sc\u00e8ne des Velvet Nails.<\/p>\n<p class=\"p1\">On les avait d\u00e9j\u00e0 aper\u00e7us sur les doigts de Chiara Ferragni il y a quelques temps et, sans grande surprise, ils s\u2019annoncent comme la grande tendance manucure de la saison automne\/hiver. Leur particularit\u00e9 : ce style d&#8217;ongles apporte aux ongles un effet velours tr\u00e8s classe, \u00e9l\u00e9gant et festif &#8211; parfait pour cette p\u00e9riode de l\u2019ann\u00e9e.<\/p>\n<p class=\"p1\">Les Velvet Nails sont un type de nail art qui cr\u00e9e une illusion de texture gr\u00e2ce \u00e0 des micro-paillettes qui donnent un effet velout\u00e9 aux ongles. C\u00f4t\u00e9 couleurs, on adore l\u2019effet champagne p\u00e9tillant, l\u2019orange br\u00fbl\u00e9, l\u2019argent\u00e9 et le bleu turquoise.`<\/p>\n<p class=\"p1\">Maintenant, il n\u2019y a plus qu\u2019\u00e0 choisir votre mani pr\u00e9f\u00e9r\u00e9e (et \u00e0 la demander \u00e0 votre nail artist).<\/p>\n<div class=\"schema-faq wp-block-yoast-faq-block\">\n<div class=\"schema-faq-section\" id=\"faq-question-1765833764752\">\n<h3 class=\"schema-faq-question\">Que sont les Velvet Nails ?<\/h3>\n<p class=\"schema-faq-answer\">Les Velvet Nails sont un style de nail art qui sublime tes ongles avec un effet velours tr\u00e8s \u00e9l\u00e9gant. Tu profites d&#8217;une illusion de texture cr\u00e9\u00e9e par des micro-paillettes pour un r\u00e9sultat sophistiqu\u00e9 et festif, parfait pour la saison automne\/hiver.<\/div>\n<div class=\"schema-faq-section\" id=\"faq-question-1765833764753\">\n<h3 class=\"schema-faq-question\">Quelle est la particularit\u00e9 des Velvet Nails ?<\/h3>\n<p class=\"schema-faq-answer\">Ce style d&#8217;ongles offre un effet velours gr\u00e2ce \u00e0 de fines micro-paillettes qui captent la lumi\u00e8re. Tu obtiens ainsi une manucure chic et festive, id\u00e9ale pour arborer un look automnal tendance.<\/div>\n<div class=\"schema-faq-section\" id=\"faq-question-1765833764754\">\n<h3 class=\"schema-faq-question\">Quelles couleurs adopter pour des Velvet Nails tendance ?<\/h3>\n<p class=\"schema-faq-answer\">Pour des Velvet Nails r\u00e9ussis, mise sur des teintes comme champagne p\u00e9tillant, orange br\u00fbl\u00e9, argent\u00e9 ou bleu turquoise. Ces couleurs chaudes et \u00e9clatantes s&#8217;inscrivent parfaitement dans l&#8217;esprit cosy de l&#8217;automne et de l&#8217;hiver.<\/div>\n<div class=\"schema-faq-section\" id=\"faq-question-1765833764755\">\n<h3 class=\"schema-faq-question\">Faut-il demander un nail artist pour r\u00e9aliser des Velvet Nails ?<\/h3>\n<p class=\"schema-faq-answer\">Pour profiter pleinement de l&#8217;effet velours, adresse-toi \u00e0 un nail artist exp\u00e9riment\u00e9. Tu b\u00e9n\u00e9ficieras d&#8217;une manucure soign\u00e9e et de conseils personnalis\u00e9s pour choisir ta couleur favorite selon tes envies.<\/div>\n<\/p><\/div>\n","protected":false},"excerpt":{"rendered":"<p>Existe-t-il une plus belle fa\u00e7on pour siroter son pumpkin spice latte sur la route du bureau qu\u2019avec une nouvelle manucure de saison ? Non, la r\u00e9ponse est non. Comme l\u2019automne est d\u00e9j\u00e0 bien install\u00e9, le froid nous fait donne envie de craquer pour des ongles aux couleurs et textures chaudes et cosy. D\u2019o\u00f9 l\u2019entr\u00e9e en [&hellip;]<\/p>\n","protected":false},"author":3366,"featured_media":43796,"comment_status":"closed","ping_status":"closed","sticky":false,"template":"","format":"standard","meta":{"_acf_changed":false,"_yoast_wpseo_title":"Velvet Nails : tendance manucure automne hiver | Treatwell","_yoast_wpseo_metadesc":"Velvet Nails : effet velours, couleurs chaudes et brillantes, inspiration festive. D\u00e9couvre cette tendance manucure id\u00e9ale pour l'automne hiver et sublime tes ongles !","_genesis_hide_title":false,"_genesis_hide_breadcrumbs":false,"_genesis_hide_singular_image":false,"_genesis_hide_footer_widgets":false,"_genesis_custom_body_class":"","_genesis_custom_post_class":"","_genesis_layout":"","saswp_custom_schema_field":"{\"@context\":\"https:\/\/schema.org\",\"@type\":\"FAQPage\",\"mainEntity\":[{\"@type\":\"Question\",\"name\":\"Que sont les Velvet Nails ?\",\"acceptedAnswer\":{\"@type\":\"Answer\",\"text\":\"Les Velvet Nails sont un style de nail art qui sublime tes ongles avec un effet velours tr\u00e8s \u00e9l\u00e9gant. Tu profites d'une illusion de texture cr\u00e9\u00e9e par des micro-paillettes pour un r\u00e9sultat sophistiqu\u00e9 et festif, parfait pour la saison automne\/hiver.\"}},{\"@type\":\"Question\",\"name\":\"Quelle est la particularit\u00e9 des Velvet Nails ?\",\"acceptedAnswer\":{\"@type\":\"Answer\",\"text\":\"Ce style d'ongles offre un effet velours gr\u00e2ce \u00e0 de fines micro-paillettes qui captent la lumi\u00e8re. Tu obtiens ainsi une manucure chic et festive, id\u00e9ale pour arborer un look automnal tendance.\"}},{\"@type\":\"Question\",\"name\":\"Quelles couleurs adopter pour des Velvet Nails tendance ?\",\"acceptedAnswer\":{\"@type\":\"Answer\",\"text\":\"Pour des Velvet Nails r\u00e9ussis, mise sur des teintes comme champagne p\u00e9tillant, orange br\u00fbl\u00e9, argent\u00e9 ou bleu turquoise. Ces couleurs chaudes et \u00e9clatantes s'inscrivent parfaitement dans l'esprit cosy de l'automne et de l'hiver.\"}},{\"@type\":\"Question\",\"name\":\"Faut-il demander un nail artist pour r\u00e9aliser des Velvet Nails ?\",\"acceptedAnswer\":{\"@type\":\"Answer\",\"text\":\"Pour profiter pleinement de l'effet velours, adresse-toi \u00e0 un nail artist exp\u00e9riment\u00e9. Tu b\u00e9n\u00e9ficieras d'une manucure soign\u00e9e et de conseils personnalis\u00e9s pour choisir ta couleur favorite selon tes envies.\"}}]}","footnotes":""},"categories":[2],"tags":[34,31,85],"class_list":{"0":"post-43778","1":"post","2":"type-post","3":"status-publish","4":"format-standard","5":"has-post-thumbnail","7":"category-tendances","8":"tag-tr81","9":"tag-tt36","10":"tag-tr595","11":"entry"},"acf":{"post_credits":"Images : Shutterstock, @lolo.nailedit, @checkyesmichelle, @bhambnails, @nailbyjule_, @twinkleclaws, @by_hayle, @lee_beauty_studio, @miasolx, @imarninails, @quasenadafutilstore, @swaknails, @jazzynailsx, @the.beautyboudoir","beauty_blog_post_button_title":"R\u00e9servez","beauty_blog_post_button":"https:\/\/www.treatwell.fr\/salons\/soin-vernis-semi-permanent-mains\/offre-type-local\/dans-ile-de-france\/","landscape_picture":43795,"blocks":[{"block_title":"","block_content":"","video_content":"","block_picture":43779},{"block_title":"","block_content":"","video_content":"","block_picture":43780},{"block_title":"","block_content":"","video_content":"","block_picture":43781},{"block_title":"","block_content":"","video_content":"","block_picture":43782},{"block_title":"","block_content":"","video_content":"","block_picture":43783},{"block_title":"","block_content":"","video_content":"","block_picture":43784},{"block_title":"","block_content":"","video_content":"","block_picture":43785},{"block_title":"","block_content":"","video_content":"","block_picture":43786},{"block_title":"","block_content":"","video_content":"","block_picture":43787},{"block_title":"","block_content":"","video_content":"","block_picture":43788},{"block_title":"","block_content":"","video_content":"","block_picture":43789},{"block_title":"","block_content":"","video_content":"","block_picture":43790},{"block_title":"","block_content":"","video_content":"","block_picture":43791},{"block_title":"","block_content":"","video_content":"","block_picture":43792},{"block_title":"","block_content":"","video_content":"","block_picture":43793},{"block_title":"","block_content":"","video_content":"","block_picture":43794}]},"yoast_head":"<!-- This site is optimized with the Yoast SEO plugin v27.5 - https:\/\/yoast.com\/product\/yoast-seo-wordpress\/ -->\n<title>Velvet Nails : tendance manucure automne hiver | Treatwell<\/title>\n<meta name=\"description\" content=\"Velvet Nails : effet velours, couleurs chaudes et brillantes, inspiration festive. D\u00e9couvre cette tendance manucure id\u00e9ale pour l&#039;automne hiver et sublime tes ongles !\" \/>\n<meta name=\"robots\" content=\"index, follow, max-snippet:-1, max-image-preview:large, max-video-preview:-1\" \/>\n<link rel=\"canonical\" href=\"https:\/\/www.treatwell.fr/identite\/velvet-nails-manucure-tendance-saison\/\" \/>\n<meta property=\"og:locale\" content=\"fr_FR\" \/>\n<meta property=\"og:type\" content=\"article\" \/>\n<meta property=\"og:title\" content=\"Velvet Nails : tendance manucure automne hiver | Treatwell\" \/>\n<meta property=\"og:description\" content=\"Velvet Nails : effet velours, couleurs chaudes et brillantes, inspiration festive. D\u00e9couvre cette tendance manucure id\u00e9ale pour l&#039;automne hiver et sublime tes ongles !\" \/>\n<meta property=\"og:url\" content=\"https:\/\/www.treatwell.fr/identite\/velvet-nails-manucure-tendance-saison\/\" \/>\n<meta property=\"og:site_name\" content=\"Identit\u00e9\" \/>\n<meta property=\"article:published_time\" content=\"2021-10-22T15:19:24+00:00\" \/>\n<meta property=\"article:modified_time\" content=\"2025-12-15T21:24:37+00:00\" \/>\n<meta property=\"og:image\" content=\"https:\/\/www.treatwell.fr/identite\/wp-content\/uploads\/sites\/6\/2022\/03\/Schermafbeelding-2021-09-29-om-11.09.07.png\" \/>\n\t<meta property=\"og:image:width\" content=\"479\" \/>\n\t<meta property=\"og:image:height\" content=\"628\" \/>\n\t<meta property=\"og:image:type\" content=\"image\/png\" \/>\n<meta name=\"author\" content=\"Beth Ryan\" \/>\n<meta name=\"twitter:card\" content=\"summary_large_image\" \/>\n<meta name=\"twitter:label1\" content=\"\u00c9crit par\" \/>\n\t<meta name=\"twitter:data1\" content=\"Beth Ryan\" \/>\n\t<meta name=\"twitter:label2\" content=\"Dur\u00e9e de lecture estim\u00e9e\" \/>\n\t<meta name=\"twitter:data2\" content=\"2 minutes\" \/>\n<script type=\"application\/ld+json\" class=\"yoast-schema-graph\">{\"@context\":\"https:\\\/\\\/schema.org\",\"@graph\":[{\"@type\":\"Article\",\"@id\":\"https:\\\/\\\/www.treatwell.fr/identite\\\/velvet-nails-manucure-tendance-saison\\\/#article\",\"isPartOf\":{\"@id\":\"https:\\\/\\\/www.treatwell.fr/identite\\\/velvet-nails-manucure-tendance-saison\\\/\"},\"author\":{\"name\":\"Beth Ryan\",\"@id\":\"https:\\\/\\\/www.treatwell.fr/identite\\\/#\\\/schema\\\/person\\\/45be8f7781947e6c6d31f4b658271bf6\"},\"headline\":\"Laissez-vous hypnotiser par les Velvet Nails : la nouvelle manucure tendance de la saison\",\"datePublished\":\"2021-10-22T15:19:24+00:00\",\"dateModified\":\"2025-12-15T21:24:37+00:00\",\"mainEntityOfPage\":{\"@id\":\"https:\\\/\\\/www.treatwell.fr/identite\\\/velvet-nails-manucure-tendance-saison\\\/\"},\"wordCount\":396,\"publisher\":{\"@id\":\"https:\\\/\\\/www.treatwell.fr/identite\\\/#organization\"},\"image\":{\"@id\":\"https:\\\/\\\/www.treatwell.fr/identite\\\/velvet-nails-manucure-tendance-saison\\\/#primaryimage\"},\"thumbnailUrl\":\"https:\\\/\\\/www.treatwell.fr/identite\\\/wp-content\\\/uploads\\\/sites\\\/6\\\/2022\\\/03\\\/Schermafbeelding-2021-09-29-om-11.09.07.png\",\"keywords\":[\"Manicure\",\"Nails\",\"Two Week Manicure\"],\"articleSection\":[\"Tendances\"],\"inLanguage\":\"fr-FR\"},{\"@type\":\"WebPage\",\"@id\":\"https:\\\/\\\/www.treatwell.fr/identite\\\/velvet-nails-manucure-tendance-saison\\\/\",\"url\":\"https:\\\/\\\/www.treatwell.fr/identite\\\/velvet-nails-manucure-tendance-saison\\\/\",\"name\":\"Velvet Nails : tendance manucure automne hiver | Treatwell\",\"isPartOf\":{\"@id\":\"https:\\\/\\\/www.treatwell.fr/identite\\\/#website\"},\"primaryImageOfPage\":{\"@id\":\"https:\\\/\\\/www.treatwell.fr/identite\\\/velvet-nails-manucure-tendance-saison\\\/#primaryimage\"},\"image\":{\"@id\":\"https:\\\/\\\/www.treatwell.fr/identite\\\/velvet-nails-manucure-tendance-saison\\\/#primaryimage\"},\"thumbnailUrl\":\"https:\\\/\\\/www.treatwell.fr/identite\\\/wp-content\\\/uploads\\\/sites\\\/6\\\/2022\\\/03\\\/Schermafbeelding-2021-09-29-om-11.09.07.png\",\"datePublished\":\"2021-10-22T15:19:24+00:00\",\"dateModified\":\"2025-12-15T21:24:37+00:00\",\"description\":\"Velvet Nails : effet velours, couleurs chaudes et brillantes, inspiration festive. D\u00e9couvre cette tendance manucure id\u00e9ale pour l'automne hiver et sublime tes ongles !\",\"breadcrumb\":{\"@id\":\"https:\\\/\\\/www.treatwell.fr/identite\\\/velvet-nails-manucure-tendance-saison\\\/#breadcrumb\"},\"inLanguage\":\"fr-FR\",\"potentialAction\":[{\"@type\":\"ReadAction\",\"target\":[\"https:\\\/\\\/www.treatwell.fr/identite\\\/velvet-nails-manucure-tendance-saison\\\/\"]}]},{\"@type\":\"ImageObject\",\"inLanguage\":\"fr-FR\",\"@id\":\"https:\\\/\\\/www.treatwell.fr/identite\\\/velvet-nails-manucure-tendance-saison\\\/#primaryimage\",\"url\":\"https:\\\/\\\/www.treatwell.fr/identite\\\/wp-content\\\/uploads\\\/sites\\\/6\\\/2022\\\/03\\\/Schermafbeelding-2021-09-29-om-11.09.07.png\",\"contentUrl\":\"https:\\\/\\\/www.treatwell.fr/identite\\\/wp-content\\\/uploads\\\/sites\\\/6\\\/2022\\\/03\\\/Schermafbeelding-2021-09-29-om-11.09.07.png\",\"width\":479,\"height\":628},{\"@type\":\"BreadcrumbList\",\"@id\":\"https:\\\/\\\/www.treatwell.fr/identite\\\/velvet-nails-manucure-tendance-saison\\\/#breadcrumb\",\"itemListElement\":[{\"@type\":\"ListItem\",\"position\":1,\"name\":\"Home\",\"item\":\"https:\\\/\\\/www.treatwell.fr/identite\\\/\"},{\"@type\":\"ListItem\",\"position\":2,\"name\":\"Tendances\",\"item\":\"https:\\\/\\\/www.treatwell.fr/identite\\\/tendances\\\/\"},{\"@type\":\"ListItem\",\"position\":3,\"name\":\"Laissez-vous hypnotiser par les Velvet Nails : la nouvelle manucure tendance de la saison\"}]},{\"@type\":\"WebSite\",\"@id\":\"https:\\\/\\\/www.treatwell.fr/identite\\\/#website\",\"url\":\"https:\\\/\\\/www.treatwell.fr/identite\\\/\",\"name\":\"Identit\u00e9\",\"description\":\"Beaut\u00e9, Cheveux, Quotidien\",\"publisher\":{\"@id\":\"https:\\\/\\\/www.treatwell.fr/identite\\\/#organization\"},\"potentialAction\":[{\"@type\":\"SearchAction\",\"target\":{\"@type\":\"EntryPoint\",\"urlTemplate\":\"https:\\\/\\\/www.treatwell.fr/identite\\\/?s={search_term_string}\"},\"query-input\":{\"@type\":\"PropertyValueSpecification\",\"valueRequired\":true,\"valueName\":\"search_term_string\"}}],\"inLanguage\":\"fr-FR\"},{\"@type\":\"Organization\",\"@id\":\"https:\\\/\\\/www.treatwell.fr/identite\\\/#organization\",\"name\":\"Treatwell\",\"url\":\"https:\\\/\\\/www.treatwell.fr/identite\\\/\",\"logo\":{\"@type\":\"ImageObject\",\"inLanguage\":\"fr-FR\",\"@id\":\"https:\\\/\\\/www.treatwell.fr/identite\\\/#\\\/schema\\\/logo\\\/image\\\/\",\"url\":\"https:\\\/\\\/www.treatwell.fr/identite\\\/wp-content\\\/uploads\\\/sites\\\/6\\\/2022\\\/03\\\/logo_treatwell.png\",\"contentUrl\":\"https:\\\/\\\/www.treatwell.fr/identite\\\/wp-content\\\/uploads\\\/sites\\\/6\\\/2022\\\/03\\\/logo_treatwell.png\",\"width\":889,\"height\":164,\"caption\":\"Treatwell\"},\"image\":{\"@id\":\"https:\\\/\\\/www.treatwell.fr/identite\\\/#\\\/schema\\\/logo\\\/image\\\/\"}},{\"@type\":\"Person\",\"@id\":\"https:\\\/\\\/www.treatwell.fr/identite\\\/#\\\/schema\\\/person\\\/45be8f7781947e6c6d31f4b658271bf6\",\"name\":\"Beth Ryan\",\"image\":{\"@type\":\"ImageObject\",\"inLanguage\":\"fr-FR\",\"@id\":\"https:\\\/\\\/secure.gravatar.com\\\/avatar\\\/93502c3b0591e62d75cc697ff3b5b8f47fef521e9dd0d61feb5570ae6d459200?s=96&d=mm&r=g\",\"url\":\"https:\\\/\\\/secure.gravatar.com\\\/avatar\\\/93502c3b0591e62d75cc697ff3b5b8f47fef521e9dd0d61feb5570ae6d459200?s=96&d=mm&r=g\",\"contentUrl\":\"https:\\\/\\\/secure.gravatar.com\\\/avatar\\\/93502c3b0591e62d75cc697ff3b5b8f47fef521e9dd0d61feb5570ae6d459200?s=96&d=mm&r=g\",\"caption\":\"Beth Ryan\"},\"url\":\"https:\\\/\\\/www.treatwell.fr/identite\\\/author\\\/bethanyryan\\\/\"}]}<\/script>\n<!-- \/ Yoast SEO plugin. -->","yoast_head_json":{"title":"Velvet Nails : tendance manucure automne hiver | Treatwell","description":"Velvet Nails : effet velours, couleurs chaudes et brillantes, inspiration festive. D\u00e9couvre cette tendance manucure id\u00e9ale pour l'automne hiver et sublime tes ongles !","robots":{"index":"index","follow":"follow","max-snippet":"max-snippet:-1","max-image-preview":"max-image-preview:large","max-video-preview":"max-video-preview:-1"},"canonical":"https:\/\/www.treatwell.fr/identite\/velvet-nails-manucure-tendance-saison\/","og_locale":"fr_FR","og_type":"article","og_title":"Velvet Nails : tendance manucure automne hiver | Treatwell","og_description":"Velvet Nails : effet velours, couleurs chaudes et brillantes, inspiration festive. D\u00e9couvre cette tendance manucure id\u00e9ale pour l'automne hiver et sublime tes ongles !","og_url":"https:\/\/www.treatwell.fr/identite\/velvet-nails-manucure-tendance-saison\/","og_site_name":"Identit\u00e9","article_published_time":"2021-10-22T15:19:24+00:00","article_modified_time":"2025-12-15T21:24:37+00:00","og_image":[{"width":479,"height":628,"url":"https:\/\/www.treatwell.fr/identite\/wp-content\/uploads\/sites\/6\/2022\/03\/Schermafbeelding-2021-09-29-om-11.09.07.png","type":"image\/png"}],"author":"Beth Ryan","twitter_card":"summary_large_image","twitter_misc":{"\u00c9crit par":"Beth Ryan","Dur\u00e9e de lecture estim\u00e9e":"2 minutes"},"schema":{"@context":"https:\/\/schema.org","@graph":[{"@type":"Article","@id":"https:\/\/www.treatwell.fr/identite\/velvet-nails-manucure-tendance-saison\/#article","isPartOf":{"@id":"https:\/\/www.treatwell.fr/identite\/velvet-nails-manucure-tendance-saison\/"},"author":{"name":"Beth Ryan","@id":"https:\/\/www.treatwell.fr/identite\/#\/schema\/person\/45be8f7781947e6c6d31f4b658271bf6"},"headline":"Laissez-vous hypnotiser par les Velvet Nails : la nouvelle manucure tendance de la saison","datePublished":"2021-10-22T15:19:24+00:00","dateModified":"2025-12-15T21:24:37+00:00","mainEntityOfPage":{"@id":"https:\/\/www.treatwell.fr/identite\/velvet-nails-manucure-tendance-saison\/"},"wordCount":396,"publisher":{"@id":"https:\/\/www.treatwell.fr/identite\/#organization"},"image":{"@id":"https:\/\/www.treatwell.fr/identite\/velvet-nails-manucure-tendance-saison\/#primaryimage"},"thumbnailUrl":"https:\/\/www.treatwell.fr/identite\/wp-content\/uploads\/sites\/6\/2022\/03\/Schermafbeelding-2021-09-29-om-11.09.07.png","keywords":["Manicure","Nails","Two Week Manicure"],"articleSection":["Tendances"],"inLanguage":"fr-FR"},{"@type":"WebPage","@id":"https:\/\/www.treatwell.fr/identite\/velvet-nails-manucure-tendance-saison\/","url":"https:\/\/www.treatwell.fr/identite\/velvet-nails-manucure-tendance-saison\/","name":"Velvet Nails : tendance manucure automne hiver | Treatwell","isPartOf":{"@id":"https:\/\/www.treatwell.fr/identite\/#website"},"primaryImageOfPage":{"@id":"https:\/\/www.treatwell.fr/identite\/velvet-nails-manucure-tendance-saison\/#primaryimage"},"image":{"@id":"https:\/\/www.treatwell.fr/identite\/velvet-nails-manucure-tendance-saison\/#primaryimage"},"thumbnailUrl":"https:\/\/www.treatwell.fr/identite\/wp-content\/uploads\/sites\/6\/2022\/03\/Schermafbeelding-2021-09-29-om-11.09.07.png","datePublished":"2021-10-22T15:19:24+00:00","dateModified":"2025-12-15T21:24:37+00:00","description":"Velvet Nails : effet velours, couleurs chaudes et brillantes, inspiration festive. D\u00e9couvre cette tendance manucure id\u00e9ale pour l'automne hiver et sublime tes ongles !","breadcrumb":{"@id":"https:\/\/www.treatwell.fr/identite\/velvet-nails-manucure-tendance-saison\/#breadcrumb"},"inLanguage":"fr-FR","potentialAction":[{"@type":"ReadAction","target":["https:\/\/www.treatwell.fr/identite\/velvet-nails-manucure-tendance-saison\/"]}]},{"@type":"ImageObject","inLanguage":"fr-FR","@id":"https:\/\/www.treatwell.fr/identite\/velvet-nails-manucure-tendance-saison\/#primaryimage","url":"https:\/\/www.treatwell.fr/identite\/wp-content\/uploads\/sites\/6\/2022\/03\/Schermafbeelding-2021-09-29-om-11.09.07.png","contentUrl":"https:\/\/www.treatwell.fr/identite\/wp-content\/uploads\/sites\/6\/2022\/03\/Schermafbeelding-2021-09-29-om-11.09.07.png","width":479,"height":628},{"@type":"BreadcrumbList","@id":"https:\/\/www.treatwell.fr/identite\/velvet-nails-manucure-tendance-saison\/#breadcrumb","itemListElement":[{"@type":"ListItem","position":1,"name":"Home","item":"https:\/\/www.treatwell.fr/identite\/"},{"@type":"ListItem","position":2,"name":"Tendances","item":"https:\/\/www.treatwell.fr/identite\/tendances\/"},{"@type":"ListItem","position":3,"name":"Laissez-vous hypnotiser par les Velvet Nails : la nouvelle manucure tendance de la saison"}]},{"@type":"WebSite","@id":"https:\/\/www.treatwell.fr/identite\/#website","url":"https:\/\/www.treatwell.fr/identite\/","name":"Identit\u00e9","description":"Beaut\u00e9, Cheveux, Quotidien","publisher":{"@id":"https:\/\/www.treatwell.fr/identite\/#organization"},"potentialAction":[{"@type":"SearchAction","target":{"@type":"EntryPoint","urlTemplate":"https:\/\/www.treatwell.fr/identite\/?s={search_term_string}"},"query-input":{"@type":"PropertyValueSpecification","valueRequired":true,"valueName":"search_term_string"}}],"inLanguage":"fr-FR"},{"@type":"Organization","@id":"https:\/\/www.treatwell.fr/identite\/#organization","name":"Treatwell","url":"https:\/\/www.treatwell.fr/identite\/","logo":{"@type":"ImageObject","inLanguage":"fr-FR","@id":"https:\/\/www.treatwell.fr/identite\/#\/schema\/logo\/image\/","url":"https:\/\/www.treatwell.fr/identite\/wp-content\/uploads\/sites\/6\/2022\/03\/logo_treatwell.png","contentUrl":"https:\/\/www.treatwell.fr/identite\/wp-content\/uploads\/sites\/6\/2022\/03\/logo_treatwell.png","width":889,"height":164,"caption":"Treatwell"},"image":{"@id":"https:\/\/www.treatwell.fr/identite\/#\/schema\/logo\/image\/"}},{"@type":"Person","@id":"https:\/\/www.treatwell.fr/identite\/#\/schema\/person\/45be8f7781947e6c6d31f4b658271bf6","name":"Beth Ryan","image":{"@type":"ImageObject","inLanguage":"fr-FR","@id":"https:\/\/secure.gravatar.com\/avatar\/93502c3b0591e62d75cc697ff3b5b8f47fef521e9dd0d61feb5570ae6d459200?s=96&d=mm&r=g","url":"https:\/\/secure.gravatar.com\/avatar\/93502c3b0591e62d75cc697ff3b5b8f47fef521e9dd0d61feb5570ae6d459200?s=96&d=mm&r=g","contentUrl":"https:\/\/secure.gravatar.com\/avatar\/93502c3b0591e62d75cc697ff3b5b8f47fef521e9dd0d61feb5570ae6d459200?s=96&d=mm&r=g","caption":"Beth Ryan"},"url":"https:\/\/www.treatwell.fr/identite\/author\/bethanyryan\/"}]}},"featured_image_src":"https:\/\/www.treatwell.fr/identite\/wp-content\/uploads\/sites\/6\/2022\/03\/Schermafbeelding-2021-09-29-om-11.09.07-479x400.png","featured_image_src_square":"https:\/\/www.treatwell.fr/identite\/wp-content\/uploads\/sites\/6\/2022\/03\/Schermafbeelding-2021-09-29-om-11.09.07-479x600.png","author_info":{"display_name":"Beth Ryan","author_link":"https:\/\/www.treatwell.fr/identite\/author\/bethanyryan\/"},"_links":{"self":[{"href":"https:\/\/www.treatwell.fr\/identite\/wp-json\/wp\/v2\/posts\/43778","targetHints":{"allow":["GET"]}}],"collection":[{"href":"https:\/\/www.treatwell.fr\/identite\/wp-json\/wp\/v2\/posts"}],"about":[{"href":"https:\/\/www.treatwell.fr\/identite\/wp-json\/wp\/v2\/types\/post"}],"author":[{"embeddable":true,"href":"https:\/\/www.treatwell.fr\/identite\/wp-json\/wp\/v2\/users\/3366"}],"replies":[{"embeddable":true,"href":"https:\/\/www.treatwell.fr\/identite\/wp-json\/wp\/v2\/comments?post=43778"}],"version-history":[{"count":0,"href":"https:\/\/www.treatwell.fr\/identite\/wp-json\/wp\/v2\/posts\/43778\/revisions"}],"wp:featuredmedia":[{"embeddable":true,"href":"https:\/\/www.treatwell.fr\/identite\/wp-json\/wp\/v2\/media\/43796"}],"wp:attachment":[{"href":"https:\/\/www.treatwell.fr\/identite\/wp-json\/wp\/v2\/media?parent=43778"}],"wp:term":[{"taxonomy":"category","embeddable":true,"href":"https:\/\/www.treatwell.fr\/identite\/wp-json\/wp\/v2\/categories?post=43778"},{"taxonomy":"post_tag","embeddable":true,"href":"https:\/\/www.treatwell.fr\/identite\/wp-json\/wp\/v2\/tags?post=43778"}],"curies":[{"name":"wp","href":"https:\/\/api.w.org\/{rel}","templated":true}]}}