{"id":44460,"date":"2022-02-24T15:22:18","date_gmt":"2022-02-24T14:22:18","guid":{"rendered":"https:\/\/www.treatwell.fr\/identite\/?p=29280"},"modified":"2025-12-16T10:01:24","modified_gmt":"2025-12-16T09:01:24","slug":"french-manucure-podium-tendances","status":"publish","type":"post","link":"https:\/\/www.treatwell.fr/identite\/french-manucure-podium-tendances\/","title":{"rendered":"La french manucure color\u00e9e est sur le podium des tendances de 2022"},"content":{"rendered":"<p class=\"p1\"><span class=\"s1\">Elle revient plus subtile et \u00e9l\u00e9gante que jamais pour la saison printemps\/\u00e9t\u00e9&nbsp;: on donne la bienvenue \u00e0 la french manucure moderne ou &#8216;baby french&#8217;. Une french originale mais plus minimaliste qui se caract\u00e9rise par une ligne (et des couleurs) plus fines et subtiles que jamais. Cette micro french manucure est aussi tendance que celles qui la portent (Rosie Huntington ou Gigi Hadid pour n\u2019en nommer que quelques unes). Son design est simple, facile \u00e0 recr\u00e9er et offre l&#8217;esth\u00e9tique la plus minimale possible.<span class=\"Apple-converted-space\">\u00a0<\/span><\/span><\/p>\n<p class=\"p1\"><span class=\"s1\">En quoi ce style est-il diff\u00e9rent de la french manucure classique ? Par son \u00e9paisseur : la ligne de l&#8217;ongle poss\u00e8de d\u00e9sormais un trait beaucoup plus fin et se pare de couleurs vives et de finitions m\u00e9tallis\u00e9es. La base reste transparente ou naturelle, bien qu&#8217;elle puisse s&#8217;adopter en d&#8217;autres versions comme <a href=\"https:\/\/www.treatwell.fr\/identite\/french-mani-inversee-crush-ete\/\">la tr\u00e8s populaire french mani invers\u00e9e<\/a>. Le meilleur? C\u2019est le style id\u00e9al pour les ongles courts (oui, ils sont de retour) sous toutes leurs formes, de l&#8217;amande au carr\u00e9. Bien s\u00fbr, pour porter cette tendance de fa\u00e7on impeccable, il vous faudra la main ferme d&#8217;un professionnel.<\/span><\/p>\n<p class=\"p1\"><span class=\"s1\">Du noir, du dor\u00e9, dans des tons pastel&#8230; On anticipe vos souhaits : voici l&#8217;inspiration qu&#8217;il vous faut pour <a href=\"https:\/\/www.treatwell.fr\/identite\/french-manucure-tendance-beaute-2021\/\">arborer une french manucure originale<\/a>, plus fine et color\u00e9e !<\/span><\/p>\n<div class=\"schema-faq wp-block-yoast-faq-block\">\n<div class=\"schema-faq-section\" id=\"faq-question-1765875366537\">\n<h3 class=\"schema-faq-question\">Qu&#8217;est-ce qu&#8217;une baby french manucure ?<\/h3>\n<p class=\"schema-faq-answer\">La baby french manucure propose une ligne fine et subtile sur l&#8217;ongle, souvent dans des couleurs vives ou des finitions m\u00e9tallis\u00e9es. Tu profites ainsi d&#8217;un style minimaliste, moderne et \u00e9l\u00e9gant qui sublime toutes les formes d&#8217;ongles, m\u00eame les plus courts.<\/div>\n<div class=\"schema-faq-section\" id=\"faq-question-1765875366538\">\n<h3 class=\"schema-faq-question\">En quoi la baby french diff\u00e8re-t-elle de la french manucure classique ?<\/h3>\n<p class=\"schema-faq-answer\">La baby french se d\u00e9marque par une \u00e9paisseur plus fine et des teintes \u00e9clatantes. La base reste transparente ou naturelle, mais la ligne se fait beaucoup plus discr\u00e8te, offrant une esth\u00e9tique raffin\u00e9e et originale.<\/div>\n<div class=\"schema-faq-section\" id=\"faq-question-1765875366539\">\n<h3 class=\"schema-faq-question\">Sur quels types d&#8217;ongles adopter la baby french manucure ?<\/h3>\n<p class=\"schema-faq-answer\">Ce style s&#8217;adapte parfaitement \u00e0 toutes les formes d&#8217;ongles courts, de l&#8217;amande au carr\u00e9. Tu peux donc arborer cette tendance \u00e9l\u00e9gante, m\u00eame si tu as des ongles courts qui sont de retour sur le devant de la sc\u00e8ne.<\/div>\n<div class=\"schema-faq-section\" id=\"faq-question-1765875366540\">\n<h3 class=\"schema-faq-question\">Quelles couleurs choisir pour une baby french manucure ?<\/h3>\n<p class=\"schema-faq-answer\">Tu peux te laisser tenter par du noir, du dor\u00e9, des tons pastel ou des finitions m\u00e9tallis\u00e9es. Ces nuances donnent un aspect original et sophistiqu\u00e9 \u00e0 ta french, tout en restant subtile et tendance.<\/div>\n<div class=\"schema-faq-section\" id=\"faq-question-1765875366541\">\n<h3 class=\"schema-faq-question\">Est-il pr\u00e9f\u00e9rable de confier sa baby french \u00e0 un professionnel ?<\/h3>\n<p class=\"schema-faq-answer\">Pour un r\u00e9sultat impeccable, il est recommand\u00e9 de confier ta baby french \u00e0 la main ferme d&#8217;un professionnel. Cela garantit une ligne fine, sym\u00e9trique et des finitions parfaites pour un look irr\u00e9prochable.<\/div>\n<\/p><\/div>\n","protected":false},"excerpt":{"rendered":"<p>Elle revient plus subtile et \u00e9l\u00e9gante que jamais pour la saison printemps\/\u00e9t\u00e9&nbsp;: on donne la bienvenue \u00e0 la french manucure moderne ou &#8216;baby french&#8217;. Une french originale mais plus minimaliste qui se caract\u00e9rise par une ligne (et des couleurs) plus fines et subtiles que jamais. Cette micro french manucure est aussi tendance que celles qui [&hellip;]<\/p>\n","protected":false},"author":3366,"featured_media":44484,"comment_status":"closed","ping_status":"closed","sticky":false,"template":"","format":"standard","meta":{"_acf_changed":false,"_yoast_wpseo_title":"Baby french manucure : la tendance minimaliste \u00e9l\u00e9gante","_yoast_wpseo_metadesc":"Adopte la baby french manucure, minimaliste, \u00e9l\u00e9gante et id\u00e9ale pour ongles courts. D\u00e9couvre diff\u00e9renciateurs, couleurs tendance, astuces pro et looks inspirants.","_genesis_hide_title":false,"_genesis_hide_breadcrumbs":false,"_genesis_hide_singular_image":false,"_genesis_hide_footer_widgets":false,"_genesis_custom_body_class":"","_genesis_custom_post_class":"","_genesis_layout":"","saswp_custom_schema_field":"{\"@context\":\"https:\/\/schema.org\",\"@type\":\"FAQPage\",\"mainEntity\":[{\"@type\":\"Question\",\"name\":\"Qu'est-ce qu'une baby french manucure ?\",\"acceptedAnswer\":{\"@type\":\"Answer\",\"text\":\"La baby french manucure propose une ligne fine et subtile sur l'ongle, souvent dans des couleurs vives ou des finitions m\u00e9tallis\u00e9es. Tu profites ainsi d'un style minimaliste, moderne et \u00e9l\u00e9gant qui sublime toutes les formes d'ongles, m\u00eame les plus courts.\"}},{\"@type\":\"Question\",\"name\":\"En quoi la baby french diff\u00e8re-t-elle de la french manucure classique ?\",\"acceptedAnswer\":{\"@type\":\"Answer\",\"text\":\"La baby french se d\u00e9marque par une \u00e9paisseur plus fine et des teintes \u00e9clatantes. La base reste transparente ou naturelle, mais la ligne se fait beaucoup plus discr\u00e8te, offrant une esth\u00e9tique raffin\u00e9e et originale.\"}},{\"@type\":\"Question\",\"name\":\"Sur quels types d'ongles adopter la baby french manucure ?\",\"acceptedAnswer\":{\"@type\":\"Answer\",\"text\":\"Ce style s'adapte parfaitement \u00e0 toutes les formes d'ongles courts, de l'amande au carr\u00e9. Tu peux donc arborer cette tendance \u00e9l\u00e9gante, m\u00eame si tu as des ongles courts qui sont de retour sur le devant de la sc\u00e8ne.\"}},{\"@type\":\"Question\",\"name\":\"Quelles couleurs choisir pour une baby french manucure ?\",\"acceptedAnswer\":{\"@type\":\"Answer\",\"text\":\"Tu peux te laisser tenter par du noir, du dor\u00e9, des tons pastel ou des finitions m\u00e9tallis\u00e9es. Ces nuances donnent un aspect original et sophistiqu\u00e9 \u00e0 ta french, tout en restant subtile et tendance.\"}},{\"@type\":\"Question\",\"name\":\"Est-il pr\u00e9f\u00e9rable de confier sa baby french \u00e0 un professionnel ?\",\"acceptedAnswer\":{\"@type\":\"Answer\",\"text\":\"Pour un r\u00e9sultat impeccable, il est recommand\u00e9 de confier ta baby french \u00e0 la main ferme d'un professionnel. Cela garantit une ligne fine, sym\u00e9trique et des finitions parfaites pour un look irr\u00e9prochable.\"}}]}","footnotes":""},"categories":[2],"tags":[34,31,85],"class_list":{"0":"post-44460","1":"post","2":"type-post","3":"status-publish","4":"format-standard","5":"has-post-thumbnail","7":"category-tendances","8":"tag-tr81","9":"tag-tt36","10":"tag-tr595","11":"entry"},"acf":{"post_credits":"Images : Shutterstock, Instagram: @betina_goldstein, @the.beautyboudoir, @beautyspace_charlotte, @jazzynailsx, @charsgelnails, @naileditbyliv @nailsbykly,","beauty_blog_post_button_title":"Direction le nail bar","beauty_blog_post_button":"https:\/\/www.treatwell.fr\/salons\/soin-vernis-semi-permanent-mains\/offre-type-local\/dans-paris-france\/","landscape_picture":44483,"blocks":[{"block_title":"","block_content":"","video_content":"","block_picture":44461},{"block_title":"","block_content":"","video_content":"","block_picture":44462},{"block_title":"","block_content":"","video_content":"","block_picture":44463},{"block_title":"","block_content":"","video_content":"","block_picture":44464},{"block_title":"","block_content":"","video_content":"","block_picture":44465},{"block_title":"","block_content":"","video_content":"","block_picture":44466},{"block_title":"","block_content":"","video_content":"","block_picture":44467},{"block_title":"","block_content":"","video_content":"","block_picture":44468},{"block_title":"","block_content":"","video_content":"","block_picture":44469},{"block_title":"","block_content":"","video_content":"","block_picture":44470},{"block_title":"","block_content":"","video_content":"","block_picture":44471},{"block_title":"","block_content":"","video_content":"","block_picture":44472},{"block_title":"","block_content":"","video_content":"","block_picture":44473},{"block_title":"","block_content":"","video_content":"","block_picture":44474},{"block_title":"","block_content":"","video_content":"","block_picture":44475},{"block_title":"","block_content":"","video_content":"","block_picture":44476},{"block_title":"","block_content":"","video_content":"","block_picture":44477},{"block_title":"","block_content":"","video_content":"","block_picture":44478},{"block_title":"","block_content":"","video_content":"","block_picture":44479},{"block_title":"","block_content":"","video_content":"","block_picture":44480},{"block_title":"","block_content":"","video_content":"","block_picture":44481},{"block_title":"","block_content":"","video_content":"","block_picture":44482}]},"yoast_head":"<!-- This site is optimized with the Yoast SEO plugin v27.4 - https:\/\/yoast.com\/product\/yoast-seo-wordpress\/ -->\n<title>Baby french manucure : la tendance minimaliste \u00e9l\u00e9gante<\/title>\n<meta name=\"description\" content=\"Adopte la baby french manucure, minimaliste, \u00e9l\u00e9gante et id\u00e9ale pour ongles courts. D\u00e9couvre diff\u00e9renciateurs, couleurs tendance, astuces pro et looks inspirants.\" \/>\n<meta name=\"robots\" content=\"index, follow, max-snippet:-1, max-image-preview:large, max-video-preview:-1\" \/>\n<link rel=\"canonical\" href=\"https:\/\/www.treatwell.fr/identite\/french-manucure-podium-tendances\/\" \/>\n<meta property=\"og:locale\" content=\"fr_FR\" \/>\n<meta property=\"og:type\" content=\"article\" \/>\n<meta property=\"og:title\" content=\"Baby french manucure : la tendance minimaliste \u00e9l\u00e9gante\" \/>\n<meta property=\"og:description\" content=\"Adopte la baby french manucure, minimaliste, \u00e9l\u00e9gante et id\u00e9ale pour ongles courts. D\u00e9couvre diff\u00e9renciateurs, couleurs tendance, astuces pro et looks inspirants.\" \/>\n<meta property=\"og:url\" content=\"https:\/\/www.treatwell.fr/identite\/french-manucure-podium-tendances\/\" \/>\n<meta property=\"og:site_name\" content=\"Identit\u00e9\" \/>\n<meta property=\"article:published_time\" content=\"2022-02-24T14:22:18+00:00\" \/>\n<meta property=\"article:modified_time\" content=\"2025-12-16T09:01:24+00:00\" \/>\n<meta property=\"og:image\" content=\"https:\/\/www.treatwell.fr/identite\/wp-content\/uploads\/sites\/6\/2022\/06\/gelsbybry_238753655_276178767180732_8590522058954912614_n-500x628.jpeg\" \/>\n\t<meta property=\"og:image:width\" content=\"500\" \/>\n\t<meta property=\"og:image:height\" content=\"628\" \/>\n\t<meta property=\"og:image:type\" content=\"image\/jpeg\" \/>\n<meta name=\"author\" content=\"Beth Ryan\" \/>\n<meta name=\"twitter:card\" content=\"summary_large_image\" \/>\n<meta name=\"twitter:label1\" content=\"\u00c9crit par\" \/>\n\t<meta name=\"twitter:data1\" content=\"Beth Ryan\" \/>\n\t<meta name=\"twitter:label2\" content=\"Dur\u00e9e de lecture estim\u00e9e\" \/>\n\t<meta name=\"twitter:data2\" content=\"2 minutes\" \/>\n<script type=\"application\/ld+json\" class=\"yoast-schema-graph\">{\"@context\":\"https:\\\/\\\/schema.org\",\"@graph\":[{\"@type\":\"Article\",\"@id\":\"https:\\\/\\\/www.treatwell.fr/identite\\\/french-manucure-podium-tendances\\\/#article\",\"isPartOf\":{\"@id\":\"https:\\\/\\\/www.treatwell.fr/identite\\\/french-manucure-podium-tendances\\\/\"},\"author\":{\"name\":\"Beth Ryan\",\"@id\":\"https:\\\/\\\/www.treatwell.fr/identite\\\/#\\\/schema\\\/person\\\/45be8f7781947e6c6d31f4b658271bf6\"},\"headline\":\"La french manucure color\u00e9e est sur le podium des tendances de 2022\",\"datePublished\":\"2022-02-24T14:22:18+00:00\",\"dateModified\":\"2025-12-16T09:01:24+00:00\",\"mainEntityOfPage\":{\"@id\":\"https:\\\/\\\/www.treatwell.fr/identite\\\/french-manucure-podium-tendances\\\/\"},\"wordCount\":488,\"publisher\":{\"@id\":\"https:\\\/\\\/www.treatwell.fr/identite\\\/#organization\"},\"image\":{\"@id\":\"https:\\\/\\\/www.treatwell.fr/identite\\\/french-manucure-podium-tendances\\\/#primaryimage\"},\"thumbnailUrl\":\"https:\\\/\\\/www.treatwell.fr/identite\\\/wp-content\\\/uploads\\\/sites\\\/6\\\/2022\\\/06\\\/gelsbybry_238753655_276178767180732_8590522058954912614_n-500x628.jpeg\",\"keywords\":[\"Manicure\",\"Nails\",\"Two Week Manicure\"],\"articleSection\":[\"Tendances\"],\"inLanguage\":\"fr-FR\"},{\"@type\":\"WebPage\",\"@id\":\"https:\\\/\\\/www.treatwell.fr/identite\\\/french-manucure-podium-tendances\\\/\",\"url\":\"https:\\\/\\\/www.treatwell.fr/identite\\\/french-manucure-podium-tendances\\\/\",\"name\":\"Baby french manucure : la tendance minimaliste \u00e9l\u00e9gante\",\"isPartOf\":{\"@id\":\"https:\\\/\\\/www.treatwell.fr/identite\\\/#website\"},\"primaryImageOfPage\":{\"@id\":\"https:\\\/\\\/www.treatwell.fr/identite\\\/french-manucure-podium-tendances\\\/#primaryimage\"},\"image\":{\"@id\":\"https:\\\/\\\/www.treatwell.fr/identite\\\/french-manucure-podium-tendances\\\/#primaryimage\"},\"thumbnailUrl\":\"https:\\\/\\\/www.treatwell.fr/identite\\\/wp-content\\\/uploads\\\/sites\\\/6\\\/2022\\\/06\\\/gelsbybry_238753655_276178767180732_8590522058954912614_n-500x628.jpeg\",\"datePublished\":\"2022-02-24T14:22:18+00:00\",\"dateModified\":\"2025-12-16T09:01:24+00:00\",\"description\":\"Adopte la baby french manucure, minimaliste, \u00e9l\u00e9gante et id\u00e9ale pour ongles courts. D\u00e9couvre diff\u00e9renciateurs, couleurs tendance, astuces pro et looks inspirants.\",\"breadcrumb\":{\"@id\":\"https:\\\/\\\/www.treatwell.fr/identite\\\/french-manucure-podium-tendances\\\/#breadcrumb\"},\"inLanguage\":\"fr-FR\",\"potentialAction\":[{\"@type\":\"ReadAction\",\"target\":[\"https:\\\/\\\/www.treatwell.fr/identite\\\/french-manucure-podium-tendances\\\/\"]}]},{\"@type\":\"ImageObject\",\"inLanguage\":\"fr-FR\",\"@id\":\"https:\\\/\\\/www.treatwell.fr/identite\\\/french-manucure-podium-tendances\\\/#primaryimage\",\"url\":\"https:\\\/\\\/www.treatwell.fr/identite\\\/wp-content\\\/uploads\\\/sites\\\/6\\\/2022\\\/06\\\/gelsbybry_238753655_276178767180732_8590522058954912614_n-500x628.jpeg\",\"contentUrl\":\"https:\\\/\\\/www.treatwell.fr/identite\\\/wp-content\\\/uploads\\\/sites\\\/6\\\/2022\\\/06\\\/gelsbybry_238753655_276178767180732_8590522058954912614_n-500x628.jpeg\",\"width\":500,\"height\":628},{\"@type\":\"BreadcrumbList\",\"@id\":\"https:\\\/\\\/www.treatwell.fr/identite\\\/french-manucure-podium-tendances\\\/#breadcrumb\",\"itemListElement\":[{\"@type\":\"ListItem\",\"position\":1,\"name\":\"Home\",\"item\":\"https:\\\/\\\/www.treatwell.fr/identite\\\/\"},{\"@type\":\"ListItem\",\"position\":2,\"name\":\"Coloration\",\"item\":\"https:\\\/\\\/www.treatwell.fr/identite\\\/tag\\\/coloration\\\/\"},{\"@type\":\"ListItem\",\"position\":3,\"name\":\"La french manucure color\u00e9e est sur le podium des tendances de 2022\"}]},{\"@type\":\"WebSite\",\"@id\":\"https:\\\/\\\/www.treatwell.fr/identite\\\/#website\",\"url\":\"https:\\\/\\\/www.treatwell.fr/identite\\\/\",\"name\":\"Identit\u00e9\",\"description\":\"Beaut\u00e9, Cheveux, Quotidien\",\"publisher\":{\"@id\":\"https:\\\/\\\/www.treatwell.fr/identite\\\/#organization\"},\"potentialAction\":[{\"@type\":\"SearchAction\",\"target\":{\"@type\":\"EntryPoint\",\"urlTemplate\":\"https:\\\/\\\/www.treatwell.fr/identite\\\/?s={search_term_string}\"},\"query-input\":{\"@type\":\"PropertyValueSpecification\",\"valueRequired\":true,\"valueName\":\"search_term_string\"}}],\"inLanguage\":\"fr-FR\"},{\"@type\":\"Organization\",\"@id\":\"https:\\\/\\\/www.treatwell.fr/identite\\\/#organization\",\"name\":\"Treatwell\",\"url\":\"https:\\\/\\\/www.treatwell.fr/identite\\\/\",\"logo\":{\"@type\":\"ImageObject\",\"inLanguage\":\"fr-FR\",\"@id\":\"https:\\\/\\\/www.treatwell.fr/identite\\\/#\\\/schema\\\/logo\\\/image\\\/\",\"url\":\"https:\\\/\\\/www.treatwell.fr/identite\\\/wp-content\\\/uploads\\\/sites\\\/6\\\/2022\\\/03\\\/logo_treatwell.png\",\"contentUrl\":\"https:\\\/\\\/www.treatwell.fr/identite\\\/wp-content\\\/uploads\\\/sites\\\/6\\\/2022\\\/03\\\/logo_treatwell.png\",\"width\":889,\"height\":164,\"caption\":\"Treatwell\"},\"image\":{\"@id\":\"https:\\\/\\\/www.treatwell.fr/identite\\\/#\\\/schema\\\/logo\\\/image\\\/\"}},{\"@type\":\"Person\",\"@id\":\"https:\\\/\\\/www.treatwell.fr/identite\\\/#\\\/schema\\\/person\\\/45be8f7781947e6c6d31f4b658271bf6\",\"name\":\"Beth Ryan\",\"image\":{\"@type\":\"ImageObject\",\"inLanguage\":\"fr-FR\",\"@id\":\"https:\\\/\\\/secure.gravatar.com\\\/avatar\\\/93502c3b0591e62d75cc697ff3b5b8f47fef521e9dd0d61feb5570ae6d459200?s=96&d=mm&r=g\",\"url\":\"https:\\\/\\\/secure.gravatar.com\\\/avatar\\\/93502c3b0591e62d75cc697ff3b5b8f47fef521e9dd0d61feb5570ae6d459200?s=96&d=mm&r=g\",\"contentUrl\":\"https:\\\/\\\/secure.gravatar.com\\\/avatar\\\/93502c3b0591e62d75cc697ff3b5b8f47fef521e9dd0d61feb5570ae6d459200?s=96&d=mm&r=g\",\"caption\":\"Beth Ryan\"},\"url\":\"https:\\\/\\\/www.treatwell.fr/identite\\\/author\\\/bethanyryan\\\/\"}]}<\/script>\n<!-- \/ Yoast SEO plugin. -->","yoast_head_json":{"title":"Baby french manucure : la tendance minimaliste \u00e9l\u00e9gante","description":"Adopte la baby french manucure, minimaliste, \u00e9l\u00e9gante et id\u00e9ale pour ongles courts. D\u00e9couvre diff\u00e9renciateurs, couleurs tendance, astuces pro et looks inspirants.","robots":{"index":"index","follow":"follow","max-snippet":"max-snippet:-1","max-image-preview":"max-image-preview:large","max-video-preview":"max-video-preview:-1"},"canonical":"https:\/\/www.treatwell.fr/identite\/french-manucure-podium-tendances\/","og_locale":"fr_FR","og_type":"article","og_title":"Baby french manucure : la tendance minimaliste \u00e9l\u00e9gante","og_description":"Adopte la baby french manucure, minimaliste, \u00e9l\u00e9gante et id\u00e9ale pour ongles courts. D\u00e9couvre diff\u00e9renciateurs, couleurs tendance, astuces pro et looks inspirants.","og_url":"https:\/\/www.treatwell.fr/identite\/french-manucure-podium-tendances\/","og_site_name":"Identit\u00e9","article_published_time":"2022-02-24T14:22:18+00:00","article_modified_time":"2025-12-16T09:01:24+00:00","og_image":[{"width":500,"height":628,"url":"https:\/\/www.treatwell.fr/identite\/wp-content\/uploads\/sites\/6\/2022\/06\/gelsbybry_238753655_276178767180732_8590522058954912614_n-500x628.jpeg","type":"image\/jpeg"}],"author":"Beth Ryan","twitter_card":"summary_large_image","twitter_misc":{"\u00c9crit par":"Beth Ryan","Dur\u00e9e de lecture estim\u00e9e":"2 minutes"},"schema":{"@context":"https:\/\/schema.org","@graph":[{"@type":"Article","@id":"https:\/\/www.treatwell.fr/identite\/french-manucure-podium-tendances\/#article","isPartOf":{"@id":"https:\/\/www.treatwell.fr/identite\/french-manucure-podium-tendances\/"},"author":{"name":"Beth Ryan","@id":"https:\/\/www.treatwell.fr/identite\/#\/schema\/person\/45be8f7781947e6c6d31f4b658271bf6"},"headline":"La french manucure color\u00e9e est sur le podium des tendances de 2022","datePublished":"2022-02-24T14:22:18+00:00","dateModified":"2025-12-16T09:01:24+00:00","mainEntityOfPage":{"@id":"https:\/\/www.treatwell.fr/identite\/french-manucure-podium-tendances\/"},"wordCount":488,"publisher":{"@id":"https:\/\/www.treatwell.fr/identite\/#organization"},"image":{"@id":"https:\/\/www.treatwell.fr/identite\/french-manucure-podium-tendances\/#primaryimage"},"thumbnailUrl":"https:\/\/www.treatwell.fr/identite\/wp-content\/uploads\/sites\/6\/2022\/06\/gelsbybry_238753655_276178767180732_8590522058954912614_n-500x628.jpeg","keywords":["Manicure","Nails","Two Week Manicure"],"articleSection":["Tendances"],"inLanguage":"fr-FR"},{"@type":"WebPage","@id":"https:\/\/www.treatwell.fr/identite\/french-manucure-podium-tendances\/","url":"https:\/\/www.treatwell.fr/identite\/french-manucure-podium-tendances\/","name":"Baby french manucure : la tendance minimaliste \u00e9l\u00e9gante","isPartOf":{"@id":"https:\/\/www.treatwell.fr/identite\/#website"},"primaryImageOfPage":{"@id":"https:\/\/www.treatwell.fr/identite\/french-manucure-podium-tendances\/#primaryimage"},"image":{"@id":"https:\/\/www.treatwell.fr/identite\/french-manucure-podium-tendances\/#primaryimage"},"thumbnailUrl":"https:\/\/www.treatwell.fr/identite\/wp-content\/uploads\/sites\/6\/2022\/06\/gelsbybry_238753655_276178767180732_8590522058954912614_n-500x628.jpeg","datePublished":"2022-02-24T14:22:18+00:00","dateModified":"2025-12-16T09:01:24+00:00","description":"Adopte la baby french manucure, minimaliste, \u00e9l\u00e9gante et id\u00e9ale pour ongles courts. D\u00e9couvre diff\u00e9renciateurs, couleurs tendance, astuces pro et looks inspirants.","breadcrumb":{"@id":"https:\/\/www.treatwell.fr/identite\/french-manucure-podium-tendances\/#breadcrumb"},"inLanguage":"fr-FR","potentialAction":[{"@type":"ReadAction","target":["https:\/\/www.treatwell.fr/identite\/french-manucure-podium-tendances\/"]}]},{"@type":"ImageObject","inLanguage":"fr-FR","@id":"https:\/\/www.treatwell.fr/identite\/french-manucure-podium-tendances\/#primaryimage","url":"https:\/\/www.treatwell.fr/identite\/wp-content\/uploads\/sites\/6\/2022\/06\/gelsbybry_238753655_276178767180732_8590522058954912614_n-500x628.jpeg","contentUrl":"https:\/\/www.treatwell.fr/identite\/wp-content\/uploads\/sites\/6\/2022\/06\/gelsbybry_238753655_276178767180732_8590522058954912614_n-500x628.jpeg","width":500,"height":628},{"@type":"BreadcrumbList","@id":"https:\/\/www.treatwell.fr/identite\/french-manucure-podium-tendances\/#breadcrumb","itemListElement":[{"@type":"ListItem","position":1,"name":"Home","item":"https:\/\/www.treatwell.fr/identite\/"},{"@type":"ListItem","position":2,"name":"Coloration","item":"https:\/\/www.treatwell.fr/identite\/tag\/coloration\/"},{"@type":"ListItem","position":3,"name":"La french manucure color\u00e9e est sur le podium des tendances de 2022"}]},{"@type":"WebSite","@id":"https:\/\/www.treatwell.fr/identite\/#website","url":"https:\/\/www.treatwell.fr/identite\/","name":"Identit\u00e9","description":"Beaut\u00e9, Cheveux, Quotidien","publisher":{"@id":"https:\/\/www.treatwell.fr/identite\/#organization"},"potentialAction":[{"@type":"SearchAction","target":{"@type":"EntryPoint","urlTemplate":"https:\/\/www.treatwell.fr/identite\/?s={search_term_string}"},"query-input":{"@type":"PropertyValueSpecification","valueRequired":true,"valueName":"search_term_string"}}],"inLanguage":"fr-FR"},{"@type":"Organization","@id":"https:\/\/www.treatwell.fr/identite\/#organization","name":"Treatwell","url":"https:\/\/www.treatwell.fr/identite\/","logo":{"@type":"ImageObject","inLanguage":"fr-FR","@id":"https:\/\/www.treatwell.fr/identite\/#\/schema\/logo\/image\/","url":"https:\/\/www.treatwell.fr/identite\/wp-content\/uploads\/sites\/6\/2022\/03\/logo_treatwell.png","contentUrl":"https:\/\/www.treatwell.fr/identite\/wp-content\/uploads\/sites\/6\/2022\/03\/logo_treatwell.png","width":889,"height":164,"caption":"Treatwell"},"image":{"@id":"https:\/\/www.treatwell.fr/identite\/#\/schema\/logo\/image\/"}},{"@type":"Person","@id":"https:\/\/www.treatwell.fr/identite\/#\/schema\/person\/45be8f7781947e6c6d31f4b658271bf6","name":"Beth Ryan","image":{"@type":"ImageObject","inLanguage":"fr-FR","@id":"https:\/\/secure.gravatar.com\/avatar\/93502c3b0591e62d75cc697ff3b5b8f47fef521e9dd0d61feb5570ae6d459200?s=96&d=mm&r=g","url":"https:\/\/secure.gravatar.com\/avatar\/93502c3b0591e62d75cc697ff3b5b8f47fef521e9dd0d61feb5570ae6d459200?s=96&d=mm&r=g","contentUrl":"https:\/\/secure.gravatar.com\/avatar\/93502c3b0591e62d75cc697ff3b5b8f47fef521e9dd0d61feb5570ae6d459200?s=96&d=mm&r=g","caption":"Beth Ryan"},"url":"https:\/\/www.treatwell.fr/identite\/author\/bethanyryan\/"}]}},"featured_image_src":"https:\/\/www.treatwell.fr/identite\/wp-content\/uploads\/sites\/6\/2022\/06\/gelsbybry_238753655_276178767180732_8590522058954912614_n-500x628-500x400.jpeg","featured_image_src_square":"https:\/\/www.treatwell.fr/identite\/wp-content\/uploads\/sites\/6\/2022\/06\/gelsbybry_238753655_276178767180732_8590522058954912614_n-500x628-500x600.jpeg","author_info":{"display_name":"Beth Ryan","author_link":"https:\/\/www.treatwell.fr/identite\/author\/bethanyryan\/"},"_links":{"self":[{"href":"https:\/\/www.treatwell.fr\/identite\/wp-json\/wp\/v2\/posts\/44460","targetHints":{"allow":["GET"]}}],"collection":[{"href":"https:\/\/www.treatwell.fr\/identite\/wp-json\/wp\/v2\/posts"}],"about":[{"href":"https:\/\/www.treatwell.fr\/identite\/wp-json\/wp\/v2\/types\/post"}],"author":[{"embeddable":true,"href":"https:\/\/www.treatwell.fr\/identite\/wp-json\/wp\/v2\/users\/3366"}],"replies":[{"embeddable":true,"href":"https:\/\/www.treatwell.fr\/identite\/wp-json\/wp\/v2\/comments?post=44460"}],"version-history":[{"count":0,"href":"https:\/\/www.treatwell.fr\/identite\/wp-json\/wp\/v2\/posts\/44460\/revisions"}],"wp:featuredmedia":[{"embeddable":true,"href":"https:\/\/www.treatwell.fr\/identite\/wp-json\/wp\/v2\/media\/44484"}],"wp:attachment":[{"href":"https:\/\/www.treatwell.fr\/identite\/wp-json\/wp\/v2\/media?parent=44460"}],"wp:term":[{"taxonomy":"category","embeddable":true,"href":"https:\/\/www.treatwell.fr\/identite\/wp-json\/wp\/v2\/categories?post=44460"},{"taxonomy":"post_tag","embeddable":true,"href":"https:\/\/www.treatwell.fr\/identite\/wp-json\/wp\/v2\/tags?post=44460"}],"curies":[{"name":"wp","href":"https:\/\/api.w.org\/{rel}","templated":true}]}}