{"id":44698,"date":"2022-05-28T15:16:38","date_gmt":"2022-05-28T13:16:38","guid":{"rendered":"https:\/\/www.treatwell.fr\/identite\/?p=24508"},"modified":"2025-12-15T22:17:23","modified_gmt":"2025-12-15T21:17:23","slug":"tendance-mani-pastel-ongles-influenceuses-insta-2","status":"publish","type":"post","link":"https:\/\/www.treatwell.fr/identite\/tendance-mani-pastel-ongles-influenceuses-insta-2\/","title":{"rendered":"La tendance mani pastel est sur les ongles de toutes nos influenceuses Insta pr\u00e9f\u00e9r\u00e9es"},"content":{"rendered":"<p class=\"p1\">Vous vous souvenez quand les ongles n\u00e9on \u00e9taient notre gros coup de coeur de l\u2019\u00e9t\u00e9 ? On ne pensait plus pouvoir se s\u00e9parer de ce beau vernis rose flashy. Nous avons exactement la m\u00eame r\u00e9flexion aujourd\u2019hui, mais pour les ongles pastel.<\/p>\n<p class=\"p1\">Les nuances pastel sont subtiles et super douces, c\u2019est bien pour \u00e7a qu\u2019elles s\u2019adaptent parfaitement aux manis fantaisistes. <a href=\"https:\/\/www.treatwell.fr\/identite\/tendance-mismatched-nails-bonheur\/\">En mismatched nails<\/a>, <a href=\"https:\/\/www.treatwell.fr\/identite\/27-nail-art-festif-minimalistes\/\">en nail art<\/a>, <a href=\"https:\/\/www.treatwell.fr\/identite\/les-ongles-degrades-la-tendance-manucure-du-moment\/\">en d\u00e9grad\u00e9<\/a> ou en french manucure, ces tonalit\u00e9s couleur bonbon sont parfaites pour faire ressortir le beau h\u00e2le dor\u00e9 du bronzage de l\u2019\u00e9t\u00e9.<\/p>\n<p class=\"p1\">Pensez vert menthe, baby blue et mauve lilas pour les teintes de peau froides et tons p\u00eache, rose, orange et jaune pour les carnations chaudes. Ou adoptez les toutes en nail art arc-en-ciel, version extra glossy et longue dur\u00e9e gr\u00e2ce \u00e0 la mani semi-permanente. Ouais !<\/p>\n<div class=\"schema-faq wp-block-yoast-faq-block\">\n<div class=\"schema-faq-section\" id=\"faq-question-1765833440541\">\n<h3 class=\"schema-faq-question\">Quelles nuances pastel choisir selon la carnation de peau ?<\/h3>\n<p class=\"schema-faq-answer\">Pour les teintes de peau froides, opte pour un vert menthe, un baby blue ou un mauve lilas. Si tu as une carnation chaude, privil\u00e9gie les tons p\u00eache, rose, orange ou jaune. Tu peux ainsi sublimer ton look en harmonie avec ton teint.<\/div>\n<div class=\"schema-faq-section\" id=\"faq-question-1765833440542\">\n<h3 class=\"schema-faq-question\">Comment adopter les ongles pastel pour une manucure fantaisiste ?<\/h3>\n<p class=\"schema-faq-answer\">Tu peux tester les nuances pastel en mismatched nails, en nail art, en d\u00e9grad\u00e9 ou en french manucure. Ces tonalit\u00e9s couleur bonbon se pr\u00eatent parfaitement aux manis cr\u00e9atives et te permettent d&#8217;illuminer tes mains avec douceur.<\/div>\n<div class=\"schema-faq-section\" id=\"faq-question-1765833440543\">\n<h3 class=\"schema-faq-question\">Quelle finition pastel met en valeur le bronzage d&#8217;\u00e9t\u00e9 ?<\/h3>\n<p class=\"schema-faq-answer\">Les couleurs pastel sont id\u00e9ales pour faire ressortir le h\u00e2le dor\u00e9 de ton bronzage. Privil\u00e9gie une french manucure pastel ou essaye un nail art arc-en-ciel pour mettre en lumi\u00e8re ta peau bronz\u00e9e et apporter une touche sophistiqu\u00e9e \u00e0 tes ongles.<\/div>\n<div class=\"schema-faq-section\" id=\"faq-question-1765833440544\">\n<h3 class=\"schema-faq-question\">Comment obtenir une manucure pastel longue dur\u00e9e et extra glossy ?<\/h3>\n<p class=\"schema-faq-answer\">Offre-toi une manucure semi-permanente avec des nuances pastel pour une tenue longue dur\u00e9e et un effet extra glossy. Cette technique te permet de profiter d\u2019ongles \u00e9clatants et de couleurs douces pendant plusieurs semaines, sans retouche n\u00e9cessaire.<\/div>\n<\/p><\/div>\n","protected":false},"excerpt":{"rendered":"<p>Vous vous souvenez quand les ongles n\u00e9on \u00e9taient notre gros coup de coeur de l\u2019\u00e9t\u00e9 ? On ne pensait plus pouvoir se s\u00e9parer de ce beau vernis rose flashy. Nous avons exactement la m\u00eame r\u00e9flexion aujourd\u2019hui, mais pour les ongles pastel. Les nuances pastel sont subtiles et super douces, c\u2019est bien pour \u00e7a qu\u2019elles s\u2019adaptent [&hellip;]<\/p>\n","protected":false},"author":3366,"featured_media":44720,"comment_status":"closed","ping_status":"closed","sticky":false,"template":"","format":"standard","meta":{"_acf_changed":false,"_yoast_wpseo_title":"Ongles pastel : tendances subtiles \u00e9t\u00e9 | Treatwell","_yoast_wpseo_metadesc":"D\u00e9couvre les manucures pastel : douceur, diversit\u00e9, nail art arc-en-ciel et effet glossy longue dur\u00e9e. Conseils pour choisir la teinte id\u00e9ale selon ta peau.","_genesis_hide_title":false,"_genesis_hide_breadcrumbs":false,"_genesis_hide_singular_image":false,"_genesis_hide_footer_widgets":false,"_genesis_custom_body_class":"","_genesis_custom_post_class":"","_genesis_layout":"","saswp_custom_schema_field":"{\"@context\":\"https:\/\/schema.org\",\"@type\":\"FAQPage\",\"mainEntity\":[{\"@type\":\"Question\",\"name\":\"Quelles nuances pastel choisir selon la carnation de peau ?\",\"acceptedAnswer\":{\"@type\":\"Answer\",\"text\":\"Pour les teintes de peau froides, opte pour un vert menthe, un baby blue ou un mauve lilas. Si tu as une carnation chaude, privil\u00e9gie les tons p\u00eache, rose, orange ou jaune. Tu peux ainsi sublimer ton look en harmonie avec ton teint.\"}},{\"@type\":\"Question\",\"name\":\"Comment adopter les ongles pastel pour une manucure fantaisiste ?\",\"acceptedAnswer\":{\"@type\":\"Answer\",\"text\":\"Tu peux tester les nuances pastel en mismatched nails, en nail art, en d\u00e9grad\u00e9 ou en french manucure. Ces tonalit\u00e9s couleur bonbon se pr\u00eatent parfaitement aux manis cr\u00e9atives et te permettent d'illuminer tes mains avec douceur.\"}},{\"@type\":\"Question\",\"name\":\"Quelle finition pastel met en valeur le bronzage d'\u00e9t\u00e9 ?\",\"acceptedAnswer\":{\"@type\":\"Answer\",\"text\":\"Les couleurs pastel sont id\u00e9ales pour faire ressortir le h\u00e2le dor\u00e9 de ton bronzage. Privil\u00e9gie une french manucure pastel ou essaye un nail art arc-en-ciel pour mettre en lumi\u00e8re ta peau bronz\u00e9e et apporter une touche sophistiqu\u00e9e \u00e0 tes ongles.\"}},{\"@type\":\"Question\",\"name\":\"Comment obtenir une manucure pastel longue dur\u00e9e et extra glossy ?\",\"acceptedAnswer\":{\"@type\":\"Answer\",\"text\":\"Offre-toi une manucure semi-permanente avec des nuances pastel pour une tenue longue dur\u00e9e et un effet extra glossy. Cette technique te permet de profiter d\u2019ongles \u00e9clatants et de couleurs douces pendant plusieurs semaines, sans retouche n\u00e9cessaire.\"}}]}","footnotes":""},"categories":[2],"tags":[34,31,85],"class_list":{"0":"post-44698","1":"post","2":"type-post","3":"status-publish","4":"format-standard","5":"has-post-thumbnail","7":"category-tendances","8":"tag-tr81","9":"tag-tt36","10":"tag-tr595","11":"entry"},"acf":{"post_credits":"Images: Treatwell, @yeswhatnails, @parisbellagarsiia, @naturalglamvegan, @laurencrowe88, @camilacoelho, @hollyfalconenails, @selfish_london, @ceciliemariakjaergaard, @georgiaindia, @honunailbar.ec1, @allaboutyou_salon, @glowy.beauty.bar, @heartzeena","beauty_blog_post_button_title":"R\u00e9servez !","beauty_blog_post_button":"https:\/\/www.treatwell.fr\/salons\/soins-groupe-manucure-et-beaute-des-pieds\/offre-type-local\/dans-paris-france\/","landscape_picture":44719,"blocks":[{"block_title":"","block_content":"","video_content":"","block_picture":44699},{"block_title":"","block_content":"","video_content":"","block_picture":44700},{"block_title":"","block_content":"","video_content":"","block_picture":44701},{"block_title":"","block_content":"","video_content":"","block_picture":44702},{"block_title":"","block_content":"","video_content":"","block_picture":44703},{"block_title":"","block_content":"","video_content":"","block_picture":44704},{"block_title":"","block_content":"","video_content":"","block_picture":44705},{"block_title":"","block_content":"","video_content":"","block_picture":44706},{"block_title":"","block_content":"","video_content":"","block_picture":44707},{"block_title":"","block_content":"","video_content":"","block_picture":44708},{"block_title":"","block_content":"","video_content":"","block_picture":44709},{"block_title":"","block_content":"","video_content":"","block_picture":44710},{"block_title":"","block_content":"","video_content":"","block_picture":44711},{"block_title":"","block_content":"","video_content":"","block_picture":44712},{"block_title":"","block_content":"","video_content":"","block_picture":44713},{"block_title":"","block_content":"","video_content":"","block_picture":44714},{"block_title":"","block_content":"","video_content":"","block_picture":44715},{"block_title":"","block_content":"","video_content":"","block_picture":44716},{"block_title":"","block_content":"","video_content":"","block_picture":44717},{"block_title":"","block_content":"","video_content":"","block_picture":44718}]},"yoast_head":"<!-- This site is optimized with the Yoast SEO plugin v27.4 - https:\/\/yoast.com\/product\/yoast-seo-wordpress\/ -->\n<title>Ongles pastel : tendances subtiles \u00e9t\u00e9 | Treatwell<\/title>\n<meta name=\"description\" content=\"D\u00e9couvre les manucures pastel : douceur, diversit\u00e9, nail art arc-en-ciel et effet glossy longue dur\u00e9e. Conseils pour choisir la teinte id\u00e9ale selon ta peau.\" \/>\n<meta name=\"robots\" content=\"index, follow, max-snippet:-1, max-image-preview:large, max-video-preview:-1\" \/>\n<link rel=\"canonical\" href=\"https:\/\/www.treatwell.fr/identite\/tendance-mani-pastel-ongles-influenceuses-insta-2\/\" \/>\n<meta property=\"og:locale\" content=\"fr_FR\" \/>\n<meta property=\"og:type\" content=\"article\" \/>\n<meta property=\"og:title\" content=\"Ongles pastel : tendances subtiles \u00e9t\u00e9 | Treatwell\" \/>\n<meta property=\"og:description\" content=\"D\u00e9couvre les manucures pastel : douceur, diversit\u00e9, nail art arc-en-ciel et effet glossy longue dur\u00e9e. Conseils pour choisir la teinte id\u00e9ale selon ta peau.\" \/>\n<meta property=\"og:url\" content=\"https:\/\/www.treatwell.fr/identite\/tendance-mani-pastel-ongles-influenceuses-insta-2\/\" \/>\n<meta property=\"og:site_name\" content=\"Identit\u00e9\" \/>\n<meta property=\"article:published_time\" content=\"2022-05-28T13:16:38+00:00\" \/>\n<meta property=\"article:modified_time\" content=\"2025-12-15T21:17:23+00:00\" \/>\n<meta property=\"og:image\" content=\"https:\/\/www.treatwell.fr/identite\/wp-content\/uploads\/sites\/6\/2022\/06\/laurencrowe88_91051476_576888639841803_713923200157767370_n.jpg\" \/>\n\t<meta property=\"og:image:width\" content=\"500\" \/>\n\t<meta property=\"og:image:height\" content=\"600\" \/>\n\t<meta property=\"og:image:type\" content=\"image\/jpeg\" \/>\n<meta name=\"author\" content=\"Beth Ryan\" \/>\n<meta name=\"twitter:card\" content=\"summary_large_image\" \/>\n<meta name=\"twitter:label1\" content=\"\u00c9crit par\" \/>\n\t<meta name=\"twitter:data1\" content=\"Beth Ryan\" \/>\n\t<meta name=\"twitter:label2\" content=\"Dur\u00e9e de lecture estim\u00e9e\" \/>\n\t<meta name=\"twitter:data2\" content=\"2 minutes\" \/>\n<script type=\"application\/ld+json\" class=\"yoast-schema-graph\">{\"@context\":\"https:\\\/\\\/schema.org\",\"@graph\":[{\"@type\":\"Article\",\"@id\":\"https:\\\/\\\/www.treatwell.fr/identite\\\/tendance-mani-pastel-ongles-influenceuses-insta-2\\\/#article\",\"isPartOf\":{\"@id\":\"https:\\\/\\\/www.treatwell.fr/identite\\\/tendance-mani-pastel-ongles-influenceuses-insta-2\\\/\"},\"author\":{\"name\":\"Beth Ryan\",\"@id\":\"https:\\\/\\\/www.treatwell.fr/identite\\\/#\\\/schema\\\/person\\\/45be8f7781947e6c6d31f4b658271bf6\"},\"headline\":\"La tendance mani pastel est sur les ongles de toutes nos influenceuses Insta pr\u00e9f\u00e9r\u00e9es\",\"datePublished\":\"2022-05-28T13:16:38+00:00\",\"dateModified\":\"2025-12-15T21:17:23+00:00\",\"mainEntityOfPage\":{\"@id\":\"https:\\\/\\\/www.treatwell.fr/identite\\\/tendance-mani-pastel-ongles-influenceuses-insta-2\\\/\"},\"wordCount\":373,\"publisher\":{\"@id\":\"https:\\\/\\\/www.treatwell.fr/identite\\\/#organization\"},\"image\":{\"@id\":\"https:\\\/\\\/www.treatwell.fr/identite\\\/tendance-mani-pastel-ongles-influenceuses-insta-2\\\/#primaryimage\"},\"thumbnailUrl\":\"https:\\\/\\\/www.treatwell.fr/identite\\\/wp-content\\\/uploads\\\/sites\\\/6\\\/2022\\\/06\\\/laurencrowe88_91051476_576888639841803_713923200157767370_n.jpg\",\"keywords\":[\"Manicure\",\"Nails\",\"Two Week Manicure\"],\"articleSection\":[\"Tendances\"],\"inLanguage\":\"fr-FR\"},{\"@type\":\"WebPage\",\"@id\":\"https:\\\/\\\/www.treatwell.fr/identite\\\/tendance-mani-pastel-ongles-influenceuses-insta-2\\\/\",\"url\":\"https:\\\/\\\/www.treatwell.fr/identite\\\/tendance-mani-pastel-ongles-influenceuses-insta-2\\\/\",\"name\":\"Ongles pastel : tendances subtiles \u00e9t\u00e9 | Treatwell\",\"isPartOf\":{\"@id\":\"https:\\\/\\\/www.treatwell.fr/identite\\\/#website\"},\"primaryImageOfPage\":{\"@id\":\"https:\\\/\\\/www.treatwell.fr/identite\\\/tendance-mani-pastel-ongles-influenceuses-insta-2\\\/#primaryimage\"},\"image\":{\"@id\":\"https:\\\/\\\/www.treatwell.fr/identite\\\/tendance-mani-pastel-ongles-influenceuses-insta-2\\\/#primaryimage\"},\"thumbnailUrl\":\"https:\\\/\\\/www.treatwell.fr/identite\\\/wp-content\\\/uploads\\\/sites\\\/6\\\/2022\\\/06\\\/laurencrowe88_91051476_576888639841803_713923200157767370_n.jpg\",\"datePublished\":\"2022-05-28T13:16:38+00:00\",\"dateModified\":\"2025-12-15T21:17:23+00:00\",\"description\":\"D\u00e9couvre les manucures pastel : douceur, diversit\u00e9, nail art arc-en-ciel et effet glossy longue dur\u00e9e. Conseils pour choisir la teinte id\u00e9ale selon ta peau.\",\"breadcrumb\":{\"@id\":\"https:\\\/\\\/www.treatwell.fr/identite\\\/tendance-mani-pastel-ongles-influenceuses-insta-2\\\/#breadcrumb\"},\"inLanguage\":\"fr-FR\",\"potentialAction\":[{\"@type\":\"ReadAction\",\"target\":[\"https:\\\/\\\/www.treatwell.fr/identite\\\/tendance-mani-pastel-ongles-influenceuses-insta-2\\\/\"]}]},{\"@type\":\"ImageObject\",\"inLanguage\":\"fr-FR\",\"@id\":\"https:\\\/\\\/www.treatwell.fr/identite\\\/tendance-mani-pastel-ongles-influenceuses-insta-2\\\/#primaryimage\",\"url\":\"https:\\\/\\\/www.treatwell.fr/identite\\\/wp-content\\\/uploads\\\/sites\\\/6\\\/2022\\\/06\\\/laurencrowe88_91051476_576888639841803_713923200157767370_n.jpg\",\"contentUrl\":\"https:\\\/\\\/www.treatwell.fr/identite\\\/wp-content\\\/uploads\\\/sites\\\/6\\\/2022\\\/06\\\/laurencrowe88_91051476_576888639841803_713923200157767370_n.jpg\",\"width\":500,\"height\":600},{\"@type\":\"BreadcrumbList\",\"@id\":\"https:\\\/\\\/www.treatwell.fr/identite\\\/tendance-mani-pastel-ongles-influenceuses-insta-2\\\/#breadcrumb\",\"itemListElement\":[{\"@type\":\"ListItem\",\"position\":1,\"name\":\"Home\",\"item\":\"https:\\\/\\\/www.treatwell.fr/identite\\\/\"},{\"@type\":\"ListItem\",\"position\":2,\"name\":\"Coloration\",\"item\":\"https:\\\/\\\/www.treatwell.fr/identite\\\/tag\\\/coloration\\\/\"},{\"@type\":\"ListItem\",\"position\":3,\"name\":\"La tendance mani pastel est sur les ongles de toutes nos influenceuses Insta pr\u00e9f\u00e9r\u00e9es\"}]},{\"@type\":\"WebSite\",\"@id\":\"https:\\\/\\\/www.treatwell.fr/identite\\\/#website\",\"url\":\"https:\\\/\\\/www.treatwell.fr/identite\\\/\",\"name\":\"Identit\u00e9\",\"description\":\"Beaut\u00e9, Cheveux, Quotidien\",\"publisher\":{\"@id\":\"https:\\\/\\\/www.treatwell.fr/identite\\\/#organization\"},\"potentialAction\":[{\"@type\":\"SearchAction\",\"target\":{\"@type\":\"EntryPoint\",\"urlTemplate\":\"https:\\\/\\\/www.treatwell.fr/identite\\\/?s={search_term_string}\"},\"query-input\":{\"@type\":\"PropertyValueSpecification\",\"valueRequired\":true,\"valueName\":\"search_term_string\"}}],\"inLanguage\":\"fr-FR\"},{\"@type\":\"Organization\",\"@id\":\"https:\\\/\\\/www.treatwell.fr/identite\\\/#organization\",\"name\":\"Treatwell\",\"url\":\"https:\\\/\\\/www.treatwell.fr/identite\\\/\",\"logo\":{\"@type\":\"ImageObject\",\"inLanguage\":\"fr-FR\",\"@id\":\"https:\\\/\\\/www.treatwell.fr/identite\\\/#\\\/schema\\\/logo\\\/image\\\/\",\"url\":\"https:\\\/\\\/www.treatwell.fr/identite\\\/wp-content\\\/uploads\\\/sites\\\/6\\\/2022\\\/03\\\/logo_treatwell.png\",\"contentUrl\":\"https:\\\/\\\/www.treatwell.fr/identite\\\/wp-content\\\/uploads\\\/sites\\\/6\\\/2022\\\/03\\\/logo_treatwell.png\",\"width\":889,\"height\":164,\"caption\":\"Treatwell\"},\"image\":{\"@id\":\"https:\\\/\\\/www.treatwell.fr/identite\\\/#\\\/schema\\\/logo\\\/image\\\/\"}},{\"@type\":\"Person\",\"@id\":\"https:\\\/\\\/www.treatwell.fr/identite\\\/#\\\/schema\\\/person\\\/45be8f7781947e6c6d31f4b658271bf6\",\"name\":\"Beth Ryan\",\"image\":{\"@type\":\"ImageObject\",\"inLanguage\":\"fr-FR\",\"@id\":\"https:\\\/\\\/secure.gravatar.com\\\/avatar\\\/93502c3b0591e62d75cc697ff3b5b8f47fef521e9dd0d61feb5570ae6d459200?s=96&d=mm&r=g\",\"url\":\"https:\\\/\\\/secure.gravatar.com\\\/avatar\\\/93502c3b0591e62d75cc697ff3b5b8f47fef521e9dd0d61feb5570ae6d459200?s=96&d=mm&r=g\",\"contentUrl\":\"https:\\\/\\\/secure.gravatar.com\\\/avatar\\\/93502c3b0591e62d75cc697ff3b5b8f47fef521e9dd0d61feb5570ae6d459200?s=96&d=mm&r=g\",\"caption\":\"Beth Ryan\"},\"url\":\"https:\\\/\\\/www.treatwell.fr/identite\\\/author\\\/bethanyryan\\\/\"}]}<\/script>\n<!-- \/ Yoast SEO plugin. -->","yoast_head_json":{"title":"Ongles pastel : tendances subtiles \u00e9t\u00e9 | Treatwell","description":"D\u00e9couvre les manucures pastel : douceur, diversit\u00e9, nail art arc-en-ciel et effet glossy longue dur\u00e9e. Conseils pour choisir la teinte id\u00e9ale selon ta peau.","robots":{"index":"index","follow":"follow","max-snippet":"max-snippet:-1","max-image-preview":"max-image-preview:large","max-video-preview":"max-video-preview:-1"},"canonical":"https:\/\/www.treatwell.fr/identite\/tendance-mani-pastel-ongles-influenceuses-insta-2\/","og_locale":"fr_FR","og_type":"article","og_title":"Ongles pastel : tendances subtiles \u00e9t\u00e9 | Treatwell","og_description":"D\u00e9couvre les manucures pastel : douceur, diversit\u00e9, nail art arc-en-ciel et effet glossy longue dur\u00e9e. Conseils pour choisir la teinte id\u00e9ale selon ta peau.","og_url":"https:\/\/www.treatwell.fr/identite\/tendance-mani-pastel-ongles-influenceuses-insta-2\/","og_site_name":"Identit\u00e9","article_published_time":"2022-05-28T13:16:38+00:00","article_modified_time":"2025-12-15T21:17:23+00:00","og_image":[{"width":500,"height":600,"url":"https:\/\/www.treatwell.fr/identite\/wp-content\/uploads\/sites\/6\/2022\/06\/laurencrowe88_91051476_576888639841803_713923200157767370_n.jpg","type":"image\/jpeg"}],"author":"Beth Ryan","twitter_card":"summary_large_image","twitter_misc":{"\u00c9crit par":"Beth Ryan","Dur\u00e9e de lecture estim\u00e9e":"2 minutes"},"schema":{"@context":"https:\/\/schema.org","@graph":[{"@type":"Article","@id":"https:\/\/www.treatwell.fr/identite\/tendance-mani-pastel-ongles-influenceuses-insta-2\/#article","isPartOf":{"@id":"https:\/\/www.treatwell.fr/identite\/tendance-mani-pastel-ongles-influenceuses-insta-2\/"},"author":{"name":"Beth Ryan","@id":"https:\/\/www.treatwell.fr/identite\/#\/schema\/person\/45be8f7781947e6c6d31f4b658271bf6"},"headline":"La tendance mani pastel est sur les ongles de toutes nos influenceuses Insta pr\u00e9f\u00e9r\u00e9es","datePublished":"2022-05-28T13:16:38+00:00","dateModified":"2025-12-15T21:17:23+00:00","mainEntityOfPage":{"@id":"https:\/\/www.treatwell.fr/identite\/tendance-mani-pastel-ongles-influenceuses-insta-2\/"},"wordCount":373,"publisher":{"@id":"https:\/\/www.treatwell.fr/identite\/#organization"},"image":{"@id":"https:\/\/www.treatwell.fr/identite\/tendance-mani-pastel-ongles-influenceuses-insta-2\/#primaryimage"},"thumbnailUrl":"https:\/\/www.treatwell.fr/identite\/wp-content\/uploads\/sites\/6\/2022\/06\/laurencrowe88_91051476_576888639841803_713923200157767370_n.jpg","keywords":["Manicure","Nails","Two Week Manicure"],"articleSection":["Tendances"],"inLanguage":"fr-FR"},{"@type":"WebPage","@id":"https:\/\/www.treatwell.fr/identite\/tendance-mani-pastel-ongles-influenceuses-insta-2\/","url":"https:\/\/www.treatwell.fr/identite\/tendance-mani-pastel-ongles-influenceuses-insta-2\/","name":"Ongles pastel : tendances subtiles \u00e9t\u00e9 | Treatwell","isPartOf":{"@id":"https:\/\/www.treatwell.fr/identite\/#website"},"primaryImageOfPage":{"@id":"https:\/\/www.treatwell.fr/identite\/tendance-mani-pastel-ongles-influenceuses-insta-2\/#primaryimage"},"image":{"@id":"https:\/\/www.treatwell.fr/identite\/tendance-mani-pastel-ongles-influenceuses-insta-2\/#primaryimage"},"thumbnailUrl":"https:\/\/www.treatwell.fr/identite\/wp-content\/uploads\/sites\/6\/2022\/06\/laurencrowe88_91051476_576888639841803_713923200157767370_n.jpg","datePublished":"2022-05-28T13:16:38+00:00","dateModified":"2025-12-15T21:17:23+00:00","description":"D\u00e9couvre les manucures pastel : douceur, diversit\u00e9, nail art arc-en-ciel et effet glossy longue dur\u00e9e. Conseils pour choisir la teinte id\u00e9ale selon ta peau.","breadcrumb":{"@id":"https:\/\/www.treatwell.fr/identite\/tendance-mani-pastel-ongles-influenceuses-insta-2\/#breadcrumb"},"inLanguage":"fr-FR","potentialAction":[{"@type":"ReadAction","target":["https:\/\/www.treatwell.fr/identite\/tendance-mani-pastel-ongles-influenceuses-insta-2\/"]}]},{"@type":"ImageObject","inLanguage":"fr-FR","@id":"https:\/\/www.treatwell.fr/identite\/tendance-mani-pastel-ongles-influenceuses-insta-2\/#primaryimage","url":"https:\/\/www.treatwell.fr/identite\/wp-content\/uploads\/sites\/6\/2022\/06\/laurencrowe88_91051476_576888639841803_713923200157767370_n.jpg","contentUrl":"https:\/\/www.treatwell.fr/identite\/wp-content\/uploads\/sites\/6\/2022\/06\/laurencrowe88_91051476_576888639841803_713923200157767370_n.jpg","width":500,"height":600},{"@type":"BreadcrumbList","@id":"https:\/\/www.treatwell.fr/identite\/tendance-mani-pastel-ongles-influenceuses-insta-2\/#breadcrumb","itemListElement":[{"@type":"ListItem","position":1,"name":"Home","item":"https:\/\/www.treatwell.fr/identite\/"},{"@type":"ListItem","position":2,"name":"Coloration","item":"https:\/\/www.treatwell.fr/identite\/tag\/coloration\/"},{"@type":"ListItem","position":3,"name":"La tendance mani pastel est sur les ongles de toutes nos influenceuses Insta pr\u00e9f\u00e9r\u00e9es"}]},{"@type":"WebSite","@id":"https:\/\/www.treatwell.fr/identite\/#website","url":"https:\/\/www.treatwell.fr/identite\/","name":"Identit\u00e9","description":"Beaut\u00e9, Cheveux, Quotidien","publisher":{"@id":"https:\/\/www.treatwell.fr/identite\/#organization"},"potentialAction":[{"@type":"SearchAction","target":{"@type":"EntryPoint","urlTemplate":"https:\/\/www.treatwell.fr/identite\/?s={search_term_string}"},"query-input":{"@type":"PropertyValueSpecification","valueRequired":true,"valueName":"search_term_string"}}],"inLanguage":"fr-FR"},{"@type":"Organization","@id":"https:\/\/www.treatwell.fr/identite\/#organization","name":"Treatwell","url":"https:\/\/www.treatwell.fr/identite\/","logo":{"@type":"ImageObject","inLanguage":"fr-FR","@id":"https:\/\/www.treatwell.fr/identite\/#\/schema\/logo\/image\/","url":"https:\/\/www.treatwell.fr/identite\/wp-content\/uploads\/sites\/6\/2022\/03\/logo_treatwell.png","contentUrl":"https:\/\/www.treatwell.fr/identite\/wp-content\/uploads\/sites\/6\/2022\/03\/logo_treatwell.png","width":889,"height":164,"caption":"Treatwell"},"image":{"@id":"https:\/\/www.treatwell.fr/identite\/#\/schema\/logo\/image\/"}},{"@type":"Person","@id":"https:\/\/www.treatwell.fr/identite\/#\/schema\/person\/45be8f7781947e6c6d31f4b658271bf6","name":"Beth Ryan","image":{"@type":"ImageObject","inLanguage":"fr-FR","@id":"https:\/\/secure.gravatar.com\/avatar\/93502c3b0591e62d75cc697ff3b5b8f47fef521e9dd0d61feb5570ae6d459200?s=96&d=mm&r=g","url":"https:\/\/secure.gravatar.com\/avatar\/93502c3b0591e62d75cc697ff3b5b8f47fef521e9dd0d61feb5570ae6d459200?s=96&d=mm&r=g","contentUrl":"https:\/\/secure.gravatar.com\/avatar\/93502c3b0591e62d75cc697ff3b5b8f47fef521e9dd0d61feb5570ae6d459200?s=96&d=mm&r=g","caption":"Beth Ryan"},"url":"https:\/\/www.treatwell.fr/identite\/author\/bethanyryan\/"}]}},"featured_image_src":"https:\/\/www.treatwell.fr/identite\/wp-content\/uploads\/sites\/6\/2022\/06\/laurencrowe88_91051476_576888639841803_713923200157767370_n-500x400.jpg","featured_image_src_square":"https:\/\/www.treatwell.fr/identite\/wp-content\/uploads\/sites\/6\/2022\/06\/laurencrowe88_91051476_576888639841803_713923200157767370_n.jpg","author_info":{"display_name":"Beth Ryan","author_link":"https:\/\/www.treatwell.fr/identite\/author\/bethanyryan\/"},"_links":{"self":[{"href":"https:\/\/www.treatwell.fr\/identite\/wp-json\/wp\/v2\/posts\/44698","targetHints":{"allow":["GET"]}}],"collection":[{"href":"https:\/\/www.treatwell.fr\/identite\/wp-json\/wp\/v2\/posts"}],"about":[{"href":"https:\/\/www.treatwell.fr\/identite\/wp-json\/wp\/v2\/types\/post"}],"author":[{"embeddable":true,"href":"https:\/\/www.treatwell.fr\/identite\/wp-json\/wp\/v2\/users\/3366"}],"replies":[{"embeddable":true,"href":"https:\/\/www.treatwell.fr\/identite\/wp-json\/wp\/v2\/comments?post=44698"}],"version-history":[{"count":0,"href":"https:\/\/www.treatwell.fr\/identite\/wp-json\/wp\/v2\/posts\/44698\/revisions"}],"wp:featuredmedia":[{"embeddable":true,"href":"https:\/\/www.treatwell.fr\/identite\/wp-json\/wp\/v2\/media\/44720"}],"wp:attachment":[{"href":"https:\/\/www.treatwell.fr\/identite\/wp-json\/wp\/v2\/media?parent=44698"}],"wp:term":[{"taxonomy":"category","embeddable":true,"href":"https:\/\/www.treatwell.fr\/identite\/wp-json\/wp\/v2\/categories?post=44698"},{"taxonomy":"post_tag","embeddable":true,"href":"https:\/\/www.treatwell.fr\/identite\/wp-json\/wp\/v2\/tags?post=44698"}],"curies":[{"name":"wp","href":"https:\/\/api.w.org\/{rel}","templated":true}]}}